{"id":636,"date":"2018-04-04T11:54:43","date_gmt":"2018-04-04T11:54:43","guid":{"rendered":"http:\/\/balatonfelvidekneked.hu\/?p=636"},"modified":"2018-04-04T11:54:43","modified_gmt":"2018-04-04T11:54:43","slug":"balatonrendes","status":"publish","type":"post","link":"https:\/\/balatonneked.com\/fr\/2018\/04\/04\/balatonrendes\/","title":{"rendered":"Balatonrendes"},"content":{"rendered":"<p>R\u00e9vf\u00fcl\u00f6pt\u0151l Badacsonytomaj fel\u00e9 utazva \u00e9rj\u00fck el a 71-es f\u0151\u00fat ment\u00e9n elter\u00fcl\u0151, Rendesi-hegy ir\u00e1ny\u00e1ba kiteljesed\u0151 k\u00f6zs\u00e9get. A ny\u00e1ri \u00e9s a sz\u00fcreti id\u0151szakban sz\u00ednes programokkal v\u00e1rja a turist\u00e1kat e nyugodt \u00e9s sz\u00e9p fekv\u00e9s\u0171 falu. R\u00f3mai katolikus temploma k\u00fcl\u00f6nleges, \u00e9s egy harangtorony is b\u0151v\u00edti a vall\u00e1ssal kapcsolatos \u00e9rt\u00e9keinek sor\u00e1t. Csod\u00e1latos panor\u00e1m\u00e1t ad\u00f3 hegyoldal\u00e1r\u00f3l egy v\u00e9dett, agr\u00e1rt\u00f6rt\u00e9neti m\u0171eml\u00e9k pince-pr\u00e9sh\u00e1z is letekint a t\u00f3 v\u00edzt\u00fckre fel\u00e9. A kir\u00e1ndulni v\u00e1gy\u00f3k eredm\u00e9nyesen t\u00f6lthetik itt idej\u00fcket, hiszen b\u00e1rmerre indulnak, a maradand\u00f3 \u00e9lm\u00e9ny garant\u00e1lt.<\/p>\n<p><img decoding=\"async\" class=\"alignnone size-thumbnail wp-image-637\" src=\"http:\/\/balatonfelvidekneked.hu\/wp-content\/uploads\/2018\/04\/balatonrendes-barokk-eredet\u0171-\u00fajj\u00e1\u00e9p\u00edtett-rk.-templom-pp-150x150.jpg\" alt=\"\" width=\"150\" height=\"150\" \/> <img decoding=\"async\" class=\"alignnone size-thumbnail wp-image-638\" src=\"http:\/\/balatonfelvidekneked.hu\/wp-content\/uploads\/2018\/04\/balatonrendes-k\u00e9tszintes-pince-pr\u00e9sh\u00e1z-eredeti-sz\u0151l\u0151hegyi-k\u00f6rnyezetben-pp-150x150.jpg\" alt=\"\" width=\"150\" height=\"150\" \/> <img decoding=\"async\" class=\"alignnone size-thumbnail wp-image-639\" src=\"http:\/\/balatonfelvidekneked.hu\/wp-content\/uploads\/2018\/04\/balatonrendes-helyi-vedelem-alatt-allo-harangtorony-pp-150x150.jpg\" alt=\"\" width=\"150\" height=\"150\" \/> <img loading=\"lazy\" decoding=\"async\" class=\"alignnone size-thumbnail wp-image-640\" src=\"http:\/\/balatonfelvidekneked.hu\/wp-content\/uploads\/2018\/04\/balatonrendes-kokereszt-reszlete-pp-150x150.jpg\" alt=\"\" width=\"150\" height=\"150\" \/> <img loading=\"lazy\" decoding=\"async\" class=\"alignnone size-thumbnail wp-image-641\" src=\"http:\/\/balatonfelvidekneked.hu\/wp-content\/uploads\/2018\/04\/balatonrendes-utcakep-pp-150x150.jpg\" alt=\"\" width=\"150\" height=\"150\" \/><\/p>","protected":false},"excerpt":{"rendered":"<p>R\u00e9vf\u00fcl\u00f6pt\u0151l Badacsonytomaj fel\u00e9 utazva \u00e9rj\u00fck el a 71-es f\u0151\u00fat ment\u00e9n elter\u00fcl\u0151, Rendesi-hegy ir\u00e1ny\u00e1ba kiteljesed\u0151 k\u00f6zs\u00e9get. A ny\u00e1ri \u00e9s a sz\u00fcreti id\u0151szakban sz\u00ednes programokkal v\u00e1rja a turist\u00e1kat e nyugodt \u00e9s sz\u00e9p fekv\u00e9s\u0171 falu. R\u00f3mai katolikus temploma k\u00fcl\u00f6nleges, \u00e9s egy harangtorony is b\u0151v\u00edti a vall\u00e1ssal kapcsolatos \u00e9rt\u00e9keinek sor\u00e1t. Csod\u00e1latos panor\u00e1m\u00e1t ad\u00f3 hegyoldal\u00e1r\u00f3l egy v\u00e9dett, agr\u00e1rt\u00f6rt\u00e9neti m\u0171eml\u00e9k pince-pr\u00e9sh\u00e1z [&hellip;]<\/p>","protected":false},"author":2,"featured_media":638,"comment_status":"closed","ping_status":"open","sticky":false,"template":"","format":"standard","meta":{"_acf_changed":false,"footnotes":""},"categories":[27],"tags":[],"class_list":["post-636","post","type-post","status-publish","format-standard","has-post-thumbnail","hentry","category-telepulesek"],"acf":[],"yoast_head":"<!-- This site is optimized with the Yoast SEO plugin v25.1 - https:\/\/yoast.com\/wordpress\/plugins\/seo\/ -->\n<title>Balatonrendes - BALATON NEKED<\/title>\n<meta name=\"robots\" content=\"index, follow, max-snippet:-1, max-image-preview:large, max-video-preview:-1\" \/>\n<link rel=\"canonical\" href=\"https:\/\/balatonneked.com\/fr\/2018\/04\/04\/balatonrendes\/\" \/>\n<meta property=\"og:locale\" content=\"fr_FR\" \/>\n<meta property=\"og:type\" content=\"article\" \/>\n<meta property=\"og:title\" content=\"Balatonrendes - BALATON NEKED\" \/>\n<meta property=\"og:description\" content=\"R\u00e9vf\u00fcl\u00f6pt\u0151l Badacsonytomaj fel\u00e9 utazva \u00e9rj\u00fck el a 71-es f\u0151\u00fat ment\u00e9n elter\u00fcl\u0151, Rendesi-hegy ir\u00e1ny\u00e1ba kiteljesed\u0151 k\u00f6zs\u00e9get. A ny\u00e1ri \u00e9s a sz\u00fcreti id\u0151szakban sz\u00ednes programokkal v\u00e1rja a turist\u00e1kat e nyugodt \u00e9s sz\u00e9p fekv\u00e9s\u0171 falu. R\u00f3mai katolikus temploma k\u00fcl\u00f6nleges, \u00e9s egy harangtorony is b\u0151v\u00edti a vall\u00e1ssal kapcsolatos \u00e9rt\u00e9keinek sor\u00e1t. Csod\u00e1latos panor\u00e1m\u00e1t ad\u00f3 hegyoldal\u00e1r\u00f3l egy v\u00e9dett, agr\u00e1rt\u00f6rt\u00e9neti m\u0171eml\u00e9k pince-pr\u00e9sh\u00e1z [&hellip;]\" \/>\n<meta property=\"og:url\" content=\"https:\/\/balatonneked.com\/fr\/2018\/04\/04\/balatonrendes\/\" \/>\n<meta property=\"og:site_name\" content=\"BALATON NEKED\" \/>\n<meta property=\"article:publisher\" content=\"https:\/\/www.facebook.com\/BalatonNeked\" \/>\n<meta property=\"article:published_time\" content=\"2018-04-04T11:54:43+00:00\" \/>\n<meta name=\"author\" content=\"-\" \/>\n<meta name=\"twitter:card\" content=\"summary_large_image\" \/>\n<meta name=\"twitter:label1\" content=\"\u00c9crit par\" \/>\n\t<meta name=\"twitter:data1\" content=\"-\" \/>\n\t<meta name=\"twitter:label2\" content=\"Dur\u00e9e de lecture estim\u00e9e\" \/>\n\t<meta name=\"twitter:data2\" content=\"1 minute\" \/>\n<script type=\"application\/ld+json\" class=\"yoast-schema-graph\">{\"@context\":\"https:\/\/schema.org\",\"@graph\":[{\"@type\":\"Article\",\"@id\":\"https:\/\/balatonneked.com\/2018\/04\/04\/balatonrendes\/#article\",\"isPartOf\":{\"@id\":\"https:\/\/balatonneked.com\/2018\/04\/04\/balatonrendes\/\"},\"author\":{\"name\":\"-\",\"@id\":\"https:\/\/balatonneked.com\/#\/schema\/person\/6abf551dbe3d5531af60e216ef9b16aa\"},\"headline\":\"Balatonrendes\",\"datePublished\":\"2018-04-04T11:54:43+00:00\",\"mainEntityOfPage\":{\"@id\":\"https:\/\/balatonneked.com\/2018\/04\/04\/balatonrendes\/\"},\"wordCount\":128,\"publisher\":{\"@id\":\"https:\/\/balatonneked.com\/#organization\"},\"image\":{\"@id\":\"https:\/\/balatonneked.com\/2018\/04\/04\/balatonrendes\/#primaryimage\"},\"thumbnailUrl\":\"\",\"articleSection\":[\"Telep\u00fcl\u00e9sek\"],\"inLanguage\":\"fr-FR\"},{\"@type\":\"WebPage\",\"@id\":\"https:\/\/balatonneked.com\/2018\/04\/04\/balatonrendes\/\",\"url\":\"https:\/\/balatonneked.com\/2018\/04\/04\/balatonrendes\/\",\"name\":\"Balatonrendes - BALATON NEKED\",\"isPartOf\":{\"@id\":\"https:\/\/balatonneked.com\/#website\"},\"primaryImageOfPage\":{\"@id\":\"https:\/\/balatonneked.com\/2018\/04\/04\/balatonrendes\/#primaryimage\"},\"image\":{\"@id\":\"https:\/\/balatonneked.com\/2018\/04\/04\/balatonrendes\/#primaryimage\"},\"thumbnailUrl\":\"\",\"datePublished\":\"2018-04-04T11:54:43+00:00\",\"breadcrumb\":{\"@id\":\"https:\/\/balatonneked.com\/2018\/04\/04\/balatonrendes\/#breadcrumb\"},\"inLanguage\":\"fr-FR\",\"potentialAction\":[{\"@type\":\"ReadAction\",\"target\":[\"https:\/\/balatonneked.com\/2018\/04\/04\/balatonrendes\/\"]}]},{\"@type\":\"ImageObject\",\"inLanguage\":\"fr-FR\",\"@id\":\"https:\/\/balatonneked.com\/2018\/04\/04\/balatonrendes\/#primaryimage\",\"url\":\"\",\"contentUrl\":\"\"},{\"@type\":\"BreadcrumbList\",\"@id\":\"https:\/\/balatonneked.com\/2018\/04\/04\/balatonrendes\/#breadcrumb\",\"itemListElement\":[{\"@type\":\"ListItem\",\"position\":1,\"name\":\"Kezd\u0151lap\",\"item\":\"https:\/\/balatonneked.com\/\"},{\"@type\":\"ListItem\",\"position\":2,\"name\":\"Balatonrendes\"}]},{\"@type\":\"WebSite\",\"@id\":\"https:\/\/balatonneked.com\/#website\",\"url\":\"https:\/\/balatonneked.com\/\",\"name\":\"BALATON NEKED\",\"description\":\"A Balaton leginformat\u00edvabb magazinja\",\"publisher\":{\"@id\":\"https:\/\/balatonneked.com\/#organization\"},\"potentialAction\":[{\"@type\":\"SearchAction\",\"target\":{\"@type\":\"EntryPoint\",\"urlTemplate\":\"https:\/\/balatonneked.com\/?s={search_term_string}\"},\"query-input\":{\"@type\":\"PropertyValueSpecification\",\"valueRequired\":true,\"valueName\":\"search_term_string\"}}],\"inLanguage\":\"fr-FR\"},{\"@type\":\"Organization\",\"@id\":\"https:\/\/balatonneked.com\/#organization\",\"name\":\"BalatonNeked\",\"url\":\"https:\/\/balatonneked.com\/\",\"logo\":{\"@type\":\"ImageObject\",\"inLanguage\":\"fr-FR\",\"@id\":\"https:\/\/balatonneked.com\/#\/schema\/logo\/image\/\",\"url\":\"https:\/\/balatonneked.com\/wp-content\/uploads\/2019\/05\/bnekedlogo.png\",\"contentUrl\":\"https:\/\/balatonneked.com\/wp-content\/uploads\/2019\/05\/bnekedlogo.png\",\"width\":750,\"height\":750,\"caption\":\"BalatonNeked\"},\"image\":{\"@id\":\"https:\/\/balatonneked.com\/#\/schema\/logo\/image\/\"},\"sameAs\":[\"https:\/\/www.facebook.com\/BalatonNeked\"]},{\"@type\":\"Person\",\"@id\":\"https:\/\/balatonneked.com\/#\/schema\/person\/6abf551dbe3d5531af60e216ef9b16aa\",\"name\":\"-\",\"image\":{\"@type\":\"ImageObject\",\"inLanguage\":\"fr-FR\",\"@id\":\"https:\/\/balatonneked.com\/#\/schema\/person\/image\/\",\"url\":\"https:\/\/secure.gravatar.com\/avatar\/7bcf602c35eea1fdd5dcb5698f42149adc1fb65510ae8b284cdf111a453a6c37?s=96&d=mm&r=g\",\"contentUrl\":\"https:\/\/secure.gravatar.com\/avatar\/7bcf602c35eea1fdd5dcb5698f42149adc1fb65510ae8b284cdf111a453a6c37?s=96&d=mm&r=g\",\"caption\":\"-\"},\"url\":\"https:\/\/balatonneked.com\/fr\/author\/tamasildiko\/\"}]}<\/script>\n<!-- \/ Yoast SEO plugin. -->","yoast_head_json":{"title":"Balatonrendes - BALATON NEKED","robots":{"index":"index","follow":"follow","max-snippet":"max-snippet:-1","max-image-preview":"max-image-preview:large","max-video-preview":"max-video-preview:-1"},"canonical":"https:\/\/balatonneked.com\/fr\/2018\/04\/04\/balatonrendes\/","og_locale":"fr_FR","og_type":"article","og_title":"Balatonrendes - BALATON NEKED","og_description":"R\u00e9vf\u00fcl\u00f6pt\u0151l Badacsonytomaj fel\u00e9 utazva \u00e9rj\u00fck el a 71-es f\u0151\u00fat ment\u00e9n elter\u00fcl\u0151, Rendesi-hegy ir\u00e1ny\u00e1ba kiteljesed\u0151 k\u00f6zs\u00e9get. A ny\u00e1ri \u00e9s a sz\u00fcreti id\u0151szakban sz\u00ednes programokkal v\u00e1rja a turist\u00e1kat e nyugodt \u00e9s sz\u00e9p fekv\u00e9s\u0171 falu. R\u00f3mai katolikus temploma k\u00fcl\u00f6nleges, \u00e9s egy harangtorony is b\u0151v\u00edti a vall\u00e1ssal kapcsolatos \u00e9rt\u00e9keinek sor\u00e1t. Csod\u00e1latos panor\u00e1m\u00e1t ad\u00f3 hegyoldal\u00e1r\u00f3l egy v\u00e9dett, agr\u00e1rt\u00f6rt\u00e9neti m\u0171eml\u00e9k pince-pr\u00e9sh\u00e1z [&hellip;]","og_url":"https:\/\/balatonneked.com\/fr\/2018\/04\/04\/balatonrendes\/","og_site_name":"BALATON NEKED","article_publisher":"https:\/\/www.facebook.com\/BalatonNeked","article_published_time":"2018-04-04T11:54:43+00:00","author":"-","twitter_card":"summary_large_image","twitter_misc":{"\u00c9crit par":"-","Dur\u00e9e de lecture estim\u00e9e":"1 minute"},"schema":{"@context":"https:\/\/schema.org","@graph":[{"@type":"Article","@id":"https:\/\/balatonneked.com\/2018\/04\/04\/balatonrendes\/#article","isPartOf":{"@id":"https:\/\/balatonneked.com\/2018\/04\/04\/balatonrendes\/"},"author":{"name":"-","@id":"https:\/\/balatonneked.com\/#\/schema\/person\/6abf551dbe3d5531af60e216ef9b16aa"},"headline":"Balatonrendes","datePublished":"2018-04-04T11:54:43+00:00","mainEntityOfPage":{"@id":"https:\/\/balatonneked.com\/2018\/04\/04\/balatonrendes\/"},"wordCount":128,"publisher":{"@id":"https:\/\/balatonneked.com\/#organization"},"image":{"@id":"https:\/\/balatonneked.com\/2018\/04\/04\/balatonrendes\/#primaryimage"},"thumbnailUrl":"","articleSection":["Telep\u00fcl\u00e9sek"],"inLanguage":"fr-FR"},{"@type":"WebPage","@id":"https:\/\/balatonneked.com\/2018\/04\/04\/balatonrendes\/","url":"https:\/\/balatonneked.com\/2018\/04\/04\/balatonrendes\/","name":"Balatonrendes - BALATON NEKED","isPartOf":{"@id":"https:\/\/balatonneked.com\/#website"},"primaryImageOfPage":{"@id":"https:\/\/balatonneked.com\/2018\/04\/04\/balatonrendes\/#primaryimage"},"image":{"@id":"https:\/\/balatonneked.com\/2018\/04\/04\/balatonrendes\/#primaryimage"},"thumbnailUrl":"","datePublished":"2018-04-04T11:54:43+00:00","breadcrumb":{"@id":"https:\/\/balatonneked.com\/2018\/04\/04\/balatonrendes\/#breadcrumb"},"inLanguage":"fr-FR","potentialAction":[{"@type":"ReadAction","target":["https:\/\/balatonneked.com\/2018\/04\/04\/balatonrendes\/"]}]},{"@type":"ImageObject","inLanguage":"fr-FR","@id":"https:\/\/balatonneked.com\/2018\/04\/04\/balatonrendes\/#primaryimage","url":"","contentUrl":""},{"@type":"BreadcrumbList","@id":"https:\/\/balatonneked.com\/2018\/04\/04\/balatonrendes\/#breadcrumb","itemListElement":[{"@type":"ListItem","position":1,"name":"Kezd\u0151lap","item":"https:\/\/balatonneked.com\/"},{"@type":"ListItem","position":2,"name":"Balatonrendes"}]},{"@type":"WebSite","@id":"https:\/\/balatonneked.com\/#website","url":"https:\/\/balatonneked.com\/","name":"BALATON NEKED","description":"A Balaton leginformat\u00edvabb magazinja","publisher":{"@id":"https:\/\/balatonneked.com\/#organization"},"potentialAction":[{"@type":"SearchAction","target":{"@type":"EntryPoint","urlTemplate":"https:\/\/balatonneked.com\/?s={search_term_string}"},"query-input":{"@type":"PropertyValueSpecification","valueRequired":true,"valueName":"search_term_string"}}],"inLanguage":"fr-FR"},{"@type":"Organization","@id":"https:\/\/balatonneked.com\/#organization","name":"BalatonNeked","url":"https:\/\/balatonneked.com\/","logo":{"@type":"ImageObject","inLanguage":"fr-FR","@id":"https:\/\/balatonneked.com\/#\/schema\/logo\/image\/","url":"https:\/\/balatonneked.com\/wp-content\/uploads\/2019\/05\/bnekedlogo.png","contentUrl":"https:\/\/balatonneked.com\/wp-content\/uploads\/2019\/05\/bnekedlogo.png","width":750,"height":750,"caption":"BalatonNeked"},"image":{"@id":"https:\/\/balatonneked.com\/#\/schema\/logo\/image\/"},"sameAs":["https:\/\/www.facebook.com\/BalatonNeked"]},{"@type":"Person","@id":"https:\/\/balatonneked.com\/#\/schema\/person\/6abf551dbe3d5531af60e216ef9b16aa","name":"-","image":{"@type":"ImageObject","inLanguage":"fr-FR","@id":"https:\/\/balatonneked.com\/#\/schema\/person\/image\/","url":"https:\/\/secure.gravatar.com\/avatar\/7bcf602c35eea1fdd5dcb5698f42149adc1fb65510ae8b284cdf111a453a6c37?s=96&d=mm&r=g","contentUrl":"https:\/\/secure.gravatar.com\/avatar\/7bcf602c35eea1fdd5dcb5698f42149adc1fb65510ae8b284cdf111a453a6c37?s=96&d=mm&r=g","caption":"-"},"url":"https:\/\/balatonneked.com\/fr\/author\/tamasildiko\/"}]}},"_links":{"self":[{"href":"https:\/\/balatonneked.com\/fr\/wp-json\/wp\/v2\/posts\/636","targetHints":{"allow":["GET"]}}],"collection":[{"href":"https:\/\/balatonneked.com\/fr\/wp-json\/wp\/v2\/posts"}],"about":[{"href":"https:\/\/balatonneked.com\/fr\/wp-json\/wp\/v2\/types\/post"}],"author":[{"embeddable":true,"href":"https:\/\/balatonneked.com\/fr\/wp-json\/wp\/v2\/users\/2"}],"replies":[{"embeddable":true,"href":"https:\/\/balatonneked.com\/fr\/wp-json\/wp\/v2\/comments?post=636"}],"version-history":[{"count":0,"href":"https:\/\/balatonneked.com\/fr\/wp-json\/wp\/v2\/posts\/636\/revisions"}],"wp:featuredmedia":[{"embeddable":true,"href":"https:\/\/balatonneked.com\/fr\/wp-json\/"}],"wp:attachment":[{"href":"https:\/\/balatonneked.com\/fr\/wp-json\/wp\/v2\/media?parent=636"}],"wp:term":[{"taxonomy":"category","embeddable":true,"href":"https:\/\/balatonneked.com\/fr\/wp-json\/wp\/v2\/categories?post=636"},{"taxonomy":"post_tag","embeddable":true,"href":"https:\/\/balatonneked.com\/fr\/wp-json\/wp\/v2\/tags?post=636"}],"curies":[{"name":"wp","href":"https:\/\/api.w.org\/{rel}","templated":true}]}}