{"id":588,"date":"2018-04-04T11:27:03","date_gmt":"2018-04-04T11:27:03","guid":{"rendered":"http:\/\/balatonfelvidekneked.hu\/?p=588"},"modified":"2018-04-04T11:27:03","modified_gmt":"2018-04-04T11:27:03","slug":"balatonalmadi","status":"publish","type":"post","link":"https:\/\/balatonneked.com\/fr\/2018\/04\/04\/balatonalmadi\/","title":{"rendered":"Balatonalm\u00e1di"},"content":{"rendered":"<p>Veszpr\u00e9mhez k\u00f6zel, a Balaton keleti t\u00e9rfel\u00e9n ter\u00fcl el a t\u00f6bb telep\u00fcl\u00e9sr\u00e9szt mag\u00e1ba foglal\u00f3, sokr\u00e9t\u0171 \u00fcd\u00fcl\u0151v\u00e1ros. A Balatoni f\u00fcrd\u0151\u00e9let, turizmus hangs\u00faly\u00e1t el\u0151t\u00e9rbe helyez\u0151 telep\u00fcl\u00e9s nevezetess\u00e9gei k\u00f6z\u00fcl mindenki megtal\u00e1lhatja a sz\u00e1m\u00e1ra leg\u00e9rdekesebbet: a v\u00edzpart ment\u00e9n csod\u00e1lhatjuk a Szent Erzs\u00e9bet ligetet, k\u00f6zismertebb nev\u00e9n \u00d6regparkot, az \u00d3v\u00e1ri-messzel\u00e1t\u00f3t\u00f3l \u00e9lvezhetj\u00fck a fens\u00e9ges kil\u00e1t\u00e1st \u00e9s v\u00e1logathatunk a v\u00e1ros vonz\u00f3 programjai k\u00f6z\u00fcl. Term\u00e9szeti \u00e9rt\u00e9kek ment\u00e9n is kalandozhatunk itt, k\u00fcl\u00f6nleges f\u00f6ldtani l\u00e1tv\u00e1nyoss\u00e1g a K\u00f6csi-t\u00f3 \u00e9s k\u00f6rnyezete, ahonnan a t\u00far\u00e1z\u00e1st kedvel\u0151k tov\u00e1bbi c\u00e9lpontokat kereshetnek fel.<\/p>\n<p><img decoding=\"async\" class=\"alignnone size-thumbnail wp-image-589\" src=\"http:\/\/balatonfelvidekneked.hu\/wp-content\/uploads\/2018\/04\/balatonalmadi-kilatas-a-kaptalanfured-feloli-oldalrol-pp-150x150.jpg\" alt=\"\" width=\"150\" height=\"150\" \/> <img decoding=\"async\" class=\"alignnone size-thumbnail wp-image-590\" src=\"http:\/\/balatonfelvidekneked.hu\/wp-content\/uploads\/2018\/04\/balatonalmadi-nepomuki-szent-janos-szobor-vorosberenyben-pp-150x150.jpg\" alt=\"\" width=\"150\" height=\"150\" \/> <img decoding=\"async\" class=\"alignnone size-thumbnail wp-image-592\" src=\"http:\/\/balatonfelvidekneked.hu\/wp-content\/uploads\/2018\/04\/balatonalmadi-reformatus-erodtemplom-pp-150x150.jpg\" alt=\"\" width=\"150\" height=\"150\" \/> <img loading=\"lazy\" decoding=\"async\" class=\"alignnone size-thumbnail wp-image-593\" src=\"http:\/\/balatonfelvidekneked.hu\/wp-content\/uploads\/2018\/04\/balatonalmadi-szent-imre-rk-plebania-pp-150x150.jpg\" alt=\"\" width=\"150\" height=\"150\" \/><\/p>","protected":false},"excerpt":{"rendered":"<p>Veszpr\u00e9mhez k\u00f6zel, a Balaton keleti t\u00e9rfel\u00e9n ter\u00fcl el a t\u00f6bb telep\u00fcl\u00e9sr\u00e9szt mag\u00e1ba foglal\u00f3, sokr\u00e9t\u0171 \u00fcd\u00fcl\u0151v\u00e1ros. A Balatoni f\u00fcrd\u0151\u00e9let, turizmus hangs\u00faly\u00e1t el\u0151t\u00e9rbe helyez\u0151 telep\u00fcl\u00e9s nevezetess\u00e9gei k\u00f6z\u00fcl mindenki megtal\u00e1lhatja a sz\u00e1m\u00e1ra leg\u00e9rdekesebbet: a v\u00edzpart ment\u00e9n csod\u00e1lhatjuk a Szent Erzs\u00e9bet ligetet, k\u00f6zismertebb nev\u00e9n \u00d6regparkot, az \u00d3v\u00e1ri-messzel\u00e1t\u00f3t\u00f3l \u00e9lvezhetj\u00fck a fens\u00e9ges kil\u00e1t\u00e1st \u00e9s v\u00e1logathatunk a v\u00e1ros vonz\u00f3 programjai k\u00f6z\u00fcl. Term\u00e9szeti [&hellip;]<\/p>","protected":false},"author":2,"featured_media":591,"comment_status":"closed","ping_status":"open","sticky":false,"template":"","format":"standard","meta":{"_acf_changed":false,"footnotes":""},"categories":[27],"tags":[],"class_list":["post-588","post","type-post","status-publish","format-standard","has-post-thumbnail","hentry","category-telepulesek"],"acf":[],"yoast_head":"<!-- This site is optimized with the Yoast SEO plugin v25.1 - https:\/\/yoast.com\/wordpress\/plugins\/seo\/ -->\n<title>Balatonalm\u00e1di - BALATON NEKED<\/title>\n<meta name=\"robots\" content=\"index, follow, max-snippet:-1, max-image-preview:large, max-video-preview:-1\" \/>\n<link rel=\"canonical\" href=\"https:\/\/balatonneked.com\/fr\/2018\/04\/04\/balatonalmadi\/\" \/>\n<meta property=\"og:locale\" content=\"fr_FR\" \/>\n<meta property=\"og:type\" content=\"article\" \/>\n<meta property=\"og:title\" content=\"Balatonalm\u00e1di - BALATON NEKED\" \/>\n<meta property=\"og:description\" content=\"Veszpr\u00e9mhez k\u00f6zel, a Balaton keleti t\u00e9rfel\u00e9n ter\u00fcl el a t\u00f6bb telep\u00fcl\u00e9sr\u00e9szt mag\u00e1ba foglal\u00f3, sokr\u00e9t\u0171 \u00fcd\u00fcl\u0151v\u00e1ros. A Balatoni f\u00fcrd\u0151\u00e9let, turizmus hangs\u00faly\u00e1t el\u0151t\u00e9rbe helyez\u0151 telep\u00fcl\u00e9s nevezetess\u00e9gei k\u00f6z\u00fcl mindenki megtal\u00e1lhatja a sz\u00e1m\u00e1ra leg\u00e9rdekesebbet: a v\u00edzpart ment\u00e9n csod\u00e1lhatjuk a Szent Erzs\u00e9bet ligetet, k\u00f6zismertebb nev\u00e9n \u00d6regparkot, az \u00d3v\u00e1ri-messzel\u00e1t\u00f3t\u00f3l \u00e9lvezhetj\u00fck a fens\u00e9ges kil\u00e1t\u00e1st \u00e9s v\u00e1logathatunk a v\u00e1ros vonz\u00f3 programjai k\u00f6z\u00fcl. Term\u00e9szeti [&hellip;]\" \/>\n<meta property=\"og:url\" content=\"https:\/\/balatonneked.com\/fr\/2018\/04\/04\/balatonalmadi\/\" \/>\n<meta property=\"og:site_name\" content=\"BALATON NEKED\" \/>\n<meta property=\"article:publisher\" content=\"https:\/\/www.facebook.com\/BalatonNeked\" \/>\n<meta property=\"article:published_time\" content=\"2018-04-04T11:27:03+00:00\" \/>\n<meta name=\"author\" content=\"-\" \/>\n<meta name=\"twitter:card\" content=\"summary_large_image\" \/>\n<meta name=\"twitter:label1\" content=\"\u00c9crit par\" \/>\n\t<meta name=\"twitter:data1\" content=\"-\" \/>\n\t<meta name=\"twitter:label2\" content=\"Dur\u00e9e de lecture estim\u00e9e\" \/>\n\t<meta name=\"twitter:data2\" content=\"1 minute\" \/>\n<script type=\"application\/ld+json\" class=\"yoast-schema-graph\">{\"@context\":\"https:\/\/schema.org\",\"@graph\":[{\"@type\":\"Article\",\"@id\":\"https:\/\/balatonneked.com\/2018\/04\/04\/balatonalmadi\/#article\",\"isPartOf\":{\"@id\":\"https:\/\/balatonneked.com\/2018\/04\/04\/balatonalmadi\/\"},\"author\":{\"name\":\"-\",\"@id\":\"https:\/\/balatonneked.com\/#\/schema\/person\/6abf551dbe3d5531af60e216ef9b16aa\"},\"headline\":\"Balatonalm\u00e1di\",\"datePublished\":\"2018-04-04T11:27:03+00:00\",\"mainEntityOfPage\":{\"@id\":\"https:\/\/balatonneked.com\/2018\/04\/04\/balatonalmadi\/\"},\"wordCount\":141,\"publisher\":{\"@id\":\"https:\/\/balatonneked.com\/#organization\"},\"image\":{\"@id\":\"https:\/\/balatonneked.com\/2018\/04\/04\/balatonalmadi\/#primaryimage\"},\"thumbnailUrl\":\"\",\"articleSection\":[\"Telep\u00fcl\u00e9sek\"],\"inLanguage\":\"fr-FR\"},{\"@type\":\"WebPage\",\"@id\":\"https:\/\/balatonneked.com\/2018\/04\/04\/balatonalmadi\/\",\"url\":\"https:\/\/balatonneked.com\/2018\/04\/04\/balatonalmadi\/\",\"name\":\"Balatonalm\u00e1di - BALATON NEKED\",\"isPartOf\":{\"@id\":\"https:\/\/balatonneked.com\/#website\"},\"primaryImageOfPage\":{\"@id\":\"https:\/\/balatonneked.com\/2018\/04\/04\/balatonalmadi\/#primaryimage\"},\"image\":{\"@id\":\"https:\/\/balatonneked.com\/2018\/04\/04\/balatonalmadi\/#primaryimage\"},\"thumbnailUrl\":\"\",\"datePublished\":\"2018-04-04T11:27:03+00:00\",\"breadcrumb\":{\"@id\":\"https:\/\/balatonneked.com\/2018\/04\/04\/balatonalmadi\/#breadcrumb\"},\"inLanguage\":\"fr-FR\",\"potentialAction\":[{\"@type\":\"ReadAction\",\"target\":[\"https:\/\/balatonneked.com\/2018\/04\/04\/balatonalmadi\/\"]}]},{\"@type\":\"ImageObject\",\"inLanguage\":\"fr-FR\",\"@id\":\"https:\/\/balatonneked.com\/2018\/04\/04\/balatonalmadi\/#primaryimage\",\"url\":\"\",\"contentUrl\":\"\"},{\"@type\":\"BreadcrumbList\",\"@id\":\"https:\/\/balatonneked.com\/2018\/04\/04\/balatonalmadi\/#breadcrumb\",\"itemListElement\":[{\"@type\":\"ListItem\",\"position\":1,\"name\":\"Kezd\u0151lap\",\"item\":\"https:\/\/balatonneked.com\/\"},{\"@type\":\"ListItem\",\"position\":2,\"name\":\"Balatonalm\u00e1di\"}]},{\"@type\":\"WebSite\",\"@id\":\"https:\/\/balatonneked.com\/#website\",\"url\":\"https:\/\/balatonneked.com\/\",\"name\":\"BALATON NEKED\",\"description\":\"A Balaton leginformat\u00edvabb magazinja\",\"publisher\":{\"@id\":\"https:\/\/balatonneked.com\/#organization\"},\"potentialAction\":[{\"@type\":\"SearchAction\",\"target\":{\"@type\":\"EntryPoint\",\"urlTemplate\":\"https:\/\/balatonneked.com\/?s={search_term_string}\"},\"query-input\":{\"@type\":\"PropertyValueSpecification\",\"valueRequired\":true,\"valueName\":\"search_term_string\"}}],\"inLanguage\":\"fr-FR\"},{\"@type\":\"Organization\",\"@id\":\"https:\/\/balatonneked.com\/#organization\",\"name\":\"BalatonNeked\",\"url\":\"https:\/\/balatonneked.com\/\",\"logo\":{\"@type\":\"ImageObject\",\"inLanguage\":\"fr-FR\",\"@id\":\"https:\/\/balatonneked.com\/#\/schema\/logo\/image\/\",\"url\":\"https:\/\/balatonneked.com\/wp-content\/uploads\/2019\/05\/bnekedlogo.png\",\"contentUrl\":\"https:\/\/balatonneked.com\/wp-content\/uploads\/2019\/05\/bnekedlogo.png\",\"width\":750,\"height\":750,\"caption\":\"BalatonNeked\"},\"image\":{\"@id\":\"https:\/\/balatonneked.com\/#\/schema\/logo\/image\/\"},\"sameAs\":[\"https:\/\/www.facebook.com\/BalatonNeked\"]},{\"@type\":\"Person\",\"@id\":\"https:\/\/balatonneked.com\/#\/schema\/person\/6abf551dbe3d5531af60e216ef9b16aa\",\"name\":\"-\",\"image\":{\"@type\":\"ImageObject\",\"inLanguage\":\"fr-FR\",\"@id\":\"https:\/\/balatonneked.com\/#\/schema\/person\/image\/\",\"url\":\"https:\/\/secure.gravatar.com\/avatar\/7bcf602c35eea1fdd5dcb5698f42149adc1fb65510ae8b284cdf111a453a6c37?s=96&d=mm&r=g\",\"contentUrl\":\"https:\/\/secure.gravatar.com\/avatar\/7bcf602c35eea1fdd5dcb5698f42149adc1fb65510ae8b284cdf111a453a6c37?s=96&d=mm&r=g\",\"caption\":\"-\"},\"url\":\"https:\/\/balatonneked.com\/fr\/author\/tamasildiko\/\"}]}<\/script>\n<!-- \/ Yoast SEO plugin. -->","yoast_head_json":{"title":"Balatonalm\u00e1di - BALATON NEKED","robots":{"index":"index","follow":"follow","max-snippet":"max-snippet:-1","max-image-preview":"max-image-preview:large","max-video-preview":"max-video-preview:-1"},"canonical":"https:\/\/balatonneked.com\/fr\/2018\/04\/04\/balatonalmadi\/","og_locale":"fr_FR","og_type":"article","og_title":"Balatonalm\u00e1di - BALATON NEKED","og_description":"Veszpr\u00e9mhez k\u00f6zel, a Balaton keleti t\u00e9rfel\u00e9n ter\u00fcl el a t\u00f6bb telep\u00fcl\u00e9sr\u00e9szt mag\u00e1ba foglal\u00f3, sokr\u00e9t\u0171 \u00fcd\u00fcl\u0151v\u00e1ros. A Balatoni f\u00fcrd\u0151\u00e9let, turizmus hangs\u00faly\u00e1t el\u0151t\u00e9rbe helyez\u0151 telep\u00fcl\u00e9s nevezetess\u00e9gei k\u00f6z\u00fcl mindenki megtal\u00e1lhatja a sz\u00e1m\u00e1ra leg\u00e9rdekesebbet: a v\u00edzpart ment\u00e9n csod\u00e1lhatjuk a Szent Erzs\u00e9bet ligetet, k\u00f6zismertebb nev\u00e9n \u00d6regparkot, az \u00d3v\u00e1ri-messzel\u00e1t\u00f3t\u00f3l \u00e9lvezhetj\u00fck a fens\u00e9ges kil\u00e1t\u00e1st \u00e9s v\u00e1logathatunk a v\u00e1ros vonz\u00f3 programjai k\u00f6z\u00fcl. Term\u00e9szeti [&hellip;]","og_url":"https:\/\/balatonneked.com\/fr\/2018\/04\/04\/balatonalmadi\/","og_site_name":"BALATON NEKED","article_publisher":"https:\/\/www.facebook.com\/BalatonNeked","article_published_time":"2018-04-04T11:27:03+00:00","author":"-","twitter_card":"summary_large_image","twitter_misc":{"\u00c9crit par":"-","Dur\u00e9e de lecture estim\u00e9e":"1 minute"},"schema":{"@context":"https:\/\/schema.org","@graph":[{"@type":"Article","@id":"https:\/\/balatonneked.com\/2018\/04\/04\/balatonalmadi\/#article","isPartOf":{"@id":"https:\/\/balatonneked.com\/2018\/04\/04\/balatonalmadi\/"},"author":{"name":"-","@id":"https:\/\/balatonneked.com\/#\/schema\/person\/6abf551dbe3d5531af60e216ef9b16aa"},"headline":"Balatonalm\u00e1di","datePublished":"2018-04-04T11:27:03+00:00","mainEntityOfPage":{"@id":"https:\/\/balatonneked.com\/2018\/04\/04\/balatonalmadi\/"},"wordCount":141,"publisher":{"@id":"https:\/\/balatonneked.com\/#organization"},"image":{"@id":"https:\/\/balatonneked.com\/2018\/04\/04\/balatonalmadi\/#primaryimage"},"thumbnailUrl":"","articleSection":["Telep\u00fcl\u00e9sek"],"inLanguage":"fr-FR"},{"@type":"WebPage","@id":"https:\/\/balatonneked.com\/2018\/04\/04\/balatonalmadi\/","url":"https:\/\/balatonneked.com\/2018\/04\/04\/balatonalmadi\/","name":"Balatonalm\u00e1di - BALATON NEKED","isPartOf":{"@id":"https:\/\/balatonneked.com\/#website"},"primaryImageOfPage":{"@id":"https:\/\/balatonneked.com\/2018\/04\/04\/balatonalmadi\/#primaryimage"},"image":{"@id":"https:\/\/balatonneked.com\/2018\/04\/04\/balatonalmadi\/#primaryimage"},"thumbnailUrl":"","datePublished":"2018-04-04T11:27:03+00:00","breadcrumb":{"@id":"https:\/\/balatonneked.com\/2018\/04\/04\/balatonalmadi\/#breadcrumb"},"inLanguage":"fr-FR","potentialAction":[{"@type":"ReadAction","target":["https:\/\/balatonneked.com\/2018\/04\/04\/balatonalmadi\/"]}]},{"@type":"ImageObject","inLanguage":"fr-FR","@id":"https:\/\/balatonneked.com\/2018\/04\/04\/balatonalmadi\/#primaryimage","url":"","contentUrl":""},{"@type":"BreadcrumbList","@id":"https:\/\/balatonneked.com\/2018\/04\/04\/balatonalmadi\/#breadcrumb","itemListElement":[{"@type":"ListItem","position":1,"name":"Kezd\u0151lap","item":"https:\/\/balatonneked.com\/"},{"@type":"ListItem","position":2,"name":"Balatonalm\u00e1di"}]},{"@type":"WebSite","@id":"https:\/\/balatonneked.com\/#website","url":"https:\/\/balatonneked.com\/","name":"BALATON NEKED","description":"A Balaton leginformat\u00edvabb magazinja","publisher":{"@id":"https:\/\/balatonneked.com\/#organization"},"potentialAction":[{"@type":"SearchAction","target":{"@type":"EntryPoint","urlTemplate":"https:\/\/balatonneked.com\/?s={search_term_string}"},"query-input":{"@type":"PropertyValueSpecification","valueRequired":true,"valueName":"search_term_string"}}],"inLanguage":"fr-FR"},{"@type":"Organization","@id":"https:\/\/balatonneked.com\/#organization","name":"BalatonNeked","url":"https:\/\/balatonneked.com\/","logo":{"@type":"ImageObject","inLanguage":"fr-FR","@id":"https:\/\/balatonneked.com\/#\/schema\/logo\/image\/","url":"https:\/\/balatonneked.com\/wp-content\/uploads\/2019\/05\/bnekedlogo.png","contentUrl":"https:\/\/balatonneked.com\/wp-content\/uploads\/2019\/05\/bnekedlogo.png","width":750,"height":750,"caption":"BalatonNeked"},"image":{"@id":"https:\/\/balatonneked.com\/#\/schema\/logo\/image\/"},"sameAs":["https:\/\/www.facebook.com\/BalatonNeked"]},{"@type":"Person","@id":"https:\/\/balatonneked.com\/#\/schema\/person\/6abf551dbe3d5531af60e216ef9b16aa","name":"-","image":{"@type":"ImageObject","inLanguage":"fr-FR","@id":"https:\/\/balatonneked.com\/#\/schema\/person\/image\/","url":"https:\/\/secure.gravatar.com\/avatar\/7bcf602c35eea1fdd5dcb5698f42149adc1fb65510ae8b284cdf111a453a6c37?s=96&d=mm&r=g","contentUrl":"https:\/\/secure.gravatar.com\/avatar\/7bcf602c35eea1fdd5dcb5698f42149adc1fb65510ae8b284cdf111a453a6c37?s=96&d=mm&r=g","caption":"-"},"url":"https:\/\/balatonneked.com\/fr\/author\/tamasildiko\/"}]}},"_links":{"self":[{"href":"https:\/\/balatonneked.com\/fr\/wp-json\/wp\/v2\/posts\/588","targetHints":{"allow":["GET"]}}],"collection":[{"href":"https:\/\/balatonneked.com\/fr\/wp-json\/wp\/v2\/posts"}],"about":[{"href":"https:\/\/balatonneked.com\/fr\/wp-json\/wp\/v2\/types\/post"}],"author":[{"embeddable":true,"href":"https:\/\/balatonneked.com\/fr\/wp-json\/wp\/v2\/users\/2"}],"replies":[{"embeddable":true,"href":"https:\/\/balatonneked.com\/fr\/wp-json\/wp\/v2\/comments?post=588"}],"version-history":[{"count":0,"href":"https:\/\/balatonneked.com\/fr\/wp-json\/wp\/v2\/posts\/588\/revisions"}],"wp:featuredmedia":[{"embeddable":true,"href":"https:\/\/balatonneked.com\/fr\/wp-json\/"}],"wp:attachment":[{"href":"https:\/\/balatonneked.com\/fr\/wp-json\/wp\/v2\/media?parent=588"}],"wp:term":[{"taxonomy":"category","embeddable":true,"href":"https:\/\/balatonneked.com\/fr\/wp-json\/wp\/v2\/categories?post=588"},{"taxonomy":"post_tag","embeddable":true,"href":"https:\/\/balatonneked.com\/fr\/wp-json\/wp\/v2\/tags?post=588"}],"curies":[{"name":"wp","href":"https:\/\/api.w.org\/{rel}","templated":true}]}}