{"id":5651,"date":"2025-08-28T12:23:04","date_gmt":"2025-08-28T11:23:04","guid":{"rendered":"https:\/\/balatonneked.com\/?p=5651"},"modified":"2025-08-28T12:23:05","modified_gmt":"2025-08-28T11:23:05","slug":"anna-riabchevskaia-kiallitasa-a-kali-fecskeben","status":"publish","type":"post","link":"https:\/\/balatonneked.com\/fr\/2025\/08\/28\/anna-riabchevskaia-kiallitasa-a-kali-fecskeben\/","title":{"rendered":"Anna Riabchevskaia ki\u00e1ll\u00edt\u00e1sa a K\u00e1li Fecsk\u00e9ben"},"content":{"rendered":"<p>Gyertek el hozz\u00e1nk Anna Riabchevskaia orosz fest\u0151n\u0151 K\u00e1li Et\u0171d\u00f6k ki\u00e1ll\u00edt\u00e1s\u00e1nak megnyit\u00f3j\u00e1ra!<\/p><p>Nagy Zs\u00f3fia N\u00f3ra m\u0171v\u00e9szett\u00f6rt\u00e9n\u00e9sz \u00e9s a ki\u00e1ll\u00edt\u00e1s kur\u00e1tor\u00e1nak a szavaival \u00e9lve: \u201cEzen ki\u00e1ll\u00edt\u00e1s k\u00fcl\u00f6nleges aj\u00e1nd\u00e9ka, hogy itt, a K\u00e1li-medence sz\u00edv\u00e9ben egy olyan kollekci\u00f3 t\u00e1rul el\u00e9nk, melynek maga e t\u00e1j a m\u00fazs\u00e1ja. Minden egyes alkot\u00e1sban ott rezd\u00fcl a f\u00e9nyek j\u00e1t\u00e9ka, a ny\u00e1ri por illata \u00e9s az a csend, amely egyszerre h\u00edv szeml\u00e9l\u0151d\u00e9sre \u00e9s \u00e1lmodoz\u00e1sra.\u201d<\/p><p>A t\u00e1rlaton egys\u00e9ges figurat\u00edv kollekci\u00f3val \u00e9s absztrakt koll\u00e1zsokkal is tal\u00e1lkozhattok: \u201cA k\u0151falak, a mandulaf\u00e1k, a poros utak, a v\u00edzt\u00fck\u00f6r \u00e9s a ny\u00e1ri \u00e9gbolt mind-mind visszhangoznak ezekben a m\u0171vekben &#8211; hol absztrakt m\u00f3don, hol felismerhet\u0151en.\u201d<\/p><p>Megnyit\u00f3:  2025. augusztus 29., p\u00e9ntek, 18:00<\/p><p><strong>K\u00e1li Fecske Gal\u00e9ria &#8211; 8256 Salf\u00f6ld, Templom utca 1.<\/strong><\/p><p>V\u00e1runk benneteket sok szeretettel! <\/p><p>A ki\u00e1ll\u00edt\u00e1s ingyenesen megtekinthet\u0151 2025. augusztus 29. &#8211; okt\u00f3ber 5., nyitvatart\u00e1si id\u0151ben.<\/p><p><\/p>","protected":false},"excerpt":{"rendered":"<p>Gyertek el hozz\u00e1nk Anna Riabchevskaia orosz fest\u0151n\u0151 K\u00e1li Et\u0171d\u00f6k ki\u00e1ll\u00edt\u00e1s\u00e1nak megnyit\u00f3j\u00e1ra! Nagy Zs\u00f3fia N\u00f3ra m\u0171v\u00e9szett\u00f6rt\u00e9n\u00e9sz \u00e9s a ki\u00e1ll\u00edt\u00e1s kur\u00e1tor\u00e1nak a szavaival \u00e9lve: \u201cEzen ki\u00e1ll\u00edt\u00e1s k\u00fcl\u00f6nleges aj\u00e1nd\u00e9ka, hogy itt, a K\u00e1li-medence sz\u00edv\u00e9ben egy olyan kollekci\u00f3 t\u00e1rul el\u00e9nk, melynek maga e t\u00e1j a m\u00fazs\u00e1ja. Minden egyes alkot\u00e1sban ott rezd\u00fcl a f\u00e9nyek j\u00e1t\u00e9ka, a ny\u00e1ri por illata \u00e9s [&hellip;]<\/p>","protected":false},"author":2,"featured_media":5652,"comment_status":"open","ping_status":"open","sticky":false,"template":"","format":"standard","meta":{"_acf_changed":false,"footnotes":""},"categories":[260,155,139,244],"tags":[],"class_list":["post-5651","post","type-post","status-publish","format-standard","has-post-thumbnail","hentry","category-balaton-felvidek","category-hirek","category-kultura","category-salfold"],"acf":[],"yoast_head":"<!-- This site is optimized with the Yoast SEO plugin v25.1 - https:\/\/yoast.com\/wordpress\/plugins\/seo\/ -->\n<title>Anna Riabchevskaia ki\u00e1ll\u00edt\u00e1sa a K\u00e1li Fecsk\u00e9ben - BALATON NEKED<\/title>\n<meta name=\"robots\" content=\"index, follow, max-snippet:-1, max-image-preview:large, max-video-preview:-1\" \/>\n<link rel=\"canonical\" href=\"https:\/\/balatonneked.com\/fr\/2025\/08\/28\/anna-riabchevskaia-kiallitasa-a-kali-fecskeben\/\" \/>\n<meta property=\"og:locale\" content=\"fr_FR\" \/>\n<meta property=\"og:type\" content=\"article\" \/>\n<meta property=\"og:title\" content=\"Anna Riabchevskaia ki\u00e1ll\u00edt\u00e1sa a K\u00e1li Fecsk\u00e9ben - BALATON NEKED\" \/>\n<meta property=\"og:description\" content=\"Gyertek el hozz\u00e1nk Anna Riabchevskaia orosz fest\u0151n\u0151 K\u00e1li Et\u0171d\u00f6k ki\u00e1ll\u00edt\u00e1s\u00e1nak megnyit\u00f3j\u00e1ra! Nagy Zs\u00f3fia N\u00f3ra m\u0171v\u00e9szett\u00f6rt\u00e9n\u00e9sz \u00e9s a ki\u00e1ll\u00edt\u00e1s kur\u00e1tor\u00e1nak a szavaival \u00e9lve: \u201cEzen ki\u00e1ll\u00edt\u00e1s k\u00fcl\u00f6nleges aj\u00e1nd\u00e9ka, hogy itt, a K\u00e1li-medence sz\u00edv\u00e9ben egy olyan kollekci\u00f3 t\u00e1rul el\u00e9nk, melynek maga e t\u00e1j a m\u00fazs\u00e1ja. Minden egyes alkot\u00e1sban ott rezd\u00fcl a f\u00e9nyek j\u00e1t\u00e9ka, a ny\u00e1ri por illata \u00e9s [&hellip;]\" \/>\n<meta property=\"og:url\" content=\"https:\/\/balatonneked.com\/fr\/2025\/08\/28\/anna-riabchevskaia-kiallitasa-a-kali-fecskeben\/\" \/>\n<meta property=\"og:site_name\" content=\"BALATON NEKED\" \/>\n<meta property=\"article:publisher\" content=\"https:\/\/www.facebook.com\/BalatonNeked\" \/>\n<meta property=\"article:published_time\" content=\"2025-08-28T11:23:04+00:00\" \/>\n<meta property=\"article:modified_time\" content=\"2025-08-28T11:23:05+00:00\" \/>\n<meta property=\"og:image\" content=\"https:\/\/balatonneked.com\/wp-content\/uploads\/2025\/08\/539234533_706812835729138_1174049895607416891_n.jpg\" \/>\n\t<meta property=\"og:image:width\" content=\"1080\" \/>\n\t<meta property=\"og:image:height\" content=\"1350\" \/>\n\t<meta property=\"og:image:type\" content=\"image\/jpeg\" \/>\n<meta name=\"author\" content=\"-\" \/>\n<meta name=\"twitter:card\" content=\"summary_large_image\" \/>\n<meta name=\"twitter:label1\" content=\"\u00c9crit par\" \/>\n\t<meta name=\"twitter:data1\" content=\"-\" \/>\n\t<meta name=\"twitter:label2\" content=\"Dur\u00e9e de lecture estim\u00e9e\" \/>\n\t<meta name=\"twitter:data2\" content=\"1 minute\" \/>\n<script type=\"application\/ld+json\" class=\"yoast-schema-graph\">{\"@context\":\"https:\/\/schema.org\",\"@graph\":[{\"@type\":\"Article\",\"@id\":\"https:\/\/balatonneked.com\/2025\/08\/28\/anna-riabchevskaia-kiallitasa-a-kali-fecskeben\/#article\",\"isPartOf\":{\"@id\":\"https:\/\/balatonneked.com\/2025\/08\/28\/anna-riabchevskaia-kiallitasa-a-kali-fecskeben\/\"},\"author\":{\"name\":\"-\",\"@id\":\"https:\/\/balatonneked.com\/#\/schema\/person\/6abf551dbe3d5531af60e216ef9b16aa\"},\"headline\":\"Anna Riabchevskaia ki\u00e1ll\u00edt\u00e1sa a K\u00e1li Fecsk\u00e9ben\",\"datePublished\":\"2025-08-28T11:23:04+00:00\",\"dateModified\":\"2025-08-28T11:23:05+00:00\",\"mainEntityOfPage\":{\"@id\":\"https:\/\/balatonneked.com\/2025\/08\/28\/anna-riabchevskaia-kiallitasa-a-kali-fecskeben\/\"},\"wordCount\":207,\"commentCount\":0,\"publisher\":{\"@id\":\"https:\/\/balatonneked.com\/#organization\"},\"image\":{\"@id\":\"https:\/\/balatonneked.com\/2025\/08\/28\/anna-riabchevskaia-kiallitasa-a-kali-fecskeben\/#primaryimage\"},\"thumbnailUrl\":\"https:\/\/balatonneked.com\/wp-content\/uploads\/2025\/08\/539234533_706812835729138_1174049895607416891_n.jpg\",\"articleSection\":[\"Balaton-felvid\u00e9k\",\"H\u00edrek\",\"Kult\u00fara\",\"Salf\u00f6ld\"],\"inLanguage\":\"fr-FR\",\"potentialAction\":[{\"@type\":\"CommentAction\",\"name\":\"Comment\",\"target\":[\"https:\/\/balatonneked.com\/2025\/08\/28\/anna-riabchevskaia-kiallitasa-a-kali-fecskeben\/#respond\"]}]},{\"@type\":\"WebPage\",\"@id\":\"https:\/\/balatonneked.com\/2025\/08\/28\/anna-riabchevskaia-kiallitasa-a-kali-fecskeben\/\",\"url\":\"https:\/\/balatonneked.com\/2025\/08\/28\/anna-riabchevskaia-kiallitasa-a-kali-fecskeben\/\",\"name\":\"Anna Riabchevskaia ki\u00e1ll\u00edt\u00e1sa a K\u00e1li Fecsk\u00e9ben - BALATON NEKED\",\"isPartOf\":{\"@id\":\"https:\/\/balatonneked.com\/#website\"},\"primaryImageOfPage\":{\"@id\":\"https:\/\/balatonneked.com\/2025\/08\/28\/anna-riabchevskaia-kiallitasa-a-kali-fecskeben\/#primaryimage\"},\"image\":{\"@id\":\"https:\/\/balatonneked.com\/2025\/08\/28\/anna-riabchevskaia-kiallitasa-a-kali-fecskeben\/#primaryimage\"},\"thumbnailUrl\":\"https:\/\/balatonneked.com\/wp-content\/uploads\/2025\/08\/539234533_706812835729138_1174049895607416891_n.jpg\",\"datePublished\":\"2025-08-28T11:23:04+00:00\",\"dateModified\":\"2025-08-28T11:23:05+00:00\",\"breadcrumb\":{\"@id\":\"https:\/\/balatonneked.com\/2025\/08\/28\/anna-riabchevskaia-kiallitasa-a-kali-fecskeben\/#breadcrumb\"},\"inLanguage\":\"fr-FR\",\"potentialAction\":[{\"@type\":\"ReadAction\",\"target\":[\"https:\/\/balatonneked.com\/2025\/08\/28\/anna-riabchevskaia-kiallitasa-a-kali-fecskeben\/\"]}]},{\"@type\":\"ImageObject\",\"inLanguage\":\"fr-FR\",\"@id\":\"https:\/\/balatonneked.com\/2025\/08\/28\/anna-riabchevskaia-kiallitasa-a-kali-fecskeben\/#primaryimage\",\"url\":\"https:\/\/balatonneked.com\/wp-content\/uploads\/2025\/08\/539234533_706812835729138_1174049895607416891_n.jpg\",\"contentUrl\":\"https:\/\/balatonneked.com\/wp-content\/uploads\/2025\/08\/539234533_706812835729138_1174049895607416891_n.jpg\",\"width\":1080,\"height\":1350},{\"@type\":\"BreadcrumbList\",\"@id\":\"https:\/\/balatonneked.com\/2025\/08\/28\/anna-riabchevskaia-kiallitasa-a-kali-fecskeben\/#breadcrumb\",\"itemListElement\":[{\"@type\":\"ListItem\",\"position\":1,\"name\":\"Kezd\u0151lap\",\"item\":\"https:\/\/balatonneked.com\/\"},{\"@type\":\"ListItem\",\"position\":2,\"name\":\"Anna Riabchevskaia ki\u00e1ll\u00edt\u00e1sa a K\u00e1li Fecsk\u00e9ben\"}]},{\"@type\":\"WebSite\",\"@id\":\"https:\/\/balatonneked.com\/#website\",\"url\":\"https:\/\/balatonneked.com\/\",\"name\":\"BALATON NEKED\",\"description\":\"A Balaton leginformat\u00edvabb magazinja\",\"publisher\":{\"@id\":\"https:\/\/balatonneked.com\/#organization\"},\"potentialAction\":[{\"@type\":\"SearchAction\",\"target\":{\"@type\":\"EntryPoint\",\"urlTemplate\":\"https:\/\/balatonneked.com\/?s={search_term_string}\"},\"query-input\":{\"@type\":\"PropertyValueSpecification\",\"valueRequired\":true,\"valueName\":\"search_term_string\"}}],\"inLanguage\":\"fr-FR\"},{\"@type\":\"Organization\",\"@id\":\"https:\/\/balatonneked.com\/#organization\",\"name\":\"BalatonNeked\",\"url\":\"https:\/\/balatonneked.com\/\",\"logo\":{\"@type\":\"ImageObject\",\"inLanguage\":\"fr-FR\",\"@id\":\"https:\/\/balatonneked.com\/#\/schema\/logo\/image\/\",\"url\":\"https:\/\/balatonneked.com\/wp-content\/uploads\/2019\/05\/bnekedlogo.png\",\"contentUrl\":\"https:\/\/balatonneked.com\/wp-content\/uploads\/2019\/05\/bnekedlogo.png\",\"width\":750,\"height\":750,\"caption\":\"BalatonNeked\"},\"image\":{\"@id\":\"https:\/\/balatonneked.com\/#\/schema\/logo\/image\/\"},\"sameAs\":[\"https:\/\/www.facebook.com\/BalatonNeked\"]},{\"@type\":\"Person\",\"@id\":\"https:\/\/balatonneked.com\/#\/schema\/person\/6abf551dbe3d5531af60e216ef9b16aa\",\"name\":\"-\",\"image\":{\"@type\":\"ImageObject\",\"inLanguage\":\"fr-FR\",\"@id\":\"https:\/\/balatonneked.com\/#\/schema\/person\/image\/\",\"url\":\"https:\/\/secure.gravatar.com\/avatar\/7bcf602c35eea1fdd5dcb5698f42149adc1fb65510ae8b284cdf111a453a6c37?s=96&d=mm&r=g\",\"contentUrl\":\"https:\/\/secure.gravatar.com\/avatar\/7bcf602c35eea1fdd5dcb5698f42149adc1fb65510ae8b284cdf111a453a6c37?s=96&d=mm&r=g\",\"caption\":\"-\"},\"url\":\"https:\/\/balatonneked.com\/fr\/author\/tamasildiko\/\"}]}<\/script>\n<!-- \/ Yoast SEO plugin. -->","yoast_head_json":{"title":"Anna Riabchevskaia ki\u00e1ll\u00edt\u00e1sa a K\u00e1li Fecsk\u00e9ben - BALATON NEKED","robots":{"index":"index","follow":"follow","max-snippet":"max-snippet:-1","max-image-preview":"max-image-preview:large","max-video-preview":"max-video-preview:-1"},"canonical":"https:\/\/balatonneked.com\/fr\/2025\/08\/28\/anna-riabchevskaia-kiallitasa-a-kali-fecskeben\/","og_locale":"fr_FR","og_type":"article","og_title":"Anna Riabchevskaia ki\u00e1ll\u00edt\u00e1sa a K\u00e1li Fecsk\u00e9ben - BALATON NEKED","og_description":"Gyertek el hozz\u00e1nk Anna Riabchevskaia orosz fest\u0151n\u0151 K\u00e1li Et\u0171d\u00f6k ki\u00e1ll\u00edt\u00e1s\u00e1nak megnyit\u00f3j\u00e1ra! Nagy Zs\u00f3fia N\u00f3ra m\u0171v\u00e9szett\u00f6rt\u00e9n\u00e9sz \u00e9s a ki\u00e1ll\u00edt\u00e1s kur\u00e1tor\u00e1nak a szavaival \u00e9lve: \u201cEzen ki\u00e1ll\u00edt\u00e1s k\u00fcl\u00f6nleges aj\u00e1nd\u00e9ka, hogy itt, a K\u00e1li-medence sz\u00edv\u00e9ben egy olyan kollekci\u00f3 t\u00e1rul el\u00e9nk, melynek maga e t\u00e1j a m\u00fazs\u00e1ja. Minden egyes alkot\u00e1sban ott rezd\u00fcl a f\u00e9nyek j\u00e1t\u00e9ka, a ny\u00e1ri por illata \u00e9s [&hellip;]","og_url":"https:\/\/balatonneked.com\/fr\/2025\/08\/28\/anna-riabchevskaia-kiallitasa-a-kali-fecskeben\/","og_site_name":"BALATON NEKED","article_publisher":"https:\/\/www.facebook.com\/BalatonNeked","article_published_time":"2025-08-28T11:23:04+00:00","article_modified_time":"2025-08-28T11:23:05+00:00","og_image":[{"width":1080,"height":1350,"url":"https:\/\/balatonneked.com\/wp-content\/uploads\/2025\/08\/539234533_706812835729138_1174049895607416891_n.jpg","type":"image\/jpeg"}],"author":"-","twitter_card":"summary_large_image","twitter_misc":{"\u00c9crit par":"-","Dur\u00e9e de lecture estim\u00e9e":"1 minute"},"schema":{"@context":"https:\/\/schema.org","@graph":[{"@type":"Article","@id":"https:\/\/balatonneked.com\/2025\/08\/28\/anna-riabchevskaia-kiallitasa-a-kali-fecskeben\/#article","isPartOf":{"@id":"https:\/\/balatonneked.com\/2025\/08\/28\/anna-riabchevskaia-kiallitasa-a-kali-fecskeben\/"},"author":{"name":"-","@id":"https:\/\/balatonneked.com\/#\/schema\/person\/6abf551dbe3d5531af60e216ef9b16aa"},"headline":"Anna Riabchevskaia ki\u00e1ll\u00edt\u00e1sa a K\u00e1li Fecsk\u00e9ben","datePublished":"2025-08-28T11:23:04+00:00","dateModified":"2025-08-28T11:23:05+00:00","mainEntityOfPage":{"@id":"https:\/\/balatonneked.com\/2025\/08\/28\/anna-riabchevskaia-kiallitasa-a-kali-fecskeben\/"},"wordCount":207,"commentCount":0,"publisher":{"@id":"https:\/\/balatonneked.com\/#organization"},"image":{"@id":"https:\/\/balatonneked.com\/2025\/08\/28\/anna-riabchevskaia-kiallitasa-a-kali-fecskeben\/#primaryimage"},"thumbnailUrl":"https:\/\/balatonneked.com\/wp-content\/uploads\/2025\/08\/539234533_706812835729138_1174049895607416891_n.jpg","articleSection":["Balaton-felvid\u00e9k","H\u00edrek","Kult\u00fara","Salf\u00f6ld"],"inLanguage":"fr-FR","potentialAction":[{"@type":"CommentAction","name":"Comment","target":["https:\/\/balatonneked.com\/2025\/08\/28\/anna-riabchevskaia-kiallitasa-a-kali-fecskeben\/#respond"]}]},{"@type":"WebPage","@id":"https:\/\/balatonneked.com\/2025\/08\/28\/anna-riabchevskaia-kiallitasa-a-kali-fecskeben\/","url":"https:\/\/balatonneked.com\/2025\/08\/28\/anna-riabchevskaia-kiallitasa-a-kali-fecskeben\/","name":"Anna Riabchevskaia ki\u00e1ll\u00edt\u00e1sa a K\u00e1li Fecsk\u00e9ben - BALATON NEKED","isPartOf":{"@id":"https:\/\/balatonneked.com\/#website"},"primaryImageOfPage":{"@id":"https:\/\/balatonneked.com\/2025\/08\/28\/anna-riabchevskaia-kiallitasa-a-kali-fecskeben\/#primaryimage"},"image":{"@id":"https:\/\/balatonneked.com\/2025\/08\/28\/anna-riabchevskaia-kiallitasa-a-kali-fecskeben\/#primaryimage"},"thumbnailUrl":"https:\/\/balatonneked.com\/wp-content\/uploads\/2025\/08\/539234533_706812835729138_1174049895607416891_n.jpg","datePublished":"2025-08-28T11:23:04+00:00","dateModified":"2025-08-28T11:23:05+00:00","breadcrumb":{"@id":"https:\/\/balatonneked.com\/2025\/08\/28\/anna-riabchevskaia-kiallitasa-a-kali-fecskeben\/#breadcrumb"},"inLanguage":"fr-FR","potentialAction":[{"@type":"ReadAction","target":["https:\/\/balatonneked.com\/2025\/08\/28\/anna-riabchevskaia-kiallitasa-a-kali-fecskeben\/"]}]},{"@type":"ImageObject","inLanguage":"fr-FR","@id":"https:\/\/balatonneked.com\/2025\/08\/28\/anna-riabchevskaia-kiallitasa-a-kali-fecskeben\/#primaryimage","url":"https:\/\/balatonneked.com\/wp-content\/uploads\/2025\/08\/539234533_706812835729138_1174049895607416891_n.jpg","contentUrl":"https:\/\/balatonneked.com\/wp-content\/uploads\/2025\/08\/539234533_706812835729138_1174049895607416891_n.jpg","width":1080,"height":1350},{"@type":"BreadcrumbList","@id":"https:\/\/balatonneked.com\/2025\/08\/28\/anna-riabchevskaia-kiallitasa-a-kali-fecskeben\/#breadcrumb","itemListElement":[{"@type":"ListItem","position":1,"name":"Kezd\u0151lap","item":"https:\/\/balatonneked.com\/"},{"@type":"ListItem","position":2,"name":"Anna Riabchevskaia ki\u00e1ll\u00edt\u00e1sa a K\u00e1li Fecsk\u00e9ben"}]},{"@type":"WebSite","@id":"https:\/\/balatonneked.com\/#website","url":"https:\/\/balatonneked.com\/","name":"BALATON NEKED","description":"A Balaton leginformat\u00edvabb magazinja","publisher":{"@id":"https:\/\/balatonneked.com\/#organization"},"potentialAction":[{"@type":"SearchAction","target":{"@type":"EntryPoint","urlTemplate":"https:\/\/balatonneked.com\/?s={search_term_string}"},"query-input":{"@type":"PropertyValueSpecification","valueRequired":true,"valueName":"search_term_string"}}],"inLanguage":"fr-FR"},{"@type":"Organization","@id":"https:\/\/balatonneked.com\/#organization","name":"BalatonNeked","url":"https:\/\/balatonneked.com\/","logo":{"@type":"ImageObject","inLanguage":"fr-FR","@id":"https:\/\/balatonneked.com\/#\/schema\/logo\/image\/","url":"https:\/\/balatonneked.com\/wp-content\/uploads\/2019\/05\/bnekedlogo.png","contentUrl":"https:\/\/balatonneked.com\/wp-content\/uploads\/2019\/05\/bnekedlogo.png","width":750,"height":750,"caption":"BalatonNeked"},"image":{"@id":"https:\/\/balatonneked.com\/#\/schema\/logo\/image\/"},"sameAs":["https:\/\/www.facebook.com\/BalatonNeked"]},{"@type":"Person","@id":"https:\/\/balatonneked.com\/#\/schema\/person\/6abf551dbe3d5531af60e216ef9b16aa","name":"-","image":{"@type":"ImageObject","inLanguage":"fr-FR","@id":"https:\/\/balatonneked.com\/#\/schema\/person\/image\/","url":"https:\/\/secure.gravatar.com\/avatar\/7bcf602c35eea1fdd5dcb5698f42149adc1fb65510ae8b284cdf111a453a6c37?s=96&d=mm&r=g","contentUrl":"https:\/\/secure.gravatar.com\/avatar\/7bcf602c35eea1fdd5dcb5698f42149adc1fb65510ae8b284cdf111a453a6c37?s=96&d=mm&r=g","caption":"-"},"url":"https:\/\/balatonneked.com\/fr\/author\/tamasildiko\/"}]}},"_links":{"self":[{"href":"https:\/\/balatonneked.com\/fr\/wp-json\/wp\/v2\/posts\/5651","targetHints":{"allow":["GET"]}}],"collection":[{"href":"https:\/\/balatonneked.com\/fr\/wp-json\/wp\/v2\/posts"}],"about":[{"href":"https:\/\/balatonneked.com\/fr\/wp-json\/wp\/v2\/types\/post"}],"author":[{"embeddable":true,"href":"https:\/\/balatonneked.com\/fr\/wp-json\/wp\/v2\/users\/2"}],"replies":[{"embeddable":true,"href":"https:\/\/balatonneked.com\/fr\/wp-json\/wp\/v2\/comments?post=5651"}],"version-history":[{"count":1,"href":"https:\/\/balatonneked.com\/fr\/wp-json\/wp\/v2\/posts\/5651\/revisions"}],"predecessor-version":[{"id":5653,"href":"https:\/\/balatonneked.com\/fr\/wp-json\/wp\/v2\/posts\/5651\/revisions\/5653"}],"wp:featuredmedia":[{"embeddable":true,"href":"https:\/\/balatonneked.com\/fr\/wp-json\/wp\/v2\/media\/5652"}],"wp:attachment":[{"href":"https:\/\/balatonneked.com\/fr\/wp-json\/wp\/v2\/media?parent=5651"}],"wp:term":[{"taxonomy":"category","embeddable":true,"href":"https:\/\/balatonneked.com\/fr\/wp-json\/wp\/v2\/categories?post=5651"},{"taxonomy":"post_tag","embeddable":true,"href":"https:\/\/balatonneked.com\/fr\/wp-json\/wp\/v2\/tags?post=5651"}],"curies":[{"name":"wp","href":"https:\/\/api.w.org\/{rel}","templated":true}]}}