{"id":5491,"date":"2025-05-26T11:55:41","date_gmt":"2025-05-26T10:55:41","guid":{"rendered":"https:\/\/balatonneked.com\/?p=5491"},"modified":"2025-05-26T11:55:42","modified_gmt":"2025-05-26T10:55:42","slug":"oromhirek","status":"publish","type":"post","link":"https:\/\/balatonneked.com\/fr\/2025\/05\/26\/oromhirek\/","title":{"rendered":"Nouvelles de"},"content":{"rendered":"<p>Kedves Balaton Neked rajong\u00f3k!<\/p><p>\u00d6r\u00f6m\u00fcnkre szolg\u00e1l megosztani veletek a h\u00edrt, hogy a Balaton Neked keretein bel\u00fcl \u00fajra megjelennek n\u00e9prajzi \u00e9rt\u00e9k\u0171 t\u00e9rk\u00e9peink \u2013 ez\u00fattal egy kicsit m\u00e1s form\u00e1ban.<\/p><p>Id\u00e9n, h\u00e1rom \u00e9v kihagy\u00e1s ut\u00e1n, k\u00e9t nagy t\u00e9rk\u00e9pet jelentet\u00fcnk meg:<\/p><ul class=\"wp-block-list\"><li>Az egyik t\u00e9rk\u00e9p a Tapolcai-medenc\u00e9t \u00e9s a K\u00e1li-medenc\u00e9t olvasztja \u00f6ssze, amelynek egyik sz\u00e9le Balatonederics, a m\u00e1sik pedig Z\u00e1nka.<\/li>\n\n<li>A m\u00e1sik t\u00e9rk\u00e9p a P\u00e9cselyi-medenc\u00e9t \u00e9s Balatonf\u00fcred k\u00f6rny\u00e9k\u00e9t fogja \u00e1t, \u00edgy Z\u00e1nk\u00e1t\u00f3l eg\u00e9szen Balatonalm\u00e1diig t\u00e9rk\u00e9pezhetitek fel a k\u00f6rny\u00e9ket.<\/li><\/ul><p>A t\u00e9rk\u00e9peken \u2013 ahogy az elm\u00falt t\u00edz \u00e9vben is \u2013 szerepel az \u00f6sszes n\u00e9prajzi \u00e9rt\u00e9k: fesz\u00fcletek, t\u00e1jh\u00e1zak, kutak, d\u0171l\u0151nevek, valamint a mountain bike ker\u00e9kp\u00e1r\u00fatvonalak is.<\/p><p>A t\u00e9rk\u00e9p h\u00e1toldal\u00e1n partnereink, a k\u00f6rny\u00e9kbeli szolg\u00e1ltat\u00f3k jelennek meg.<\/p><p>Fontos v\u00e1ltoz\u00e1s, hogy ezekhez a t\u00e9rk\u00e9pekhez mostant\u00f3l m\u00e1r nem lehet ingyenesen hozz\u00e1f\u00e9rni \u2013 partnereinkn\u00e9l megv\u00e1s\u00e1rolhat\u00f3k, illetve postai \u00faton megrendelhet\u0151k az al\u00e1bbi c\u00edmen:<\/p><p><a href=\"mailto:balatonterkep@gmail.com\" target=\"_blank\" rel=\"noreferrer noopener\">balatonterkep@gmail.com<\/a><\/p><p>A t\u00e9rk\u00e9p d\u00edja 4000 Ft + postak\u00f6lts\u00e9g.<\/p><p>\u00d6r\u00f6mmel jelentj\u00fck be, hogy \u00fajra m\u0171k\u00f6dik weboldalunk is!<\/p><p>A weboldalon lehet\u0151s\u00e9g van egy\u00e9ves el\u0151fizet\u00e9sre is jelentkezni a <a href=\"mailto:balatonneked@gmail.com\">balatonneked@gmail.com<\/a> e-mail c\u00edmen lehet. A weboldalr\u00f3l a social media fel\u00fcleteinkre is kiker\u00fclnek a h\u00edrek .<\/p><p>Az \u00e9ves el\u0151fizet\u00e9s d\u00edja jelenleg 15 000 Ft.<\/p><p>Csod\u00e1latos nyarat k\u00edv\u00e1nunk nektek!<\/p><p>J\u00f3 szezont, j\u00f3 szelet, j\u00f3 fog\u00e1st, eg\u00e9szs\u00e9get \u2013 \u00e9s vil\u00e1gb\u00e9k\u00e9t!<\/p><figure class=\"wp-block-image size-large\"><img fetchpriority=\"high\" decoding=\"async\" width=\"702\" height=\"1024\" src=\"https:\/\/balatonneked.com\/wp-content\/uploads\/2025\/05\/tapolcai_kali_cimlap_2025_vagott-1-702x1024.jpeg\" alt=\"\" class=\"wp-image-5495\" srcset=\"https:\/\/balatonneked.com\/wp-content\/uploads\/2025\/05\/tapolcai_kali_cimlap_2025_vagott-1-702x1024.jpeg 702w, https:\/\/balatonneked.com\/wp-content\/uploads\/2025\/05\/tapolcai_kali_cimlap_2025_vagott-1-206x300.jpeg 206w, https:\/\/balatonneked.com\/wp-content\/uploads\/2025\/05\/tapolcai_kali_cimlap_2025_vagott-1-768x1120.jpeg 768w, https:\/\/balatonneked.com\/wp-content\/uploads\/2025\/05\/tapolcai_kali_cimlap_2025_vagott-1-1053x1536.jpeg 1053w, https:\/\/balatonneked.com\/wp-content\/uploads\/2025\/05\/tapolcai_kali_cimlap_2025_vagott-1-1404x2048.jpeg 1404w, https:\/\/balatonneked.com\/wp-content\/uploads\/2025\/05\/tapolcai_kali_cimlap_2025_vagott-1-8x12.jpeg 8w, https:\/\/balatonneked.com\/wp-content\/uploads\/2025\/05\/tapolcai_kali_cimlap_2025_vagott-1-600x875.jpeg 600w, https:\/\/balatonneked.com\/wp-content\/uploads\/2025\/05\/tapolcai_kali_cimlap_2025_vagott-1-scaled.jpeg 1756w\" sizes=\"(max-width: 702px) 100vw, 702px\" \/><\/figure>","protected":false},"excerpt":{"rendered":"<p>Kedves Balaton Neked rajong\u00f3k! \u00d6r\u00f6m\u00fcnkre szolg\u00e1l megosztani veletek a h\u00edrt, hogy a Balaton Neked keretein bel\u00fcl \u00fajra megjelennek n\u00e9prajzi \u00e9rt\u00e9k\u0171 t\u00e9rk\u00e9peink \u2013 ez\u00fattal egy kicsit m\u00e1s form\u00e1ban. Id\u00e9n, h\u00e1rom \u00e9v kihagy\u00e1s ut\u00e1n, k\u00e9t nagy t\u00e9rk\u00e9pet jelentet\u00fcnk meg: A t\u00e9rk\u00e9peken \u2013 ahogy az elm\u00falt t\u00edz \u00e9vben is \u2013 szerepel az \u00f6sszes n\u00e9prajzi \u00e9rt\u00e9k: fesz\u00fcletek, t\u00e1jh\u00e1zak, kutak, [&hellip;]<\/p>","protected":false},"author":2,"featured_media":5492,"comment_status":"open","ping_status":"open","sticky":false,"template":"","format":"standard","meta":{"_acf_changed":false,"footnotes":""},"categories":[255,289,11,166,313],"tags":[72,74,30],"class_list":["post-5491","post","type-post","status-publish","format-standard","has-post-thumbnail","hentry","category-balaton","category-eszaki-part","category-kozerdeku","category-sport","category-tura","tag-balaton","tag-balaton-felvidek","tag-szolgaltatok"],"acf":[],"yoast_head":"<!-- This site is optimized with the Yoast SEO plugin v25.1 - https:\/\/yoast.com\/wordpress\/plugins\/seo\/ -->\n<title>\u00d6r\u00f6mh\u00edrek - BALATON NEKED<\/title>\n<meta name=\"robots\" content=\"index, follow, max-snippet:-1, max-image-preview:large, max-video-preview:-1\" \/>\n<link rel=\"canonical\" href=\"https:\/\/balatonneked.com\/fr\/2025\/05\/26\/oromhirek\/\" \/>\n<meta property=\"og:locale\" content=\"fr_FR\" \/>\n<meta property=\"og:type\" content=\"article\" \/>\n<meta property=\"og:title\" content=\"\u00d6r\u00f6mh\u00edrek - BALATON NEKED\" \/>\n<meta property=\"og:description\" content=\"Kedves Balaton Neked rajong\u00f3k! \u00d6r\u00f6m\u00fcnkre szolg\u00e1l megosztani veletek a h\u00edrt, hogy a Balaton Neked keretein bel\u00fcl \u00fajra megjelennek n\u00e9prajzi \u00e9rt\u00e9k\u0171 t\u00e9rk\u00e9peink \u2013 ez\u00fattal egy kicsit m\u00e1s form\u00e1ban. Id\u00e9n, h\u00e1rom \u00e9v kihagy\u00e1s ut\u00e1n, k\u00e9t nagy t\u00e9rk\u00e9pet jelentet\u00fcnk meg: A t\u00e9rk\u00e9peken \u2013 ahogy az elm\u00falt t\u00edz \u00e9vben is \u2013 szerepel az \u00f6sszes n\u00e9prajzi \u00e9rt\u00e9k: fesz\u00fcletek, t\u00e1jh\u00e1zak, kutak, [&hellip;]\" \/>\n<meta property=\"og:url\" content=\"https:\/\/balatonneked.com\/fr\/2025\/05\/26\/oromhirek\/\" \/>\n<meta property=\"og:site_name\" content=\"BALATON NEKED\" \/>\n<meta property=\"article:publisher\" content=\"https:\/\/www.facebook.com\/BalatonNeked\" \/>\n<meta property=\"article:published_time\" content=\"2025-05-26T10:55:41+00:00\" \/>\n<meta property=\"article:modified_time\" content=\"2025-05-26T10:55:42+00:00\" \/>\n<meta property=\"og:image\" content=\"https:\/\/balatonneked.com\/wp-content\/uploads\/2025\/05\/pecselyi_fured_cimlap_2025_vagott-scaled.jpeg\" \/>\n\t<meta property=\"og:image:width\" content=\"1750\" \/>\n\t<meta property=\"og:image:height\" content=\"2560\" \/>\n\t<meta property=\"og:image:type\" content=\"image\/jpeg\" \/>\n<meta name=\"author\" content=\"-\" \/>\n<meta name=\"twitter:card\" content=\"summary_large_image\" \/>\n<meta name=\"twitter:label1\" content=\"\u00c9crit par\" \/>\n\t<meta name=\"twitter:data1\" content=\"-\" \/>\n\t<meta name=\"twitter:label2\" content=\"Dur\u00e9e de lecture estim\u00e9e\" \/>\n\t<meta name=\"twitter:data2\" content=\"2 minutes\" \/>\n<script type=\"application\/ld+json\" class=\"yoast-schema-graph\">{\"@context\":\"https:\/\/schema.org\",\"@graph\":[{\"@type\":\"Article\",\"@id\":\"https:\/\/balatonneked.com\/2025\/05\/26\/oromhirek\/#article\",\"isPartOf\":{\"@id\":\"https:\/\/balatonneked.com\/2025\/05\/26\/oromhirek\/\"},\"author\":{\"name\":\"-\",\"@id\":\"https:\/\/balatonneked.com\/#\/schema\/person\/6abf551dbe3d5531af60e216ef9b16aa\"},\"headline\":\"\u00d6r\u00f6mh\u00edrek\",\"datePublished\":\"2025-05-26T10:55:41+00:00\",\"dateModified\":\"2025-05-26T10:55:42+00:00\",\"mainEntityOfPage\":{\"@id\":\"https:\/\/balatonneked.com\/2025\/05\/26\/oromhirek\/\"},\"wordCount\":303,\"commentCount\":0,\"publisher\":{\"@id\":\"https:\/\/balatonneked.com\/#organization\"},\"image\":{\"@id\":\"https:\/\/balatonneked.com\/2025\/05\/26\/oromhirek\/#primaryimage\"},\"thumbnailUrl\":\"https:\/\/balatonneked.com\/wp-content\/uploads\/2025\/05\/pecselyi_fured_cimlap_2025_vagott-scaled.jpeg\",\"keywords\":[\"Balaton\",\"Balaton-felvid\u00e9k\",\"Szolg\u00e1ltat\u00f3k\"],\"articleSection\":[\"Balaton\",\"\u00c9szaki Part\",\"K\u00f6z\u00e9rdek\u0171\",\"Sport\",\"T\u00fara\"],\"inLanguage\":\"fr-FR\",\"potentialAction\":[{\"@type\":\"CommentAction\",\"name\":\"Comment\",\"target\":[\"https:\/\/balatonneked.com\/2025\/05\/26\/oromhirek\/#respond\"]}]},{\"@type\":\"WebPage\",\"@id\":\"https:\/\/balatonneked.com\/2025\/05\/26\/oromhirek\/\",\"url\":\"https:\/\/balatonneked.com\/2025\/05\/26\/oromhirek\/\",\"name\":\"\u00d6r\u00f6mh\u00edrek - BALATON NEKED\",\"isPartOf\":{\"@id\":\"https:\/\/balatonneked.com\/#website\"},\"primaryImageOfPage\":{\"@id\":\"https:\/\/balatonneked.com\/2025\/05\/26\/oromhirek\/#primaryimage\"},\"image\":{\"@id\":\"https:\/\/balatonneked.com\/2025\/05\/26\/oromhirek\/#primaryimage\"},\"thumbnailUrl\":\"https:\/\/balatonneked.com\/wp-content\/uploads\/2025\/05\/pecselyi_fured_cimlap_2025_vagott-scaled.jpeg\",\"datePublished\":\"2025-05-26T10:55:41+00:00\",\"dateModified\":\"2025-05-26T10:55:42+00:00\",\"breadcrumb\":{\"@id\":\"https:\/\/balatonneked.com\/2025\/05\/26\/oromhirek\/#breadcrumb\"},\"inLanguage\":\"fr-FR\",\"potentialAction\":[{\"@type\":\"ReadAction\",\"target\":[\"https:\/\/balatonneked.com\/2025\/05\/26\/oromhirek\/\"]}]},{\"@type\":\"ImageObject\",\"inLanguage\":\"fr-FR\",\"@id\":\"https:\/\/balatonneked.com\/2025\/05\/26\/oromhirek\/#primaryimage\",\"url\":\"https:\/\/balatonneked.com\/wp-content\/uploads\/2025\/05\/pecselyi_fured_cimlap_2025_vagott-scaled.jpeg\",\"contentUrl\":\"https:\/\/balatonneked.com\/wp-content\/uploads\/2025\/05\/pecselyi_fured_cimlap_2025_vagott-scaled.jpeg\",\"width\":1750,\"height\":2560},{\"@type\":\"BreadcrumbList\",\"@id\":\"https:\/\/balatonneked.com\/2025\/05\/26\/oromhirek\/#breadcrumb\",\"itemListElement\":[{\"@type\":\"ListItem\",\"position\":1,\"name\":\"Kezd\u0151lap\",\"item\":\"https:\/\/balatonneked.com\/\"},{\"@type\":\"ListItem\",\"position\":2,\"name\":\"\u00d6r\u00f6mh\u00edrek\"}]},{\"@type\":\"WebSite\",\"@id\":\"https:\/\/balatonneked.com\/#website\",\"url\":\"https:\/\/balatonneked.com\/\",\"name\":\"BALATON NEKED\",\"description\":\"A Balaton leginformat\u00edvabb magazinja\",\"publisher\":{\"@id\":\"https:\/\/balatonneked.com\/#organization\"},\"potentialAction\":[{\"@type\":\"SearchAction\",\"target\":{\"@type\":\"EntryPoint\",\"urlTemplate\":\"https:\/\/balatonneked.com\/?s={search_term_string}\"},\"query-input\":{\"@type\":\"PropertyValueSpecification\",\"valueRequired\":true,\"valueName\":\"search_term_string\"}}],\"inLanguage\":\"fr-FR\"},{\"@type\":\"Organization\",\"@id\":\"https:\/\/balatonneked.com\/#organization\",\"name\":\"BalatonNeked\",\"url\":\"https:\/\/balatonneked.com\/\",\"logo\":{\"@type\":\"ImageObject\",\"inLanguage\":\"fr-FR\",\"@id\":\"https:\/\/balatonneked.com\/#\/schema\/logo\/image\/\",\"url\":\"https:\/\/balatonneked.com\/wp-content\/uploads\/2019\/05\/bnekedlogo.png\",\"contentUrl\":\"https:\/\/balatonneked.com\/wp-content\/uploads\/2019\/05\/bnekedlogo.png\",\"width\":750,\"height\":750,\"caption\":\"BalatonNeked\"},\"image\":{\"@id\":\"https:\/\/balatonneked.com\/#\/schema\/logo\/image\/\"},\"sameAs\":[\"https:\/\/www.facebook.com\/BalatonNeked\"]},{\"@type\":\"Person\",\"@id\":\"https:\/\/balatonneked.com\/#\/schema\/person\/6abf551dbe3d5531af60e216ef9b16aa\",\"name\":\"-\",\"image\":{\"@type\":\"ImageObject\",\"inLanguage\":\"fr-FR\",\"@id\":\"https:\/\/balatonneked.com\/#\/schema\/person\/image\/\",\"url\":\"https:\/\/secure.gravatar.com\/avatar\/7bcf602c35eea1fdd5dcb5698f42149adc1fb65510ae8b284cdf111a453a6c37?s=96&d=mm&r=g\",\"contentUrl\":\"https:\/\/secure.gravatar.com\/avatar\/7bcf602c35eea1fdd5dcb5698f42149adc1fb65510ae8b284cdf111a453a6c37?s=96&d=mm&r=g\",\"caption\":\"-\"},\"url\":\"https:\/\/balatonneked.com\/fr\/author\/tamasildiko\/\"}]}<\/script>\n<!-- \/ Yoast SEO plugin. -->","yoast_head_json":{"title":"\u00d6r\u00f6mh\u00edrek - BALATON NEKED","robots":{"index":"index","follow":"follow","max-snippet":"max-snippet:-1","max-image-preview":"max-image-preview:large","max-video-preview":"max-video-preview:-1"},"canonical":"https:\/\/balatonneked.com\/fr\/2025\/05\/26\/oromhirek\/","og_locale":"fr_FR","og_type":"article","og_title":"\u00d6r\u00f6mh\u00edrek - BALATON NEKED","og_description":"Kedves Balaton Neked rajong\u00f3k! \u00d6r\u00f6m\u00fcnkre szolg\u00e1l megosztani veletek a h\u00edrt, hogy a Balaton Neked keretein bel\u00fcl \u00fajra megjelennek n\u00e9prajzi \u00e9rt\u00e9k\u0171 t\u00e9rk\u00e9peink \u2013 ez\u00fattal egy kicsit m\u00e1s form\u00e1ban. Id\u00e9n, h\u00e1rom \u00e9v kihagy\u00e1s ut\u00e1n, k\u00e9t nagy t\u00e9rk\u00e9pet jelentet\u00fcnk meg: A t\u00e9rk\u00e9peken \u2013 ahogy az elm\u00falt t\u00edz \u00e9vben is \u2013 szerepel az \u00f6sszes n\u00e9prajzi \u00e9rt\u00e9k: fesz\u00fcletek, t\u00e1jh\u00e1zak, kutak, [&hellip;]","og_url":"https:\/\/balatonneked.com\/fr\/2025\/05\/26\/oromhirek\/","og_site_name":"BALATON NEKED","article_publisher":"https:\/\/www.facebook.com\/BalatonNeked","article_published_time":"2025-05-26T10:55:41+00:00","article_modified_time":"2025-05-26T10:55:42+00:00","og_image":[{"width":1750,"height":2560,"url":"https:\/\/balatonneked.com\/wp-content\/uploads\/2025\/05\/pecselyi_fured_cimlap_2025_vagott-scaled.jpeg","type":"image\/jpeg"}],"author":"-","twitter_card":"summary_large_image","twitter_misc":{"\u00c9crit par":"-","Dur\u00e9e de lecture estim\u00e9e":"2 minutes"},"schema":{"@context":"https:\/\/schema.org","@graph":[{"@type":"Article","@id":"https:\/\/balatonneked.com\/2025\/05\/26\/oromhirek\/#article","isPartOf":{"@id":"https:\/\/balatonneked.com\/2025\/05\/26\/oromhirek\/"},"author":{"name":"-","@id":"https:\/\/balatonneked.com\/#\/schema\/person\/6abf551dbe3d5531af60e216ef9b16aa"},"headline":"\u00d6r\u00f6mh\u00edrek","datePublished":"2025-05-26T10:55:41+00:00","dateModified":"2025-05-26T10:55:42+00:00","mainEntityOfPage":{"@id":"https:\/\/balatonneked.com\/2025\/05\/26\/oromhirek\/"},"wordCount":303,"commentCount":0,"publisher":{"@id":"https:\/\/balatonneked.com\/#organization"},"image":{"@id":"https:\/\/balatonneked.com\/2025\/05\/26\/oromhirek\/#primaryimage"},"thumbnailUrl":"https:\/\/balatonneked.com\/wp-content\/uploads\/2025\/05\/pecselyi_fured_cimlap_2025_vagott-scaled.jpeg","keywords":["Balaton","Balaton-felvid\u00e9k","Szolg\u00e1ltat\u00f3k"],"articleSection":["Balaton","\u00c9szaki Part","K\u00f6z\u00e9rdek\u0171","Sport","T\u00fara"],"inLanguage":"fr-FR","potentialAction":[{"@type":"CommentAction","name":"Comment","target":["https:\/\/balatonneked.com\/2025\/05\/26\/oromhirek\/#respond"]}]},{"@type":"WebPage","@id":"https:\/\/balatonneked.com\/2025\/05\/26\/oromhirek\/","url":"https:\/\/balatonneked.com\/2025\/05\/26\/oromhirek\/","name":"\u00d6r\u00f6mh\u00edrek - BALATON NEKED","isPartOf":{"@id":"https:\/\/balatonneked.com\/#website"},"primaryImageOfPage":{"@id":"https:\/\/balatonneked.com\/2025\/05\/26\/oromhirek\/#primaryimage"},"image":{"@id":"https:\/\/balatonneked.com\/2025\/05\/26\/oromhirek\/#primaryimage"},"thumbnailUrl":"https:\/\/balatonneked.com\/wp-content\/uploads\/2025\/05\/pecselyi_fured_cimlap_2025_vagott-scaled.jpeg","datePublished":"2025-05-26T10:55:41+00:00","dateModified":"2025-05-26T10:55:42+00:00","breadcrumb":{"@id":"https:\/\/balatonneked.com\/2025\/05\/26\/oromhirek\/#breadcrumb"},"inLanguage":"fr-FR","potentialAction":[{"@type":"ReadAction","target":["https:\/\/balatonneked.com\/2025\/05\/26\/oromhirek\/"]}]},{"@type":"ImageObject","inLanguage":"fr-FR","@id":"https:\/\/balatonneked.com\/2025\/05\/26\/oromhirek\/#primaryimage","url":"https:\/\/balatonneked.com\/wp-content\/uploads\/2025\/05\/pecselyi_fured_cimlap_2025_vagott-scaled.jpeg","contentUrl":"https:\/\/balatonneked.com\/wp-content\/uploads\/2025\/05\/pecselyi_fured_cimlap_2025_vagott-scaled.jpeg","width":1750,"height":2560},{"@type":"BreadcrumbList","@id":"https:\/\/balatonneked.com\/2025\/05\/26\/oromhirek\/#breadcrumb","itemListElement":[{"@type":"ListItem","position":1,"name":"Kezd\u0151lap","item":"https:\/\/balatonneked.com\/"},{"@type":"ListItem","position":2,"name":"\u00d6r\u00f6mh\u00edrek"}]},{"@type":"WebSite","@id":"https:\/\/balatonneked.com\/#website","url":"https:\/\/balatonneked.com\/","name":"BALATON NEKED","description":"A Balaton leginformat\u00edvabb magazinja","publisher":{"@id":"https:\/\/balatonneked.com\/#organization"},"potentialAction":[{"@type":"SearchAction","target":{"@type":"EntryPoint","urlTemplate":"https:\/\/balatonneked.com\/?s={search_term_string}"},"query-input":{"@type":"PropertyValueSpecification","valueRequired":true,"valueName":"search_term_string"}}],"inLanguage":"fr-FR"},{"@type":"Organization","@id":"https:\/\/balatonneked.com\/#organization","name":"BalatonNeked","url":"https:\/\/balatonneked.com\/","logo":{"@type":"ImageObject","inLanguage":"fr-FR","@id":"https:\/\/balatonneked.com\/#\/schema\/logo\/image\/","url":"https:\/\/balatonneked.com\/wp-content\/uploads\/2019\/05\/bnekedlogo.png","contentUrl":"https:\/\/balatonneked.com\/wp-content\/uploads\/2019\/05\/bnekedlogo.png","width":750,"height":750,"caption":"BalatonNeked"},"image":{"@id":"https:\/\/balatonneked.com\/#\/schema\/logo\/image\/"},"sameAs":["https:\/\/www.facebook.com\/BalatonNeked"]},{"@type":"Person","@id":"https:\/\/balatonneked.com\/#\/schema\/person\/6abf551dbe3d5531af60e216ef9b16aa","name":"-","image":{"@type":"ImageObject","inLanguage":"fr-FR","@id":"https:\/\/balatonneked.com\/#\/schema\/person\/image\/","url":"https:\/\/secure.gravatar.com\/avatar\/7bcf602c35eea1fdd5dcb5698f42149adc1fb65510ae8b284cdf111a453a6c37?s=96&d=mm&r=g","contentUrl":"https:\/\/secure.gravatar.com\/avatar\/7bcf602c35eea1fdd5dcb5698f42149adc1fb65510ae8b284cdf111a453a6c37?s=96&d=mm&r=g","caption":"-"},"url":"https:\/\/balatonneked.com\/fr\/author\/tamasildiko\/"}]}},"_links":{"self":[{"href":"https:\/\/balatonneked.com\/fr\/wp-json\/wp\/v2\/posts\/5491","targetHints":{"allow":["GET"]}}],"collection":[{"href":"https:\/\/balatonneked.com\/fr\/wp-json\/wp\/v2\/posts"}],"about":[{"href":"https:\/\/balatonneked.com\/fr\/wp-json\/wp\/v2\/types\/post"}],"author":[{"embeddable":true,"href":"https:\/\/balatonneked.com\/fr\/wp-json\/wp\/v2\/users\/2"}],"replies":[{"embeddable":true,"href":"https:\/\/balatonneked.com\/fr\/wp-json\/wp\/v2\/comments?post=5491"}],"version-history":[{"count":2,"href":"https:\/\/balatonneked.com\/fr\/wp-json\/wp\/v2\/posts\/5491\/revisions"}],"predecessor-version":[{"id":5496,"href":"https:\/\/balatonneked.com\/fr\/wp-json\/wp\/v2\/posts\/5491\/revisions\/5496"}],"wp:featuredmedia":[{"embeddable":true,"href":"https:\/\/balatonneked.com\/fr\/wp-json\/wp\/v2\/media\/5492"}],"wp:attachment":[{"href":"https:\/\/balatonneked.com\/fr\/wp-json\/wp\/v2\/media?parent=5491"}],"wp:term":[{"taxonomy":"category","embeddable":true,"href":"https:\/\/balatonneked.com\/fr\/wp-json\/wp\/v2\/categories?post=5491"},{"taxonomy":"post_tag","embeddable":true,"href":"https:\/\/balatonneked.com\/fr\/wp-json\/wp\/v2\/tags?post=5491"}],"curies":[{"name":"wp","href":"https:\/\/api.w.org\/{rel}","templated":true}]}}