{"id":5395,"date":"2024-08-15T10:36:22","date_gmt":"2024-08-15T09:36:22","guid":{"rendered":"https:\/\/balatonneked.com\/?p=5395"},"modified":"2024-08-15T10:36:24","modified_gmt":"2024-08-15T09:36:24","slug":"zircikon-2024-08-18-20","status":"publish","type":"post","link":"https:\/\/balatonneked.com\/fr\/2024\/08\/15\/zircikon-2024-08-18-20\/","title":{"rendered":"ZIRCikON 2024.08.18-20"},"content":{"rendered":"<p>Zirc \u2013 A 40 \u00e9ves b\u00fcszke v\u00e1ros t\u00f6rt\u00e9nelmi \u00e9s kultur\u00e1lis gazdags\u00e1ga \u00e9s az idei \u00e9v legnagyobb rendezv\u00e9nye &#8211; a ZIRCikON<\/p><p>Zirc, ez a gy\u00f6ny\u00f6r\u0171 telep\u00fcl\u00e9s a Bakony sz\u00edv\u00e9ben, id\u00e9n \u00fcnnepli v\u00e1ross\u00e1 nyilv\u00e1n\u00edt\u00e1s\u00e1nak 40. \u00e9vfordul\u00f3j\u00e1t \u00e9s ezen \u00fcnnepi alkalomb\u00f3l m\u00e9lt\u00e1n b\u00fcszk\u00e9lkedhet gazdag t\u00f6rt\u00e9nelm\u00e9vel, p\u00e1ratlan kultur\u00e1lis \u00f6r\u00f6ks\u00e9g\u00e9vel. Az elm\u00falt \u00e9vtizedek sikereinek k\u00f6sz\u00f6nhet\u0151en Zirc a mai napig \u0151rzi \u00e9s \u00e1polja azokat az \u00e9rt\u00e9keket, amelyek k\u00fcl\u00f6nlegess\u00e9 teszik. Ennek egyik \u00e9kes bizony\u00edt\u00e9ka az <a><\/a>idei \u00e9vben is megrendez\u00e9sre ker\u00fcl\u0151 k\u00f6z\u00f6ss\u00e9g\u00e9p\u00edt\u0151, lakoss\u00e1gi identit\u00e1st er\u0151s\u00edt\u0151, ZIRCikON kultur\u00e1lis fesztiv\u00e1l, amely augusztus 18-20. k\u00f6z\u00f6tt v\u00e1rja az \u00e9rdekl\u0151d\u0151ket sz\u00ednes programk\u00edn\u00e1lat\u00e1val. C\u00e9l az, hogy a helyi \u00e9rt\u00e9kek bemutat\u00e1s\u00e1val, a civil szervezetek \u00e9s m\u0171v\u00e9szeti csoportok bevon\u00e1s\u00e1val eml\u00e9kezzenek meg err\u0151l a jeles jubileumr\u00f3l. A rendezv\u00e9ny ingyenes \u00e9s minden koroszt\u00e1lynak k\u00edn\u00e1l kikapcsol\u00f3d\u00e1si lehet\u0151s\u00e9geket.<\/p><p>Lesznek csal\u00e1di programok, Kal\u00e1ka koncert, v\u00e1rosn\u00e9z\u0151 kisvonat, sportprogramok (Kisp\u00e1ly\u00e1s focikupa, aerobic, BMX freestyle bemutat\u00f3\u2026), eg\u00e9szs\u00e9ges \u00e9letm\u00f3dhoz k\u00f6t\u0151d\u0151 szolg\u00e1ltat\u00e1sok, vitamin s\u00e1tor, v\u00e1rost\u00f6rt\u00e9neti s\u00e9ta, helyt\u00f6rt\u00e9neti \u00e9s egy\u00e9b ki\u00e1ll\u00edt\u00e1s megnyit\u00f3k, k\u00e9zm\u0171ves foglalkoz\u00e1sok, 3D nyomtat\u00f3 bemutat\u00f3, v\u00e9rad\u00e1s, veter\u00e1nj\u00e1rm\u0171-bemutat\u00f3 \u00e9s felvonul\u00e1s. L\u00e1togathat\u00f3k lesznek a v\u00e1ros turisztikai attrakci\u00f3i. Augusztus 19-\u00e9n Szent Bern\u00e1t-napi programok lesznek az ap\u00e1ts\u00e1gban. A gyerekeket kosaras hinta \u00e9s n\u00e9pi j\u00e1tsz\u00f3h\u00e1z v\u00e1rja. Tov\u00e1bb\u00e1 lesz ZIRC40 f\u0151z\u0151verseny, finom \u00e9telek \u00e9s italok, j\u00f3 hangulat, sok nevet\u00e9s, boldog, \u00f6nfeledt pillanatok, bakonyi friss leveg\u0151, sz\u00edv\u00e9lyes \u00e9s hamis\u00edthatatlan vend\u00e9gl\u00e1t\u00e1s. Az els\u0151 k\u00e9t nap v\u00e9g\u00e9n n\u00e9pszer\u0171 el\u0151ad\u00f3k sz\u00f3rakoztatj\u00e1k a nagy\u00e9rdem\u0171t: Ekhoe, Figura, 4S Street, Lotfi Begi and friends: Koll\u00e1nyi Zsuzsi \u00e9s Nagy Adri, Karthago, ZircTop40-DJ Kicsee, Tehel K\u00e1roly. Az \u00fcnnepi sorozat z\u00e1r\u00f3napj\u00e1n Szent Istv\u00e1n kir\u00e1lyra eml\u00e9keznek \u00e9s d\u00edszpolg\u00e1ri c\u00edmet, Pro Urbe eml\u00e9k\u00e9rmet, valamint k\u00f6z\u00e9piskolai \u00f6szt\u00f6nd\u00edjakat adnak \u00e1t.<\/p><p>L\u00e1togasson el Zircre \u00e9s legyen r\u00e9szese ennek a k\u00fcl\u00f6nleges \u00fcnnepnek, amely p\u00e9lda\u00e9rt\u00e9k\u0171en t\u00fckr\u00f6zi a v\u00e1ros b\u00fcszkes\u00e9g\u00e9t \u00e9s k\u00f6z\u00f6ss\u00e9gi \u00f6sszetartoz\u00e1s\u00e1t!<\/p><p>Tal\u00e1lkozzunk ZIRC-en a ZIRCikON-on!<\/p><p>B\u0151vebb inform\u00e1ci\u00f3k a programokr\u00f3l:<\/p><p><a href=\"https:\/\/l.facebook.com\/l.php?u=https%3A%2F%2Fwww.turizmus.zirc.hu%2Fzircikon%3Ffbclid%3DIwZXh0bgNhZW0CMTAAAR3X8-Uf-qI7D1YvRa-M56fn0uEubmjMM-bW7kET769ryLYPt6bHkTsySHc_aem_o5UQmqf6hksLZObXzOxMqQ&amp;h=AT0KlOaQvdiIEg5Al_Avf3LuCnnP7JQ5i8Egg5M1D-H0b_KusP8O9cCoixVO0IC80o7XOfrAJlybqdJ_X5Dy8dktQ4oI7zr9GHmQWnW5MUu3pQMngEt_WeEKIrTTJbAYzg&amp;__tn__=-UK-R&amp;c[0]=AT03yJzO-RLsY9JcIbsdNJbrRD5yefg29FRz_3734pkVMdw2SOK-GreZKyeppyjhn8JC1f-B4q4Q946U66efeSzpdyq8FwGS2S9NY7z_jxB94jwBfcVhgwLsuzNp5UR0N5Ax_OojTiW1Xfux--KUNZr2CAS9w_R6KrvnLbNK-IsOGhWG85gY0gA6Sq84Boyrs6zuWTsSt6KmLn9KLyYCOpVjef9G0m3dfljCyA\" rel=\"noreferrer noopener\" target=\"_blank\">www.turizmus.zirc.hu\/zircikon<\/a> \u00e9s <a href=\"http:\/\/www.zirckultura.hu\/?fbclid=IwZXh0bgNhZW0CMTAAAR3php3_krR-dTemtCL-0eIuAYwK2WVKQPcHVO2gsMPbx59YIvyVuXALKHo_aem_vTJK1glpWI-4rEqBRdZ9fA\" rel=\"noreferrer noopener\" target=\"_blank\">www.zirckultura.hu<\/a><\/p><figure class=\"wp-block-embed\"><div class=\"wp-block-embed__wrapper\">\nhttps:\/\/www.facebook.com\/events\/447545101368467\n<\/div><\/figure><p>88\/593-810 , 30\/018-0077<\/p><p>info@zirckultura.hu, turizmus@zirc.hu<\/p><p>R\u00e9szletes program a mell\u00e9kelt plak\u00e1ton<\/p><figure class=\"wp-block-gallery has-nested-images columns-default is-cropped wp-block-gallery-1 is-layout-flex wp-block-gallery-is-layout-flex\"><figure class=\"wp-block-image size-large\"><img fetchpriority=\"high\" decoding=\"async\" width=\"504\" height=\"720\" data-id=\"5396\" src=\"https:\/\/balatonneked.com\/wp-content\/uploads\/2024\/08\/1.kep-Zircikon-Jon-jon-jon.jpg\" alt=\"\" class=\"wp-image-5396\" srcset=\"https:\/\/balatonneked.com\/wp-content\/uploads\/2024\/08\/1.kep-Zircikon-Jon-jon-jon.jpg 504w, https:\/\/balatonneked.com\/wp-content\/uploads\/2024\/08\/1.kep-Zircikon-Jon-jon-jon-210x300.jpg 210w\" sizes=\"(max-width: 504px) 100vw, 504px\" \/><\/figure>\n\n<figure class=\"wp-block-image size-large\"><img decoding=\"async\" width=\"726\" height=\"1024\" data-id=\"5397\" src=\"https:\/\/balatonneked.com\/wp-content\/uploads\/2024\/08\/2.kep-ZIRCikON-reszletes-program-plakat-726x1024.jpg\" alt=\"\" class=\"wp-image-5397\" srcset=\"https:\/\/balatonneked.com\/wp-content\/uploads\/2024\/08\/2.kep-ZIRCikON-reszletes-program-plakat-726x1024.jpg 726w, https:\/\/balatonneked.com\/wp-content\/uploads\/2024\/08\/2.kep-ZIRCikON-reszletes-program-plakat-213x300.jpg 213w, https:\/\/balatonneked.com\/wp-content\/uploads\/2024\/08\/2.kep-ZIRCikON-reszletes-program-plakat-768x1083.jpg 768w, https:\/\/balatonneked.com\/wp-content\/uploads\/2024\/08\/2.kep-ZIRCikON-reszletes-program-plakat-1089x1536.jpg 1089w, https:\/\/balatonneked.com\/wp-content\/uploads\/2024\/08\/2.kep-ZIRCikON-reszletes-program-plakat-1453x2048.jpg 1453w, https:\/\/balatonneked.com\/wp-content\/uploads\/2024\/08\/2.kep-ZIRCikON-reszletes-program-plakat-600x846.jpg 600w, https:\/\/balatonneked.com\/wp-content\/uploads\/2024\/08\/2.kep-ZIRCikON-reszletes-program-plakat-scaled.jpg 1816w\" sizes=\"(max-width: 726px) 100vw, 726px\" \/><\/figure><\/figure>","protected":false},"excerpt":{"rendered":"<p>Zirc \u2013 A 40 \u00e9ves b\u00fcszke v\u00e1ros t\u00f6rt\u00e9nelmi \u00e9s kultur\u00e1lis gazdags\u00e1ga \u00e9s az idei \u00e9v legnagyobb rendezv\u00e9nye &#8211; a ZIRCikON Zirc, ez a gy\u00f6ny\u00f6r\u0171 telep\u00fcl\u00e9s a Bakony sz\u00edv\u00e9ben, id\u00e9n \u00fcnnepli v\u00e1ross\u00e1 nyilv\u00e1n\u00edt\u00e1s\u00e1nak 40. \u00e9vfordul\u00f3j\u00e1t \u00e9s ezen \u00fcnnepi alkalomb\u00f3l m\u00e9lt\u00e1n b\u00fcszk\u00e9lkedhet gazdag t\u00f6rt\u00e9nelm\u00e9vel, p\u00e1ratlan kultur\u00e1lis \u00f6r\u00f6ks\u00e9g\u00e9vel. Az elm\u00falt \u00e9vtizedek sikereinek k\u00f6sz\u00f6nhet\u0151en Zirc a mai napig \u0151rzi [&hellip;]<\/p>","protected":false},"author":1,"featured_media":0,"comment_status":"open","ping_status":"open","sticky":false,"template":"","format":"standard","meta":{"_acf_changed":false,"footnotes":""},"categories":[255],"tags":[],"class_list":["post-5395","post","type-post","status-publish","format-standard","hentry","category-balaton"],"acf":[],"yoast_head":"<!-- This site is optimized with the Yoast SEO plugin v25.1 - https:\/\/yoast.com\/wordpress\/plugins\/seo\/ -->\n<title>ZIRCikON 2024.08.18-20 - BALATON NEKED<\/title>\n<meta name=\"robots\" content=\"index, follow, max-snippet:-1, max-image-preview:large, max-video-preview:-1\" \/>\n<link rel=\"canonical\" href=\"https:\/\/balatonneked.com\/fr\/2024\/08\/15\/zircikon-2024-08-18-20\/\" \/>\n<meta property=\"og:locale\" content=\"fr_FR\" \/>\n<meta property=\"og:type\" content=\"article\" \/>\n<meta property=\"og:title\" content=\"ZIRCikON 2024.08.18-20 - BALATON NEKED\" \/>\n<meta property=\"og:description\" content=\"Zirc \u2013 A 40 \u00e9ves b\u00fcszke v\u00e1ros t\u00f6rt\u00e9nelmi \u00e9s kultur\u00e1lis gazdags\u00e1ga \u00e9s az idei \u00e9v legnagyobb rendezv\u00e9nye &#8211; a ZIRCikON Zirc, ez a gy\u00f6ny\u00f6r\u0171 telep\u00fcl\u00e9s a Bakony sz\u00edv\u00e9ben, id\u00e9n \u00fcnnepli v\u00e1ross\u00e1 nyilv\u00e1n\u00edt\u00e1s\u00e1nak 40. \u00e9vfordul\u00f3j\u00e1t \u00e9s ezen \u00fcnnepi alkalomb\u00f3l m\u00e9lt\u00e1n b\u00fcszk\u00e9lkedhet gazdag t\u00f6rt\u00e9nelm\u00e9vel, p\u00e1ratlan kultur\u00e1lis \u00f6r\u00f6ks\u00e9g\u00e9vel. Az elm\u00falt \u00e9vtizedek sikereinek k\u00f6sz\u00f6nhet\u0151en Zirc a mai napig \u0151rzi [&hellip;]\" \/>\n<meta property=\"og:url\" content=\"https:\/\/balatonneked.com\/fr\/2024\/08\/15\/zircikon-2024-08-18-20\/\" \/>\n<meta property=\"og:site_name\" content=\"BALATON NEKED\" \/>\n<meta property=\"article:publisher\" content=\"https:\/\/www.facebook.com\/BalatonNeked\" \/>\n<meta property=\"article:published_time\" content=\"2024-08-15T09:36:22+00:00\" \/>\n<meta property=\"article:modified_time\" content=\"2024-08-15T09:36:24+00:00\" \/>\n<meta property=\"og:image\" content=\"https:\/\/balatonneked.com\/wp-content\/uploads\/2024\/08\/1.kep-Zircikon-Jon-jon-jon.jpg\" \/>\n<meta name=\"author\" content=\"Csilla\" \/>\n<meta name=\"twitter:card\" content=\"summary_large_image\" \/>\n<meta name=\"twitter:label1\" content=\"\u00c9crit par\" \/>\n\t<meta name=\"twitter:data1\" content=\"Csilla\" \/>\n\t<meta name=\"twitter:label2\" content=\"Dur\u00e9e de lecture estim\u00e9e\" \/>\n\t<meta name=\"twitter:data2\" content=\"2 minutes\" \/>\n<script type=\"application\/ld+json\" class=\"yoast-schema-graph\">{\"@context\":\"https:\/\/schema.org\",\"@graph\":[{\"@type\":\"Article\",\"@id\":\"https:\/\/balatonneked.com\/2024\/08\/15\/zircikon-2024-08-18-20\/#article\",\"isPartOf\":{\"@id\":\"https:\/\/balatonneked.com\/2024\/08\/15\/zircikon-2024-08-18-20\/\"},\"author\":{\"name\":\"Csilla\",\"@id\":\"https:\/\/balatonneked.com\/#\/schema\/person\/e872a2bb920e6daab47d667be3035245\"},\"headline\":\"ZIRCikON 2024.08.18-20\",\"datePublished\":\"2024-08-15T09:36:22+00:00\",\"dateModified\":\"2024-08-15T09:36:24+00:00\",\"mainEntityOfPage\":{\"@id\":\"https:\/\/balatonneked.com\/2024\/08\/15\/zircikon-2024-08-18-20\/\"},\"wordCount\":494,\"commentCount\":0,\"publisher\":{\"@id\":\"https:\/\/balatonneked.com\/#organization\"},\"image\":{\"@id\":\"https:\/\/balatonneked.com\/2024\/08\/15\/zircikon-2024-08-18-20\/#primaryimage\"},\"thumbnailUrl\":\"https:\/\/balatonneked.com\/wp-content\/uploads\/2024\/08\/1.kep-Zircikon-Jon-jon-jon.jpg\",\"articleSection\":[\"Balaton\"],\"inLanguage\":\"fr-FR\",\"potentialAction\":[{\"@type\":\"CommentAction\",\"name\":\"Comment\",\"target\":[\"https:\/\/balatonneked.com\/2024\/08\/15\/zircikon-2024-08-18-20\/#respond\"]}]},{\"@type\":\"WebPage\",\"@id\":\"https:\/\/balatonneked.com\/2024\/08\/15\/zircikon-2024-08-18-20\/\",\"url\":\"https:\/\/balatonneked.com\/2024\/08\/15\/zircikon-2024-08-18-20\/\",\"name\":\"ZIRCikON 2024.08.18-20 - BALATON NEKED\",\"isPartOf\":{\"@id\":\"https:\/\/balatonneked.com\/#website\"},\"primaryImageOfPage\":{\"@id\":\"https:\/\/balatonneked.com\/2024\/08\/15\/zircikon-2024-08-18-20\/#primaryimage\"},\"image\":{\"@id\":\"https:\/\/balatonneked.com\/2024\/08\/15\/zircikon-2024-08-18-20\/#primaryimage\"},\"thumbnailUrl\":\"https:\/\/balatonneked.com\/wp-content\/uploads\/2024\/08\/1.kep-Zircikon-Jon-jon-jon.jpg\",\"datePublished\":\"2024-08-15T09:36:22+00:00\",\"dateModified\":\"2024-08-15T09:36:24+00:00\",\"breadcrumb\":{\"@id\":\"https:\/\/balatonneked.com\/2024\/08\/15\/zircikon-2024-08-18-20\/#breadcrumb\"},\"inLanguage\":\"fr-FR\",\"potentialAction\":[{\"@type\":\"ReadAction\",\"target\":[\"https:\/\/balatonneked.com\/2024\/08\/15\/zircikon-2024-08-18-20\/\"]}]},{\"@type\":\"ImageObject\",\"inLanguage\":\"fr-FR\",\"@id\":\"https:\/\/balatonneked.com\/2024\/08\/15\/zircikon-2024-08-18-20\/#primaryimage\",\"url\":\"https:\/\/balatonneked.com\/wp-content\/uploads\/2024\/08\/1.kep-Zircikon-Jon-jon-jon.jpg\",\"contentUrl\":\"https:\/\/balatonneked.com\/wp-content\/uploads\/2024\/08\/1.kep-Zircikon-Jon-jon-jon.jpg\"},{\"@type\":\"BreadcrumbList\",\"@id\":\"https:\/\/balatonneked.com\/2024\/08\/15\/zircikon-2024-08-18-20\/#breadcrumb\",\"itemListElement\":[{\"@type\":\"ListItem\",\"position\":1,\"name\":\"Kezd\u0151lap\",\"item\":\"https:\/\/balatonneked.com\/\"},{\"@type\":\"ListItem\",\"position\":2,\"name\":\"ZIRCikON 2024.08.18-20\"}]},{\"@type\":\"WebSite\",\"@id\":\"https:\/\/balatonneked.com\/#website\",\"url\":\"https:\/\/balatonneked.com\/\",\"name\":\"BALATON NEKED\",\"description\":\"A Balaton leginformat\u00edvabb magazinja\",\"publisher\":{\"@id\":\"https:\/\/balatonneked.com\/#organization\"},\"potentialAction\":[{\"@type\":\"SearchAction\",\"target\":{\"@type\":\"EntryPoint\",\"urlTemplate\":\"https:\/\/balatonneked.com\/?s={search_term_string}\"},\"query-input\":{\"@type\":\"PropertyValueSpecification\",\"valueRequired\":true,\"valueName\":\"search_term_string\"}}],\"inLanguage\":\"fr-FR\"},{\"@type\":\"Organization\",\"@id\":\"https:\/\/balatonneked.com\/#organization\",\"name\":\"BalatonNeked\",\"url\":\"https:\/\/balatonneked.com\/\",\"logo\":{\"@type\":\"ImageObject\",\"inLanguage\":\"fr-FR\",\"@id\":\"https:\/\/balatonneked.com\/#\/schema\/logo\/image\/\",\"url\":\"https:\/\/balatonneked.com\/wp-content\/uploads\/2019\/05\/bnekedlogo.png\",\"contentUrl\":\"https:\/\/balatonneked.com\/wp-content\/uploads\/2019\/05\/bnekedlogo.png\",\"width\":750,\"height\":750,\"caption\":\"BalatonNeked\"},\"image\":{\"@id\":\"https:\/\/balatonneked.com\/#\/schema\/logo\/image\/\"},\"sameAs\":[\"https:\/\/www.facebook.com\/BalatonNeked\"]},{\"@type\":\"Person\",\"@id\":\"https:\/\/balatonneked.com\/#\/schema\/person\/e872a2bb920e6daab47d667be3035245\",\"name\":\"Csilla\",\"image\":{\"@type\":\"ImageObject\",\"inLanguage\":\"fr-FR\",\"@id\":\"https:\/\/balatonneked.com\/#\/schema\/person\/image\/\",\"url\":\"https:\/\/balatonneked.com\/wp-content\/uploads\/2022\/05\/Feher-Csilla-Balaton-Neked-100x100.png\",\"contentUrl\":\"https:\/\/balatonneked.com\/wp-content\/uploads\/2022\/05\/Feher-Csilla-Balaton-Neked-100x100.png\",\"caption\":\"Csilla\"},\"description\":\"A BalatonNeked Magazin meg\u00e1lmod\u00f3ja \u00e9s tulajdonosa.\",\"url\":\"https:\/\/balatonneked.com\/fr\/author\/admin\/\"}]}<\/script>\n<!-- \/ Yoast SEO plugin. -->","yoast_head_json":{"title":"ZIRCikON 2024.08.18-20 - BALATON NEKED","robots":{"index":"index","follow":"follow","max-snippet":"max-snippet:-1","max-image-preview":"max-image-preview:large","max-video-preview":"max-video-preview:-1"},"canonical":"https:\/\/balatonneked.com\/fr\/2024\/08\/15\/zircikon-2024-08-18-20\/","og_locale":"fr_FR","og_type":"article","og_title":"ZIRCikON 2024.08.18-20 - BALATON NEKED","og_description":"Zirc \u2013 A 40 \u00e9ves b\u00fcszke v\u00e1ros t\u00f6rt\u00e9nelmi \u00e9s kultur\u00e1lis gazdags\u00e1ga \u00e9s az idei \u00e9v legnagyobb rendezv\u00e9nye &#8211; a ZIRCikON Zirc, ez a gy\u00f6ny\u00f6r\u0171 telep\u00fcl\u00e9s a Bakony sz\u00edv\u00e9ben, id\u00e9n \u00fcnnepli v\u00e1ross\u00e1 nyilv\u00e1n\u00edt\u00e1s\u00e1nak 40. \u00e9vfordul\u00f3j\u00e1t \u00e9s ezen \u00fcnnepi alkalomb\u00f3l m\u00e9lt\u00e1n b\u00fcszk\u00e9lkedhet gazdag t\u00f6rt\u00e9nelm\u00e9vel, p\u00e1ratlan kultur\u00e1lis \u00f6r\u00f6ks\u00e9g\u00e9vel. Az elm\u00falt \u00e9vtizedek sikereinek k\u00f6sz\u00f6nhet\u0151en Zirc a mai napig \u0151rzi [&hellip;]","og_url":"https:\/\/balatonneked.com\/fr\/2024\/08\/15\/zircikon-2024-08-18-20\/","og_site_name":"BALATON NEKED","article_publisher":"https:\/\/www.facebook.com\/BalatonNeked","article_published_time":"2024-08-15T09:36:22+00:00","article_modified_time":"2024-08-15T09:36:24+00:00","og_image":[{"url":"https:\/\/balatonneked.com\/wp-content\/uploads\/2024\/08\/1.kep-Zircikon-Jon-jon-jon.jpg","type":"","width":"","height":""}],"author":"Csilla","twitter_card":"summary_large_image","twitter_misc":{"\u00c9crit par":"Csilla","Dur\u00e9e de lecture estim\u00e9e":"2 minutes"},"schema":{"@context":"https:\/\/schema.org","@graph":[{"@type":"Article","@id":"https:\/\/balatonneked.com\/2024\/08\/15\/zircikon-2024-08-18-20\/#article","isPartOf":{"@id":"https:\/\/balatonneked.com\/2024\/08\/15\/zircikon-2024-08-18-20\/"},"author":{"name":"Csilla","@id":"https:\/\/balatonneked.com\/#\/schema\/person\/e872a2bb920e6daab47d667be3035245"},"headline":"ZIRCikON 2024.08.18-20","datePublished":"2024-08-15T09:36:22+00:00","dateModified":"2024-08-15T09:36:24+00:00","mainEntityOfPage":{"@id":"https:\/\/balatonneked.com\/2024\/08\/15\/zircikon-2024-08-18-20\/"},"wordCount":494,"commentCount":0,"publisher":{"@id":"https:\/\/balatonneked.com\/#organization"},"image":{"@id":"https:\/\/balatonneked.com\/2024\/08\/15\/zircikon-2024-08-18-20\/#primaryimage"},"thumbnailUrl":"https:\/\/balatonneked.com\/wp-content\/uploads\/2024\/08\/1.kep-Zircikon-Jon-jon-jon.jpg","articleSection":["Balaton"],"inLanguage":"fr-FR","potentialAction":[{"@type":"CommentAction","name":"Comment","target":["https:\/\/balatonneked.com\/2024\/08\/15\/zircikon-2024-08-18-20\/#respond"]}]},{"@type":"WebPage","@id":"https:\/\/balatonneked.com\/2024\/08\/15\/zircikon-2024-08-18-20\/","url":"https:\/\/balatonneked.com\/2024\/08\/15\/zircikon-2024-08-18-20\/","name":"ZIRCikON 2024.08.18-20 - BALATON NEKED","isPartOf":{"@id":"https:\/\/balatonneked.com\/#website"},"primaryImageOfPage":{"@id":"https:\/\/balatonneked.com\/2024\/08\/15\/zircikon-2024-08-18-20\/#primaryimage"},"image":{"@id":"https:\/\/balatonneked.com\/2024\/08\/15\/zircikon-2024-08-18-20\/#primaryimage"},"thumbnailUrl":"https:\/\/balatonneked.com\/wp-content\/uploads\/2024\/08\/1.kep-Zircikon-Jon-jon-jon.jpg","datePublished":"2024-08-15T09:36:22+00:00","dateModified":"2024-08-15T09:36:24+00:00","breadcrumb":{"@id":"https:\/\/balatonneked.com\/2024\/08\/15\/zircikon-2024-08-18-20\/#breadcrumb"},"inLanguage":"fr-FR","potentialAction":[{"@type":"ReadAction","target":["https:\/\/balatonneked.com\/2024\/08\/15\/zircikon-2024-08-18-20\/"]}]},{"@type":"ImageObject","inLanguage":"fr-FR","@id":"https:\/\/balatonneked.com\/2024\/08\/15\/zircikon-2024-08-18-20\/#primaryimage","url":"https:\/\/balatonneked.com\/wp-content\/uploads\/2024\/08\/1.kep-Zircikon-Jon-jon-jon.jpg","contentUrl":"https:\/\/balatonneked.com\/wp-content\/uploads\/2024\/08\/1.kep-Zircikon-Jon-jon-jon.jpg"},{"@type":"BreadcrumbList","@id":"https:\/\/balatonneked.com\/2024\/08\/15\/zircikon-2024-08-18-20\/#breadcrumb","itemListElement":[{"@type":"ListItem","position":1,"name":"Kezd\u0151lap","item":"https:\/\/balatonneked.com\/"},{"@type":"ListItem","position":2,"name":"ZIRCikON 2024.08.18-20"}]},{"@type":"WebSite","@id":"https:\/\/balatonneked.com\/#website","url":"https:\/\/balatonneked.com\/","name":"BALATON NEKED","description":"A Balaton leginformat\u00edvabb magazinja","publisher":{"@id":"https:\/\/balatonneked.com\/#organization"},"potentialAction":[{"@type":"SearchAction","target":{"@type":"EntryPoint","urlTemplate":"https:\/\/balatonneked.com\/?s={search_term_string}"},"query-input":{"@type":"PropertyValueSpecification","valueRequired":true,"valueName":"search_term_string"}}],"inLanguage":"fr-FR"},{"@type":"Organization","@id":"https:\/\/balatonneked.com\/#organization","name":"BalatonNeked","url":"https:\/\/balatonneked.com\/","logo":{"@type":"ImageObject","inLanguage":"fr-FR","@id":"https:\/\/balatonneked.com\/#\/schema\/logo\/image\/","url":"https:\/\/balatonneked.com\/wp-content\/uploads\/2019\/05\/bnekedlogo.png","contentUrl":"https:\/\/balatonneked.com\/wp-content\/uploads\/2019\/05\/bnekedlogo.png","width":750,"height":750,"caption":"BalatonNeked"},"image":{"@id":"https:\/\/balatonneked.com\/#\/schema\/logo\/image\/"},"sameAs":["https:\/\/www.facebook.com\/BalatonNeked"]},{"@type":"Person","@id":"https:\/\/balatonneked.com\/#\/schema\/person\/e872a2bb920e6daab47d667be3035245","name":"Csilla","image":{"@type":"ImageObject","inLanguage":"fr-FR","@id":"https:\/\/balatonneked.com\/#\/schema\/person\/image\/","url":"https:\/\/balatonneked.com\/wp-content\/uploads\/2022\/05\/Feher-Csilla-Balaton-Neked-100x100.png","contentUrl":"https:\/\/balatonneked.com\/wp-content\/uploads\/2022\/05\/Feher-Csilla-Balaton-Neked-100x100.png","caption":"Csilla"},"description":"A BalatonNeked Magazin meg\u00e1lmod\u00f3ja \u00e9s tulajdonosa.","url":"https:\/\/balatonneked.com\/fr\/author\/admin\/"}]}},"_links":{"self":[{"href":"https:\/\/balatonneked.com\/fr\/wp-json\/wp\/v2\/posts\/5395","targetHints":{"allow":["GET"]}}],"collection":[{"href":"https:\/\/balatonneked.com\/fr\/wp-json\/wp\/v2\/posts"}],"about":[{"href":"https:\/\/balatonneked.com\/fr\/wp-json\/wp\/v2\/types\/post"}],"author":[{"embeddable":true,"href":"https:\/\/balatonneked.com\/fr\/wp-json\/wp\/v2\/users\/1"}],"replies":[{"embeddable":true,"href":"https:\/\/balatonneked.com\/fr\/wp-json\/wp\/v2\/comments?post=5395"}],"version-history":[{"count":1,"href":"https:\/\/balatonneked.com\/fr\/wp-json\/wp\/v2\/posts\/5395\/revisions"}],"predecessor-version":[{"id":5398,"href":"https:\/\/balatonneked.com\/fr\/wp-json\/wp\/v2\/posts\/5395\/revisions\/5398"}],"wp:attachment":[{"href":"https:\/\/balatonneked.com\/fr\/wp-json\/wp\/v2\/media?parent=5395"}],"wp:term":[{"taxonomy":"category","embeddable":true,"href":"https:\/\/balatonneked.com\/fr\/wp-json\/wp\/v2\/categories?post=5395"},{"taxonomy":"post_tag","embeddable":true,"href":"https:\/\/balatonneked.com\/fr\/wp-json\/wp\/v2\/tags?post=5395"}],"curies":[{"name":"wp","href":"https:\/\/api.w.org\/{rel}","templated":true}]}}