{"id":4962,"date":"2022-08-10T12:43:12","date_gmt":"2022-08-10T11:43:12","guid":{"rendered":"https:\/\/balatonneked.com\/?p=4962"},"modified":"2022-08-10T12:43:15","modified_gmt":"2022-08-10T11:43:15","slug":"kevin-davy-white-csak-egy-este-orvenyeshegyen","status":"publish","type":"post","link":"https:\/\/balatonneked.com\/fr\/2022\/08\/10\/kevin-davy-white-csak-egy-este-orvenyeshegyen\/","title":{"rendered":"Kevin Davy White &#8211; Csak egy este \u00d6rv\u00e9nyeshegyen"},"content":{"rendered":"<p><img decoding=\"async\" height=\"16\" width=\"16\" alt=\"\ud83d\udce3\" src=\"https:\/\/static.xx.fbcdn.net\/images\/emoji.php\/v9\/t13\/1.5\/16\/1f4e3.png\">2022. augusztus 12-\u00e9n \u201eCsak egy este \u00d6rv\u00e9nyeshegyen\u201d c\u00edmmel \u00fajabb k\u00fcl\u00f6nleges, min\u0151s\u00e9gi koncertre k\u00e9sz\u00fcl\u00fcnk, olyas valakit v\u00e1runk, akivel nem tal\u00e1lkozhattok a ny\u00e1ri fesztiv\u00e1lokon!&nbsp;<img decoding=\"async\" height=\"16\" width=\"16\" alt=\"\ud83c\udfb8\" src=\"https:\/\/static.xx.fbcdn.net\/images\/emoji.php\/v9\/t7a\/1.5\/16\/1f3b8.png\"><img decoding=\"async\" height=\"16\" width=\"16\" alt=\"\ud83c\udf33\" src=\"https:\/\/static.xx.fbcdn.net\/images\/emoji.php\/v9\/tc4\/1.5\/16\/1f333.png\"><img loading=\"lazy\" decoding=\"async\" height=\"16\" width=\"16\" alt=\"\ud83d\ude0d\" src=\"https:\/\/static.xx.fbcdn.net\/images\/emoji.php\/v9\/t5b\/1.5\/16\/1f60d.png\"><\/p><p><a href=\"https:\/\/www.facebook.com\/KevinDavyWhite\">Kevin Davy White<\/a> az Egyes\u00fclt Kir\u00e1lys\u00e1gban 2022-ben az \u00c9v \u00c9nekese \u00e9s Dalsz\u00f6veg\u00edr\u00f3ja, eddig m\u00e9g soha nem koncertezett<br>Magyarorsz\u00e1gon! Dalait \u00e9s fell\u00e9p\u00e9seit t\u00f6megek k\u00f6vetik, id\u00e9n ny\u00e1ron a <a href=\"https:\/\/en.wikipedia.org\/wiki\/Simply_Red\">Simply Reddel <\/a>\u00e9s a <a href=\"https:\/\/www.youtube.com\/watch?v=5n1mfhFBYdg\">Texassal<\/a> l\u00e9p fel a legnagyobb angol fesztiv\u00e1lokon.<\/p><p>A kiv\u00e9teles hang\u00fa \u00e9nekes soul, blues \u00e9s popul\u00e1risabb zenei vil\u00e1g\u00fa dalokat egyar\u00e1nt jegyez, \u00d6rv\u00e9nyeshegyre sz\u00f3l\u00f3 akusztikus koncerttel \u00e9rkezik. (Vide\u00f3k az esem\u00e9ny &#8222;Besz\u00e9lget\u00e9s\/Discussion&#8221; r\u00e9sz\u00e9n\u00e9l) \u00e9s az al\u00e1bbi linkeken:<\/p><p><a href=\"https:\/\/fb.watch\/ecqFauQGN7\/\">https:\/\/fb.watch\/ecqFauQGN7\/<\/a><\/p><p><a href=\"https:\/\/fb.watch\/ecqIGUB-VN\/\">https:\/\/fb.watch\/ecqIGUB-VN\/<\/a><\/p><p><a href=\"https:\/\/fb.watch\/ecqJ8VFWYD\/\">https:\/\/fb.watch\/ecqJ8VFWYD\/<\/a><\/p><p>Fell\u00e9p\u00e9s\u00e9t k\u00f6vet\u0151en a <a href=\"https:\/\/www.facebook.com\/palosresort\">P\u00e1los Resort<\/a> fr\u00f6ccsterasz\u00e1n egy fergeteges rockabilly koncerttel folytatja a <a href=\"https:\/\/www.facebook.com\/candymenduo\/\">CANDYMEN DUO<\/a>!<\/p><p>Zakatol\u00f3 ritmus, er\u0151, dinamika, \u00e9s dallamosan izgalmas hangszeres sz\u00f3l\u00f3k,<br>show szer\u0171 el\u0151ad\u00e1sm\u00f3d, cirkuszi akrobat\u00e1kat id\u00e9z\u0151 sz\u00ednpadi mozg\u00e1s. \u0150k a CANDYMEN!<\/p><p>Tagok:<br>Tom White &#8211; \u00c9nek, Harmonika, Akusztikus git\u00e1r<br>Schiffler Patrik (Ricky) &#8211; \u00c9nek, Nagyb\u0151g\u0151<\/p><p>Jegyeink jelent\u0151s r\u00e9sze el\u0151v\u00e9telben elkelt, a fennmarad\u00f3 jegyek korl\u00e1tozott sz\u00e1mban, \u00e9s kedvezm\u00e9nyesen itt \u00e9rhet\u0151ek el:<br><a href=\"https:\/\/tixa.hu\/csak_egy_este_orvenyeshegyen?fbclid=IwAR38X10wIHI2o7I1BBDv0xAsRoMFkcOcXGrVHhNOIfmI_Q5i_cBaqizUpek\" target=\"_blank\" rel=\"noreferrer noopener\">https:\/\/tixa.hu\/csak_egy_este_orvenyeshegyen<\/a><\/p><figure class=\"wp-block-gallery has-nested-images columns-default is-cropped wp-block-gallery-1 is-layout-flex wp-block-gallery-is-layout-flex\"><figure class=\"wp-block-image size-large\"><img loading=\"lazy\" decoding=\"async\" width=\"1024\" height=\"683\" data-id=\"4963\" src=\"https:\/\/balatonneked.com\/wp-content\/uploads\/2022\/08\/292535324_445746410894650_9161701944632663822_n-1024x683.jpg\" alt=\"\" class=\"wp-image-4963\" srcset=\"https:\/\/balatonneked.com\/wp-content\/uploads\/2022\/08\/292535324_445746410894650_9161701944632663822_n-1024x683.jpg 1024w, https:\/\/balatonneked.com\/wp-content\/uploads\/2022\/08\/292535324_445746410894650_9161701944632663822_n-300x200.jpg 300w, https:\/\/balatonneked.com\/wp-content\/uploads\/2022\/08\/292535324_445746410894650_9161701944632663822_n-768x512.jpg 768w, https:\/\/balatonneked.com\/wp-content\/uploads\/2022\/08\/292535324_445746410894650_9161701944632663822_n-600x400.jpg 600w, https:\/\/balatonneked.com\/wp-content\/uploads\/2022\/08\/292535324_445746410894650_9161701944632663822_n.jpg 1080w\" sizes=\"(max-width: 1024px) 100vw, 1024px\" \/><\/figure><\/figure>","protected":false},"excerpt":{"rendered":"<p>2022. augusztus 12-\u00e9n \u201eCsak egy este \u00d6rv\u00e9nyeshegyen\u201d c\u00edmmel \u00fajabb k\u00fcl\u00f6nleges, min\u0151s\u00e9gi koncertre k\u00e9sz\u00fcl\u00fcnk, olyas valakit v\u00e1runk, akivel nem tal\u00e1lkozhattok a ny\u00e1ri fesztiv\u00e1lokon!&nbsp; Kevin Davy White az Egyes\u00fclt Kir\u00e1lys\u00e1gban 2022-ben az \u00c9v \u00c9nekese \u00e9s Dalsz\u00f6veg\u00edr\u00f3ja, eddig m\u00e9g soha nem koncertezettMagyarorsz\u00e1gon! Dalait \u00e9s fell\u00e9p\u00e9seit t\u00f6megek k\u00f6vetik, id\u00e9n ny\u00e1ron a Simply Reddel \u00e9s a Texassal l\u00e9p fel a [&hellip;]<\/p>","protected":false},"author":1,"featured_media":4963,"comment_status":"open","ping_status":"open","sticky":false,"template":"","format":"standard","meta":{"_acf_changed":false,"footnotes":""},"categories":[515,139,311,276],"tags":[74,172,516],"class_list":["post-4962","post","type-post","status-publish","format-standard","has-post-thumbnail","hentry","category-koncert","category-kultura","category-programok","category-zalacsany","tag-balaton-felvidek","tag-programajanlo","tag-zalacsany-2"],"acf":[],"yoast_head":"<!-- This site is optimized with the Yoast SEO plugin v25.1 - https:\/\/yoast.com\/wordpress\/plugins\/seo\/ -->\n<title>Kevin Davy White - Csak egy este \u00d6rv\u00e9nyeshegyen - BALATON NEKED<\/title>\n<meta name=\"robots\" content=\"index, follow, max-snippet:-1, max-image-preview:large, max-video-preview:-1\" \/>\n<link rel=\"canonical\" href=\"https:\/\/balatonneked.com\/fr\/2022\/08\/10\/kevin-davy-white-csak-egy-este-orvenyeshegyen\/\" \/>\n<meta property=\"og:locale\" content=\"fr_FR\" \/>\n<meta property=\"og:type\" content=\"article\" \/>\n<meta property=\"og:title\" content=\"Kevin Davy White - Csak egy este \u00d6rv\u00e9nyeshegyen - BALATON NEKED\" \/>\n<meta property=\"og:description\" content=\"2022. augusztus 12-\u00e9n \u201eCsak egy este \u00d6rv\u00e9nyeshegyen\u201d c\u00edmmel \u00fajabb k\u00fcl\u00f6nleges, min\u0151s\u00e9gi koncertre k\u00e9sz\u00fcl\u00fcnk, olyas valakit v\u00e1runk, akivel nem tal\u00e1lkozhattok a ny\u00e1ri fesztiv\u00e1lokon!&nbsp; Kevin Davy White az Egyes\u00fclt Kir\u00e1lys\u00e1gban 2022-ben az \u00c9v \u00c9nekese \u00e9s Dalsz\u00f6veg\u00edr\u00f3ja, eddig m\u00e9g soha nem koncertezettMagyarorsz\u00e1gon! Dalait \u00e9s fell\u00e9p\u00e9seit t\u00f6megek k\u00f6vetik, id\u00e9n ny\u00e1ron a Simply Reddel \u00e9s a Texassal l\u00e9p fel a [&hellip;]\" \/>\n<meta property=\"og:url\" content=\"https:\/\/balatonneked.com\/fr\/2022\/08\/10\/kevin-davy-white-csak-egy-este-orvenyeshegyen\/\" \/>\n<meta property=\"og:site_name\" content=\"BALATON NEKED\" \/>\n<meta property=\"article:publisher\" content=\"https:\/\/www.facebook.com\/BalatonNeked\" \/>\n<meta property=\"article:published_time\" content=\"2022-08-10T11:43:12+00:00\" \/>\n<meta property=\"article:modified_time\" content=\"2022-08-10T11:43:15+00:00\" \/>\n<meta property=\"og:image\" content=\"https:\/\/balatonneked.com\/wp-content\/uploads\/2022\/08\/292535324_445746410894650_9161701944632663822_n.jpg\" \/>\n\t<meta property=\"og:image:width\" content=\"1080\" \/>\n\t<meta property=\"og:image:height\" content=\"720\" \/>\n\t<meta property=\"og:image:type\" content=\"image\/jpeg\" \/>\n<meta name=\"author\" content=\"Csilla\" \/>\n<meta name=\"twitter:card\" content=\"summary_large_image\" \/>\n<meta name=\"twitter:label1\" content=\"\u00c9crit par\" \/>\n\t<meta name=\"twitter:data1\" content=\"Csilla\" \/>\n\t<meta name=\"twitter:label2\" content=\"Dur\u00e9e de lecture estim\u00e9e\" \/>\n\t<meta name=\"twitter:data2\" content=\"2 minutes\" \/>\n<script type=\"application\/ld+json\" class=\"yoast-schema-graph\">{\"@context\":\"https:\/\/schema.org\",\"@graph\":[{\"@type\":\"Article\",\"@id\":\"https:\/\/balatonneked.com\/2022\/08\/10\/kevin-davy-white-csak-egy-este-orvenyeshegyen\/#article\",\"isPartOf\":{\"@id\":\"https:\/\/balatonneked.com\/2022\/08\/10\/kevin-davy-white-csak-egy-este-orvenyeshegyen\/\"},\"author\":{\"name\":\"Csilla\",\"@id\":\"https:\/\/balatonneked.com\/#\/schema\/person\/e872a2bb920e6daab47d667be3035245\"},\"headline\":\"Kevin Davy White &#8211; Csak egy este \u00d6rv\u00e9nyeshegyen\",\"datePublished\":\"2022-08-10T11:43:12+00:00\",\"dateModified\":\"2022-08-10T11:43:15+00:00\",\"mainEntityOfPage\":{\"@id\":\"https:\/\/balatonneked.com\/2022\/08\/10\/kevin-davy-white-csak-egy-este-orvenyeshegyen\/\"},\"wordCount\":248,\"commentCount\":0,\"publisher\":{\"@id\":\"https:\/\/balatonneked.com\/#organization\"},\"image\":{\"@id\":\"https:\/\/balatonneked.com\/2022\/08\/10\/kevin-davy-white-csak-egy-este-orvenyeshegyen\/#primaryimage\"},\"thumbnailUrl\":\"https:\/\/balatonneked.com\/wp-content\/uploads\/2022\/08\/292535324_445746410894650_9161701944632663822_n.jpg\",\"keywords\":[\"Balaton-felvid\u00e9k\",\"Programaj\u00e1nl\u00f3\",\"zalacsany\"],\"articleSection\":[\"Koncert\",\"Kult\u00fara\",\"Programok\",\"Zalacs\u00e1ny\"],\"inLanguage\":\"fr-FR\",\"potentialAction\":[{\"@type\":\"CommentAction\",\"name\":\"Comment\",\"target\":[\"https:\/\/balatonneked.com\/2022\/08\/10\/kevin-davy-white-csak-egy-este-orvenyeshegyen\/#respond\"]}]},{\"@type\":\"WebPage\",\"@id\":\"https:\/\/balatonneked.com\/2022\/08\/10\/kevin-davy-white-csak-egy-este-orvenyeshegyen\/\",\"url\":\"https:\/\/balatonneked.com\/2022\/08\/10\/kevin-davy-white-csak-egy-este-orvenyeshegyen\/\",\"name\":\"Kevin Davy White - Csak egy este \u00d6rv\u00e9nyeshegyen - BALATON NEKED\",\"isPartOf\":{\"@id\":\"https:\/\/balatonneked.com\/#website\"},\"primaryImageOfPage\":{\"@id\":\"https:\/\/balatonneked.com\/2022\/08\/10\/kevin-davy-white-csak-egy-este-orvenyeshegyen\/#primaryimage\"},\"image\":{\"@id\":\"https:\/\/balatonneked.com\/2022\/08\/10\/kevin-davy-white-csak-egy-este-orvenyeshegyen\/#primaryimage\"},\"thumbnailUrl\":\"https:\/\/balatonneked.com\/wp-content\/uploads\/2022\/08\/292535324_445746410894650_9161701944632663822_n.jpg\",\"datePublished\":\"2022-08-10T11:43:12+00:00\",\"dateModified\":\"2022-08-10T11:43:15+00:00\",\"breadcrumb\":{\"@id\":\"https:\/\/balatonneked.com\/2022\/08\/10\/kevin-davy-white-csak-egy-este-orvenyeshegyen\/#breadcrumb\"},\"inLanguage\":\"fr-FR\",\"potentialAction\":[{\"@type\":\"ReadAction\",\"target\":[\"https:\/\/balatonneked.com\/2022\/08\/10\/kevin-davy-white-csak-egy-este-orvenyeshegyen\/\"]}]},{\"@type\":\"ImageObject\",\"inLanguage\":\"fr-FR\",\"@id\":\"https:\/\/balatonneked.com\/2022\/08\/10\/kevin-davy-white-csak-egy-este-orvenyeshegyen\/#primaryimage\",\"url\":\"https:\/\/balatonneked.com\/wp-content\/uploads\/2022\/08\/292535324_445746410894650_9161701944632663822_n.jpg\",\"contentUrl\":\"https:\/\/balatonneked.com\/wp-content\/uploads\/2022\/08\/292535324_445746410894650_9161701944632663822_n.jpg\",\"width\":1080,\"height\":720},{\"@type\":\"BreadcrumbList\",\"@id\":\"https:\/\/balatonneked.com\/2022\/08\/10\/kevin-davy-white-csak-egy-este-orvenyeshegyen\/#breadcrumb\",\"itemListElement\":[{\"@type\":\"ListItem\",\"position\":1,\"name\":\"Kezd\u0151lap\",\"item\":\"https:\/\/balatonneked.com\/\"},{\"@type\":\"ListItem\",\"position\":2,\"name\":\"Kevin Davy White &#8211; Csak egy este \u00d6rv\u00e9nyeshegyen\"}]},{\"@type\":\"WebSite\",\"@id\":\"https:\/\/balatonneked.com\/#website\",\"url\":\"https:\/\/balatonneked.com\/\",\"name\":\"BALATON NEKED\",\"description\":\"A Balaton leginformat\u00edvabb magazinja\",\"publisher\":{\"@id\":\"https:\/\/balatonneked.com\/#organization\"},\"potentialAction\":[{\"@type\":\"SearchAction\",\"target\":{\"@type\":\"EntryPoint\",\"urlTemplate\":\"https:\/\/balatonneked.com\/?s={search_term_string}\"},\"query-input\":{\"@type\":\"PropertyValueSpecification\",\"valueRequired\":true,\"valueName\":\"search_term_string\"}}],\"inLanguage\":\"fr-FR\"},{\"@type\":\"Organization\",\"@id\":\"https:\/\/balatonneked.com\/#organization\",\"name\":\"BalatonNeked\",\"url\":\"https:\/\/balatonneked.com\/\",\"logo\":{\"@type\":\"ImageObject\",\"inLanguage\":\"fr-FR\",\"@id\":\"https:\/\/balatonneked.com\/#\/schema\/logo\/image\/\",\"url\":\"https:\/\/balatonneked.com\/wp-content\/uploads\/2019\/05\/bnekedlogo.png\",\"contentUrl\":\"https:\/\/balatonneked.com\/wp-content\/uploads\/2019\/05\/bnekedlogo.png\",\"width\":750,\"height\":750,\"caption\":\"BalatonNeked\"},\"image\":{\"@id\":\"https:\/\/balatonneked.com\/#\/schema\/logo\/image\/\"},\"sameAs\":[\"https:\/\/www.facebook.com\/BalatonNeked\"]},{\"@type\":\"Person\",\"@id\":\"https:\/\/balatonneked.com\/#\/schema\/person\/e872a2bb920e6daab47d667be3035245\",\"name\":\"Csilla\",\"image\":{\"@type\":\"ImageObject\",\"inLanguage\":\"fr-FR\",\"@id\":\"https:\/\/balatonneked.com\/#\/schema\/person\/image\/\",\"url\":\"https:\/\/balatonneked.com\/wp-content\/uploads\/2022\/05\/Feher-Csilla-Balaton-Neked-100x100.png\",\"contentUrl\":\"https:\/\/balatonneked.com\/wp-content\/uploads\/2022\/05\/Feher-Csilla-Balaton-Neked-100x100.png\",\"caption\":\"Csilla\"},\"description\":\"A BalatonNeked Magazin meg\u00e1lmod\u00f3ja \u00e9s tulajdonosa.\",\"url\":\"https:\/\/balatonneked.com\/fr\/author\/admin\/\"}]}<\/script>\n<!-- \/ Yoast SEO plugin. -->","yoast_head_json":{"title":"Kevin Davy White - Csak egy este \u00d6rv\u00e9nyeshegyen - BALATON NEKED","robots":{"index":"index","follow":"follow","max-snippet":"max-snippet:-1","max-image-preview":"max-image-preview:large","max-video-preview":"max-video-preview:-1"},"canonical":"https:\/\/balatonneked.com\/fr\/2022\/08\/10\/kevin-davy-white-csak-egy-este-orvenyeshegyen\/","og_locale":"fr_FR","og_type":"article","og_title":"Kevin Davy White - Csak egy este \u00d6rv\u00e9nyeshegyen - BALATON NEKED","og_description":"2022. augusztus 12-\u00e9n \u201eCsak egy este \u00d6rv\u00e9nyeshegyen\u201d c\u00edmmel \u00fajabb k\u00fcl\u00f6nleges, min\u0151s\u00e9gi koncertre k\u00e9sz\u00fcl\u00fcnk, olyas valakit v\u00e1runk, akivel nem tal\u00e1lkozhattok a ny\u00e1ri fesztiv\u00e1lokon!&nbsp; Kevin Davy White az Egyes\u00fclt Kir\u00e1lys\u00e1gban 2022-ben az \u00c9v \u00c9nekese \u00e9s Dalsz\u00f6veg\u00edr\u00f3ja, eddig m\u00e9g soha nem koncertezettMagyarorsz\u00e1gon! Dalait \u00e9s fell\u00e9p\u00e9seit t\u00f6megek k\u00f6vetik, id\u00e9n ny\u00e1ron a Simply Reddel \u00e9s a Texassal l\u00e9p fel a [&hellip;]","og_url":"https:\/\/balatonneked.com\/fr\/2022\/08\/10\/kevin-davy-white-csak-egy-este-orvenyeshegyen\/","og_site_name":"BALATON NEKED","article_publisher":"https:\/\/www.facebook.com\/BalatonNeked","article_published_time":"2022-08-10T11:43:12+00:00","article_modified_time":"2022-08-10T11:43:15+00:00","og_image":[{"width":1080,"height":720,"url":"https:\/\/balatonneked.com\/wp-content\/uploads\/2022\/08\/292535324_445746410894650_9161701944632663822_n.jpg","type":"image\/jpeg"}],"author":"Csilla","twitter_card":"summary_large_image","twitter_misc":{"\u00c9crit par":"Csilla","Dur\u00e9e de lecture estim\u00e9e":"2 minutes"},"schema":{"@context":"https:\/\/schema.org","@graph":[{"@type":"Article","@id":"https:\/\/balatonneked.com\/2022\/08\/10\/kevin-davy-white-csak-egy-este-orvenyeshegyen\/#article","isPartOf":{"@id":"https:\/\/balatonneked.com\/2022\/08\/10\/kevin-davy-white-csak-egy-este-orvenyeshegyen\/"},"author":{"name":"Csilla","@id":"https:\/\/balatonneked.com\/#\/schema\/person\/e872a2bb920e6daab47d667be3035245"},"headline":"Kevin Davy White &#8211; Csak egy este \u00d6rv\u00e9nyeshegyen","datePublished":"2022-08-10T11:43:12+00:00","dateModified":"2022-08-10T11:43:15+00:00","mainEntityOfPage":{"@id":"https:\/\/balatonneked.com\/2022\/08\/10\/kevin-davy-white-csak-egy-este-orvenyeshegyen\/"},"wordCount":248,"commentCount":0,"publisher":{"@id":"https:\/\/balatonneked.com\/#organization"},"image":{"@id":"https:\/\/balatonneked.com\/2022\/08\/10\/kevin-davy-white-csak-egy-este-orvenyeshegyen\/#primaryimage"},"thumbnailUrl":"https:\/\/balatonneked.com\/wp-content\/uploads\/2022\/08\/292535324_445746410894650_9161701944632663822_n.jpg","keywords":["Balaton-felvid\u00e9k","Programaj\u00e1nl\u00f3","zalacsany"],"articleSection":["Koncert","Kult\u00fara","Programok","Zalacs\u00e1ny"],"inLanguage":"fr-FR","potentialAction":[{"@type":"CommentAction","name":"Comment","target":["https:\/\/balatonneked.com\/2022\/08\/10\/kevin-davy-white-csak-egy-este-orvenyeshegyen\/#respond"]}]},{"@type":"WebPage","@id":"https:\/\/balatonneked.com\/2022\/08\/10\/kevin-davy-white-csak-egy-este-orvenyeshegyen\/","url":"https:\/\/balatonneked.com\/2022\/08\/10\/kevin-davy-white-csak-egy-este-orvenyeshegyen\/","name":"Kevin Davy White - Csak egy este \u00d6rv\u00e9nyeshegyen - BALATON NEKED","isPartOf":{"@id":"https:\/\/balatonneked.com\/#website"},"primaryImageOfPage":{"@id":"https:\/\/balatonneked.com\/2022\/08\/10\/kevin-davy-white-csak-egy-este-orvenyeshegyen\/#primaryimage"},"image":{"@id":"https:\/\/balatonneked.com\/2022\/08\/10\/kevin-davy-white-csak-egy-este-orvenyeshegyen\/#primaryimage"},"thumbnailUrl":"https:\/\/balatonneked.com\/wp-content\/uploads\/2022\/08\/292535324_445746410894650_9161701944632663822_n.jpg","datePublished":"2022-08-10T11:43:12+00:00","dateModified":"2022-08-10T11:43:15+00:00","breadcrumb":{"@id":"https:\/\/balatonneked.com\/2022\/08\/10\/kevin-davy-white-csak-egy-este-orvenyeshegyen\/#breadcrumb"},"inLanguage":"fr-FR","potentialAction":[{"@type":"ReadAction","target":["https:\/\/balatonneked.com\/2022\/08\/10\/kevin-davy-white-csak-egy-este-orvenyeshegyen\/"]}]},{"@type":"ImageObject","inLanguage":"fr-FR","@id":"https:\/\/balatonneked.com\/2022\/08\/10\/kevin-davy-white-csak-egy-este-orvenyeshegyen\/#primaryimage","url":"https:\/\/balatonneked.com\/wp-content\/uploads\/2022\/08\/292535324_445746410894650_9161701944632663822_n.jpg","contentUrl":"https:\/\/balatonneked.com\/wp-content\/uploads\/2022\/08\/292535324_445746410894650_9161701944632663822_n.jpg","width":1080,"height":720},{"@type":"BreadcrumbList","@id":"https:\/\/balatonneked.com\/2022\/08\/10\/kevin-davy-white-csak-egy-este-orvenyeshegyen\/#breadcrumb","itemListElement":[{"@type":"ListItem","position":1,"name":"Kezd\u0151lap","item":"https:\/\/balatonneked.com\/"},{"@type":"ListItem","position":2,"name":"Kevin Davy White &#8211; Csak egy este \u00d6rv\u00e9nyeshegyen"}]},{"@type":"WebSite","@id":"https:\/\/balatonneked.com\/#website","url":"https:\/\/balatonneked.com\/","name":"BALATON NEKED","description":"A Balaton leginformat\u00edvabb magazinja","publisher":{"@id":"https:\/\/balatonneked.com\/#organization"},"potentialAction":[{"@type":"SearchAction","target":{"@type":"EntryPoint","urlTemplate":"https:\/\/balatonneked.com\/?s={search_term_string}"},"query-input":{"@type":"PropertyValueSpecification","valueRequired":true,"valueName":"search_term_string"}}],"inLanguage":"fr-FR"},{"@type":"Organization","@id":"https:\/\/balatonneked.com\/#organization","name":"BalatonNeked","url":"https:\/\/balatonneked.com\/","logo":{"@type":"ImageObject","inLanguage":"fr-FR","@id":"https:\/\/balatonneked.com\/#\/schema\/logo\/image\/","url":"https:\/\/balatonneked.com\/wp-content\/uploads\/2019\/05\/bnekedlogo.png","contentUrl":"https:\/\/balatonneked.com\/wp-content\/uploads\/2019\/05\/bnekedlogo.png","width":750,"height":750,"caption":"BalatonNeked"},"image":{"@id":"https:\/\/balatonneked.com\/#\/schema\/logo\/image\/"},"sameAs":["https:\/\/www.facebook.com\/BalatonNeked"]},{"@type":"Person","@id":"https:\/\/balatonneked.com\/#\/schema\/person\/e872a2bb920e6daab47d667be3035245","name":"Csilla","image":{"@type":"ImageObject","inLanguage":"fr-FR","@id":"https:\/\/balatonneked.com\/#\/schema\/person\/image\/","url":"https:\/\/balatonneked.com\/wp-content\/uploads\/2022\/05\/Feher-Csilla-Balaton-Neked-100x100.png","contentUrl":"https:\/\/balatonneked.com\/wp-content\/uploads\/2022\/05\/Feher-Csilla-Balaton-Neked-100x100.png","caption":"Csilla"},"description":"A BalatonNeked Magazin meg\u00e1lmod\u00f3ja \u00e9s tulajdonosa.","url":"https:\/\/balatonneked.com\/fr\/author\/admin\/"}]}},"_links":{"self":[{"href":"https:\/\/balatonneked.com\/fr\/wp-json\/wp\/v2\/posts\/4962","targetHints":{"allow":["GET"]}}],"collection":[{"href":"https:\/\/balatonneked.com\/fr\/wp-json\/wp\/v2\/posts"}],"about":[{"href":"https:\/\/balatonneked.com\/fr\/wp-json\/wp\/v2\/types\/post"}],"author":[{"embeddable":true,"href":"https:\/\/balatonneked.com\/fr\/wp-json\/wp\/v2\/users\/1"}],"replies":[{"embeddable":true,"href":"https:\/\/balatonneked.com\/fr\/wp-json\/wp\/v2\/comments?post=4962"}],"version-history":[{"count":1,"href":"https:\/\/balatonneked.com\/fr\/wp-json\/wp\/v2\/posts\/4962\/revisions"}],"predecessor-version":[{"id":4964,"href":"https:\/\/balatonneked.com\/fr\/wp-json\/wp\/v2\/posts\/4962\/revisions\/4964"}],"wp:featuredmedia":[{"embeddable":true,"href":"https:\/\/balatonneked.com\/fr\/wp-json\/wp\/v2\/media\/4963"}],"wp:attachment":[{"href":"https:\/\/balatonneked.com\/fr\/wp-json\/wp\/v2\/media?parent=4962"}],"wp:term":[{"taxonomy":"category","embeddable":true,"href":"https:\/\/balatonneked.com\/fr\/wp-json\/wp\/v2\/categories?post=4962"},{"taxonomy":"post_tag","embeddable":true,"href":"https:\/\/balatonneked.com\/fr\/wp-json\/wp\/v2\/tags?post=4962"}],"curies":[{"name":"wp","href":"https:\/\/api.w.org\/{rel}","templated":true}]}}