{"id":4059,"date":"2022-06-25T17:42:04","date_gmt":"2022-06-25T16:42:04","guid":{"rendered":"https:\/\/balatonneked.com\/?p=4059"},"modified":"2022-06-25T17:42:06","modified_gmt":"2022-06-25T16:42:06","slug":"strand-miset-tartanak-tihanyban","status":"publish","type":"post","link":"https:\/\/balatonneked.com\/fr\/2022\/06\/25\/strand-miset-tartanak-tihanyban\/","title":{"rendered":"Strand-mis\u00e9t tartanak Tihanyban"},"content":{"rendered":"<p>Balaton parti zen\u00e9s istentiszteletet tart Tihanyban az \u00d6kumenikus Egyh\u00e1z j\u00fanius 26-\u00e1n 10 \u00f3r\u00e1t\u00f3l. A k\u00f6zvetlen\u00fcl a v\u00edzparton tartott szertart\u00e1son a Shygys \u00e9nekese, Gajdos Attila is r\u00e9szt vesz a gospel k\u00f3rus tagjak\u00e9nt. A rendhagy\u00f3 &#8222;strand-mise&#8221; sor\u00e1n ig\u00e9t hirdet T\u00f3th Mih\u00e1ly diak\u00f3nus, az \u00d6kumenikus Egyh\u00e1z lelk\u00e9sze.<\/p><p>&#8222;Menjetek \u00e9s tegyetek tan\u00edtv\u00e1nyomm\u00e1 minden n\u00e9pet &#8211; adta utas\u00edt\u00e1sba J\u00e9zus Krisztus, \u00edgy minis megy\u00fcnk. Megy\u00fcnk az esk\u00fcv\u0151kre, megy\u00fcnk a temet\u00e9sekre, megy\u00fcnk a fesztiv\u00e1lokra, \u00e9s ha az emberek \u00e9pp a strandon vannak, akkor oda is megy\u00fcnk. Az \u00f6r\u00f6mh\u00edrt mindenhov\u00e1 el lehet vinni. A gospel Istentisztelet pedig kiv\u00e1l\u00f3 m\u00f3dszer is r\u00e1, hiszen k\u00f6nnyen befogadhat\u00f3, \u00e9lvezhet\u0151&#8221; &#8211; mondta el a lelk\u00e9sz.<\/p><p>A szertart\u00e1s sor\u00e1n olyan ismert dalok csend\u00fclnek fel, mint az Ap\u00e1ca show c\u00edm\u0171 film \u00e1ltal k\u00f6zismert lett &#8222;I will follow him&#8221;, vagy az Aretha Franklin miatt n\u00e9pszer\u0171v\u00e9 v\u00e1lt &#8222;Ain&#8217;t no mountain high&#8221;. Elhangzik az angol kir\u00e1lyi esk\u00fcv\u0151 \u00f3ta templomban is \u00e9nekelt &#8222;Stand by me&#8221;, \u00e9s a jelenl\u00e9v\u0151k az &#8222;Oh, happy day&#8221; daln\u00e1l ak\u00e1r be is kapcsol\u00f3dhatnak a k\u00f6z\u00f6s \u00e9nekl\u00e9sbe.<\/p><p>Az esem\u00e9ny d\u00edjmentes, a felaj\u00e1nlott adom\u00e1nyokat az \u00d6r\u00f6kbe Fogadok Egy Ovit mozgalom &#8222;Vil\u00e1gjegy&#8221; programj\u00e1ra ford\u00edtj\u00e1k.<\/p><p><\/p>","protected":false},"excerpt":{"rendered":"<p>Balaton parti zen\u00e9s istentiszteletet tart Tihanyban az \u00d6kumenikus Egyh\u00e1z j\u00fanius 26-\u00e1n 10 \u00f3r\u00e1t\u00f3l. A k\u00f6zvetlen\u00fcl a v\u00edzparton tartott szertart\u00e1son a Shygys \u00e9nekese, Gajdos Attila is r\u00e9szt vesz a gospel k\u00f3rus tagjak\u00e9nt. A rendhagy\u00f3 &#8222;strand-mise&#8221; sor\u00e1n ig\u00e9t hirdet T\u00f3th Mih\u00e1ly diak\u00f3nus, az \u00d6kumenikus Egyh\u00e1z lelk\u00e9sze. &#8222;Menjetek \u00e9s tegyetek tan\u00edtv\u00e1nyomm\u00e1 minden n\u00e9pet &#8211; adta utas\u00edt\u00e1sba J\u00e9zus Krisztus, [&hellip;]<\/p>","protected":false},"author":1,"featured_media":4060,"comment_status":"open","ping_status":"open","sticky":false,"template":"","format":"standard","meta":{"_acf_changed":false,"footnotes":""},"categories":[311,130],"tags":[473,472,131,474],"class_list":["post-4059","post","type-post","status-publish","format-standard","has-post-thumbnail","hentry","category-programok","category-tihany","tag-egyhaz","tag-strandmise","tag-tihany","tag-vallas"],"acf":[],"yoast_head":"<!-- This site is optimized with the Yoast SEO plugin v25.1 - https:\/\/yoast.com\/wordpress\/plugins\/seo\/ -->\n<title>Strand-mis\u00e9t tartanak Tihanyban - BALATON NEKED<\/title>\n<meta name=\"robots\" content=\"index, follow, max-snippet:-1, max-image-preview:large, max-video-preview:-1\" \/>\n<link rel=\"canonical\" href=\"https:\/\/balatonneked.com\/fr\/2022\/06\/25\/strand-miset-tartanak-tihanyban\/\" \/>\n<meta property=\"og:locale\" content=\"fr_FR\" \/>\n<meta property=\"og:type\" content=\"article\" \/>\n<meta property=\"og:title\" content=\"Strand-mis\u00e9t tartanak Tihanyban - BALATON NEKED\" \/>\n<meta property=\"og:description\" content=\"Balaton parti zen\u00e9s istentiszteletet tart Tihanyban az \u00d6kumenikus Egyh\u00e1z j\u00fanius 26-\u00e1n 10 \u00f3r\u00e1t\u00f3l. A k\u00f6zvetlen\u00fcl a v\u00edzparton tartott szertart\u00e1son a Shygys \u00e9nekese, Gajdos Attila is r\u00e9szt vesz a gospel k\u00f3rus tagjak\u00e9nt. A rendhagy\u00f3 &#8222;strand-mise&#8221; sor\u00e1n ig\u00e9t hirdet T\u00f3th Mih\u00e1ly diak\u00f3nus, az \u00d6kumenikus Egyh\u00e1z lelk\u00e9sze. &#8222;Menjetek \u00e9s tegyetek tan\u00edtv\u00e1nyomm\u00e1 minden n\u00e9pet &#8211; adta utas\u00edt\u00e1sba J\u00e9zus Krisztus, [&hellip;]\" \/>\n<meta property=\"og:url\" content=\"https:\/\/balatonneked.com\/fr\/2022\/06\/25\/strand-miset-tartanak-tihanyban\/\" \/>\n<meta property=\"og:site_name\" content=\"BALATON NEKED\" \/>\n<meta property=\"article:publisher\" content=\"https:\/\/www.facebook.com\/BalatonNeked\" \/>\n<meta property=\"article:published_time\" content=\"2022-06-25T16:42:04+00:00\" \/>\n<meta property=\"article:modified_time\" content=\"2022-06-25T16:42:06+00:00\" \/>\n<meta property=\"og:image\" content=\"https:\/\/balatonneked.com\/wp-content\/uploads\/2022\/06\/j4FgtLA.png\" \/>\n\t<meta property=\"og:image:width\" content=\"1200\" \/>\n\t<meta property=\"og:image:height\" content=\"630\" \/>\n\t<meta property=\"og:image:type\" content=\"image\/png\" \/>\n<meta name=\"author\" content=\"Csilla\" \/>\n<meta name=\"twitter:card\" content=\"summary_large_image\" \/>\n<meta name=\"twitter:label1\" content=\"\u00c9crit par\" \/>\n\t<meta name=\"twitter:data1\" content=\"Csilla\" \/>\n\t<meta name=\"twitter:label2\" content=\"Dur\u00e9e de lecture estim\u00e9e\" \/>\n\t<meta name=\"twitter:data2\" content=\"1 minute\" \/>\n<script type=\"application\/ld+json\" class=\"yoast-schema-graph\">{\"@context\":\"https:\/\/schema.org\",\"@graph\":[{\"@type\":\"Article\",\"@id\":\"https:\/\/balatonneked.com\/2022\/06\/25\/strand-miset-tartanak-tihanyban\/#article\",\"isPartOf\":{\"@id\":\"https:\/\/balatonneked.com\/2022\/06\/25\/strand-miset-tartanak-tihanyban\/\"},\"author\":{\"name\":\"Csilla\",\"@id\":\"https:\/\/balatonneked.com\/#\/schema\/person\/e872a2bb920e6daab47d667be3035245\"},\"headline\":\"Strand-mis\u00e9t tartanak Tihanyban\",\"datePublished\":\"2022-06-25T16:42:04+00:00\",\"dateModified\":\"2022-06-25T16:42:06+00:00\",\"mainEntityOfPage\":{\"@id\":\"https:\/\/balatonneked.com\/2022\/06\/25\/strand-miset-tartanak-tihanyban\/\"},\"wordCount\":248,\"commentCount\":0,\"publisher\":{\"@id\":\"https:\/\/balatonneked.com\/#organization\"},\"image\":{\"@id\":\"https:\/\/balatonneked.com\/2022\/06\/25\/strand-miset-tartanak-tihanyban\/#primaryimage\"},\"thumbnailUrl\":\"https:\/\/balatonneked.com\/wp-content\/uploads\/2022\/06\/j4FgtLA.png\",\"keywords\":[\"egyh\u00e1z\",\"strandmise\",\"Tihany\",\"vall\u00e1s\"],\"articleSection\":[\"Programok\",\"Tihany\"],\"inLanguage\":\"fr-FR\",\"potentialAction\":[{\"@type\":\"CommentAction\",\"name\":\"Comment\",\"target\":[\"https:\/\/balatonneked.com\/2022\/06\/25\/strand-miset-tartanak-tihanyban\/#respond\"]}]},{\"@type\":\"WebPage\",\"@id\":\"https:\/\/balatonneked.com\/2022\/06\/25\/strand-miset-tartanak-tihanyban\/\",\"url\":\"https:\/\/balatonneked.com\/2022\/06\/25\/strand-miset-tartanak-tihanyban\/\",\"name\":\"Strand-mis\u00e9t tartanak Tihanyban - BALATON NEKED\",\"isPartOf\":{\"@id\":\"https:\/\/balatonneked.com\/#website\"},\"primaryImageOfPage\":{\"@id\":\"https:\/\/balatonneked.com\/2022\/06\/25\/strand-miset-tartanak-tihanyban\/#primaryimage\"},\"image\":{\"@id\":\"https:\/\/balatonneked.com\/2022\/06\/25\/strand-miset-tartanak-tihanyban\/#primaryimage\"},\"thumbnailUrl\":\"https:\/\/balatonneked.com\/wp-content\/uploads\/2022\/06\/j4FgtLA.png\",\"datePublished\":\"2022-06-25T16:42:04+00:00\",\"dateModified\":\"2022-06-25T16:42:06+00:00\",\"breadcrumb\":{\"@id\":\"https:\/\/balatonneked.com\/2022\/06\/25\/strand-miset-tartanak-tihanyban\/#breadcrumb\"},\"inLanguage\":\"fr-FR\",\"potentialAction\":[{\"@type\":\"ReadAction\",\"target\":[\"https:\/\/balatonneked.com\/2022\/06\/25\/strand-miset-tartanak-tihanyban\/\"]}]},{\"@type\":\"ImageObject\",\"inLanguage\":\"fr-FR\",\"@id\":\"https:\/\/balatonneked.com\/2022\/06\/25\/strand-miset-tartanak-tihanyban\/#primaryimage\",\"url\":\"https:\/\/balatonneked.com\/wp-content\/uploads\/2022\/06\/j4FgtLA.png\",\"contentUrl\":\"https:\/\/balatonneked.com\/wp-content\/uploads\/2022\/06\/j4FgtLA.png\",\"width\":1200,\"height\":630},{\"@type\":\"BreadcrumbList\",\"@id\":\"https:\/\/balatonneked.com\/2022\/06\/25\/strand-miset-tartanak-tihanyban\/#breadcrumb\",\"itemListElement\":[{\"@type\":\"ListItem\",\"position\":1,\"name\":\"Kezd\u0151lap\",\"item\":\"https:\/\/balatonneked.com\/\"},{\"@type\":\"ListItem\",\"position\":2,\"name\":\"Strand-mis\u00e9t tartanak Tihanyban\"}]},{\"@type\":\"WebSite\",\"@id\":\"https:\/\/balatonneked.com\/#website\",\"url\":\"https:\/\/balatonneked.com\/\",\"name\":\"BALATON NEKED\",\"description\":\"A Balaton leginformat\u00edvabb magazinja\",\"publisher\":{\"@id\":\"https:\/\/balatonneked.com\/#organization\"},\"potentialAction\":[{\"@type\":\"SearchAction\",\"target\":{\"@type\":\"EntryPoint\",\"urlTemplate\":\"https:\/\/balatonneked.com\/?s={search_term_string}\"},\"query-input\":{\"@type\":\"PropertyValueSpecification\",\"valueRequired\":true,\"valueName\":\"search_term_string\"}}],\"inLanguage\":\"fr-FR\"},{\"@type\":\"Organization\",\"@id\":\"https:\/\/balatonneked.com\/#organization\",\"name\":\"BalatonNeked\",\"url\":\"https:\/\/balatonneked.com\/\",\"logo\":{\"@type\":\"ImageObject\",\"inLanguage\":\"fr-FR\",\"@id\":\"https:\/\/balatonneked.com\/#\/schema\/logo\/image\/\",\"url\":\"https:\/\/balatonneked.com\/wp-content\/uploads\/2019\/05\/bnekedlogo.png\",\"contentUrl\":\"https:\/\/balatonneked.com\/wp-content\/uploads\/2019\/05\/bnekedlogo.png\",\"width\":750,\"height\":750,\"caption\":\"BalatonNeked\"},\"image\":{\"@id\":\"https:\/\/balatonneked.com\/#\/schema\/logo\/image\/\"},\"sameAs\":[\"https:\/\/www.facebook.com\/BalatonNeked\"]},{\"@type\":\"Person\",\"@id\":\"https:\/\/balatonneked.com\/#\/schema\/person\/e872a2bb920e6daab47d667be3035245\",\"name\":\"Csilla\",\"image\":{\"@type\":\"ImageObject\",\"inLanguage\":\"fr-FR\",\"@id\":\"https:\/\/balatonneked.com\/#\/schema\/person\/image\/\",\"url\":\"https:\/\/balatonneked.com\/wp-content\/uploads\/2022\/05\/Feher-Csilla-Balaton-Neked-100x100.png\",\"contentUrl\":\"https:\/\/balatonneked.com\/wp-content\/uploads\/2022\/05\/Feher-Csilla-Balaton-Neked-100x100.png\",\"caption\":\"Csilla\"},\"description\":\"A BalatonNeked Magazin meg\u00e1lmod\u00f3ja \u00e9s tulajdonosa.\",\"url\":\"https:\/\/balatonneked.com\/fr\/author\/admin\/\"}]}<\/script>\n<!-- \/ Yoast SEO plugin. -->","yoast_head_json":{"title":"Strand-mis\u00e9t tartanak Tihanyban - BALATON NEKED","robots":{"index":"index","follow":"follow","max-snippet":"max-snippet:-1","max-image-preview":"max-image-preview:large","max-video-preview":"max-video-preview:-1"},"canonical":"https:\/\/balatonneked.com\/fr\/2022\/06\/25\/strand-miset-tartanak-tihanyban\/","og_locale":"fr_FR","og_type":"article","og_title":"Strand-mis\u00e9t tartanak Tihanyban - BALATON NEKED","og_description":"Balaton parti zen\u00e9s istentiszteletet tart Tihanyban az \u00d6kumenikus Egyh\u00e1z j\u00fanius 26-\u00e1n 10 \u00f3r\u00e1t\u00f3l. A k\u00f6zvetlen\u00fcl a v\u00edzparton tartott szertart\u00e1son a Shygys \u00e9nekese, Gajdos Attila is r\u00e9szt vesz a gospel k\u00f3rus tagjak\u00e9nt. A rendhagy\u00f3 &#8222;strand-mise&#8221; sor\u00e1n ig\u00e9t hirdet T\u00f3th Mih\u00e1ly diak\u00f3nus, az \u00d6kumenikus Egyh\u00e1z lelk\u00e9sze. &#8222;Menjetek \u00e9s tegyetek tan\u00edtv\u00e1nyomm\u00e1 minden n\u00e9pet &#8211; adta utas\u00edt\u00e1sba J\u00e9zus Krisztus, [&hellip;]","og_url":"https:\/\/balatonneked.com\/fr\/2022\/06\/25\/strand-miset-tartanak-tihanyban\/","og_site_name":"BALATON NEKED","article_publisher":"https:\/\/www.facebook.com\/BalatonNeked","article_published_time":"2022-06-25T16:42:04+00:00","article_modified_time":"2022-06-25T16:42:06+00:00","og_image":[{"width":1200,"height":630,"url":"https:\/\/balatonneked.com\/wp-content\/uploads\/2022\/06\/j4FgtLA.png","type":"image\/png"}],"author":"Csilla","twitter_card":"summary_large_image","twitter_misc":{"\u00c9crit par":"Csilla","Dur\u00e9e de lecture estim\u00e9e":"1 minute"},"schema":{"@context":"https:\/\/schema.org","@graph":[{"@type":"Article","@id":"https:\/\/balatonneked.com\/2022\/06\/25\/strand-miset-tartanak-tihanyban\/#article","isPartOf":{"@id":"https:\/\/balatonneked.com\/2022\/06\/25\/strand-miset-tartanak-tihanyban\/"},"author":{"name":"Csilla","@id":"https:\/\/balatonneked.com\/#\/schema\/person\/e872a2bb920e6daab47d667be3035245"},"headline":"Strand-mis\u00e9t tartanak Tihanyban","datePublished":"2022-06-25T16:42:04+00:00","dateModified":"2022-06-25T16:42:06+00:00","mainEntityOfPage":{"@id":"https:\/\/balatonneked.com\/2022\/06\/25\/strand-miset-tartanak-tihanyban\/"},"wordCount":248,"commentCount":0,"publisher":{"@id":"https:\/\/balatonneked.com\/#organization"},"image":{"@id":"https:\/\/balatonneked.com\/2022\/06\/25\/strand-miset-tartanak-tihanyban\/#primaryimage"},"thumbnailUrl":"https:\/\/balatonneked.com\/wp-content\/uploads\/2022\/06\/j4FgtLA.png","keywords":["egyh\u00e1z","strandmise","Tihany","vall\u00e1s"],"articleSection":["Programok","Tihany"],"inLanguage":"fr-FR","potentialAction":[{"@type":"CommentAction","name":"Comment","target":["https:\/\/balatonneked.com\/2022\/06\/25\/strand-miset-tartanak-tihanyban\/#respond"]}]},{"@type":"WebPage","@id":"https:\/\/balatonneked.com\/2022\/06\/25\/strand-miset-tartanak-tihanyban\/","url":"https:\/\/balatonneked.com\/2022\/06\/25\/strand-miset-tartanak-tihanyban\/","name":"Strand-mis\u00e9t tartanak Tihanyban - BALATON NEKED","isPartOf":{"@id":"https:\/\/balatonneked.com\/#website"},"primaryImageOfPage":{"@id":"https:\/\/balatonneked.com\/2022\/06\/25\/strand-miset-tartanak-tihanyban\/#primaryimage"},"image":{"@id":"https:\/\/balatonneked.com\/2022\/06\/25\/strand-miset-tartanak-tihanyban\/#primaryimage"},"thumbnailUrl":"https:\/\/balatonneked.com\/wp-content\/uploads\/2022\/06\/j4FgtLA.png","datePublished":"2022-06-25T16:42:04+00:00","dateModified":"2022-06-25T16:42:06+00:00","breadcrumb":{"@id":"https:\/\/balatonneked.com\/2022\/06\/25\/strand-miset-tartanak-tihanyban\/#breadcrumb"},"inLanguage":"fr-FR","potentialAction":[{"@type":"ReadAction","target":["https:\/\/balatonneked.com\/2022\/06\/25\/strand-miset-tartanak-tihanyban\/"]}]},{"@type":"ImageObject","inLanguage":"fr-FR","@id":"https:\/\/balatonneked.com\/2022\/06\/25\/strand-miset-tartanak-tihanyban\/#primaryimage","url":"https:\/\/balatonneked.com\/wp-content\/uploads\/2022\/06\/j4FgtLA.png","contentUrl":"https:\/\/balatonneked.com\/wp-content\/uploads\/2022\/06\/j4FgtLA.png","width":1200,"height":630},{"@type":"BreadcrumbList","@id":"https:\/\/balatonneked.com\/2022\/06\/25\/strand-miset-tartanak-tihanyban\/#breadcrumb","itemListElement":[{"@type":"ListItem","position":1,"name":"Kezd\u0151lap","item":"https:\/\/balatonneked.com\/"},{"@type":"ListItem","position":2,"name":"Strand-mis\u00e9t tartanak Tihanyban"}]},{"@type":"WebSite","@id":"https:\/\/balatonneked.com\/#website","url":"https:\/\/balatonneked.com\/","name":"BALATON NEKED","description":"A Balaton leginformat\u00edvabb magazinja","publisher":{"@id":"https:\/\/balatonneked.com\/#organization"},"potentialAction":[{"@type":"SearchAction","target":{"@type":"EntryPoint","urlTemplate":"https:\/\/balatonneked.com\/?s={search_term_string}"},"query-input":{"@type":"PropertyValueSpecification","valueRequired":true,"valueName":"search_term_string"}}],"inLanguage":"fr-FR"},{"@type":"Organization","@id":"https:\/\/balatonneked.com\/#organization","name":"BalatonNeked","url":"https:\/\/balatonneked.com\/","logo":{"@type":"ImageObject","inLanguage":"fr-FR","@id":"https:\/\/balatonneked.com\/#\/schema\/logo\/image\/","url":"https:\/\/balatonneked.com\/wp-content\/uploads\/2019\/05\/bnekedlogo.png","contentUrl":"https:\/\/balatonneked.com\/wp-content\/uploads\/2019\/05\/bnekedlogo.png","width":750,"height":750,"caption":"BalatonNeked"},"image":{"@id":"https:\/\/balatonneked.com\/#\/schema\/logo\/image\/"},"sameAs":["https:\/\/www.facebook.com\/BalatonNeked"]},{"@type":"Person","@id":"https:\/\/balatonneked.com\/#\/schema\/person\/e872a2bb920e6daab47d667be3035245","name":"Csilla","image":{"@type":"ImageObject","inLanguage":"fr-FR","@id":"https:\/\/balatonneked.com\/#\/schema\/person\/image\/","url":"https:\/\/balatonneked.com\/wp-content\/uploads\/2022\/05\/Feher-Csilla-Balaton-Neked-100x100.png","contentUrl":"https:\/\/balatonneked.com\/wp-content\/uploads\/2022\/05\/Feher-Csilla-Balaton-Neked-100x100.png","caption":"Csilla"},"description":"A BalatonNeked Magazin meg\u00e1lmod\u00f3ja \u00e9s tulajdonosa.","url":"https:\/\/balatonneked.com\/fr\/author\/admin\/"}]}},"_links":{"self":[{"href":"https:\/\/balatonneked.com\/fr\/wp-json\/wp\/v2\/posts\/4059","targetHints":{"allow":["GET"]}}],"collection":[{"href":"https:\/\/balatonneked.com\/fr\/wp-json\/wp\/v2\/posts"}],"about":[{"href":"https:\/\/balatonneked.com\/fr\/wp-json\/wp\/v2\/types\/post"}],"author":[{"embeddable":true,"href":"https:\/\/balatonneked.com\/fr\/wp-json\/wp\/v2\/users\/1"}],"replies":[{"embeddable":true,"href":"https:\/\/balatonneked.com\/fr\/wp-json\/wp\/v2\/comments?post=4059"}],"version-history":[{"count":1,"href":"https:\/\/balatonneked.com\/fr\/wp-json\/wp\/v2\/posts\/4059\/revisions"}],"predecessor-version":[{"id":4061,"href":"https:\/\/balatonneked.com\/fr\/wp-json\/wp\/v2\/posts\/4059\/revisions\/4061"}],"wp:featuredmedia":[{"embeddable":true,"href":"https:\/\/balatonneked.com\/fr\/wp-json\/wp\/v2\/media\/4060"}],"wp:attachment":[{"href":"https:\/\/balatonneked.com\/fr\/wp-json\/wp\/v2\/media?parent=4059"}],"wp:term":[{"taxonomy":"category","embeddable":true,"href":"https:\/\/balatonneked.com\/fr\/wp-json\/wp\/v2\/categories?post=4059"},{"taxonomy":"post_tag","embeddable":true,"href":"https:\/\/balatonneked.com\/fr\/wp-json\/wp\/v2\/tags?post=4059"}],"curies":[{"name":"wp","href":"https:\/\/api.w.org\/{rel}","templated":true}]}}