{"id":3116,"date":"2021-06-06T08:39:04","date_gmt":"2021-06-06T07:39:04","guid":{"rendered":"https:\/\/balatonneked.com\/?p=3116"},"modified":"2021-06-06T08:39:05","modified_gmt":"2021-06-06T07:39:05","slug":"marad-a-balaton-deli-partjan-a-strand-fesztival","status":"publish","type":"post","link":"https:\/\/balatonneked.com\/fr\/2021\/06\/06\/marad-a-balaton-deli-partjan-a-strand-fesztival\/","title":{"rendered":"Marad a Balaton d\u00e9li partj\u00e1n a Strand Fesztiv\u00e1l"},"content":{"rendered":"<p><strong>Balatonvil\u00e1goson<\/strong> rendezik meg a <strong>10 Nap Strand<\/strong> fesztiv\u00e1lt <strong>augusztus 18. \u00e9s 22., valamint 25. \u00e9s 29. k\u00f6z\u00f6tt<\/strong> \u2013 k\u00f6z\u00f6lt\u00e9k a szervez\u0151k az MTI-vel &#8211; \u00edrja a 24.hu. A kor\u00e1bbi Strand Fesztiv\u00e1l azut\u00e1n kapott \u00faj nevet \u00e9s helysz\u00ednt, hogy Zam\u00e1rdi \u00f6nkorm\u00e1nyzata \u00fagy d\u00f6nt\u00f6tt, id\u00e9n egyetlen t\u00f6megrendezv\u00e9nynek sem ad helysz\u00ednt \u2013 der\u00fcl ki a k\u00f6zlem\u00e9nyb\u0151l.<\/p><p>A kor\u00e1bban a Strand Fesztiv\u00e1lra v\u00e1rt nemzetk\u00f6zi fell\u00e9p\u0151k k\u00f6z\u00fcl eddig a Lost Frequencies \u00e9s Alle Farben l\u00e9p fel biztosan a balatonvil\u00e1gosi rendezv\u00e9nyen. A hazai fell\u00e9p\u0151k k\u00f6z\u00f6tt lesz \u00c1kos, a Halott P\u00e9nz, a Tankcsapda, Majka \u00e9s Curtis, a Punnany Massif \u00e9s a Bagossy Brothers Company is.<\/p><p>A szervez\u0151k szerint a fesztiv\u00e1l id\u00e9n kisebb lesz \u00e9s hosszabb. Balatonvil\u00e1goson k\u00e9t sz\u00ednpad, t\u00e1bort\u0171z, kertmozi, el\u0151ad\u00e1sok, besz\u00e9lget\u00e9sek \u00e9s v\u00edzparti j\u00e1t\u00e9kok, valamint sz\u00e1zn\u00e1l is t\u00f6bb zenekar \u00e9s dj is v\u00e1rni fogja a k\u00f6z\u00f6ns\u00e9get.<\/p><p>A fesztiv\u00e1l T\u00e1bort\u0171z programj\u00e1t id\u00e9n is J\u00e1rai M\u00e1rk szervezi, a Strand Kertmozi h\u00e1zigazd\u00e1ja Tilla lesz \u00e9s minden nap fell\u00e9pnek a Dumasz\u00ednh\u00e1z m\u0171v\u00e9szei. A t\u00edznapos program r\u00e9sze k\u00e9t vas\u00e1rnap is, amikor kifejezetten csal\u00e1dokat v\u00e1r a fesztiv\u00e1l koncertekkel \u00e9s kedvezm\u00e9nyes bel\u00e9p\u0151kkel \u2013 tartalmazza a k\u00f6zlem\u00e9ny. Azok, akik kor\u00e1bban v\u00e1s\u00e1roltak jegyet az elmaradt 2020-as Strand Fesztiv\u00e1lra, felhaszn\u00e1lhatj\u00e1k a bel\u00e9p\u0151t az idei vagy a 2022-es rendezv\u00e9nyre is. A r\u00e9szletekr\u0151l a fesztiv\u00e1l internetes oldal\u00e1n (<a href=\"https:\/\/strandfesztival.com\/hu\/\">strandfesztival.com<\/a>) lehet olvasni.<br><br>A <a href=\"https:\/\/24.hu\/belfold\/2021\/06\/04\/marad-a-balaton-deli-partjan-a-strand-fesztival\/\">24.hu<\/a> cikke nyom\u00e1n<br>Kiemelt k\u00e9p: strandfesztival.com<\/p>","protected":false},"excerpt":{"rendered":"<p>Balatonvil\u00e1goson rendezik meg a 10 Nap Strand fesztiv\u00e1lt augusztus 18. \u00e9s 22., valamint 25. \u00e9s 29. k\u00f6z\u00f6tt \u2013 k\u00f6z\u00f6lt\u00e9k a szervez\u0151k az MTI-vel &#8211; \u00edrja a 24.hu. A kor\u00e1bbi Strand Fesztiv\u00e1l azut\u00e1n kapott \u00faj nevet \u00e9s helysz\u00ednt, hogy Zam\u00e1rdi \u00f6nkorm\u00e1nyzata \u00fagy d\u00f6nt\u00f6tt, id\u00e9n egyetlen t\u00f6megrendezv\u00e9nynek sem ad helysz\u00ednt \u2013 der\u00fcl ki a k\u00f6zlem\u00e9nyb\u0151l. A kor\u00e1bban [&hellip;]<\/p>","protected":false},"author":2,"featured_media":3117,"comment_status":"closed","ping_status":"open","sticky":false,"template":"","format":"standard","meta":{"_acf_changed":false,"footnotes":""},"categories":[337,338,155],"tags":[339,300,340],"class_list":["post-3116","post","type-post","status-publish","format-standard","has-post-thumbnail","hentry","category-balatonvilagos","category-fesztival","category-hirek","tag-10-nap-strand","tag-balatonvilagos","tag-strandfesztival"],"acf":[],"yoast_head":"<!-- This site is optimized with the Yoast SEO plugin v25.1 - https:\/\/yoast.com\/wordpress\/plugins\/seo\/ -->\n<title>Marad a Balaton d\u00e9li partj\u00e1n a Strand Fesztiv\u00e1l - BALATON NEKED<\/title>\n<meta name=\"robots\" content=\"index, follow, max-snippet:-1, max-image-preview:large, max-video-preview:-1\" \/>\n<link rel=\"canonical\" href=\"https:\/\/balatonneked.com\/fr\/2021\/06\/06\/marad-a-balaton-deli-partjan-a-strand-fesztival\/\" \/>\n<meta property=\"og:locale\" content=\"fr_FR\" \/>\n<meta property=\"og:type\" content=\"article\" \/>\n<meta property=\"og:title\" content=\"Marad a Balaton d\u00e9li partj\u00e1n a Strand Fesztiv\u00e1l - BALATON NEKED\" \/>\n<meta property=\"og:description\" content=\"Balatonvil\u00e1goson rendezik meg a 10 Nap Strand fesztiv\u00e1lt augusztus 18. \u00e9s 22., valamint 25. \u00e9s 29. k\u00f6z\u00f6tt \u2013 k\u00f6z\u00f6lt\u00e9k a szervez\u0151k az MTI-vel &#8211; \u00edrja a 24.hu. A kor\u00e1bbi Strand Fesztiv\u00e1l azut\u00e1n kapott \u00faj nevet \u00e9s helysz\u00ednt, hogy Zam\u00e1rdi \u00f6nkorm\u00e1nyzata \u00fagy d\u00f6nt\u00f6tt, id\u00e9n egyetlen t\u00f6megrendezv\u00e9nynek sem ad helysz\u00ednt \u2013 der\u00fcl ki a k\u00f6zlem\u00e9nyb\u0151l. A kor\u00e1bban [&hellip;]\" \/>\n<meta property=\"og:url\" content=\"https:\/\/balatonneked.com\/fr\/2021\/06\/06\/marad-a-balaton-deli-partjan-a-strand-fesztival\/\" \/>\n<meta property=\"og:site_name\" content=\"BALATON NEKED\" \/>\n<meta property=\"article:publisher\" content=\"https:\/\/www.facebook.com\/BalatonNeked\" \/>\n<meta property=\"article:published_time\" content=\"2021-06-06T07:39:04+00:00\" \/>\n<meta property=\"article:modified_time\" content=\"2021-06-06T07:39:05+00:00\" \/>\n<meta property=\"og:image\" content=\"https:\/\/balatonneked.com\/wp-content\/uploads\/2021\/06\/strandfesztival.jpg\" \/>\n\t<meta property=\"og:image:width\" content=\"2560\" \/>\n\t<meta property=\"og:image:height\" content=\"1272\" \/>\n\t<meta property=\"og:image:type\" content=\"image\/jpeg\" \/>\n<meta name=\"author\" content=\"-\" \/>\n<meta name=\"twitter:card\" content=\"summary_large_image\" \/>\n<meta name=\"twitter:label1\" content=\"\u00c9crit par\" \/>\n\t<meta name=\"twitter:data1\" content=\"-\" \/>\n\t<meta name=\"twitter:label2\" content=\"Dur\u00e9e de lecture estim\u00e9e\" \/>\n\t<meta name=\"twitter:data2\" content=\"1 minute\" \/>\n<script type=\"application\/ld+json\" class=\"yoast-schema-graph\">{\"@context\":\"https:\/\/schema.org\",\"@graph\":[{\"@type\":\"Article\",\"@id\":\"https:\/\/balatonneked.com\/2021\/06\/06\/marad-a-balaton-deli-partjan-a-strand-fesztival\/#article\",\"isPartOf\":{\"@id\":\"https:\/\/balatonneked.com\/2021\/06\/06\/marad-a-balaton-deli-partjan-a-strand-fesztival\/\"},\"author\":{\"name\":\"-\",\"@id\":\"https:\/\/balatonneked.com\/#\/schema\/person\/6abf551dbe3d5531af60e216ef9b16aa\"},\"headline\":\"Marad a Balaton d\u00e9li partj\u00e1n a Strand Fesztiv\u00e1l\",\"datePublished\":\"2021-06-06T07:39:04+00:00\",\"dateModified\":\"2021-06-06T07:39:05+00:00\",\"mainEntityOfPage\":{\"@id\":\"https:\/\/balatonneked.com\/2021\/06\/06\/marad-a-balaton-deli-partjan-a-strand-fesztival\/\"},\"wordCount\":316,\"publisher\":{\"@id\":\"https:\/\/balatonneked.com\/#organization\"},\"image\":{\"@id\":\"https:\/\/balatonneked.com\/2021\/06\/06\/marad-a-balaton-deli-partjan-a-strand-fesztival\/#primaryimage\"},\"thumbnailUrl\":\"https:\/\/balatonneked.com\/wp-content\/uploads\/2021\/06\/strandfesztival.jpg\",\"keywords\":[\"10 nap strand\",\"Balatonvil\u00e1gos\",\"Strandfesztiv\u00e1l\"],\"articleSection\":[\"Balatonvil\u00e1gos\",\"Fesztiv\u00e1l\",\"H\u00edrek\"],\"inLanguage\":\"fr-FR\"},{\"@type\":\"WebPage\",\"@id\":\"https:\/\/balatonneked.com\/2021\/06\/06\/marad-a-balaton-deli-partjan-a-strand-fesztival\/\",\"url\":\"https:\/\/balatonneked.com\/2021\/06\/06\/marad-a-balaton-deli-partjan-a-strand-fesztival\/\",\"name\":\"Marad a Balaton d\u00e9li partj\u00e1n a Strand Fesztiv\u00e1l - BALATON NEKED\",\"isPartOf\":{\"@id\":\"https:\/\/balatonneked.com\/#website\"},\"primaryImageOfPage\":{\"@id\":\"https:\/\/balatonneked.com\/2021\/06\/06\/marad-a-balaton-deli-partjan-a-strand-fesztival\/#primaryimage\"},\"image\":{\"@id\":\"https:\/\/balatonneked.com\/2021\/06\/06\/marad-a-balaton-deli-partjan-a-strand-fesztival\/#primaryimage\"},\"thumbnailUrl\":\"https:\/\/balatonneked.com\/wp-content\/uploads\/2021\/06\/strandfesztival.jpg\",\"datePublished\":\"2021-06-06T07:39:04+00:00\",\"dateModified\":\"2021-06-06T07:39:05+00:00\",\"breadcrumb\":{\"@id\":\"https:\/\/balatonneked.com\/2021\/06\/06\/marad-a-balaton-deli-partjan-a-strand-fesztival\/#breadcrumb\"},\"inLanguage\":\"fr-FR\",\"potentialAction\":[{\"@type\":\"ReadAction\",\"target\":[\"https:\/\/balatonneked.com\/2021\/06\/06\/marad-a-balaton-deli-partjan-a-strand-fesztival\/\"]}]},{\"@type\":\"ImageObject\",\"inLanguage\":\"fr-FR\",\"@id\":\"https:\/\/balatonneked.com\/2021\/06\/06\/marad-a-balaton-deli-partjan-a-strand-fesztival\/#primaryimage\",\"url\":\"https:\/\/balatonneked.com\/wp-content\/uploads\/2021\/06\/strandfesztival.jpg\",\"contentUrl\":\"https:\/\/balatonneked.com\/wp-content\/uploads\/2021\/06\/strandfesztival.jpg\",\"width\":2560,\"height\":1272},{\"@type\":\"BreadcrumbList\",\"@id\":\"https:\/\/balatonneked.com\/2021\/06\/06\/marad-a-balaton-deli-partjan-a-strand-fesztival\/#breadcrumb\",\"itemListElement\":[{\"@type\":\"ListItem\",\"position\":1,\"name\":\"Kezd\u0151lap\",\"item\":\"https:\/\/balatonneked.com\/\"},{\"@type\":\"ListItem\",\"position\":2,\"name\":\"Marad a Balaton d\u00e9li partj\u00e1n a Strand Fesztiv\u00e1l\"}]},{\"@type\":\"WebSite\",\"@id\":\"https:\/\/balatonneked.com\/#website\",\"url\":\"https:\/\/balatonneked.com\/\",\"name\":\"BALATON NEKED\",\"description\":\"A Balaton leginformat\u00edvabb magazinja\",\"publisher\":{\"@id\":\"https:\/\/balatonneked.com\/#organization\"},\"potentialAction\":[{\"@type\":\"SearchAction\",\"target\":{\"@type\":\"EntryPoint\",\"urlTemplate\":\"https:\/\/balatonneked.com\/?s={search_term_string}\"},\"query-input\":{\"@type\":\"PropertyValueSpecification\",\"valueRequired\":true,\"valueName\":\"search_term_string\"}}],\"inLanguage\":\"fr-FR\"},{\"@type\":\"Organization\",\"@id\":\"https:\/\/balatonneked.com\/#organization\",\"name\":\"BalatonNeked\",\"url\":\"https:\/\/balatonneked.com\/\",\"logo\":{\"@type\":\"ImageObject\",\"inLanguage\":\"fr-FR\",\"@id\":\"https:\/\/balatonneked.com\/#\/schema\/logo\/image\/\",\"url\":\"https:\/\/balatonneked.com\/wp-content\/uploads\/2019\/05\/bnekedlogo.png\",\"contentUrl\":\"https:\/\/balatonneked.com\/wp-content\/uploads\/2019\/05\/bnekedlogo.png\",\"width\":750,\"height\":750,\"caption\":\"BalatonNeked\"},\"image\":{\"@id\":\"https:\/\/balatonneked.com\/#\/schema\/logo\/image\/\"},\"sameAs\":[\"https:\/\/www.facebook.com\/BalatonNeked\"]},{\"@type\":\"Person\",\"@id\":\"https:\/\/balatonneked.com\/#\/schema\/person\/6abf551dbe3d5531af60e216ef9b16aa\",\"name\":\"-\",\"image\":{\"@type\":\"ImageObject\",\"inLanguage\":\"fr-FR\",\"@id\":\"https:\/\/balatonneked.com\/#\/schema\/person\/image\/\",\"url\":\"https:\/\/secure.gravatar.com\/avatar\/7bcf602c35eea1fdd5dcb5698f42149adc1fb65510ae8b284cdf111a453a6c37?s=96&d=mm&r=g\",\"contentUrl\":\"https:\/\/secure.gravatar.com\/avatar\/7bcf602c35eea1fdd5dcb5698f42149adc1fb65510ae8b284cdf111a453a6c37?s=96&d=mm&r=g\",\"caption\":\"-\"},\"url\":\"https:\/\/balatonneked.com\/fr\/author\/tamasildiko\/\"}]}<\/script>\n<!-- \/ Yoast SEO plugin. -->","yoast_head_json":{"title":"Marad a Balaton d\u00e9li partj\u00e1n a Strand Fesztiv\u00e1l - BALATON NEKED","robots":{"index":"index","follow":"follow","max-snippet":"max-snippet:-1","max-image-preview":"max-image-preview:large","max-video-preview":"max-video-preview:-1"},"canonical":"https:\/\/balatonneked.com\/fr\/2021\/06\/06\/marad-a-balaton-deli-partjan-a-strand-fesztival\/","og_locale":"fr_FR","og_type":"article","og_title":"Marad a Balaton d\u00e9li partj\u00e1n a Strand Fesztiv\u00e1l - BALATON NEKED","og_description":"Balatonvil\u00e1goson rendezik meg a 10 Nap Strand fesztiv\u00e1lt augusztus 18. \u00e9s 22., valamint 25. \u00e9s 29. k\u00f6z\u00f6tt \u2013 k\u00f6z\u00f6lt\u00e9k a szervez\u0151k az MTI-vel &#8211; \u00edrja a 24.hu. A kor\u00e1bbi Strand Fesztiv\u00e1l azut\u00e1n kapott \u00faj nevet \u00e9s helysz\u00ednt, hogy Zam\u00e1rdi \u00f6nkorm\u00e1nyzata \u00fagy d\u00f6nt\u00f6tt, id\u00e9n egyetlen t\u00f6megrendezv\u00e9nynek sem ad helysz\u00ednt \u2013 der\u00fcl ki a k\u00f6zlem\u00e9nyb\u0151l. A kor\u00e1bban [&hellip;]","og_url":"https:\/\/balatonneked.com\/fr\/2021\/06\/06\/marad-a-balaton-deli-partjan-a-strand-fesztival\/","og_site_name":"BALATON NEKED","article_publisher":"https:\/\/www.facebook.com\/BalatonNeked","article_published_time":"2021-06-06T07:39:04+00:00","article_modified_time":"2021-06-06T07:39:05+00:00","og_image":[{"width":2560,"height":1272,"url":"https:\/\/balatonneked.com\/wp-content\/uploads\/2021\/06\/strandfesztival.jpg","type":"image\/jpeg"}],"author":"-","twitter_card":"summary_large_image","twitter_misc":{"\u00c9crit par":"-","Dur\u00e9e de lecture estim\u00e9e":"1 minute"},"schema":{"@context":"https:\/\/schema.org","@graph":[{"@type":"Article","@id":"https:\/\/balatonneked.com\/2021\/06\/06\/marad-a-balaton-deli-partjan-a-strand-fesztival\/#article","isPartOf":{"@id":"https:\/\/balatonneked.com\/2021\/06\/06\/marad-a-balaton-deli-partjan-a-strand-fesztival\/"},"author":{"name":"-","@id":"https:\/\/balatonneked.com\/#\/schema\/person\/6abf551dbe3d5531af60e216ef9b16aa"},"headline":"Marad a Balaton d\u00e9li partj\u00e1n a Strand Fesztiv\u00e1l","datePublished":"2021-06-06T07:39:04+00:00","dateModified":"2021-06-06T07:39:05+00:00","mainEntityOfPage":{"@id":"https:\/\/balatonneked.com\/2021\/06\/06\/marad-a-balaton-deli-partjan-a-strand-fesztival\/"},"wordCount":316,"publisher":{"@id":"https:\/\/balatonneked.com\/#organization"},"image":{"@id":"https:\/\/balatonneked.com\/2021\/06\/06\/marad-a-balaton-deli-partjan-a-strand-fesztival\/#primaryimage"},"thumbnailUrl":"https:\/\/balatonneked.com\/wp-content\/uploads\/2021\/06\/strandfesztival.jpg","keywords":["10 nap strand","Balatonvil\u00e1gos","Strandfesztiv\u00e1l"],"articleSection":["Balatonvil\u00e1gos","Fesztiv\u00e1l","H\u00edrek"],"inLanguage":"fr-FR"},{"@type":"WebPage","@id":"https:\/\/balatonneked.com\/2021\/06\/06\/marad-a-balaton-deli-partjan-a-strand-fesztival\/","url":"https:\/\/balatonneked.com\/2021\/06\/06\/marad-a-balaton-deli-partjan-a-strand-fesztival\/","name":"Marad a Balaton d\u00e9li partj\u00e1n a Strand Fesztiv\u00e1l - BALATON NEKED","isPartOf":{"@id":"https:\/\/balatonneked.com\/#website"},"primaryImageOfPage":{"@id":"https:\/\/balatonneked.com\/2021\/06\/06\/marad-a-balaton-deli-partjan-a-strand-fesztival\/#primaryimage"},"image":{"@id":"https:\/\/balatonneked.com\/2021\/06\/06\/marad-a-balaton-deli-partjan-a-strand-fesztival\/#primaryimage"},"thumbnailUrl":"https:\/\/balatonneked.com\/wp-content\/uploads\/2021\/06\/strandfesztival.jpg","datePublished":"2021-06-06T07:39:04+00:00","dateModified":"2021-06-06T07:39:05+00:00","breadcrumb":{"@id":"https:\/\/balatonneked.com\/2021\/06\/06\/marad-a-balaton-deli-partjan-a-strand-fesztival\/#breadcrumb"},"inLanguage":"fr-FR","potentialAction":[{"@type":"ReadAction","target":["https:\/\/balatonneked.com\/2021\/06\/06\/marad-a-balaton-deli-partjan-a-strand-fesztival\/"]}]},{"@type":"ImageObject","inLanguage":"fr-FR","@id":"https:\/\/balatonneked.com\/2021\/06\/06\/marad-a-balaton-deli-partjan-a-strand-fesztival\/#primaryimage","url":"https:\/\/balatonneked.com\/wp-content\/uploads\/2021\/06\/strandfesztival.jpg","contentUrl":"https:\/\/balatonneked.com\/wp-content\/uploads\/2021\/06\/strandfesztival.jpg","width":2560,"height":1272},{"@type":"BreadcrumbList","@id":"https:\/\/balatonneked.com\/2021\/06\/06\/marad-a-balaton-deli-partjan-a-strand-fesztival\/#breadcrumb","itemListElement":[{"@type":"ListItem","position":1,"name":"Kezd\u0151lap","item":"https:\/\/balatonneked.com\/"},{"@type":"ListItem","position":2,"name":"Marad a Balaton d\u00e9li partj\u00e1n a Strand Fesztiv\u00e1l"}]},{"@type":"WebSite","@id":"https:\/\/balatonneked.com\/#website","url":"https:\/\/balatonneked.com\/","name":"BALATON NEKED","description":"A Balaton leginformat\u00edvabb magazinja","publisher":{"@id":"https:\/\/balatonneked.com\/#organization"},"potentialAction":[{"@type":"SearchAction","target":{"@type":"EntryPoint","urlTemplate":"https:\/\/balatonneked.com\/?s={search_term_string}"},"query-input":{"@type":"PropertyValueSpecification","valueRequired":true,"valueName":"search_term_string"}}],"inLanguage":"fr-FR"},{"@type":"Organization","@id":"https:\/\/balatonneked.com\/#organization","name":"BalatonNeked","url":"https:\/\/balatonneked.com\/","logo":{"@type":"ImageObject","inLanguage":"fr-FR","@id":"https:\/\/balatonneked.com\/#\/schema\/logo\/image\/","url":"https:\/\/balatonneked.com\/wp-content\/uploads\/2019\/05\/bnekedlogo.png","contentUrl":"https:\/\/balatonneked.com\/wp-content\/uploads\/2019\/05\/bnekedlogo.png","width":750,"height":750,"caption":"BalatonNeked"},"image":{"@id":"https:\/\/balatonneked.com\/#\/schema\/logo\/image\/"},"sameAs":["https:\/\/www.facebook.com\/BalatonNeked"]},{"@type":"Person","@id":"https:\/\/balatonneked.com\/#\/schema\/person\/6abf551dbe3d5531af60e216ef9b16aa","name":"-","image":{"@type":"ImageObject","inLanguage":"fr-FR","@id":"https:\/\/balatonneked.com\/#\/schema\/person\/image\/","url":"https:\/\/secure.gravatar.com\/avatar\/7bcf602c35eea1fdd5dcb5698f42149adc1fb65510ae8b284cdf111a453a6c37?s=96&d=mm&r=g","contentUrl":"https:\/\/secure.gravatar.com\/avatar\/7bcf602c35eea1fdd5dcb5698f42149adc1fb65510ae8b284cdf111a453a6c37?s=96&d=mm&r=g","caption":"-"},"url":"https:\/\/balatonneked.com\/fr\/author\/tamasildiko\/"}]}},"_links":{"self":[{"href":"https:\/\/balatonneked.com\/fr\/wp-json\/wp\/v2\/posts\/3116","targetHints":{"allow":["GET"]}}],"collection":[{"href":"https:\/\/balatonneked.com\/fr\/wp-json\/wp\/v2\/posts"}],"about":[{"href":"https:\/\/balatonneked.com\/fr\/wp-json\/wp\/v2\/types\/post"}],"author":[{"embeddable":true,"href":"https:\/\/balatonneked.com\/fr\/wp-json\/wp\/v2\/users\/2"}],"replies":[{"embeddable":true,"href":"https:\/\/balatonneked.com\/fr\/wp-json\/wp\/v2\/comments?post=3116"}],"version-history":[{"count":1,"href":"https:\/\/balatonneked.com\/fr\/wp-json\/wp\/v2\/posts\/3116\/revisions"}],"predecessor-version":[{"id":3118,"href":"https:\/\/balatonneked.com\/fr\/wp-json\/wp\/v2\/posts\/3116\/revisions\/3118"}],"wp:featuredmedia":[{"embeddable":true,"href":"https:\/\/balatonneked.com\/fr\/wp-json\/wp\/v2\/media\/3117"}],"wp:attachment":[{"href":"https:\/\/balatonneked.com\/fr\/wp-json\/wp\/v2\/media?parent=3116"}],"wp:term":[{"taxonomy":"category","embeddable":true,"href":"https:\/\/balatonneked.com\/fr\/wp-json\/wp\/v2\/categories?post=3116"},{"taxonomy":"post_tag","embeddable":true,"href":"https:\/\/balatonneked.com\/fr\/wp-json\/wp\/v2\/tags?post=3116"}],"curies":[{"name":"wp","href":"https:\/\/api.w.org\/{rel}","templated":true}]}}