{"id":3099,"date":"2021-06-04T07:24:47","date_gmt":"2021-06-04T06:24:47","guid":{"rendered":"https:\/\/balatonneked.com\/?p=3099"},"modified":"2021-06-04T07:24:49","modified_gmt":"2021-06-04T06:24:49","slug":"jazzpiknik-julius-julius-29-31-kozott-paloznakon","status":"publish","type":"post","link":"https:\/\/balatonneked.com\/fr\/2021\/06\/04\/jazzpiknik-julius-julius-29-31-kozott-paloznakon\/","title":{"rendered":"JazzPiknik j\u00falius J\u00falius 29\u201331. k\u00f6z\u00f6tt Paloznakon"},"content":{"rendered":"<p><strong>Boogie Wonderland \u2013 56 nap \u00e9s itt a Jazzpiknik!<\/strong><\/p><p><strong>A vil\u00e1gh\u00edr\u0171 Al McKay\u2019s Earth, Wind and Fire Experience form\u00e1ci\u00f3 l\u00e1togat el Paloznak d\u0171l\u0151ire a Jazzpiknik nyit\u00f3est\u00e9j\u00e9n! Az eredeti programban szerepl\u0151 Level 42 az idei turn\u00e9szerepl\u00e9seinek nagy r\u00e9sz\u00e9t lemondta, k\u00f6zt\u00fck a Jazzpikniken val\u00f3 fell\u00e9p\u00e9s\u00e9t is. A frissen megjelent korm\u00e1nyrendelet alapj\u00e1n, amelyik m\u00e1r enged\u00e9lyezi a zen\u00e9s, t\u00e1ncos rendezv\u00e9nyeket, hivatalosan is meger\u0151s\u00edtett\u00e9k a Jazzpiknik szervez\u0151i, hogy j\u00falius 29-31.<br>k\u00f6z\u00f6tt ism\u00e9t v\u00e1rj\u00e1k piknikez\u0151 k\u00f6z\u00f6ns\u00e9g\u00fcket Paloznakon. H\u00e1rom nap jazz, funk \u00e9s soul, a ny\u00e1ri piknik \u00e9lm\u00e9ny\u00e9vel egy\u00fctt a Jazzpikniken! Az idei line up-ban olyan vil\u00e1gh\u00edr\u0171 szt\u00e1rok \u00e9s form\u00e1ci\u00f3k szerepelnek \u2013 a hazai kedvencek mellett \u2013, mint Mario Biondi, Al McKay\u2019s Earth, Wind and Fire Experience, Candy Dulfer, vagy a Kraak&amp;Smaak. <\/strong><\/p><p>A Level 42 a j\u00e1rv\u00e1ny sz\u00fclte bizonytalans\u00e1gokra, valamint az Egyes\u00fclt Kir\u00e1lys\u00e1g szigor\u00fa ki- \u00e9s beutaz\u00e1si korl\u00e1toz\u00e1saira hivatkozva lemondta a 2021-re tervezett koncertjeinek nagy r\u00e9sz\u00e9t, k\u00f6zt\u00fck a Paloznaki Jazzpikniken val\u00f3 szerepl\u00e9s\u00e9t is. A cs\u00fct\u00f6rt\u00f6ki nyit\u00f3napra szint\u00e9n egy \u00e9l\u0151 legend\u00e1t rep\u00edtenek a Balaton-felvid\u00e9kre a Paloznaki Jazzpiknik szervez\u0151i, hogy az eredeti programt\u00f3l elt\u00e9r\u0151en, de garant\u00e1ltan hatalmasat tombolhassanak a piknikez\u0151k; <strong>Al McKay\u2019s Earth, Wind and Fire Experience <\/strong>a 9. Paloznaki Jazzpikniken!<\/p><p><strong>J\u00falius 29-\u00e9n<\/strong> teh\u00e1t a vil\u00e1g legh\u00edresebb funky zenekar\u00e1nak ut\u00f3dja, az <strong>Al McKay\u2019s Earth, Wind and Fire Experience<\/strong> l\u00e1togat el Paloznakra, hogy osztozzanak az emelkedett hangulatban. A chicag\u00f3i Earth, Wind &amp; Fire k\u00e9ts\u00e9gk\u00edv\u00fcl minden id\u0151k legsikeresebb soul-funk-disco zenekara.<br>A funky \u00e9s az RnB m\u0171faj\u00e1t a hagyom\u00e1nyos afrikai zen\u00e9vel \u00f6tv\u00f6z\u0151 Earth Wind &amp; Fire 1969-ben j\u00f6tt l\u00e9tre, a \u201970-es \u00e9vek k\u00f6zep\u00e9t\u0151l \u00f6r\u00f6k\u00e9rv\u00e9ny\u0171 sl\u00e1gereket jegyeznek. A h\u00e9tszeres Grammy-d\u00edjas egy\u00fcttes a soul, az RnB \u00e9s a funky legprofibb zen\u00e9szeit nevelte ki \u2013 nemr\u00e9giben \u00fcnnepelt\u00e9k a megalakul\u00e1suk 50. jubileum\u00e1t. Az eredeti form\u00e1ci\u00f3 hossz\u00fa<br>sikersorozat\u00e1nak a zenekarvezet\u0151, Maurice White betegs\u00e9ge vetett v\u00e9get; 1983 v\u00e9g\u00e9n az EWF egy hosszabb sz\u00fcnetet tartott, majd id\u0151r\u0151l id\u0151re \u00f6ssze\u00e1lltak, de az unik\u00e1lis form\u00e1ci\u00f3 nem tudott tov\u00e1bb m\u0171k\u00f6dni az eredeti fel\u00e1ll\u00e1sban. \u201990-ben v\u00e9g\u00fcl az EWF egyik alap\u00edt\u00f3ja, Al McKay git\u00e1ros n\u00e9h\u00e1ny nagyobb turn\u00e9 \u00e9s k\u00fcl\u00f6nleges fell\u00e9p\u00e9s erej\u00e9ig \u00f6sszehozta a tagokat,<br>ezekben az \u00e9vekben \u201eLA Allstars\u201d n\u00e9ven j\u00e1tszottak. White 2016-os hal\u00e1l\u00e1t k\u00f6vet\u0151en Al McKay vette \u00e1t a zenekar vezet\u00e9s\u00e9t: az elm\u00falt k\u00e9t \u00e9vtizedben az \u2019LA Allstars\u2019, majd k\u00e9s\u0151bb az \u2019Al McKay\u2019s Earth, Wind and Fire Experience\u2019 n\u00e9ven fut\u00f3 \u00faj form\u00e1ci\u00f3 az eredeti koncertek hangulat\u00e1t hozza magas sz\u00ednvonal\u00fa, szenved\u00e9lyes \u00e9s hihetetlen\u00fcl tehets\u00e9ges Los Angeles-i zen\u00e9szekkel \u2013 sz\u00e1mos tagja volt az eredeti EWF-nek is; Al McKay git\u00e1ros, Michael Harris trombit\u00e1s, John Paris dobos \u2013. Az eredeti tagok olyan vil\u00e1gh\u00edr\u0171 zen\u00e9szekkel eg\u00e9sz\u00fcltek ki \u2013 t\u00f6bbek k\u00f6z\u00f6tt \u2013 az \u00faj form\u00e1ci\u00f3<br>\u00e9gisze alatt, mint Santana \u00e9s Britney Spears \u00fct\u0151sei \u2013 Ndugu Chancler \u00e9s Fausto Cuevas \u2013; Bryan Loren, Michael Jackson egykori billenty\u0171se; Mariah Carey \u00e9s Snoop Dogg harson\u00e1sa, Isaac Smith; Eddie M, Prince egykori szaxofonosa; vagy \u00e9ppen DeVere Duckett vokalista, aki kor\u00e1bban Stevie Wonderrel \u00e9s Barry White-tal is zen\u00e9lt. Koncertjeiken a \u201970-es \u00e9vek<br>legend\u00e1s zenekar\u00e1nak legn\u00e9pszer\u0171bb sl\u00e1gereit adj\u00e1k el\u0151, hogy napjainkban is \u00e1t\u00e9lhess\u00fck az Earth, Wind and Fire \u00e9let\u00e9rz\u00e9st. A koncerten olyan legend\u00e1s sl\u00e1gerek csend\u00fclnek fel, mint a <strong>September, a Boogie Wonderland, vagy a Fantasy<\/strong>. <\/p><p><strong>Id\u00e9n l\u00e9tsz\u00e1mkorl\u00e1toz\u00e1s n\u00e9lk\u00fcl<\/strong> hallgathatja kedvenc zen\u00e9szeit a k\u00f6z\u00f6ns\u00e9g a Jazzpiknik n\u00e9gy sz\u00ednpad\u00e1n. A rendelet szerint a pikniken kiz\u00e1r\u00f3lag v\u00e9detts\u00e9gi igazolv\u00e1nnyal lehet r\u00e9szt venni \u2013 \u00e9letkort\u00f3l f\u00fcggetlen\u00fcl \u2013, a szervez\u0151k ennek megfelel\u0151en k\u00e9sz\u00fclnek. A vonatkoz\u00f3 szab\u00e1lyoz\u00e1s a febru\u00e1rban megjelent v\u00e9detts\u00e9gi igazolv\u00e1nyr\u00f3l sz\u00f3l\u00f3 rendelet \u00f3ta v\u00e1rhat\u00f3 volt, ez\u00e1ltal minden fesztiv\u00e1lozni v\u00e1gy\u00f3 biztons\u00e1gos \u00e9s komfortos k\u00f6r\u00fclm\u00e9nyek k\u00f6z\u00f6tt tudja \u00e9lvezni az id\u00e9n ny\u00e1ron \u00fajra \u00e9letre kel\u0151 kedvenc fesztiv\u00e1ljait. \u201eM\u00e1r nagyon hi\u00e1nyoztok \u00e9s rem\u00e9lj\u00fck, hogy min\u00e9l t\u00f6bben tal\u00e1lkozunk id\u00e9n ny\u00e1ron Paloznakon, hogy bep\u00f3tolhassuk a tavalyi \u00e9vet is!\u201d \u2013 \u00edrj\u00e1k a szervez\u0151k a Jazzpiknik k\u00f6z\u00f6ss\u00e9gi m\u00e9dia oldal\u00e1n. <\/p><p><strong>A Paloznaki Jazzpiknik Nagysz\u00ednpad\u00e1nak fell\u00e9p\u0151i sora:<\/strong> <strong>j\u00falius 29-\u00e9n<\/strong>, cs\u00fct\u00f6rt\u00f6k\u00f6n<strong> Mario Biondi <\/strong>viszi a nyit\u00f3esem\u00e9nyt, \u0151t k\u00f6veti a legend\u00e1s <strong>Al McKay\u2019s Earth, Wind and Fire Experience<\/strong> \u2013 a koncertek el\u0151tt <strong>Jazzkov\u00e1cs L\u00e1szl\u00f3<\/strong>val hangol\u00f3dik a fesztiv\u00e1l\u00e9lm\u00e9nyekre \u00e9hes k\u00f6z\u00f6ns\u00e9g. <strong>J\u00falius 30-\u00e1n<\/strong>, p\u00e9nteken a <strong>M\u00f6rk<\/strong> l\u00e9p fel, majd <strong>R\u00fazsa Magdi<\/strong> hangja t\u00f6lti be a paloznaki d\u0171l\u0151ket, v\u00e9g\u00fcl az est az <strong>MF Robots<\/strong> dallamaival folytat\u00f3dik. A szombati z\u00e1r\u00f3est val\u00f3di megkoron\u00e1z\u00e1sa a h\u00e1rom napnak: <strong>j\u00falius 31-\u00e9n <\/strong>a <strong>Manaky tri\u00f3<\/strong>ja nyitja az estet, \u0151ket k\u00f6veti a <strong>De Phazz<\/strong> n\u00e9met jazz kollekt\u00edva, majd a vil\u00e1gh\u00edr\u0171 holland szaxofon-kir\u00e1lyn\u0151, <strong>Candy Dulfer<\/strong> l\u00e9p fel, v\u00e9g\u00fcl a <strong>Kraak&amp;Smaak<\/strong> ut\u00e1nozhatatlan hangjai t\u00f6ltik be a csillagf\u00e9nyes<br>paloznaki \u00e9jszak\u00e1t. <\/p><figure class=\"wp-block-gallery columns-3 is-cropped wp-block-gallery-1 is-layout-flex wp-block-gallery-is-layout-flex\"><ul class=\"blocks-gallery-grid\"><li class=\"blocks-gallery-item\"><figure><img fetchpriority=\"high\" decoding=\"async\" width=\"1024\" height=\"683\" src=\"https:\/\/balatonneked.com\/wp-content\/uploads\/2021\/06\/Candy_Dulfer-1024x683.jpg\" alt=\"\" data-id=\"3100\" data-link=\"https:\/\/balatonneked.com\/?attachment_id=3100\" class=\"wp-image-3100\" srcset=\"https:\/\/balatonneked.com\/wp-content\/uploads\/2021\/06\/Candy_Dulfer-1024x683.jpg 1024w, https:\/\/balatonneked.com\/wp-content\/uploads\/2021\/06\/Candy_Dulfer-600x400.jpg 600w, https:\/\/balatonneked.com\/wp-content\/uploads\/2021\/06\/Candy_Dulfer-300x200.jpg 300w, https:\/\/balatonneked.com\/wp-content\/uploads\/2021\/06\/Candy_Dulfer-768x512.jpg 768w, https:\/\/balatonneked.com\/wp-content\/uploads\/2021\/06\/Candy_Dulfer.jpg 1163w\" sizes=\"(max-width: 1024px) 100vw, 1024px\" \/><\/figure><\/li><li class=\"blocks-gallery-item\"><figure><img decoding=\"async\" width=\"1024\" height=\"683\" src=\"https:\/\/balatonneked.com\/wp-content\/uploads\/2021\/06\/De_Phazz-1024x683.jpg\" alt=\"\" data-id=\"3101\" data-link=\"https:\/\/balatonneked.com\/?attachment_id=3101\" class=\"wp-image-3101\" srcset=\"https:\/\/balatonneked.com\/wp-content\/uploads\/2021\/06\/De_Phazz-1024x683.jpg 1024w, https:\/\/balatonneked.com\/wp-content\/uploads\/2021\/06\/De_Phazz-600x400.jpg 600w, https:\/\/balatonneked.com\/wp-content\/uploads\/2021\/06\/De_Phazz-300x200.jpg 300w, https:\/\/balatonneked.com\/wp-content\/uploads\/2021\/06\/De_Phazz-768x512.jpg 768w, https:\/\/balatonneked.com\/wp-content\/uploads\/2021\/06\/De_Phazz-1536x1024.jpg 1536w, https:\/\/balatonneked.com\/wp-content\/uploads\/2021\/06\/De_Phazz-2048x1365.jpg 2048w\" sizes=\"(max-width: 1024px) 100vw, 1024px\" \/><\/figure><\/li><li class=\"blocks-gallery-item\"><figure><img decoding=\"async\" width=\"1024\" height=\"683\" src=\"https:\/\/balatonneked.com\/wp-content\/uploads\/2021\/06\/Kraak_Smaak-1024x683.jpg\" alt=\"\" data-id=\"3102\" data-link=\"https:\/\/balatonneked.com\/?attachment_id=3102\" class=\"wp-image-3102\" srcset=\"https:\/\/balatonneked.com\/wp-content\/uploads\/2021\/06\/Kraak_Smaak-1024x683.jpg 1024w, https:\/\/balatonneked.com\/wp-content\/uploads\/2021\/06\/Kraak_Smaak-600x400.jpg 600w, https:\/\/balatonneked.com\/wp-content\/uploads\/2021\/06\/Kraak_Smaak-300x200.jpg 300w, https:\/\/balatonneked.com\/wp-content\/uploads\/2021\/06\/Kraak_Smaak-768x512.jpg 768w, https:\/\/balatonneked.com\/wp-content\/uploads\/2021\/06\/Kraak_Smaak-1536x1024.jpg 1536w, https:\/\/balatonneked.com\/wp-content\/uploads\/2021\/06\/Kraak_Smaak-2048x1365.jpg 2048w\" sizes=\"(max-width: 1024px) 100vw, 1024px\" \/><\/figure><\/li><li class=\"blocks-gallery-item\"><figure><img loading=\"lazy\" decoding=\"async\" width=\"1024\" height=\"683\" src=\"https:\/\/balatonneked.com\/wp-content\/uploads\/2021\/06\/Mario_Biondi-1024x683.jpg\" alt=\"\" data-id=\"3103\" data-link=\"https:\/\/balatonneked.com\/?attachment_id=3103\" class=\"wp-image-3103\" srcset=\"https:\/\/balatonneked.com\/wp-content\/uploads\/2021\/06\/Mario_Biondi-1024x683.jpg 1024w, https:\/\/balatonneked.com\/wp-content\/uploads\/2021\/06\/Mario_Biondi-600x400.jpg 600w, https:\/\/balatonneked.com\/wp-content\/uploads\/2021\/06\/Mario_Biondi-300x200.jpg 300w, https:\/\/balatonneked.com\/wp-content\/uploads\/2021\/06\/Mario_Biondi-768x512.jpg 768w, https:\/\/balatonneked.com\/wp-content\/uploads\/2021\/06\/Mario_Biondi.jpg 1163w\" sizes=\"(max-width: 1024px) 100vw, 1024px\" \/><\/figure><\/li><li class=\"blocks-gallery-item\"><figure><img loading=\"lazy\" decoding=\"async\" width=\"1024\" height=\"683\" src=\"https:\/\/balatonneked.com\/wp-content\/uploads\/2021\/06\/MF_Robots-1024x683.jpg\" alt=\"\" data-id=\"3104\" data-link=\"https:\/\/balatonneked.com\/?attachment_id=3104\" class=\"wp-image-3104\" srcset=\"https:\/\/balatonneked.com\/wp-content\/uploads\/2021\/06\/MF_Robots-1024x683.jpg 1024w, https:\/\/balatonneked.com\/wp-content\/uploads\/2021\/06\/MF_Robots-600x400.jpg 600w, https:\/\/balatonneked.com\/wp-content\/uploads\/2021\/06\/MF_Robots-300x200.jpg 300w, https:\/\/balatonneked.com\/wp-content\/uploads\/2021\/06\/MF_Robots-768x512.jpg 768w, https:\/\/balatonneked.com\/wp-content\/uploads\/2021\/06\/MF_Robots-1536x1024.jpg 1536w, https:\/\/balatonneked.com\/wp-content\/uploads\/2021\/06\/MF_Robots-2048x1365.jpg 2048w\" sizes=\"(max-width: 1024px) 100vw, 1024px\" \/><\/figure><\/li><\/ul><\/figure><p><strong>H\u00e1rom nap jazz, funk \u00e9s soul<\/strong>, a ny\u00e1ri piknik \u00e9lm\u00e9ny\u00e9vel egy\u00fctt: a Paloznaki Jazzpiknik lehet\u0151s\u00e9get ny\u00fajt, hogy a fest\u0151i sz\u00e9ps\u00e9g\u0171 Balaton-felvid\u00e9ken, a f\u0171ben piknikezve, egyedi gasztro \u00e9lm\u00e9nyekkel gazdagodva, klubkoncerteket hallgatva, a jazz, a funk \u00e9s a soul<br>nemzetk\u00f6zi szt\u00e1rjainak dallam\u00e1val vezetve t\u00e9rj\u00fcnk vissza kedvenc fesztiv\u00e1lunkra. <\/p><p>A nemzetk\u00f6zi fell\u00e9p\u0151k mellett a jazz sz\u00e9les spektrum\u00e1n mutatkoznak be a magyar szekci\u00f3ban a m\u0171faj jeles hazai k\u00e9pvisel\u0151i a kisebb sz\u00ednpadokon. Jegyek \u00e9s b\u00e9rletek m\u00e1r most kaphat\u00f3k minden kateg\u00f3ri\u00e1ban, a napijegyek mellett k\u00e9t- \u00e9s h\u00e1romnapos b\u00e9rletek, illetve VIP-jegyek \u00e9s b\u00e9rletek is v\u00e1s\u00e1rolhat\u00f3k. A b\u00e9rlettel mindh\u00e1rom napon kapunyit\u00e1st\u00f3l hajnalig ti\u00e9d a jazz! <\/p><p>A <strong>jegyv\u00e1s\u00e1rl\u00e1si (\u00e1tv\u00e1lt\u00e1si) lehet\u0151s\u00e9geket \u00e9s m\u00e1s fontos tudnival\u00f3kat a weboldalukon; www.jazzpiknik.hu teszik k\u00f6zz\u00e9 a szervez\u0151k<\/strong>. A programv\u00e1ltoz\u00e1sra tekintettel felaj\u00e1nlj\u00e1k, hogy b\u00e1rmely napra sz\u00f3l\u00f3 napijeggyel rendelkez\u0151 vend\u00e9g\u00fcnk \u00e1tv\u00e1lthatja jegy\u00e9t a rendezv\u00e9ny<br>b\u00e1rmely m\u00e1s napj\u00e1ra. Ennek ig\u00e9ny\u00e9t m\u00e1t\u00f3l k\u00e9t h\u00e9tig jelezheti a Jazzpiknik st\u00e1bja fel\u00e9 oldalon erre dedik\u00e1lt regisztr\u00e1ci\u00f3s \u00edven:<strong> https:\/\/jazzpiknik.hu\/jegycsere\/<\/strong> <\/p><p>A programban egy\u00e9b v\u00e1ltoz\u00e1s nincs. J\u00falius 29\u201331. k\u00f6z\u00f6tt ism\u00e9t h\u00e1rom felejthetetlen napot k\u00edn\u00e1lnak a jazz, a funk \u00e9s a soul szerelmeseinek Paloznakon. <\/p><p><strong>Kedvezm\u00e9nyes jegyek:<\/strong> <a href=\"http:\/\/www.jazzpiknik.hu\/jegyek\">www.jazzpiknik.hu\/jegyek<\/a><br><strong>Napi programbont\u00e1s:<\/strong> <a href=\"https:\/\/jazzpiknik.hu\/programtabla-2021\/\">https:\/\/jazzpiknik.hu\/programtabla-2021\/<\/a><\/p>","protected":false},"excerpt":{"rendered":"<p>Boogie Wonderland \u2013 56 nap \u00e9s itt a Jazzpiknik! A vil\u00e1gh\u00edr\u0171 Al McKay\u2019s Earth, Wind and Fire Experience form\u00e1ci\u00f3 l\u00e1togat el Paloznak d\u0171l\u0151ire a Jazzpiknik nyit\u00f3est\u00e9j\u00e9n! Az eredeti programban szerepl\u0151 Level 42 az idei turn\u00e9szerepl\u00e9seinek nagy r\u00e9sz\u00e9t lemondta, k\u00f6zt\u00fck a Jazzpikniken val\u00f3 fell\u00e9p\u00e9s\u00e9t is. A frissen megjelent korm\u00e1nyrendelet alapj\u00e1n, amelyik m\u00e1r enged\u00e9lyezi a zen\u00e9s, t\u00e1ncos [&hellip;]<\/p>","protected":false},"author":2,"featured_media":3105,"comment_status":"closed","ping_status":"open","sticky":false,"template":"","format":"standard","meta":{"_acf_changed":false,"footnotes":""},"categories":[155,331,311],"tags":[72,292,332,174],"class_list":["post-3099","post","type-post","status-publish","format-standard","has-post-thumbnail","hentry","category-hirek","category-paloznak","category-programok","tag-balaton","tag-eszaki-part","tag-jazz-piknik","tag-paloznak"],"acf":[],"yoast_head":"<!-- This site is optimized with the Yoast SEO plugin v25.1 - https:\/\/yoast.com\/wordpress\/plugins\/seo\/ -->\n<title>JazzPiknik j\u00falius J\u00falius 29\u201331. k\u00f6z\u00f6tt Paloznakon - BALATON NEKED<\/title>\n<meta name=\"robots\" content=\"index, follow, max-snippet:-1, max-image-preview:large, max-video-preview:-1\" \/>\n<link rel=\"canonical\" href=\"https:\/\/balatonneked.com\/fr\/2021\/06\/04\/jazzpiknik-julius-julius-29-31-kozott-paloznakon\/\" \/>\n<meta property=\"og:locale\" content=\"fr_FR\" \/>\n<meta property=\"og:type\" content=\"article\" \/>\n<meta property=\"og:title\" content=\"JazzPiknik j\u00falius J\u00falius 29\u201331. k\u00f6z\u00f6tt Paloznakon - BALATON NEKED\" \/>\n<meta property=\"og:description\" content=\"Boogie Wonderland \u2013 56 nap \u00e9s itt a Jazzpiknik! A vil\u00e1gh\u00edr\u0171 Al McKay\u2019s Earth, Wind and Fire Experience form\u00e1ci\u00f3 l\u00e1togat el Paloznak d\u0171l\u0151ire a Jazzpiknik nyit\u00f3est\u00e9j\u00e9n! Az eredeti programban szerepl\u0151 Level 42 az idei turn\u00e9szerepl\u00e9seinek nagy r\u00e9sz\u00e9t lemondta, k\u00f6zt\u00fck a Jazzpikniken val\u00f3 fell\u00e9p\u00e9s\u00e9t is. A frissen megjelent korm\u00e1nyrendelet alapj\u00e1n, amelyik m\u00e1r enged\u00e9lyezi a zen\u00e9s, t\u00e1ncos [&hellip;]\" \/>\n<meta property=\"og:url\" content=\"https:\/\/balatonneked.com\/fr\/2021\/06\/04\/jazzpiknik-julius-julius-29-31-kozott-paloznakon\/\" \/>\n<meta property=\"og:site_name\" content=\"BALATON NEKED\" \/>\n<meta property=\"article:publisher\" content=\"https:\/\/www.facebook.com\/BalatonNeked\" \/>\n<meta property=\"article:published_time\" content=\"2021-06-04T06:24:47+00:00\" \/>\n<meta property=\"article:modified_time\" content=\"2021-06-04T06:24:49+00:00\" \/>\n<meta property=\"og:image\" content=\"https:\/\/balatonneked.com\/wp-content\/uploads\/2021\/06\/130976455_1698347113677185_5709165510550969662_n.jpg\" \/>\n\t<meta property=\"og:image:width\" content=\"2048\" \/>\n\t<meta property=\"og:image:height\" content=\"1151\" \/>\n\t<meta property=\"og:image:type\" content=\"image\/jpeg\" \/>\n<meta name=\"author\" content=\"-\" \/>\n<meta name=\"twitter:card\" content=\"summary_large_image\" \/>\n<meta name=\"twitter:label1\" content=\"\u00c9crit par\" \/>\n\t<meta name=\"twitter:data1\" content=\"-\" \/>\n\t<meta name=\"twitter:label2\" content=\"Dur\u00e9e de lecture estim\u00e9e\" \/>\n\t<meta name=\"twitter:data2\" content=\"5 minutes\" \/>\n<script type=\"application\/ld+json\" class=\"yoast-schema-graph\">{\"@context\":\"https:\/\/schema.org\",\"@graph\":[{\"@type\":\"Article\",\"@id\":\"https:\/\/balatonneked.com\/2021\/06\/04\/jazzpiknik-julius-julius-29-31-kozott-paloznakon\/#article\",\"isPartOf\":{\"@id\":\"https:\/\/balatonneked.com\/2021\/06\/04\/jazzpiknik-julius-julius-29-31-kozott-paloznakon\/\"},\"author\":{\"name\":\"-\",\"@id\":\"https:\/\/balatonneked.com\/#\/schema\/person\/6abf551dbe3d5531af60e216ef9b16aa\"},\"headline\":\"JazzPiknik j\u00falius J\u00falius 29\u201331. k\u00f6z\u00f6tt Paloznakon\",\"datePublished\":\"2021-06-04T06:24:47+00:00\",\"dateModified\":\"2021-06-04T06:24:49+00:00\",\"mainEntityOfPage\":{\"@id\":\"https:\/\/balatonneked.com\/2021\/06\/04\/jazzpiknik-julius-julius-29-31-kozott-paloznakon\/\"},\"wordCount\":1276,\"publisher\":{\"@id\":\"https:\/\/balatonneked.com\/#organization\"},\"image\":{\"@id\":\"https:\/\/balatonneked.com\/2021\/06\/04\/jazzpiknik-julius-julius-29-31-kozott-paloznakon\/#primaryimage\"},\"thumbnailUrl\":\"https:\/\/balatonneked.com\/wp-content\/uploads\/2021\/06\/130976455_1698347113677185_5709165510550969662_n.jpg\",\"keywords\":[\"Balaton\",\"\u00c9szaki Part\",\"Jazz Piknik\",\"Paloznak\"],\"articleSection\":[\"H\u00edrek\",\"Paloznak\",\"Programok\"],\"inLanguage\":\"fr-FR\"},{\"@type\":\"WebPage\",\"@id\":\"https:\/\/balatonneked.com\/2021\/06\/04\/jazzpiknik-julius-julius-29-31-kozott-paloznakon\/\",\"url\":\"https:\/\/balatonneked.com\/2021\/06\/04\/jazzpiknik-julius-julius-29-31-kozott-paloznakon\/\",\"name\":\"JazzPiknik j\u00falius J\u00falius 29\u201331. k\u00f6z\u00f6tt Paloznakon - BALATON NEKED\",\"isPartOf\":{\"@id\":\"https:\/\/balatonneked.com\/#website\"},\"primaryImageOfPage\":{\"@id\":\"https:\/\/balatonneked.com\/2021\/06\/04\/jazzpiknik-julius-julius-29-31-kozott-paloznakon\/#primaryimage\"},\"image\":{\"@id\":\"https:\/\/balatonneked.com\/2021\/06\/04\/jazzpiknik-julius-julius-29-31-kozott-paloznakon\/#primaryimage\"},\"thumbnailUrl\":\"https:\/\/balatonneked.com\/wp-content\/uploads\/2021\/06\/130976455_1698347113677185_5709165510550969662_n.jpg\",\"datePublished\":\"2021-06-04T06:24:47+00:00\",\"dateModified\":\"2021-06-04T06:24:49+00:00\",\"breadcrumb\":{\"@id\":\"https:\/\/balatonneked.com\/2021\/06\/04\/jazzpiknik-julius-julius-29-31-kozott-paloznakon\/#breadcrumb\"},\"inLanguage\":\"fr-FR\",\"potentialAction\":[{\"@type\":\"ReadAction\",\"target\":[\"https:\/\/balatonneked.com\/2021\/06\/04\/jazzpiknik-julius-julius-29-31-kozott-paloznakon\/\"]}]},{\"@type\":\"ImageObject\",\"inLanguage\":\"fr-FR\",\"@id\":\"https:\/\/balatonneked.com\/2021\/06\/04\/jazzpiknik-julius-julius-29-31-kozott-paloznakon\/#primaryimage\",\"url\":\"https:\/\/balatonneked.com\/wp-content\/uploads\/2021\/06\/130976455_1698347113677185_5709165510550969662_n.jpg\",\"contentUrl\":\"https:\/\/balatonneked.com\/wp-content\/uploads\/2021\/06\/130976455_1698347113677185_5709165510550969662_n.jpg\",\"width\":2048,\"height\":1151},{\"@type\":\"BreadcrumbList\",\"@id\":\"https:\/\/balatonneked.com\/2021\/06\/04\/jazzpiknik-julius-julius-29-31-kozott-paloznakon\/#breadcrumb\",\"itemListElement\":[{\"@type\":\"ListItem\",\"position\":1,\"name\":\"Kezd\u0151lap\",\"item\":\"https:\/\/balatonneked.com\/\"},{\"@type\":\"ListItem\",\"position\":2,\"name\":\"JazzPiknik j\u00falius J\u00falius 29\u201331. k\u00f6z\u00f6tt Paloznakon\"}]},{\"@type\":\"WebSite\",\"@id\":\"https:\/\/balatonneked.com\/#website\",\"url\":\"https:\/\/balatonneked.com\/\",\"name\":\"BALATON NEKED\",\"description\":\"A Balaton leginformat\u00edvabb magazinja\",\"publisher\":{\"@id\":\"https:\/\/balatonneked.com\/#organization\"},\"potentialAction\":[{\"@type\":\"SearchAction\",\"target\":{\"@type\":\"EntryPoint\",\"urlTemplate\":\"https:\/\/balatonneked.com\/?s={search_term_string}\"},\"query-input\":{\"@type\":\"PropertyValueSpecification\",\"valueRequired\":true,\"valueName\":\"search_term_string\"}}],\"inLanguage\":\"fr-FR\"},{\"@type\":\"Organization\",\"@id\":\"https:\/\/balatonneked.com\/#organization\",\"name\":\"BalatonNeked\",\"url\":\"https:\/\/balatonneked.com\/\",\"logo\":{\"@type\":\"ImageObject\",\"inLanguage\":\"fr-FR\",\"@id\":\"https:\/\/balatonneked.com\/#\/schema\/logo\/image\/\",\"url\":\"https:\/\/balatonneked.com\/wp-content\/uploads\/2019\/05\/bnekedlogo.png\",\"contentUrl\":\"https:\/\/balatonneked.com\/wp-content\/uploads\/2019\/05\/bnekedlogo.png\",\"width\":750,\"height\":750,\"caption\":\"BalatonNeked\"},\"image\":{\"@id\":\"https:\/\/balatonneked.com\/#\/schema\/logo\/image\/\"},\"sameAs\":[\"https:\/\/www.facebook.com\/BalatonNeked\"]},{\"@type\":\"Person\",\"@id\":\"https:\/\/balatonneked.com\/#\/schema\/person\/6abf551dbe3d5531af60e216ef9b16aa\",\"name\":\"-\",\"image\":{\"@type\":\"ImageObject\",\"inLanguage\":\"fr-FR\",\"@id\":\"https:\/\/balatonneked.com\/#\/schema\/person\/image\/\",\"url\":\"https:\/\/secure.gravatar.com\/avatar\/7bcf602c35eea1fdd5dcb5698f42149adc1fb65510ae8b284cdf111a453a6c37?s=96&d=mm&r=g\",\"contentUrl\":\"https:\/\/secure.gravatar.com\/avatar\/7bcf602c35eea1fdd5dcb5698f42149adc1fb65510ae8b284cdf111a453a6c37?s=96&d=mm&r=g\",\"caption\":\"-\"},\"url\":\"https:\/\/balatonneked.com\/fr\/author\/tamasildiko\/\"}]}<\/script>\n<!-- \/ Yoast SEO plugin. -->","yoast_head_json":{"title":"JazzPiknik j\u00falius J\u00falius 29\u201331. k\u00f6z\u00f6tt Paloznakon - BALATON NEKED","robots":{"index":"index","follow":"follow","max-snippet":"max-snippet:-1","max-image-preview":"max-image-preview:large","max-video-preview":"max-video-preview:-1"},"canonical":"https:\/\/balatonneked.com\/fr\/2021\/06\/04\/jazzpiknik-julius-julius-29-31-kozott-paloznakon\/","og_locale":"fr_FR","og_type":"article","og_title":"JazzPiknik j\u00falius J\u00falius 29\u201331. k\u00f6z\u00f6tt Paloznakon - BALATON NEKED","og_description":"Boogie Wonderland \u2013 56 nap \u00e9s itt a Jazzpiknik! A vil\u00e1gh\u00edr\u0171 Al McKay\u2019s Earth, Wind and Fire Experience form\u00e1ci\u00f3 l\u00e1togat el Paloznak d\u0171l\u0151ire a Jazzpiknik nyit\u00f3est\u00e9j\u00e9n! Az eredeti programban szerepl\u0151 Level 42 az idei turn\u00e9szerepl\u00e9seinek nagy r\u00e9sz\u00e9t lemondta, k\u00f6zt\u00fck a Jazzpikniken val\u00f3 fell\u00e9p\u00e9s\u00e9t is. A frissen megjelent korm\u00e1nyrendelet alapj\u00e1n, amelyik m\u00e1r enged\u00e9lyezi a zen\u00e9s, t\u00e1ncos [&hellip;]","og_url":"https:\/\/balatonneked.com\/fr\/2021\/06\/04\/jazzpiknik-julius-julius-29-31-kozott-paloznakon\/","og_site_name":"BALATON NEKED","article_publisher":"https:\/\/www.facebook.com\/BalatonNeked","article_published_time":"2021-06-04T06:24:47+00:00","article_modified_time":"2021-06-04T06:24:49+00:00","og_image":[{"width":2048,"height":1151,"url":"https:\/\/balatonneked.com\/wp-content\/uploads\/2021\/06\/130976455_1698347113677185_5709165510550969662_n.jpg","type":"image\/jpeg"}],"author":"-","twitter_card":"summary_large_image","twitter_misc":{"\u00c9crit par":"-","Dur\u00e9e de lecture estim\u00e9e":"5 minutes"},"schema":{"@context":"https:\/\/schema.org","@graph":[{"@type":"Article","@id":"https:\/\/balatonneked.com\/2021\/06\/04\/jazzpiknik-julius-julius-29-31-kozott-paloznakon\/#article","isPartOf":{"@id":"https:\/\/balatonneked.com\/2021\/06\/04\/jazzpiknik-julius-julius-29-31-kozott-paloznakon\/"},"author":{"name":"-","@id":"https:\/\/balatonneked.com\/#\/schema\/person\/6abf551dbe3d5531af60e216ef9b16aa"},"headline":"JazzPiknik j\u00falius J\u00falius 29\u201331. k\u00f6z\u00f6tt Paloznakon","datePublished":"2021-06-04T06:24:47+00:00","dateModified":"2021-06-04T06:24:49+00:00","mainEntityOfPage":{"@id":"https:\/\/balatonneked.com\/2021\/06\/04\/jazzpiknik-julius-julius-29-31-kozott-paloznakon\/"},"wordCount":1276,"publisher":{"@id":"https:\/\/balatonneked.com\/#organization"},"image":{"@id":"https:\/\/balatonneked.com\/2021\/06\/04\/jazzpiknik-julius-julius-29-31-kozott-paloznakon\/#primaryimage"},"thumbnailUrl":"https:\/\/balatonneked.com\/wp-content\/uploads\/2021\/06\/130976455_1698347113677185_5709165510550969662_n.jpg","keywords":["Balaton","\u00c9szaki Part","Jazz Piknik","Paloznak"],"articleSection":["H\u00edrek","Paloznak","Programok"],"inLanguage":"fr-FR"},{"@type":"WebPage","@id":"https:\/\/balatonneked.com\/2021\/06\/04\/jazzpiknik-julius-julius-29-31-kozott-paloznakon\/","url":"https:\/\/balatonneked.com\/2021\/06\/04\/jazzpiknik-julius-julius-29-31-kozott-paloznakon\/","name":"JazzPiknik j\u00falius J\u00falius 29\u201331. k\u00f6z\u00f6tt Paloznakon - BALATON NEKED","isPartOf":{"@id":"https:\/\/balatonneked.com\/#website"},"primaryImageOfPage":{"@id":"https:\/\/balatonneked.com\/2021\/06\/04\/jazzpiknik-julius-julius-29-31-kozott-paloznakon\/#primaryimage"},"image":{"@id":"https:\/\/balatonneked.com\/2021\/06\/04\/jazzpiknik-julius-julius-29-31-kozott-paloznakon\/#primaryimage"},"thumbnailUrl":"https:\/\/balatonneked.com\/wp-content\/uploads\/2021\/06\/130976455_1698347113677185_5709165510550969662_n.jpg","datePublished":"2021-06-04T06:24:47+00:00","dateModified":"2021-06-04T06:24:49+00:00","breadcrumb":{"@id":"https:\/\/balatonneked.com\/2021\/06\/04\/jazzpiknik-julius-julius-29-31-kozott-paloznakon\/#breadcrumb"},"inLanguage":"fr-FR","potentialAction":[{"@type":"ReadAction","target":["https:\/\/balatonneked.com\/2021\/06\/04\/jazzpiknik-julius-julius-29-31-kozott-paloznakon\/"]}]},{"@type":"ImageObject","inLanguage":"fr-FR","@id":"https:\/\/balatonneked.com\/2021\/06\/04\/jazzpiknik-julius-julius-29-31-kozott-paloznakon\/#primaryimage","url":"https:\/\/balatonneked.com\/wp-content\/uploads\/2021\/06\/130976455_1698347113677185_5709165510550969662_n.jpg","contentUrl":"https:\/\/balatonneked.com\/wp-content\/uploads\/2021\/06\/130976455_1698347113677185_5709165510550969662_n.jpg","width":2048,"height":1151},{"@type":"BreadcrumbList","@id":"https:\/\/balatonneked.com\/2021\/06\/04\/jazzpiknik-julius-julius-29-31-kozott-paloznakon\/#breadcrumb","itemListElement":[{"@type":"ListItem","position":1,"name":"Kezd\u0151lap","item":"https:\/\/balatonneked.com\/"},{"@type":"ListItem","position":2,"name":"JazzPiknik j\u00falius J\u00falius 29\u201331. k\u00f6z\u00f6tt Paloznakon"}]},{"@type":"WebSite","@id":"https:\/\/balatonneked.com\/#website","url":"https:\/\/balatonneked.com\/","name":"BALATON NEKED","description":"A Balaton leginformat\u00edvabb magazinja","publisher":{"@id":"https:\/\/balatonneked.com\/#organization"},"potentialAction":[{"@type":"SearchAction","target":{"@type":"EntryPoint","urlTemplate":"https:\/\/balatonneked.com\/?s={search_term_string}"},"query-input":{"@type":"PropertyValueSpecification","valueRequired":true,"valueName":"search_term_string"}}],"inLanguage":"fr-FR"},{"@type":"Organization","@id":"https:\/\/balatonneked.com\/#organization","name":"BalatonNeked","url":"https:\/\/balatonneked.com\/","logo":{"@type":"ImageObject","inLanguage":"fr-FR","@id":"https:\/\/balatonneked.com\/#\/schema\/logo\/image\/","url":"https:\/\/balatonneked.com\/wp-content\/uploads\/2019\/05\/bnekedlogo.png","contentUrl":"https:\/\/balatonneked.com\/wp-content\/uploads\/2019\/05\/bnekedlogo.png","width":750,"height":750,"caption":"BalatonNeked"},"image":{"@id":"https:\/\/balatonneked.com\/#\/schema\/logo\/image\/"},"sameAs":["https:\/\/www.facebook.com\/BalatonNeked"]},{"@type":"Person","@id":"https:\/\/balatonneked.com\/#\/schema\/person\/6abf551dbe3d5531af60e216ef9b16aa","name":"-","image":{"@type":"ImageObject","inLanguage":"fr-FR","@id":"https:\/\/balatonneked.com\/#\/schema\/person\/image\/","url":"https:\/\/secure.gravatar.com\/avatar\/7bcf602c35eea1fdd5dcb5698f42149adc1fb65510ae8b284cdf111a453a6c37?s=96&d=mm&r=g","contentUrl":"https:\/\/secure.gravatar.com\/avatar\/7bcf602c35eea1fdd5dcb5698f42149adc1fb65510ae8b284cdf111a453a6c37?s=96&d=mm&r=g","caption":"-"},"url":"https:\/\/balatonneked.com\/fr\/author\/tamasildiko\/"}]}},"_links":{"self":[{"href":"https:\/\/balatonneked.com\/fr\/wp-json\/wp\/v2\/posts\/3099","targetHints":{"allow":["GET"]}}],"collection":[{"href":"https:\/\/balatonneked.com\/fr\/wp-json\/wp\/v2\/posts"}],"about":[{"href":"https:\/\/balatonneked.com\/fr\/wp-json\/wp\/v2\/types\/post"}],"author":[{"embeddable":true,"href":"https:\/\/balatonneked.com\/fr\/wp-json\/wp\/v2\/users\/2"}],"replies":[{"embeddable":true,"href":"https:\/\/balatonneked.com\/fr\/wp-json\/wp\/v2\/comments?post=3099"}],"version-history":[{"count":1,"href":"https:\/\/balatonneked.com\/fr\/wp-json\/wp\/v2\/posts\/3099\/revisions"}],"predecessor-version":[{"id":3106,"href":"https:\/\/balatonneked.com\/fr\/wp-json\/wp\/v2\/posts\/3099\/revisions\/3106"}],"wp:featuredmedia":[{"embeddable":true,"href":"https:\/\/balatonneked.com\/fr\/wp-json\/wp\/v2\/media\/3105"}],"wp:attachment":[{"href":"https:\/\/balatonneked.com\/fr\/wp-json\/wp\/v2\/media?parent=3099"}],"wp:term":[{"taxonomy":"category","embeddable":true,"href":"https:\/\/balatonneked.com\/fr\/wp-json\/wp\/v2\/categories?post=3099"},{"taxonomy":"post_tag","embeddable":true,"href":"https:\/\/balatonneked.com\/fr\/wp-json\/wp\/v2\/tags?post=3099"}],"curies":[{"name":"wp","href":"https:\/\/api.w.org\/{rel}","templated":true}]}}