{"id":3068,"date":"2021-05-19T07:12:47","date_gmt":"2021-05-19T06:12:47","guid":{"rendered":"https:\/\/balatonneked.com\/?p=3068"},"modified":"2021-05-19T07:12:48","modified_gmt":"2021-05-19T06:12:48","slug":"minositest-kapnak-a-balatoni-strandok-is","status":"publish","type":"post","link":"https:\/\/balatonneked.com\/fr\/2021\/05\/19\/minositest-kapnak-a-balatoni-strandok-is\/","title":{"rendered":"Min\u0151s\u00edt\u00e9st kapnak a balatoni strandok is"},"content":{"rendered":"<p>Min\u0151s\u00edteni fogj\u00e1k a balatoni strandokat annak alapj\u00e1n, hogy milyen sz\u00ednvonalon teljes\u00edtik a legelemibb elv\u00e1rhat\u00f3 k\u00f6vetelm\u00e9nyeket a tisztas\u00e1gt\u00f3l a kell\u0151 sz\u00e1m\u00fa parkol\u00f3ig &#8211; \u00edrja a napi.hu.<\/p><p>Id\u00e9n is meghirdette a Balatoni Sz\u00f6vets\u00e9g (BSZ) a k\u00e9k hull\u00e1m z\u00e1szl\u00f3 balatoni strandmin\u0151s\u00edt\u00e9si p\u00e1ly\u00e1zatot &#8211; <a target=\"_blank\" href=\"https:\/\/magyarnemzet.hu\/gazdasag\/minositik-vizsgaljak-a-balatoni-strandokat-9813404\/\" rel=\"noreferrer noopener\">adta h\u00edr\u00fcl<\/a> a Magyar Nemzet. A legjobb f\u00fcrd\u0151helyek megkapj\u00e1k, \u00e9s a bej\u00e1ratukn\u00e1l elhelyezhetik a k\u00e9k z\u00e1szl\u00f3t, emellett a sz\u00e1llod\u00e1khoz hasonl\u00f3an egy\u2013\u00f6t csillagot is ki\u00e9rdemelhetnek.<\/p><p>J\u00fanius m\u00e1sodik fel\u00e9ben kezdi meg a helysz\u00edni szeml\u00e9ket a p\u00e1ly\u00e1z\u00f3 f\u00fcrd\u0151helyeken a BSZ, a N\u0151k a Balaton\u00e9rt Egyes\u00fclet, a Magyar Turisztikai \u00dcgyn\u00f6ks\u00e9g, a Balaton-felvid\u00e9ki Nemzeti Park \u00e9s a Balatoni K\u00f6r k\u00e9pvisel\u0151ib\u0151l \u00e1ll\u00f3 zs\u0171ri. Az \u00e9rintett megyei korm\u00e1nyhivatalok n\u00e9peg\u00e9szs\u00e9g\u00fcgyi f\u0151oszt\u00e1lya munkat\u00e1rsainak r\u00e9szv\u00e9tel\u00e9vel alapos vizsg\u00e1latot fognak v\u00e9gezni.<\/p><p>Ellen\u0151rzik a strandok k\u00f6rnyezeti \u00e1llapot\u00e1t, a vizesblokkokra vonatkoz\u00f3 el\u0151\u00edr\u00e1sok betart\u00e1s\u00e1t, a z\u00f6ld ter\u00fclet m\u00e9ret\u00e9t, a j\u00e1tsz\u00f3terek higi\u00e9ni\u00e1j\u00e1t, a baba-mama szoba \u00e9s a csal\u00e1di \u00f6lt\u00f6z\u0151k megl\u00e9t. Azt is megn\u00e9zik, hogy a strand mellett vagy a <a target=\"_blank\" href=\"https:\/\/www.napi.hu\/magyar-gazdasag\/mav-vasut-vonat-kozlekedes-menetrend-balaton.729175.html\" rel=\"noreferrer noopener\">k\u00f6zel\u00e9ben<\/a> van-e el\u00e9g g\u00e9pkocsiparkol\u00f3.<\/p><p>A napi.hu cikke nyom\u00e1n<br>Kiemelt k\u00e9p: Unsplash.com \/ K\u00f6les Mih\u00e1ly<\/p>","protected":false},"excerpt":{"rendered":"<p>Min\u0151s\u00edteni fogj\u00e1k a balatoni strandokat annak alapj\u00e1n, hogy milyen sz\u00ednvonalon teljes\u00edtik a legelemibb elv\u00e1rhat\u00f3 k\u00f6vetelm\u00e9nyeket a tisztas\u00e1gt\u00f3l a kell\u0151 sz\u00e1m\u00fa parkol\u00f3ig &#8211; \u00edrja a napi.hu. Id\u00e9n is meghirdette a Balatoni Sz\u00f6vets\u00e9g (BSZ) a k\u00e9k hull\u00e1m z\u00e1szl\u00f3 balatoni strandmin\u0151s\u00edt\u00e9si p\u00e1ly\u00e1zatot &#8211; adta h\u00edr\u00fcl a Magyar Nemzet. A legjobb f\u00fcrd\u0151helyek megkapj\u00e1k, \u00e9s a bej\u00e1ratukn\u00e1l elhelyezhetik a k\u00e9k [&hellip;]<\/p>","protected":false},"author":2,"featured_media":3069,"comment_status":"closed","ping_status":"open","sticky":false,"template":"","format":"standard","meta":{"_acf_changed":false,"footnotes":""},"categories":[255,155],"tags":[72,321],"class_list":["post-3068","post","type-post","status-publish","format-standard","has-post-thumbnail","hentry","category-balaton","category-hirek","tag-balaton","tag-strandok"],"acf":[],"yoast_head":"<!-- This site is optimized with the Yoast SEO plugin v25.1 - https:\/\/yoast.com\/wordpress\/plugins\/seo\/ -->\n<title>Min\u0151s\u00edt\u00e9st kapnak a balatoni strandok is - BALATON NEKED<\/title>\n<meta name=\"robots\" content=\"index, follow, max-snippet:-1, max-image-preview:large, max-video-preview:-1\" \/>\n<link rel=\"canonical\" href=\"https:\/\/balatonneked.com\/fr\/2021\/05\/19\/minositest-kapnak-a-balatoni-strandok-is\/\" \/>\n<meta property=\"og:locale\" content=\"fr_FR\" \/>\n<meta property=\"og:type\" content=\"article\" \/>\n<meta property=\"og:title\" content=\"Min\u0151s\u00edt\u00e9st kapnak a balatoni strandok is - BALATON NEKED\" \/>\n<meta property=\"og:description\" content=\"Min\u0151s\u00edteni fogj\u00e1k a balatoni strandokat annak alapj\u00e1n, hogy milyen sz\u00ednvonalon teljes\u00edtik a legelemibb elv\u00e1rhat\u00f3 k\u00f6vetelm\u00e9nyeket a tisztas\u00e1gt\u00f3l a kell\u0151 sz\u00e1m\u00fa parkol\u00f3ig &#8211; \u00edrja a napi.hu. Id\u00e9n is meghirdette a Balatoni Sz\u00f6vets\u00e9g (BSZ) a k\u00e9k hull\u00e1m z\u00e1szl\u00f3 balatoni strandmin\u0151s\u00edt\u00e9si p\u00e1ly\u00e1zatot &#8211; adta h\u00edr\u00fcl a Magyar Nemzet. A legjobb f\u00fcrd\u0151helyek megkapj\u00e1k, \u00e9s a bej\u00e1ratukn\u00e1l elhelyezhetik a k\u00e9k [&hellip;]\" \/>\n<meta property=\"og:url\" content=\"https:\/\/balatonneked.com\/fr\/2021\/05\/19\/minositest-kapnak-a-balatoni-strandok-is\/\" \/>\n<meta property=\"og:site_name\" content=\"BALATON NEKED\" \/>\n<meta property=\"article:publisher\" content=\"https:\/\/www.facebook.com\/BalatonNeked\" \/>\n<meta property=\"article:published_time\" content=\"2021-05-19T06:12:47+00:00\" \/>\n<meta property=\"article:modified_time\" content=\"2021-05-19T06:12:48+00:00\" \/>\n<meta property=\"og:image\" content=\"https:\/\/balatonneked.com\/wp-content\/uploads\/2021\/05\/mihaly-koles-3uMj8BQWf2c-unsplash-scaled.jpg\" \/>\n\t<meta property=\"og:image:width\" content=\"2560\" \/>\n\t<meta property=\"og:image:height\" content=\"1671\" \/>\n\t<meta property=\"og:image:type\" content=\"image\/jpeg\" \/>\n<meta name=\"author\" content=\"-\" \/>\n<meta name=\"twitter:card\" content=\"summary_large_image\" \/>\n<meta name=\"twitter:label1\" content=\"\u00c9crit par\" \/>\n\t<meta name=\"twitter:data1\" content=\"-\" \/>\n\t<meta name=\"twitter:label2\" content=\"Dur\u00e9e de lecture estim\u00e9e\" \/>\n\t<meta name=\"twitter:data2\" content=\"1 minute\" \/>\n<script type=\"application\/ld+json\" class=\"yoast-schema-graph\">{\"@context\":\"https:\/\/schema.org\",\"@graph\":[{\"@type\":\"Article\",\"@id\":\"https:\/\/balatonneked.com\/2021\/05\/19\/minositest-kapnak-a-balatoni-strandok-is\/#article\",\"isPartOf\":{\"@id\":\"https:\/\/balatonneked.com\/2021\/05\/19\/minositest-kapnak-a-balatoni-strandok-is\/\"},\"author\":{\"name\":\"-\",\"@id\":\"https:\/\/balatonneked.com\/#\/schema\/person\/6abf551dbe3d5531af60e216ef9b16aa\"},\"headline\":\"Min\u0151s\u00edt\u00e9st kapnak a balatoni strandok is\",\"datePublished\":\"2021-05-19T06:12:47+00:00\",\"dateModified\":\"2021-05-19T06:12:48+00:00\",\"mainEntityOfPage\":{\"@id\":\"https:\/\/balatonneked.com\/2021\/05\/19\/minositest-kapnak-a-balatoni-strandok-is\/\"},\"wordCount\":268,\"publisher\":{\"@id\":\"https:\/\/balatonneked.com\/#organization\"},\"image\":{\"@id\":\"https:\/\/balatonneked.com\/2021\/05\/19\/minositest-kapnak-a-balatoni-strandok-is\/#primaryimage\"},\"thumbnailUrl\":\"https:\/\/balatonneked.com\/wp-content\/uploads\/2021\/05\/mihaly-koles-3uMj8BQWf2c-unsplash-scaled.jpg\",\"keywords\":[\"Balaton\",\"strandok\"],\"articleSection\":[\"Balaton\",\"H\u00edrek\"],\"inLanguage\":\"fr-FR\"},{\"@type\":\"WebPage\",\"@id\":\"https:\/\/balatonneked.com\/2021\/05\/19\/minositest-kapnak-a-balatoni-strandok-is\/\",\"url\":\"https:\/\/balatonneked.com\/2021\/05\/19\/minositest-kapnak-a-balatoni-strandok-is\/\",\"name\":\"Min\u0151s\u00edt\u00e9st kapnak a balatoni strandok is - BALATON NEKED\",\"isPartOf\":{\"@id\":\"https:\/\/balatonneked.com\/#website\"},\"primaryImageOfPage\":{\"@id\":\"https:\/\/balatonneked.com\/2021\/05\/19\/minositest-kapnak-a-balatoni-strandok-is\/#primaryimage\"},\"image\":{\"@id\":\"https:\/\/balatonneked.com\/2021\/05\/19\/minositest-kapnak-a-balatoni-strandok-is\/#primaryimage\"},\"thumbnailUrl\":\"https:\/\/balatonneked.com\/wp-content\/uploads\/2021\/05\/mihaly-koles-3uMj8BQWf2c-unsplash-scaled.jpg\",\"datePublished\":\"2021-05-19T06:12:47+00:00\",\"dateModified\":\"2021-05-19T06:12:48+00:00\",\"breadcrumb\":{\"@id\":\"https:\/\/balatonneked.com\/2021\/05\/19\/minositest-kapnak-a-balatoni-strandok-is\/#breadcrumb\"},\"inLanguage\":\"fr-FR\",\"potentialAction\":[{\"@type\":\"ReadAction\",\"target\":[\"https:\/\/balatonneked.com\/2021\/05\/19\/minositest-kapnak-a-balatoni-strandok-is\/\"]}]},{\"@type\":\"ImageObject\",\"inLanguage\":\"fr-FR\",\"@id\":\"https:\/\/balatonneked.com\/2021\/05\/19\/minositest-kapnak-a-balatoni-strandok-is\/#primaryimage\",\"url\":\"https:\/\/balatonneked.com\/wp-content\/uploads\/2021\/05\/mihaly-koles-3uMj8BQWf2c-unsplash-scaled.jpg\",\"contentUrl\":\"https:\/\/balatonneked.com\/wp-content\/uploads\/2021\/05\/mihaly-koles-3uMj8BQWf2c-unsplash-scaled.jpg\",\"width\":2560,\"height\":1671},{\"@type\":\"BreadcrumbList\",\"@id\":\"https:\/\/balatonneked.com\/2021\/05\/19\/minositest-kapnak-a-balatoni-strandok-is\/#breadcrumb\",\"itemListElement\":[{\"@type\":\"ListItem\",\"position\":1,\"name\":\"Kezd\u0151lap\",\"item\":\"https:\/\/balatonneked.com\/\"},{\"@type\":\"ListItem\",\"position\":2,\"name\":\"Min\u0151s\u00edt\u00e9st kapnak a balatoni strandok is\"}]},{\"@type\":\"WebSite\",\"@id\":\"https:\/\/balatonneked.com\/#website\",\"url\":\"https:\/\/balatonneked.com\/\",\"name\":\"BALATON NEKED\",\"description\":\"A Balaton leginformat\u00edvabb magazinja\",\"publisher\":{\"@id\":\"https:\/\/balatonneked.com\/#organization\"},\"potentialAction\":[{\"@type\":\"SearchAction\",\"target\":{\"@type\":\"EntryPoint\",\"urlTemplate\":\"https:\/\/balatonneked.com\/?s={search_term_string}\"},\"query-input\":{\"@type\":\"PropertyValueSpecification\",\"valueRequired\":true,\"valueName\":\"search_term_string\"}}],\"inLanguage\":\"fr-FR\"},{\"@type\":\"Organization\",\"@id\":\"https:\/\/balatonneked.com\/#organization\",\"name\":\"BalatonNeked\",\"url\":\"https:\/\/balatonneked.com\/\",\"logo\":{\"@type\":\"ImageObject\",\"inLanguage\":\"fr-FR\",\"@id\":\"https:\/\/balatonneked.com\/#\/schema\/logo\/image\/\",\"url\":\"https:\/\/balatonneked.com\/wp-content\/uploads\/2019\/05\/bnekedlogo.png\",\"contentUrl\":\"https:\/\/balatonneked.com\/wp-content\/uploads\/2019\/05\/bnekedlogo.png\",\"width\":750,\"height\":750,\"caption\":\"BalatonNeked\"},\"image\":{\"@id\":\"https:\/\/balatonneked.com\/#\/schema\/logo\/image\/\"},\"sameAs\":[\"https:\/\/www.facebook.com\/BalatonNeked\"]},{\"@type\":\"Person\",\"@id\":\"https:\/\/balatonneked.com\/#\/schema\/person\/6abf551dbe3d5531af60e216ef9b16aa\",\"name\":\"-\",\"image\":{\"@type\":\"ImageObject\",\"inLanguage\":\"fr-FR\",\"@id\":\"https:\/\/balatonneked.com\/#\/schema\/person\/image\/\",\"url\":\"https:\/\/secure.gravatar.com\/avatar\/7bcf602c35eea1fdd5dcb5698f42149adc1fb65510ae8b284cdf111a453a6c37?s=96&d=mm&r=g\",\"contentUrl\":\"https:\/\/secure.gravatar.com\/avatar\/7bcf602c35eea1fdd5dcb5698f42149adc1fb65510ae8b284cdf111a453a6c37?s=96&d=mm&r=g\",\"caption\":\"-\"},\"url\":\"https:\/\/balatonneked.com\/fr\/author\/tamasildiko\/\"}]}<\/script>\n<!-- \/ Yoast SEO plugin. -->","yoast_head_json":{"title":"Min\u0151s\u00edt\u00e9st kapnak a balatoni strandok is - BALATON NEKED","robots":{"index":"index","follow":"follow","max-snippet":"max-snippet:-1","max-image-preview":"max-image-preview:large","max-video-preview":"max-video-preview:-1"},"canonical":"https:\/\/balatonneked.com\/fr\/2021\/05\/19\/minositest-kapnak-a-balatoni-strandok-is\/","og_locale":"fr_FR","og_type":"article","og_title":"Min\u0151s\u00edt\u00e9st kapnak a balatoni strandok is - BALATON NEKED","og_description":"Min\u0151s\u00edteni fogj\u00e1k a balatoni strandokat annak alapj\u00e1n, hogy milyen sz\u00ednvonalon teljes\u00edtik a legelemibb elv\u00e1rhat\u00f3 k\u00f6vetelm\u00e9nyeket a tisztas\u00e1gt\u00f3l a kell\u0151 sz\u00e1m\u00fa parkol\u00f3ig &#8211; \u00edrja a napi.hu. Id\u00e9n is meghirdette a Balatoni Sz\u00f6vets\u00e9g (BSZ) a k\u00e9k hull\u00e1m z\u00e1szl\u00f3 balatoni strandmin\u0151s\u00edt\u00e9si p\u00e1ly\u00e1zatot &#8211; adta h\u00edr\u00fcl a Magyar Nemzet. A legjobb f\u00fcrd\u0151helyek megkapj\u00e1k, \u00e9s a bej\u00e1ratukn\u00e1l elhelyezhetik a k\u00e9k [&hellip;]","og_url":"https:\/\/balatonneked.com\/fr\/2021\/05\/19\/minositest-kapnak-a-balatoni-strandok-is\/","og_site_name":"BALATON NEKED","article_publisher":"https:\/\/www.facebook.com\/BalatonNeked","article_published_time":"2021-05-19T06:12:47+00:00","article_modified_time":"2021-05-19T06:12:48+00:00","og_image":[{"width":2560,"height":1671,"url":"https:\/\/balatonneked.com\/wp-content\/uploads\/2021\/05\/mihaly-koles-3uMj8BQWf2c-unsplash-scaled.jpg","type":"image\/jpeg"}],"author":"-","twitter_card":"summary_large_image","twitter_misc":{"\u00c9crit par":"-","Dur\u00e9e de lecture estim\u00e9e":"1 minute"},"schema":{"@context":"https:\/\/schema.org","@graph":[{"@type":"Article","@id":"https:\/\/balatonneked.com\/2021\/05\/19\/minositest-kapnak-a-balatoni-strandok-is\/#article","isPartOf":{"@id":"https:\/\/balatonneked.com\/2021\/05\/19\/minositest-kapnak-a-balatoni-strandok-is\/"},"author":{"name":"-","@id":"https:\/\/balatonneked.com\/#\/schema\/person\/6abf551dbe3d5531af60e216ef9b16aa"},"headline":"Min\u0151s\u00edt\u00e9st kapnak a balatoni strandok is","datePublished":"2021-05-19T06:12:47+00:00","dateModified":"2021-05-19T06:12:48+00:00","mainEntityOfPage":{"@id":"https:\/\/balatonneked.com\/2021\/05\/19\/minositest-kapnak-a-balatoni-strandok-is\/"},"wordCount":268,"publisher":{"@id":"https:\/\/balatonneked.com\/#organization"},"image":{"@id":"https:\/\/balatonneked.com\/2021\/05\/19\/minositest-kapnak-a-balatoni-strandok-is\/#primaryimage"},"thumbnailUrl":"https:\/\/balatonneked.com\/wp-content\/uploads\/2021\/05\/mihaly-koles-3uMj8BQWf2c-unsplash-scaled.jpg","keywords":["Balaton","strandok"],"articleSection":["Balaton","H\u00edrek"],"inLanguage":"fr-FR"},{"@type":"WebPage","@id":"https:\/\/balatonneked.com\/2021\/05\/19\/minositest-kapnak-a-balatoni-strandok-is\/","url":"https:\/\/balatonneked.com\/2021\/05\/19\/minositest-kapnak-a-balatoni-strandok-is\/","name":"Min\u0151s\u00edt\u00e9st kapnak a balatoni strandok is - BALATON NEKED","isPartOf":{"@id":"https:\/\/balatonneked.com\/#website"},"primaryImageOfPage":{"@id":"https:\/\/balatonneked.com\/2021\/05\/19\/minositest-kapnak-a-balatoni-strandok-is\/#primaryimage"},"image":{"@id":"https:\/\/balatonneked.com\/2021\/05\/19\/minositest-kapnak-a-balatoni-strandok-is\/#primaryimage"},"thumbnailUrl":"https:\/\/balatonneked.com\/wp-content\/uploads\/2021\/05\/mihaly-koles-3uMj8BQWf2c-unsplash-scaled.jpg","datePublished":"2021-05-19T06:12:47+00:00","dateModified":"2021-05-19T06:12:48+00:00","breadcrumb":{"@id":"https:\/\/balatonneked.com\/2021\/05\/19\/minositest-kapnak-a-balatoni-strandok-is\/#breadcrumb"},"inLanguage":"fr-FR","potentialAction":[{"@type":"ReadAction","target":["https:\/\/balatonneked.com\/2021\/05\/19\/minositest-kapnak-a-balatoni-strandok-is\/"]}]},{"@type":"ImageObject","inLanguage":"fr-FR","@id":"https:\/\/balatonneked.com\/2021\/05\/19\/minositest-kapnak-a-balatoni-strandok-is\/#primaryimage","url":"https:\/\/balatonneked.com\/wp-content\/uploads\/2021\/05\/mihaly-koles-3uMj8BQWf2c-unsplash-scaled.jpg","contentUrl":"https:\/\/balatonneked.com\/wp-content\/uploads\/2021\/05\/mihaly-koles-3uMj8BQWf2c-unsplash-scaled.jpg","width":2560,"height":1671},{"@type":"BreadcrumbList","@id":"https:\/\/balatonneked.com\/2021\/05\/19\/minositest-kapnak-a-balatoni-strandok-is\/#breadcrumb","itemListElement":[{"@type":"ListItem","position":1,"name":"Kezd\u0151lap","item":"https:\/\/balatonneked.com\/"},{"@type":"ListItem","position":2,"name":"Min\u0151s\u00edt\u00e9st kapnak a balatoni strandok is"}]},{"@type":"WebSite","@id":"https:\/\/balatonneked.com\/#website","url":"https:\/\/balatonneked.com\/","name":"BALATON NEKED","description":"A Balaton leginformat\u00edvabb magazinja","publisher":{"@id":"https:\/\/balatonneked.com\/#organization"},"potentialAction":[{"@type":"SearchAction","target":{"@type":"EntryPoint","urlTemplate":"https:\/\/balatonneked.com\/?s={search_term_string}"},"query-input":{"@type":"PropertyValueSpecification","valueRequired":true,"valueName":"search_term_string"}}],"inLanguage":"fr-FR"},{"@type":"Organization","@id":"https:\/\/balatonneked.com\/#organization","name":"BalatonNeked","url":"https:\/\/balatonneked.com\/","logo":{"@type":"ImageObject","inLanguage":"fr-FR","@id":"https:\/\/balatonneked.com\/#\/schema\/logo\/image\/","url":"https:\/\/balatonneked.com\/wp-content\/uploads\/2019\/05\/bnekedlogo.png","contentUrl":"https:\/\/balatonneked.com\/wp-content\/uploads\/2019\/05\/bnekedlogo.png","width":750,"height":750,"caption":"BalatonNeked"},"image":{"@id":"https:\/\/balatonneked.com\/#\/schema\/logo\/image\/"},"sameAs":["https:\/\/www.facebook.com\/BalatonNeked"]},{"@type":"Person","@id":"https:\/\/balatonneked.com\/#\/schema\/person\/6abf551dbe3d5531af60e216ef9b16aa","name":"-","image":{"@type":"ImageObject","inLanguage":"fr-FR","@id":"https:\/\/balatonneked.com\/#\/schema\/person\/image\/","url":"https:\/\/secure.gravatar.com\/avatar\/7bcf602c35eea1fdd5dcb5698f42149adc1fb65510ae8b284cdf111a453a6c37?s=96&d=mm&r=g","contentUrl":"https:\/\/secure.gravatar.com\/avatar\/7bcf602c35eea1fdd5dcb5698f42149adc1fb65510ae8b284cdf111a453a6c37?s=96&d=mm&r=g","caption":"-"},"url":"https:\/\/balatonneked.com\/fr\/author\/tamasildiko\/"}]}},"_links":{"self":[{"href":"https:\/\/balatonneked.com\/fr\/wp-json\/wp\/v2\/posts\/3068","targetHints":{"allow":["GET"]}}],"collection":[{"href":"https:\/\/balatonneked.com\/fr\/wp-json\/wp\/v2\/posts"}],"about":[{"href":"https:\/\/balatonneked.com\/fr\/wp-json\/wp\/v2\/types\/post"}],"author":[{"embeddable":true,"href":"https:\/\/balatonneked.com\/fr\/wp-json\/wp\/v2\/users\/2"}],"replies":[{"embeddable":true,"href":"https:\/\/balatonneked.com\/fr\/wp-json\/wp\/v2\/comments?post=3068"}],"version-history":[{"count":1,"href":"https:\/\/balatonneked.com\/fr\/wp-json\/wp\/v2\/posts\/3068\/revisions"}],"predecessor-version":[{"id":3070,"href":"https:\/\/balatonneked.com\/fr\/wp-json\/wp\/v2\/posts\/3068\/revisions\/3070"}],"wp:featuredmedia":[{"embeddable":true,"href":"https:\/\/balatonneked.com\/fr\/wp-json\/wp\/v2\/media\/3069"}],"wp:attachment":[{"href":"https:\/\/balatonneked.com\/fr\/wp-json\/wp\/v2\/media?parent=3068"}],"wp:term":[{"taxonomy":"category","embeddable":true,"href":"https:\/\/balatonneked.com\/fr\/wp-json\/wp\/v2\/categories?post=3068"},{"taxonomy":"post_tag","embeddable":true,"href":"https:\/\/balatonneked.com\/fr\/wp-json\/wp\/v2\/tags?post=3068"}],"curies":[{"name":"wp","href":"https:\/\/api.w.org\/{rel}","templated":true}]}}