{"id":2518,"date":"2019-09-18T14:50:39","date_gmt":"2019-09-18T14:50:39","guid":{"rendered":"http:\/\/balatonneked.com\/?p=2518"},"modified":"2019-09-18T14:50:39","modified_gmt":"2019-09-18T14:50:39","slug":"borbely-mihaly-es-a-parker-jazz-quartett-eloadasa-balatonfureden","status":"publish","type":"post","link":"https:\/\/balatonneked.com\/fr\/2019\/09\/18\/borbely-mihaly-es-a-parker-jazz-quartett-eloadasa-balatonfureden\/","title":{"rendered":"Borb\u00e9ly Mih\u00e1ly \u00e9s a Parker Jazz Quartett el\u0151ad\u00e1sa Balatonf\u00fcreden"},"content":{"rendered":"<p>R\u00e9szletek az esem\u00e9ny plak\u00e1tj\u00e1n tal\u00e1lhat\u00f3k:<\/p>\n<p><img fetchpriority=\"high\" decoding=\"async\" class=\"aligncenter size-full wp-image-2519\" src=\"http:\/\/balatonneked.com\/wp-content\/uploads\/2019\/09\/Parker_Jazz_Club_2019.09.19_a3_web.jpg\" alt=\"\" width=\"1813\" height=\"2539\" srcset=\"https:\/\/balatonneked.com\/wp-content\/uploads\/2019\/09\/Parker_Jazz_Club_2019.09.19_a3_web.jpg 1813w, https:\/\/balatonneked.com\/wp-content\/uploads\/2019\/09\/Parker_Jazz_Club_2019.09.19_a3_web-600x840.jpg 600w, https:\/\/balatonneked.com\/wp-content\/uploads\/2019\/09\/Parker_Jazz_Club_2019.09.19_a3_web-214x300.jpg 214w, https:\/\/balatonneked.com\/wp-content\/uploads\/2019\/09\/Parker_Jazz_Club_2019.09.19_a3_web-768x1076.jpg 768w, https:\/\/balatonneked.com\/wp-content\/uploads\/2019\/09\/Parker_Jazz_Club_2019.09.19_a3_web-731x1024.jpg 731w\" sizes=\"(max-width: 1813px) 100vw, 1813px\" \/><\/p>","protected":false},"excerpt":{"rendered":"<p>R\u00e9szletek az esem\u00e9ny plak\u00e1tj\u00e1n tal\u00e1lhat\u00f3k:<\/p>","protected":false},"author":2,"featured_media":2519,"comment_status":"open","ping_status":"open","sticky":false,"template":"","format":"standard","meta":{"_acf_changed":false,"footnotes":""},"categories":[155],"tags":[83,197,172,196],"class_list":["post-2518","post","type-post","status-publish","format-standard","has-post-thumbnail","hentry","category-hirek","tag-balatonfured","tag-koncert","tag-programajanlo","tag-zene"],"acf":[],"yoast_head":"<!-- This site is optimized with the Yoast SEO plugin v25.1 - https:\/\/yoast.com\/wordpress\/plugins\/seo\/ -->\n<title>Borb\u00e9ly Mih\u00e1ly \u00e9s a Parker Jazz Quartett el\u0151ad\u00e1sa Balatonf\u00fcreden - BALATON NEKED<\/title>\n<meta name=\"robots\" content=\"index, follow, max-snippet:-1, max-image-preview:large, max-video-preview:-1\" \/>\n<link rel=\"canonical\" href=\"https:\/\/balatonneked.com\/fr\/2019\/09\/18\/borbely-mihaly-es-a-parker-jazz-quartett-eloadasa-balatonfureden\/\" \/>\n<meta property=\"og:locale\" content=\"fr_FR\" \/>\n<meta property=\"og:type\" content=\"article\" \/>\n<meta property=\"og:title\" content=\"Borb\u00e9ly Mih\u00e1ly \u00e9s a Parker Jazz Quartett el\u0151ad\u00e1sa Balatonf\u00fcreden - BALATON NEKED\" \/>\n<meta property=\"og:description\" content=\"R\u00e9szletek az esem\u00e9ny plak\u00e1tj\u00e1n tal\u00e1lhat\u00f3k:\" \/>\n<meta property=\"og:url\" content=\"https:\/\/balatonneked.com\/fr\/2019\/09\/18\/borbely-mihaly-es-a-parker-jazz-quartett-eloadasa-balatonfureden\/\" \/>\n<meta property=\"og:site_name\" content=\"BALATON NEKED\" \/>\n<meta property=\"article:publisher\" content=\"https:\/\/www.facebook.com\/BalatonNeked\" \/>\n<meta property=\"article:published_time\" content=\"2019-09-18T14:50:39+00:00\" \/>\n<meta property=\"og:image\" content=\"https:\/\/balatonneked.com\/wp-content\/uploads\/2019\/09\/Parker_Jazz_Club_2019.09.19_a3_web.jpg\" \/>\n\t<meta property=\"og:image:width\" content=\"1813\" \/>\n\t<meta property=\"og:image:height\" content=\"2539\" \/>\n\t<meta property=\"og:image:type\" content=\"image\/jpeg\" \/>\n<meta name=\"author\" content=\"-\" \/>\n<meta name=\"twitter:card\" content=\"summary_large_image\" \/>\n<meta name=\"twitter:label1\" content=\"\u00c9crit par\" \/>\n\t<meta name=\"twitter:data1\" content=\"-\" \/>\n<script type=\"application\/ld+json\" class=\"yoast-schema-graph\">{\"@context\":\"https:\/\/schema.org\",\"@graph\":[{\"@type\":\"Article\",\"@id\":\"https:\/\/balatonneked.com\/2019\/09\/18\/borbely-mihaly-es-a-parker-jazz-quartett-eloadasa-balatonfureden\/#article\",\"isPartOf\":{\"@id\":\"https:\/\/balatonneked.com\/2019\/09\/18\/borbely-mihaly-es-a-parker-jazz-quartett-eloadasa-balatonfureden\/\"},\"author\":{\"name\":\"-\",\"@id\":\"https:\/\/balatonneked.com\/#\/schema\/person\/6abf551dbe3d5531af60e216ef9b16aa\"},\"headline\":\"Borb\u00e9ly Mih\u00e1ly \u00e9s a Parker Jazz Quartett el\u0151ad\u00e1sa Balatonf\u00fcreden\",\"datePublished\":\"2019-09-18T14:50:39+00:00\",\"mainEntityOfPage\":{\"@id\":\"https:\/\/balatonneked.com\/2019\/09\/18\/borbely-mihaly-es-a-parker-jazz-quartett-eloadasa-balatonfureden\/\"},\"wordCount\":25,\"commentCount\":0,\"publisher\":{\"@id\":\"https:\/\/balatonneked.com\/#organization\"},\"image\":{\"@id\":\"https:\/\/balatonneked.com\/2019\/09\/18\/borbely-mihaly-es-a-parker-jazz-quartett-eloadasa-balatonfureden\/#primaryimage\"},\"thumbnailUrl\":\"https:\/\/balatonneked.com\/wp-content\/uploads\/2019\/09\/Parker_Jazz_Club_2019.09.19_a3_web.jpg\",\"keywords\":[\"Balatonf\u00fcred\",\"koncert\",\"Programaj\u00e1nl\u00f3\",\"zene\"],\"articleSection\":[\"H\u00edrek\"],\"inLanguage\":\"fr-FR\",\"potentialAction\":[{\"@type\":\"CommentAction\",\"name\":\"Comment\",\"target\":[\"https:\/\/balatonneked.com\/2019\/09\/18\/borbely-mihaly-es-a-parker-jazz-quartett-eloadasa-balatonfureden\/#respond\"]}]},{\"@type\":\"WebPage\",\"@id\":\"https:\/\/balatonneked.com\/2019\/09\/18\/borbely-mihaly-es-a-parker-jazz-quartett-eloadasa-balatonfureden\/\",\"url\":\"https:\/\/balatonneked.com\/2019\/09\/18\/borbely-mihaly-es-a-parker-jazz-quartett-eloadasa-balatonfureden\/\",\"name\":\"Borb\u00e9ly Mih\u00e1ly \u00e9s a Parker Jazz Quartett el\u0151ad\u00e1sa Balatonf\u00fcreden - BALATON NEKED\",\"isPartOf\":{\"@id\":\"https:\/\/balatonneked.com\/#website\"},\"primaryImageOfPage\":{\"@id\":\"https:\/\/balatonneked.com\/2019\/09\/18\/borbely-mihaly-es-a-parker-jazz-quartett-eloadasa-balatonfureden\/#primaryimage\"},\"image\":{\"@id\":\"https:\/\/balatonneked.com\/2019\/09\/18\/borbely-mihaly-es-a-parker-jazz-quartett-eloadasa-balatonfureden\/#primaryimage\"},\"thumbnailUrl\":\"https:\/\/balatonneked.com\/wp-content\/uploads\/2019\/09\/Parker_Jazz_Club_2019.09.19_a3_web.jpg\",\"datePublished\":\"2019-09-18T14:50:39+00:00\",\"breadcrumb\":{\"@id\":\"https:\/\/balatonneked.com\/2019\/09\/18\/borbely-mihaly-es-a-parker-jazz-quartett-eloadasa-balatonfureden\/#breadcrumb\"},\"inLanguage\":\"fr-FR\",\"potentialAction\":[{\"@type\":\"ReadAction\",\"target\":[\"https:\/\/balatonneked.com\/2019\/09\/18\/borbely-mihaly-es-a-parker-jazz-quartett-eloadasa-balatonfureden\/\"]}]},{\"@type\":\"ImageObject\",\"inLanguage\":\"fr-FR\",\"@id\":\"https:\/\/balatonneked.com\/2019\/09\/18\/borbely-mihaly-es-a-parker-jazz-quartett-eloadasa-balatonfureden\/#primaryimage\",\"url\":\"https:\/\/balatonneked.com\/wp-content\/uploads\/2019\/09\/Parker_Jazz_Club_2019.09.19_a3_web.jpg\",\"contentUrl\":\"https:\/\/balatonneked.com\/wp-content\/uploads\/2019\/09\/Parker_Jazz_Club_2019.09.19_a3_web.jpg\",\"width\":1813,\"height\":2539},{\"@type\":\"BreadcrumbList\",\"@id\":\"https:\/\/balatonneked.com\/2019\/09\/18\/borbely-mihaly-es-a-parker-jazz-quartett-eloadasa-balatonfureden\/#breadcrumb\",\"itemListElement\":[{\"@type\":\"ListItem\",\"position\":1,\"name\":\"Kezd\u0151lap\",\"item\":\"https:\/\/balatonneked.com\/\"},{\"@type\":\"ListItem\",\"position\":2,\"name\":\"Borb\u00e9ly Mih\u00e1ly \u00e9s a Parker Jazz Quartett el\u0151ad\u00e1sa Balatonf\u00fcreden\"}]},{\"@type\":\"WebSite\",\"@id\":\"https:\/\/balatonneked.com\/#website\",\"url\":\"https:\/\/balatonneked.com\/\",\"name\":\"BALATON NEKED\",\"description\":\"A Balaton leginformat\u00edvabb magazinja\",\"publisher\":{\"@id\":\"https:\/\/balatonneked.com\/#organization\"},\"potentialAction\":[{\"@type\":\"SearchAction\",\"target\":{\"@type\":\"EntryPoint\",\"urlTemplate\":\"https:\/\/balatonneked.com\/?s={search_term_string}\"},\"query-input\":{\"@type\":\"PropertyValueSpecification\",\"valueRequired\":true,\"valueName\":\"search_term_string\"}}],\"inLanguage\":\"fr-FR\"},{\"@type\":\"Organization\",\"@id\":\"https:\/\/balatonneked.com\/#organization\",\"name\":\"BalatonNeked\",\"url\":\"https:\/\/balatonneked.com\/\",\"logo\":{\"@type\":\"ImageObject\",\"inLanguage\":\"fr-FR\",\"@id\":\"https:\/\/balatonneked.com\/#\/schema\/logo\/image\/\",\"url\":\"https:\/\/balatonneked.com\/wp-content\/uploads\/2019\/05\/bnekedlogo.png\",\"contentUrl\":\"https:\/\/balatonneked.com\/wp-content\/uploads\/2019\/05\/bnekedlogo.png\",\"width\":750,\"height\":750,\"caption\":\"BalatonNeked\"},\"image\":{\"@id\":\"https:\/\/balatonneked.com\/#\/schema\/logo\/image\/\"},\"sameAs\":[\"https:\/\/www.facebook.com\/BalatonNeked\"]},{\"@type\":\"Person\",\"@id\":\"https:\/\/balatonneked.com\/#\/schema\/person\/6abf551dbe3d5531af60e216ef9b16aa\",\"name\":\"-\",\"image\":{\"@type\":\"ImageObject\",\"inLanguage\":\"fr-FR\",\"@id\":\"https:\/\/balatonneked.com\/#\/schema\/person\/image\/\",\"url\":\"https:\/\/secure.gravatar.com\/avatar\/7bcf602c35eea1fdd5dcb5698f42149adc1fb65510ae8b284cdf111a453a6c37?s=96&d=mm&r=g\",\"contentUrl\":\"https:\/\/secure.gravatar.com\/avatar\/7bcf602c35eea1fdd5dcb5698f42149adc1fb65510ae8b284cdf111a453a6c37?s=96&d=mm&r=g\",\"caption\":\"-\"},\"url\":\"https:\/\/balatonneked.com\/fr\/author\/tamasildiko\/\"}]}<\/script>\n<!-- \/ Yoast SEO plugin. -->","yoast_head_json":{"title":"Borb\u00e9ly Mih\u00e1ly \u00e9s a Parker Jazz Quartett el\u0151ad\u00e1sa Balatonf\u00fcreden - BALATON NEKED","robots":{"index":"index","follow":"follow","max-snippet":"max-snippet:-1","max-image-preview":"max-image-preview:large","max-video-preview":"max-video-preview:-1"},"canonical":"https:\/\/balatonneked.com\/fr\/2019\/09\/18\/borbely-mihaly-es-a-parker-jazz-quartett-eloadasa-balatonfureden\/","og_locale":"fr_FR","og_type":"article","og_title":"Borb\u00e9ly Mih\u00e1ly \u00e9s a Parker Jazz Quartett el\u0151ad\u00e1sa Balatonf\u00fcreden - BALATON NEKED","og_description":"R\u00e9szletek az esem\u00e9ny plak\u00e1tj\u00e1n tal\u00e1lhat\u00f3k:","og_url":"https:\/\/balatonneked.com\/fr\/2019\/09\/18\/borbely-mihaly-es-a-parker-jazz-quartett-eloadasa-balatonfureden\/","og_site_name":"BALATON NEKED","article_publisher":"https:\/\/www.facebook.com\/BalatonNeked","article_published_time":"2019-09-18T14:50:39+00:00","og_image":[{"width":1813,"height":2539,"url":"https:\/\/balatonneked.com\/wp-content\/uploads\/2019\/09\/Parker_Jazz_Club_2019.09.19_a3_web.jpg","type":"image\/jpeg"}],"author":"-","twitter_card":"summary_large_image","twitter_misc":{"\u00c9crit par":"-"},"schema":{"@context":"https:\/\/schema.org","@graph":[{"@type":"Article","@id":"https:\/\/balatonneked.com\/2019\/09\/18\/borbely-mihaly-es-a-parker-jazz-quartett-eloadasa-balatonfureden\/#article","isPartOf":{"@id":"https:\/\/balatonneked.com\/2019\/09\/18\/borbely-mihaly-es-a-parker-jazz-quartett-eloadasa-balatonfureden\/"},"author":{"name":"-","@id":"https:\/\/balatonneked.com\/#\/schema\/person\/6abf551dbe3d5531af60e216ef9b16aa"},"headline":"Borb\u00e9ly Mih\u00e1ly \u00e9s a Parker Jazz Quartett el\u0151ad\u00e1sa Balatonf\u00fcreden","datePublished":"2019-09-18T14:50:39+00:00","mainEntityOfPage":{"@id":"https:\/\/balatonneked.com\/2019\/09\/18\/borbely-mihaly-es-a-parker-jazz-quartett-eloadasa-balatonfureden\/"},"wordCount":25,"commentCount":0,"publisher":{"@id":"https:\/\/balatonneked.com\/#organization"},"image":{"@id":"https:\/\/balatonneked.com\/2019\/09\/18\/borbely-mihaly-es-a-parker-jazz-quartett-eloadasa-balatonfureden\/#primaryimage"},"thumbnailUrl":"https:\/\/balatonneked.com\/wp-content\/uploads\/2019\/09\/Parker_Jazz_Club_2019.09.19_a3_web.jpg","keywords":["Balatonf\u00fcred","koncert","Programaj\u00e1nl\u00f3","zene"],"articleSection":["H\u00edrek"],"inLanguage":"fr-FR","potentialAction":[{"@type":"CommentAction","name":"Comment","target":["https:\/\/balatonneked.com\/2019\/09\/18\/borbely-mihaly-es-a-parker-jazz-quartett-eloadasa-balatonfureden\/#respond"]}]},{"@type":"WebPage","@id":"https:\/\/balatonneked.com\/2019\/09\/18\/borbely-mihaly-es-a-parker-jazz-quartett-eloadasa-balatonfureden\/","url":"https:\/\/balatonneked.com\/2019\/09\/18\/borbely-mihaly-es-a-parker-jazz-quartett-eloadasa-balatonfureden\/","name":"Borb\u00e9ly Mih\u00e1ly \u00e9s a Parker Jazz Quartett el\u0151ad\u00e1sa Balatonf\u00fcreden - BALATON NEKED","isPartOf":{"@id":"https:\/\/balatonneked.com\/#website"},"primaryImageOfPage":{"@id":"https:\/\/balatonneked.com\/2019\/09\/18\/borbely-mihaly-es-a-parker-jazz-quartett-eloadasa-balatonfureden\/#primaryimage"},"image":{"@id":"https:\/\/balatonneked.com\/2019\/09\/18\/borbely-mihaly-es-a-parker-jazz-quartett-eloadasa-balatonfureden\/#primaryimage"},"thumbnailUrl":"https:\/\/balatonneked.com\/wp-content\/uploads\/2019\/09\/Parker_Jazz_Club_2019.09.19_a3_web.jpg","datePublished":"2019-09-18T14:50:39+00:00","breadcrumb":{"@id":"https:\/\/balatonneked.com\/2019\/09\/18\/borbely-mihaly-es-a-parker-jazz-quartett-eloadasa-balatonfureden\/#breadcrumb"},"inLanguage":"fr-FR","potentialAction":[{"@type":"ReadAction","target":["https:\/\/balatonneked.com\/2019\/09\/18\/borbely-mihaly-es-a-parker-jazz-quartett-eloadasa-balatonfureden\/"]}]},{"@type":"ImageObject","inLanguage":"fr-FR","@id":"https:\/\/balatonneked.com\/2019\/09\/18\/borbely-mihaly-es-a-parker-jazz-quartett-eloadasa-balatonfureden\/#primaryimage","url":"https:\/\/balatonneked.com\/wp-content\/uploads\/2019\/09\/Parker_Jazz_Club_2019.09.19_a3_web.jpg","contentUrl":"https:\/\/balatonneked.com\/wp-content\/uploads\/2019\/09\/Parker_Jazz_Club_2019.09.19_a3_web.jpg","width":1813,"height":2539},{"@type":"BreadcrumbList","@id":"https:\/\/balatonneked.com\/2019\/09\/18\/borbely-mihaly-es-a-parker-jazz-quartett-eloadasa-balatonfureden\/#breadcrumb","itemListElement":[{"@type":"ListItem","position":1,"name":"Kezd\u0151lap","item":"https:\/\/balatonneked.com\/"},{"@type":"ListItem","position":2,"name":"Borb\u00e9ly Mih\u00e1ly \u00e9s a Parker Jazz Quartett el\u0151ad\u00e1sa Balatonf\u00fcreden"}]},{"@type":"WebSite","@id":"https:\/\/balatonneked.com\/#website","url":"https:\/\/balatonneked.com\/","name":"BALATON NEKED","description":"A Balaton leginformat\u00edvabb magazinja","publisher":{"@id":"https:\/\/balatonneked.com\/#organization"},"potentialAction":[{"@type":"SearchAction","target":{"@type":"EntryPoint","urlTemplate":"https:\/\/balatonneked.com\/?s={search_term_string}"},"query-input":{"@type":"PropertyValueSpecification","valueRequired":true,"valueName":"search_term_string"}}],"inLanguage":"fr-FR"},{"@type":"Organization","@id":"https:\/\/balatonneked.com\/#organization","name":"BalatonNeked","url":"https:\/\/balatonneked.com\/","logo":{"@type":"ImageObject","inLanguage":"fr-FR","@id":"https:\/\/balatonneked.com\/#\/schema\/logo\/image\/","url":"https:\/\/balatonneked.com\/wp-content\/uploads\/2019\/05\/bnekedlogo.png","contentUrl":"https:\/\/balatonneked.com\/wp-content\/uploads\/2019\/05\/bnekedlogo.png","width":750,"height":750,"caption":"BalatonNeked"},"image":{"@id":"https:\/\/balatonneked.com\/#\/schema\/logo\/image\/"},"sameAs":["https:\/\/www.facebook.com\/BalatonNeked"]},{"@type":"Person","@id":"https:\/\/balatonneked.com\/#\/schema\/person\/6abf551dbe3d5531af60e216ef9b16aa","name":"-","image":{"@type":"ImageObject","inLanguage":"fr-FR","@id":"https:\/\/balatonneked.com\/#\/schema\/person\/image\/","url":"https:\/\/secure.gravatar.com\/avatar\/7bcf602c35eea1fdd5dcb5698f42149adc1fb65510ae8b284cdf111a453a6c37?s=96&d=mm&r=g","contentUrl":"https:\/\/secure.gravatar.com\/avatar\/7bcf602c35eea1fdd5dcb5698f42149adc1fb65510ae8b284cdf111a453a6c37?s=96&d=mm&r=g","caption":"-"},"url":"https:\/\/balatonneked.com\/fr\/author\/tamasildiko\/"}]}},"_links":{"self":[{"href":"https:\/\/balatonneked.com\/fr\/wp-json\/wp\/v2\/posts\/2518","targetHints":{"allow":["GET"]}}],"collection":[{"href":"https:\/\/balatonneked.com\/fr\/wp-json\/wp\/v2\/posts"}],"about":[{"href":"https:\/\/balatonneked.com\/fr\/wp-json\/wp\/v2\/types\/post"}],"author":[{"embeddable":true,"href":"https:\/\/balatonneked.com\/fr\/wp-json\/wp\/v2\/users\/2"}],"replies":[{"embeddable":true,"href":"https:\/\/balatonneked.com\/fr\/wp-json\/wp\/v2\/comments?post=2518"}],"version-history":[{"count":1,"href":"https:\/\/balatonneked.com\/fr\/wp-json\/wp\/v2\/posts\/2518\/revisions"}],"predecessor-version":[{"id":2520,"href":"https:\/\/balatonneked.com\/fr\/wp-json\/wp\/v2\/posts\/2518\/revisions\/2520"}],"wp:featuredmedia":[{"embeddable":true,"href":"https:\/\/balatonneked.com\/fr\/wp-json\/wp\/v2\/media\/2519"}],"wp:attachment":[{"href":"https:\/\/balatonneked.com\/fr\/wp-json\/wp\/v2\/media?parent=2518"}],"wp:term":[{"taxonomy":"category","embeddable":true,"href":"https:\/\/balatonneked.com\/fr\/wp-json\/wp\/v2\/categories?post=2518"},{"taxonomy":"post_tag","embeddable":true,"href":"https:\/\/balatonneked.com\/fr\/wp-json\/wp\/v2\/tags?post=2518"}],"curies":[{"name":"wp","href":"https:\/\/api.w.org\/{rel}","templated":true}]}}