{"id":2505,"date":"2019-09-03T18:11:45","date_gmt":"2019-09-03T18:11:45","guid":{"rendered":"http:\/\/balatonneked.com\/?p=2505"},"modified":"2019-09-03T18:11:45","modified_gmt":"2019-09-03T18:11:45","slug":"balaton-boat-show-a-hetvegen-balatonkenesen","status":"publish","type":"post","link":"https:\/\/balatonneked.com\/fr\/2019\/09\/03\/balaton-boat-show-a-hetvegen-balatonkenesen\/","title":{"rendered":"Balaton Boat Show a h\u00e9tv\u00e9g\u00e9n Balatonkenes\u00e9n"},"content":{"rendered":"<p>\u201eTavaly is rekordsz\u00e1m\u00fa vend\u00e9g j\u00f6tt el v\u00edzen \u00e9s parton ki\u00e1ll\u00edtott t\u00f6bb mint 60 vitorl\u00e1st, motorost \u00e9s elektromos haj\u00f3t, valamint rengeteg haj\u00f3z\u00e1si kieg\u00e9sz\u00edt\u0151t, ruh\u00e1zatot felvonultat\u00f3 rendezv\u00e9nyre. Az id\u00e9n m\u00e9g t\u00f6bben lesznek, ugyanis a v\u00edzi ki\u00e1ll\u00edt\u00f3helyek m\u00e1r j\u00faniusban beteltek, a sz\u00e1razf\u00f6ld\u00f6n \u00e9s v\u00edzen bemutatott haj\u00f3k, motorcs\u00f3nakok, elektrojetek sz\u00e1ma megk\u00f6zel\u00edti a sz\u00e1zat\u201d \u2013 mondta R\u00e1polthy Edit, a ki\u00e1ll\u00edt\u00e1s igazgat\u00f3ja.<\/p>\n<p>A Balaton Boat Show rendhagy\u00f3 \u00e9rtelemben egy \u201ehaj\u00f3szalon\u201d, amely mindenkinek izgalmas programot k\u00edn\u00e1l, legyen sz\u00f3 a haj\u00f3z\u00e1ssal el\u0151sz\u00f6r tal\u00e1lkoz\u00f3 vend\u00e9gekr\u0151l, r\u00e9g\u00f3ta haj\u00f3z\u00f3 vagy \u00e9ppen haj\u00f3v\u00e1s\u00e1rl\u00e1st fontolgat\u00f3 l\u00e1togat\u00f3kr\u00f3l.<\/p>\n<div class=\"endless-shared-area\">\n<div id=\"et-boc\">\n<div class=\"et_pb_section et_pb_section_3 et_section_regular\">\n<div class=\"et_pb_row et_pb_row_3\">\n<div class=\"et_pb_column et_pb_column_4_4 et_pb_column_3    et_pb_css_mix_blend_mode_passthrough et-last-child\">R\u00e1polthy Edit elmondta: a ki\u00e1ll\u00edtott haj\u00f3k t\u00f6bbs\u00e9ge id\u00e9n is vitorl\u00e1s lesz. Folytat\u00f3dik a trend, egyre nagyobb haj\u00f3kkal j\u00f6nnek a gy\u00e1rt\u00f3k \u00e9s forgalmaz\u00f3k, t\u00f6bb 49-50 l\u00e1bas haj\u00f3 is lesz a f\u0151szerepl\u0151k k\u00f6z\u00f6tt. T\u00f6bb \u00fajdons\u00e1g is v\u00e1rhat\u00f3: sz\u00e1mos premierrel mutatkoznak be a hazai gy\u00e1rt\u00f3k \u00e9s forgalmaz\u00f3k egyar\u00e1nt. Az elektromos haj\u00f3k egy r\u00e9sze a v\u00edzen is kipr\u00f3b\u00e1lhat\u00f3 lesz, id\u0151pont pedig b\u00e1rmelyik haj\u00f3 tesztel\u00e9s\u00e9re egyeztethet\u0151.<\/div>\n<\/div>\n<\/div>\n<\/div>\n<\/div>\n<p>A v\u00edzen bemutatott haj\u00f3k mellett a ki\u00e1ll\u00edt\u00f3k rengeteg haj\u00f3z\u00e1shoz kapcsol\u00f3d\u00f3 eszk\u00f6zt, kieg\u00e9sz\u00edt\u0151t is hoznak Balatonkenes\u00e9re szeptember els\u0151 h\u00e9tv\u00e9g\u00e9j\u00e9n, a ki\u00e1ll\u00edt\u00e1s sz\u00e1razf\u00f6ldi ter\u00fcleten elfoglalt m\u00e9rete is rekordot d\u00f6nt id\u00e9n. Sz\u00ednes program is v\u00e1rja az \u00e9rdekl\u0151d\u0151ket. A kik\u00f6t\u0151 b\u00e1rterasz\u00e1n rendezett program keret\u00e9ben \u00e9rdekes inform\u00e1ci\u00f3kat, besz\u00e9lget\u00e9seket hallhatnak az \u00e9rdekl\u0151d\u0151k a Balatonr\u00f3l, haj\u00f3z\u00e1sr\u00f3l, vitorl\u00e1z\u00e1sr\u00f3l.<\/p>\n<p>A rendezv\u00e9nynek az id\u00e9n is\u00a0a balatonkenesei Kenese Marina-Port lesz a h\u00e1zigazd\u00e1ja.<\/p>\n<p>(bor\u00edt\u00f3k\u00e9p: facebook)<\/p>","protected":false},"excerpt":{"rendered":"<p>\u201eTavaly is rekordsz\u00e1m\u00fa vend\u00e9g j\u00f6tt el v\u00edzen \u00e9s parton ki\u00e1ll\u00edtott t\u00f6bb mint 60 vitorl\u00e1st, motorost \u00e9s elektromos haj\u00f3t, valamint rengeteg haj\u00f3z\u00e1si kieg\u00e9sz\u00edt\u0151t, ruh\u00e1zatot felvonultat\u00f3 rendezv\u00e9nyre. Az id\u00e9n m\u00e9g t\u00f6bben lesznek, ugyanis a v\u00edzi ki\u00e1ll\u00edt\u00f3helyek m\u00e1r j\u00faniusban beteltek, a sz\u00e1razf\u00f6ld\u00f6n \u00e9s v\u00edzen bemutatott haj\u00f3k, motorcs\u00f3nakok, elektrojetek sz\u00e1ma megk\u00f6zel\u00edti a sz\u00e1zat\u201d \u2013 mondta R\u00e1polthy Edit, a ki\u00e1ll\u00edt\u00e1s [&hellip;]<\/p>","protected":false},"author":2,"featured_media":2506,"comment_status":"open","ping_status":"open","sticky":false,"template":"","format":"standard","meta":{"_acf_changed":false,"footnotes":""},"categories":[155],"tags":[138,71,172],"class_list":["post-2505","post","type-post","status-publish","format-standard","has-post-thumbnail","hentry","category-hirek","tag-balatonkenese","tag-hajozas","tag-programajanlo"],"acf":[],"yoast_head":"<!-- This site is optimized with the Yoast SEO plugin v25.1 - https:\/\/yoast.com\/wordpress\/plugins\/seo\/ -->\n<title>Balaton Boat Show a h\u00e9tv\u00e9g\u00e9n Balatonkenes\u00e9n - BALATON NEKED<\/title>\n<meta name=\"robots\" content=\"index, follow, max-snippet:-1, max-image-preview:large, max-video-preview:-1\" \/>\n<link rel=\"canonical\" href=\"https:\/\/balatonneked.com\/fr\/2019\/09\/03\/balaton-boat-show-a-hetvegen-balatonkenesen\/\" \/>\n<meta property=\"og:locale\" content=\"fr_FR\" \/>\n<meta property=\"og:type\" content=\"article\" \/>\n<meta property=\"og:title\" content=\"Balaton Boat Show a h\u00e9tv\u00e9g\u00e9n Balatonkenes\u00e9n - BALATON NEKED\" \/>\n<meta property=\"og:description\" content=\"\u201eTavaly is rekordsz\u00e1m\u00fa vend\u00e9g j\u00f6tt el v\u00edzen \u00e9s parton ki\u00e1ll\u00edtott t\u00f6bb mint 60 vitorl\u00e1st, motorost \u00e9s elektromos haj\u00f3t, valamint rengeteg haj\u00f3z\u00e1si kieg\u00e9sz\u00edt\u0151t, ruh\u00e1zatot felvonultat\u00f3 rendezv\u00e9nyre. Az id\u00e9n m\u00e9g t\u00f6bben lesznek, ugyanis a v\u00edzi ki\u00e1ll\u00edt\u00f3helyek m\u00e1r j\u00faniusban beteltek, a sz\u00e1razf\u00f6ld\u00f6n \u00e9s v\u00edzen bemutatott haj\u00f3k, motorcs\u00f3nakok, elektrojetek sz\u00e1ma megk\u00f6zel\u00edti a sz\u00e1zat\u201d \u2013 mondta R\u00e1polthy Edit, a ki\u00e1ll\u00edt\u00e1s [&hellip;]\" \/>\n<meta property=\"og:url\" content=\"https:\/\/balatonneked.com\/fr\/2019\/09\/03\/balaton-boat-show-a-hetvegen-balatonkenesen\/\" \/>\n<meta property=\"og:site_name\" content=\"BALATON NEKED\" \/>\n<meta property=\"article:publisher\" content=\"https:\/\/www.facebook.com\/BalatonNeked\" \/>\n<meta property=\"article:published_time\" content=\"2019-09-03T18:11:45+00:00\" \/>\n<meta property=\"og:image\" content=\"https:\/\/balatonneked.com\/wp-content\/uploads\/2019\/09\/balaton-boat-show.png\" \/>\n\t<meta property=\"og:image:width\" content=\"409\" \/>\n\t<meta property=\"og:image:height\" content=\"312\" \/>\n\t<meta property=\"og:image:type\" content=\"image\/png\" \/>\n<meta name=\"author\" content=\"-\" \/>\n<meta name=\"twitter:card\" content=\"summary_large_image\" \/>\n<meta name=\"twitter:label1\" content=\"\u00c9crit par\" \/>\n\t<meta name=\"twitter:data1\" content=\"-\" \/>\n\t<meta name=\"twitter:label2\" content=\"Dur\u00e9e de lecture estim\u00e9e\" \/>\n\t<meta name=\"twitter:data2\" content=\"2 minutes\" \/>\n<script type=\"application\/ld+json\" class=\"yoast-schema-graph\">{\"@context\":\"https:\/\/schema.org\",\"@graph\":[{\"@type\":\"Article\",\"@id\":\"https:\/\/balatonneked.com\/2019\/09\/03\/balaton-boat-show-a-hetvegen-balatonkenesen\/#article\",\"isPartOf\":{\"@id\":\"https:\/\/balatonneked.com\/2019\/09\/03\/balaton-boat-show-a-hetvegen-balatonkenesen\/\"},\"author\":{\"name\":\"-\",\"@id\":\"https:\/\/balatonneked.com\/#\/schema\/person\/6abf551dbe3d5531af60e216ef9b16aa\"},\"headline\":\"Balaton Boat Show a h\u00e9tv\u00e9g\u00e9n Balatonkenes\u00e9n\",\"datePublished\":\"2019-09-03T18:11:45+00:00\",\"mainEntityOfPage\":{\"@id\":\"https:\/\/balatonneked.com\/2019\/09\/03\/balaton-boat-show-a-hetvegen-balatonkenesen\/\"},\"wordCount\":367,\"commentCount\":0,\"publisher\":{\"@id\":\"https:\/\/balatonneked.com\/#organization\"},\"image\":{\"@id\":\"https:\/\/balatonneked.com\/2019\/09\/03\/balaton-boat-show-a-hetvegen-balatonkenesen\/#primaryimage\"},\"thumbnailUrl\":\"https:\/\/balatonneked.com\/wp-content\/uploads\/2019\/09\/balaton-boat-show.png\",\"keywords\":[\"Balatonkenese\",\"haj\u00f3z\u00e1s\",\"Programaj\u00e1nl\u00f3\"],\"articleSection\":[\"H\u00edrek\"],\"inLanguage\":\"fr-FR\",\"potentialAction\":[{\"@type\":\"CommentAction\",\"name\":\"Comment\",\"target\":[\"https:\/\/balatonneked.com\/2019\/09\/03\/balaton-boat-show-a-hetvegen-balatonkenesen\/#respond\"]}]},{\"@type\":\"WebPage\",\"@id\":\"https:\/\/balatonneked.com\/2019\/09\/03\/balaton-boat-show-a-hetvegen-balatonkenesen\/\",\"url\":\"https:\/\/balatonneked.com\/2019\/09\/03\/balaton-boat-show-a-hetvegen-balatonkenesen\/\",\"name\":\"Balaton Boat Show a h\u00e9tv\u00e9g\u00e9n Balatonkenes\u00e9n - BALATON NEKED\",\"isPartOf\":{\"@id\":\"https:\/\/balatonneked.com\/#website\"},\"primaryImageOfPage\":{\"@id\":\"https:\/\/balatonneked.com\/2019\/09\/03\/balaton-boat-show-a-hetvegen-balatonkenesen\/#primaryimage\"},\"image\":{\"@id\":\"https:\/\/balatonneked.com\/2019\/09\/03\/balaton-boat-show-a-hetvegen-balatonkenesen\/#primaryimage\"},\"thumbnailUrl\":\"https:\/\/balatonneked.com\/wp-content\/uploads\/2019\/09\/balaton-boat-show.png\",\"datePublished\":\"2019-09-03T18:11:45+00:00\",\"breadcrumb\":{\"@id\":\"https:\/\/balatonneked.com\/2019\/09\/03\/balaton-boat-show-a-hetvegen-balatonkenesen\/#breadcrumb\"},\"inLanguage\":\"fr-FR\",\"potentialAction\":[{\"@type\":\"ReadAction\",\"target\":[\"https:\/\/balatonneked.com\/2019\/09\/03\/balaton-boat-show-a-hetvegen-balatonkenesen\/\"]}]},{\"@type\":\"ImageObject\",\"inLanguage\":\"fr-FR\",\"@id\":\"https:\/\/balatonneked.com\/2019\/09\/03\/balaton-boat-show-a-hetvegen-balatonkenesen\/#primaryimage\",\"url\":\"https:\/\/balatonneked.com\/wp-content\/uploads\/2019\/09\/balaton-boat-show.png\",\"contentUrl\":\"https:\/\/balatonneked.com\/wp-content\/uploads\/2019\/09\/balaton-boat-show.png\",\"width\":409,\"height\":312},{\"@type\":\"BreadcrumbList\",\"@id\":\"https:\/\/balatonneked.com\/2019\/09\/03\/balaton-boat-show-a-hetvegen-balatonkenesen\/#breadcrumb\",\"itemListElement\":[{\"@type\":\"ListItem\",\"position\":1,\"name\":\"Kezd\u0151lap\",\"item\":\"https:\/\/balatonneked.com\/\"},{\"@type\":\"ListItem\",\"position\":2,\"name\":\"Balaton Boat Show a h\u00e9tv\u00e9g\u00e9n Balatonkenes\u00e9n\"}]},{\"@type\":\"WebSite\",\"@id\":\"https:\/\/balatonneked.com\/#website\",\"url\":\"https:\/\/balatonneked.com\/\",\"name\":\"BALATON NEKED\",\"description\":\"A Balaton leginformat\u00edvabb magazinja\",\"publisher\":{\"@id\":\"https:\/\/balatonneked.com\/#organization\"},\"potentialAction\":[{\"@type\":\"SearchAction\",\"target\":{\"@type\":\"EntryPoint\",\"urlTemplate\":\"https:\/\/balatonneked.com\/?s={search_term_string}\"},\"query-input\":{\"@type\":\"PropertyValueSpecification\",\"valueRequired\":true,\"valueName\":\"search_term_string\"}}],\"inLanguage\":\"fr-FR\"},{\"@type\":\"Organization\",\"@id\":\"https:\/\/balatonneked.com\/#organization\",\"name\":\"BalatonNeked\",\"url\":\"https:\/\/balatonneked.com\/\",\"logo\":{\"@type\":\"ImageObject\",\"inLanguage\":\"fr-FR\",\"@id\":\"https:\/\/balatonneked.com\/#\/schema\/logo\/image\/\",\"url\":\"https:\/\/balatonneked.com\/wp-content\/uploads\/2019\/05\/bnekedlogo.png\",\"contentUrl\":\"https:\/\/balatonneked.com\/wp-content\/uploads\/2019\/05\/bnekedlogo.png\",\"width\":750,\"height\":750,\"caption\":\"BalatonNeked\"},\"image\":{\"@id\":\"https:\/\/balatonneked.com\/#\/schema\/logo\/image\/\"},\"sameAs\":[\"https:\/\/www.facebook.com\/BalatonNeked\"]},{\"@type\":\"Person\",\"@id\":\"https:\/\/balatonneked.com\/#\/schema\/person\/6abf551dbe3d5531af60e216ef9b16aa\",\"name\":\"-\",\"image\":{\"@type\":\"ImageObject\",\"inLanguage\":\"fr-FR\",\"@id\":\"https:\/\/balatonneked.com\/#\/schema\/person\/image\/\",\"url\":\"https:\/\/secure.gravatar.com\/avatar\/7bcf602c35eea1fdd5dcb5698f42149adc1fb65510ae8b284cdf111a453a6c37?s=96&d=mm&r=g\",\"contentUrl\":\"https:\/\/secure.gravatar.com\/avatar\/7bcf602c35eea1fdd5dcb5698f42149adc1fb65510ae8b284cdf111a453a6c37?s=96&d=mm&r=g\",\"caption\":\"-\"},\"url\":\"https:\/\/balatonneked.com\/fr\/author\/tamasildiko\/\"}]}<\/script>\n<!-- \/ Yoast SEO plugin. -->","yoast_head_json":{"title":"Balaton Boat Show a h\u00e9tv\u00e9g\u00e9n Balatonkenes\u00e9n - BALATON NEKED","robots":{"index":"index","follow":"follow","max-snippet":"max-snippet:-1","max-image-preview":"max-image-preview:large","max-video-preview":"max-video-preview:-1"},"canonical":"https:\/\/balatonneked.com\/fr\/2019\/09\/03\/balaton-boat-show-a-hetvegen-balatonkenesen\/","og_locale":"fr_FR","og_type":"article","og_title":"Balaton Boat Show a h\u00e9tv\u00e9g\u00e9n Balatonkenes\u00e9n - BALATON NEKED","og_description":"\u201eTavaly is rekordsz\u00e1m\u00fa vend\u00e9g j\u00f6tt el v\u00edzen \u00e9s parton ki\u00e1ll\u00edtott t\u00f6bb mint 60 vitorl\u00e1st, motorost \u00e9s elektromos haj\u00f3t, valamint rengeteg haj\u00f3z\u00e1si kieg\u00e9sz\u00edt\u0151t, ruh\u00e1zatot felvonultat\u00f3 rendezv\u00e9nyre. Az id\u00e9n m\u00e9g t\u00f6bben lesznek, ugyanis a v\u00edzi ki\u00e1ll\u00edt\u00f3helyek m\u00e1r j\u00faniusban beteltek, a sz\u00e1razf\u00f6ld\u00f6n \u00e9s v\u00edzen bemutatott haj\u00f3k, motorcs\u00f3nakok, elektrojetek sz\u00e1ma megk\u00f6zel\u00edti a sz\u00e1zat\u201d \u2013 mondta R\u00e1polthy Edit, a ki\u00e1ll\u00edt\u00e1s [&hellip;]","og_url":"https:\/\/balatonneked.com\/fr\/2019\/09\/03\/balaton-boat-show-a-hetvegen-balatonkenesen\/","og_site_name":"BALATON NEKED","article_publisher":"https:\/\/www.facebook.com\/BalatonNeked","article_published_time":"2019-09-03T18:11:45+00:00","og_image":[{"width":409,"height":312,"url":"https:\/\/balatonneked.com\/wp-content\/uploads\/2019\/09\/balaton-boat-show.png","type":"image\/png"}],"author":"-","twitter_card":"summary_large_image","twitter_misc":{"\u00c9crit par":"-","Dur\u00e9e de lecture estim\u00e9e":"2 minutes"},"schema":{"@context":"https:\/\/schema.org","@graph":[{"@type":"Article","@id":"https:\/\/balatonneked.com\/2019\/09\/03\/balaton-boat-show-a-hetvegen-balatonkenesen\/#article","isPartOf":{"@id":"https:\/\/balatonneked.com\/2019\/09\/03\/balaton-boat-show-a-hetvegen-balatonkenesen\/"},"author":{"name":"-","@id":"https:\/\/balatonneked.com\/#\/schema\/person\/6abf551dbe3d5531af60e216ef9b16aa"},"headline":"Balaton Boat Show a h\u00e9tv\u00e9g\u00e9n Balatonkenes\u00e9n","datePublished":"2019-09-03T18:11:45+00:00","mainEntityOfPage":{"@id":"https:\/\/balatonneked.com\/2019\/09\/03\/balaton-boat-show-a-hetvegen-balatonkenesen\/"},"wordCount":367,"commentCount":0,"publisher":{"@id":"https:\/\/balatonneked.com\/#organization"},"image":{"@id":"https:\/\/balatonneked.com\/2019\/09\/03\/balaton-boat-show-a-hetvegen-balatonkenesen\/#primaryimage"},"thumbnailUrl":"https:\/\/balatonneked.com\/wp-content\/uploads\/2019\/09\/balaton-boat-show.png","keywords":["Balatonkenese","haj\u00f3z\u00e1s","Programaj\u00e1nl\u00f3"],"articleSection":["H\u00edrek"],"inLanguage":"fr-FR","potentialAction":[{"@type":"CommentAction","name":"Comment","target":["https:\/\/balatonneked.com\/2019\/09\/03\/balaton-boat-show-a-hetvegen-balatonkenesen\/#respond"]}]},{"@type":"WebPage","@id":"https:\/\/balatonneked.com\/2019\/09\/03\/balaton-boat-show-a-hetvegen-balatonkenesen\/","url":"https:\/\/balatonneked.com\/2019\/09\/03\/balaton-boat-show-a-hetvegen-balatonkenesen\/","name":"Balaton Boat Show a h\u00e9tv\u00e9g\u00e9n Balatonkenes\u00e9n - BALATON NEKED","isPartOf":{"@id":"https:\/\/balatonneked.com\/#website"},"primaryImageOfPage":{"@id":"https:\/\/balatonneked.com\/2019\/09\/03\/balaton-boat-show-a-hetvegen-balatonkenesen\/#primaryimage"},"image":{"@id":"https:\/\/balatonneked.com\/2019\/09\/03\/balaton-boat-show-a-hetvegen-balatonkenesen\/#primaryimage"},"thumbnailUrl":"https:\/\/balatonneked.com\/wp-content\/uploads\/2019\/09\/balaton-boat-show.png","datePublished":"2019-09-03T18:11:45+00:00","breadcrumb":{"@id":"https:\/\/balatonneked.com\/2019\/09\/03\/balaton-boat-show-a-hetvegen-balatonkenesen\/#breadcrumb"},"inLanguage":"fr-FR","potentialAction":[{"@type":"ReadAction","target":["https:\/\/balatonneked.com\/2019\/09\/03\/balaton-boat-show-a-hetvegen-balatonkenesen\/"]}]},{"@type":"ImageObject","inLanguage":"fr-FR","@id":"https:\/\/balatonneked.com\/2019\/09\/03\/balaton-boat-show-a-hetvegen-balatonkenesen\/#primaryimage","url":"https:\/\/balatonneked.com\/wp-content\/uploads\/2019\/09\/balaton-boat-show.png","contentUrl":"https:\/\/balatonneked.com\/wp-content\/uploads\/2019\/09\/balaton-boat-show.png","width":409,"height":312},{"@type":"BreadcrumbList","@id":"https:\/\/balatonneked.com\/2019\/09\/03\/balaton-boat-show-a-hetvegen-balatonkenesen\/#breadcrumb","itemListElement":[{"@type":"ListItem","position":1,"name":"Kezd\u0151lap","item":"https:\/\/balatonneked.com\/"},{"@type":"ListItem","position":2,"name":"Balaton Boat Show a h\u00e9tv\u00e9g\u00e9n Balatonkenes\u00e9n"}]},{"@type":"WebSite","@id":"https:\/\/balatonneked.com\/#website","url":"https:\/\/balatonneked.com\/","name":"BALATON NEKED","description":"A Balaton leginformat\u00edvabb magazinja","publisher":{"@id":"https:\/\/balatonneked.com\/#organization"},"potentialAction":[{"@type":"SearchAction","target":{"@type":"EntryPoint","urlTemplate":"https:\/\/balatonneked.com\/?s={search_term_string}"},"query-input":{"@type":"PropertyValueSpecification","valueRequired":true,"valueName":"search_term_string"}}],"inLanguage":"fr-FR"},{"@type":"Organization","@id":"https:\/\/balatonneked.com\/#organization","name":"BalatonNeked","url":"https:\/\/balatonneked.com\/","logo":{"@type":"ImageObject","inLanguage":"fr-FR","@id":"https:\/\/balatonneked.com\/#\/schema\/logo\/image\/","url":"https:\/\/balatonneked.com\/wp-content\/uploads\/2019\/05\/bnekedlogo.png","contentUrl":"https:\/\/balatonneked.com\/wp-content\/uploads\/2019\/05\/bnekedlogo.png","width":750,"height":750,"caption":"BalatonNeked"},"image":{"@id":"https:\/\/balatonneked.com\/#\/schema\/logo\/image\/"},"sameAs":["https:\/\/www.facebook.com\/BalatonNeked"]},{"@type":"Person","@id":"https:\/\/balatonneked.com\/#\/schema\/person\/6abf551dbe3d5531af60e216ef9b16aa","name":"-","image":{"@type":"ImageObject","inLanguage":"fr-FR","@id":"https:\/\/balatonneked.com\/#\/schema\/person\/image\/","url":"https:\/\/secure.gravatar.com\/avatar\/7bcf602c35eea1fdd5dcb5698f42149adc1fb65510ae8b284cdf111a453a6c37?s=96&d=mm&r=g","contentUrl":"https:\/\/secure.gravatar.com\/avatar\/7bcf602c35eea1fdd5dcb5698f42149adc1fb65510ae8b284cdf111a453a6c37?s=96&d=mm&r=g","caption":"-"},"url":"https:\/\/balatonneked.com\/fr\/author\/tamasildiko\/"}]}},"_links":{"self":[{"href":"https:\/\/balatonneked.com\/fr\/wp-json\/wp\/v2\/posts\/2505","targetHints":{"allow":["GET"]}}],"collection":[{"href":"https:\/\/balatonneked.com\/fr\/wp-json\/wp\/v2\/posts"}],"about":[{"href":"https:\/\/balatonneked.com\/fr\/wp-json\/wp\/v2\/types\/post"}],"author":[{"embeddable":true,"href":"https:\/\/balatonneked.com\/fr\/wp-json\/wp\/v2\/users\/2"}],"replies":[{"embeddable":true,"href":"https:\/\/balatonneked.com\/fr\/wp-json\/wp\/v2\/comments?post=2505"}],"version-history":[{"count":1,"href":"https:\/\/balatonneked.com\/fr\/wp-json\/wp\/v2\/posts\/2505\/revisions"}],"predecessor-version":[{"id":2507,"href":"https:\/\/balatonneked.com\/fr\/wp-json\/wp\/v2\/posts\/2505\/revisions\/2507"}],"wp:featuredmedia":[{"embeddable":true,"href":"https:\/\/balatonneked.com\/fr\/wp-json\/wp\/v2\/media\/2506"}],"wp:attachment":[{"href":"https:\/\/balatonneked.com\/fr\/wp-json\/wp\/v2\/media?parent=2505"}],"wp:term":[{"taxonomy":"category","embeddable":true,"href":"https:\/\/balatonneked.com\/fr\/wp-json\/wp\/v2\/categories?post=2505"},{"taxonomy":"post_tag","embeddable":true,"href":"https:\/\/balatonneked.com\/fr\/wp-json\/wp\/v2\/tags?post=2505"}],"curies":[{"name":"wp","href":"https:\/\/api.w.org\/{rel}","templated":true}]}}