{"id":2219,"date":"2019-05-28T17:48:40","date_gmt":"2019-05-28T17:48:40","guid":{"rendered":"http:\/\/balatonneked.com\/?p=2219"},"modified":"2019-05-28T17:48:40","modified_gmt":"2019-05-28T17:48:40","slug":"foldon-vizen-levegoben","status":"publish","type":"post","link":"https:\/\/balatonneked.com\/fr\/2019\/05\/28\/foldon-vizen-levegoben\/","title":{"rendered":"F\u00f6ld\u00f6n, v\u00edzen, leveg\u0151ben"},"content":{"rendered":"<p><strong>Balatonfenyves, 2019. j\u00fanius 7-10.<\/strong><\/p>\n<p>IV. Nemzetk\u00f6zi Veter\u00e1nj\u00e1rm\u0171 Tal\u00e1lkoz\u00f3 \u00e9s Ki\u00e1ll\u00edt\u00e1s<br \/>\nId\u00e9n negyedik alkalommal, a p\u00fcnk\u00f6sdi hossz\u00fa h\u00e9tv\u00e9g\u00e9nek k\u00f6sz\u00f6nhet\u0151en n\u00e9gy napon kereszt\u00fcl csod\u00e1lhat\u00f3k meg az elm\u00falt t\u00f6bb, mint sz\u00e1z \u00e9v k\u00fcl\u00f6nf\u00e9le k\u00f6zleked\u00e9si eszk\u00f6zei.<\/p>\n<p><strong>Program:<\/strong><\/p>\n<p>J\u00fanius 7.\u00a0 p\u00e9ntek:<br \/>\n16.00-19.00 Veter\u00e1n j\u00e1rm\u0171vek folyamatos \u00e9rkez\u00e9se a Fenyves Yacht Club ter\u00fclet\u00e9re<br \/>\n19.00 Oldtimer Buli DJ Fikidivel a Zenepavilonn\u00e1l \u2013 zenei v\u00e1logat\u00e1s kiz\u00e1r\u00f3lag a \u201970-es \u00e9vekb\u0151l<\/p>\n<p>J\u00fanius 8. szombat:<br \/>\n9.00-t\u0151l 10.00-ig Veter\u00e1n j\u00e1rm\u0171vek zen\u00e9s felvonul\u00e1sa a kik\u00f6t\u0151t\u0151l<br \/>\n10.00 \u00dcnnep\u00e9lyes megnyit\u00f3 a kik\u00f6t\u0151 ter\u00fclet\u00e9n<br \/>\nBesz\u00e9det mond:<br \/>\nLomb\u00e1r G\u00e1bor polg\u00e1rmester, a rendezv\u00e9ny v\u00e9dn\u00f6ke \u00e9s<br \/>\nCsat\u00e1ri J\u00f3zsef, a p\u00e9csi Veter\u00e1n Aut\u00f3- \u00e9s Motorbar\u00e1tok Egyes\u00fclete r\u00e9sz\u00e9r\u0151l<\/p>\n<p>10.30-t\u00f3l 18.00-ig A kik\u00f6t\u0151ben:<br \/>\nVeter\u00e1n aut\u00f3k, motorok \u00e9s haj\u00f3k bemutat\u00e1sa<br \/>\nA Kanizsai Oldtimer Ker\u00e9kp\u00e1ros Sz\u00f6vets\u00e9g velocip\u00e9djei<br \/>\nII. Vil\u00e1gh\u00e1bor\u00fas Veter\u00e1n Katonai T\u00e1bor<br \/>\nT\u00f6r\u00f6k T\u00e1bor \u00e9s K\u00e1v\u00e9z\u00f3<\/p>\n<p>A Balatonfenyves GV \u00e1llom\u00e1s ter\u00fclet\u00e9n:<br \/>\na Balatonfenyvesi Kisvas\u00fat j\u00e1rm\u0171veinek ki\u00e1ll\u00edt\u00e1sa: exkluz\u00edv vad\u00e1szkocsi, teherkocsik, mozdonyok, hajt\u00e1ny<\/p>\n<p>A balatonfenyvesi vas\u00fat\u00e1llom\u00e1s 1. v\u00e1g\u00e1ny\u00e1n:<br \/>\na M\u00c1V Pft-724 v\u00e1g\u00e1nyg\u00e9pkocsija<\/p>\n<p>10.30 T\u0171zolt\u00f3bemutat\u00f3 a Fony\u00f3di \u00d6nk\u00e9ntes T\u0171zolt\u00f3 Egyes\u00fclet \u00e9s a Somogyszentp\u00e1li \u00d6nk\u00e9ntes T\u0171zolt\u00f3 Egyes\u00fclet k\u00f6zrem\u0171k\u00f6d\u00e9s\u00e9vel<br \/>\n11.00 T\u00f6r\u00f6k kori hadi bemutat\u00f3 (G\u00f6lbasi Vit\u00e9zei Egyes\u00fclet \u2013 Tata V\u00e1r\u00e1nak Janics\u00e1rjai)<br \/>\n14.00 Nosztalgia utaz\u00e1s a FAROS-1 aut\u00f3buszon Balatonfenyves-Fony\u00f3d-Balatonfenyves \u00fatvonalon, jegy\u00e1r 500 Ft\/f\u0151, maxim\u00e1lis utassz\u00e1m: 44 f\u0151<br \/>\n15.00 Zen\u00e9l\u0151 mesekuck\u00f3: A h\u00e1rom kismalac<br \/>\n\u2013 lufihajtogat\u00e1ssal egybek\u00f6t\u00f6tt \u00e9l\u0151zen\u00e9s interakt\u00edv gyermekm\u0171sor a Kult\u00fart\u00e9ren (jegy\u00e1r: 1.000 Ft\/f\u0151)<br \/>\n15.00 T\u00f6r\u00f6k kori hadi bemutat\u00f3 (G\u00f6lbasi Vit\u00e9zei Egyes\u00fclet \u2013 Tata V\u00e1r\u00e1nak Janics\u00e1rjai)<br \/>\n17.00 Nosztalgia utaz\u00e1s a FAROS-1 aut\u00f3buszon Balatonfenyves-Fony\u00f3d-Balatonfenyves \u00fatvonalon, jegy\u00e1r 500 Ft\/f\u0151, maxim\u00e1lis utassz\u00e1m: 44 f\u0151<br \/>\n20.00 Dumasz\u00ednh\u00e1z: Emberfej, avagy a kicselezett mindennapok<br \/>\n\u2013 Mog\u00e1cs D\u00e1niel \u00f6n\u00e1ll\u00f3 estje a Kult\u00fart\u00e9ren<br \/>\n(jegy\u00e1r: 3.300 Ft\/f\u0151)<br \/>\n21.30 Oldtimer Buli DJ Fikidivel a Zenepavilonn\u00e1l<br \/>\n\u2013 a zen\u00e9ket ezen az est\u00e9n kiz\u00e1r\u00f3lag a \u201960-as \u00e9vekb\u0151l v\u00e1logatjuk<\/p>\n<p>J\u00fanius 9. vas\u00e1rnap:<br \/>\n10.00-t\u00f3l 18.00-ig A kik\u00f6t\u0151ben:<br \/>\nVeter\u00e1n aut\u00f3k, motorok \u00e9s haj\u00f3k bemutat\u00e1sa<br \/>\nII. Vil\u00e1gh\u00e1bor\u00fas Veter\u00e1n Katonai T\u00e1bor<br \/>\nT\u00f6r\u00f6k T\u00e1bor \u00e9s K\u00e1v\u00e9z\u00f3<\/p>\n<p>A Balatonfenyves GV \u00e1llom\u00e1s ter\u00fclet\u00e9n:<br \/>\na Balatonfenyvesi Kisvas\u00fat j\u00e1rm\u0171veinek ki\u00e1ll\u00edt\u00e1sa: exkluz\u00edv vad\u00e1szkocsi, teherkocsik, mozdonyok, hajt\u00e1ny<\/p>\n<p>A balatonfenyvesi vas\u00fat\u00e1llom\u00e1s 1. v\u00e1g\u00e1ny\u00e1n:<br \/>\na M\u00c1V Pft-724 v\u00e1g\u00e1nyg\u00e9pkocsija<\/p>\n<p>11.00 T\u00f6r\u00f6k kori hadi bemutat\u00f3 (G\u00f6lbasi Vit\u00e9zei Egyes\u00fclet \u2013 Tata V\u00e1r\u00e1nak Janics\u00e1rjai)<br \/>\n14.00 Nosztalgia utaz\u00e1s a FAROS-1 aut\u00f3buszon Balatonfenyves-Fony\u00f3d-Balatonfenyves \u00fatvonalon, jegy\u00e1r 500 Ft\/f\u0151, maxim\u00e1lis utassz\u00e1m: 44 f\u0151<br \/>\n15.00 T\u00f6r\u00f6k kori hadi bemutat\u00f3 (G\u00f6lbasi Vit\u00e9zei Egyes\u00fclet \u2013 Tata V\u00e1r\u00e1nak Janics\u00e1rjai)<br \/>\n16.00 Ejt\u0151erny\u0151s bemutat\u00f3 ugr\u00e1s a K\u00f6zponti Strand felett, a Balaton viz\u00e9be, az Albatrosz Rep\u00fcl\u0151 Egyes\u00fclet Ejt\u0151erny\u0151s Szakoszt\u00e1lya k\u00f6zrem\u0171k\u00f6d\u00e9s\u00e9vel<br \/>\nA BEMUTAT\u00d3 ALATT DR\u00d3NT A L\u00c9GT\u00c9RBE ENGEDNI SZIGOR\u00daAN TILOS!<br \/>\n17.00 Nosztalgia utaz\u00e1s a FAROS-1 aut\u00f3buszon Balatonfenyves-Fony\u00f3d-Balatonfenyves \u00fatvonalon, jegy\u00e1r 500 Ft\/f\u0151, maxim\u00e1lis utassz\u00e1m: 44 f\u0151<br \/>\n20.00 Vintage Dolls nagykoncert a Zenepavilonban<br \/>\n21.30 Lampionos vitorl\u00e1s felvonul\u00e1s a kik\u00f6t\u0151b\u0151l<br \/>\n21.30 Oldtimer Buli DJ Fikidivel a Zenepavilonn\u00e1l<br \/>\n\u2013 kiz\u00e1r\u00f3lag a \u201930-as, \u201940-es, \u201950-es \u00e9vek sl\u00e1gereib\u0151l v\u00e1logatva, k\u00f6zben:<br \/>\n22.00 T\u0170ZIJ\u00c1T\u00c9K a kik\u00f6t\u0151b\u0151l<\/p>\n<p>J\u00fanius 10. h\u00e9tf\u0151<br \/>\n9.00-t\u0151l 10.00-ig Veter\u00e1n j\u00e1rm\u0171vek felvonul\u00e1sa<br \/>\n10.00-14.00-ig A kik\u00f6t\u0151ben:<br \/>\nVeter\u00e1n aut\u00f3k, motorok, haj\u00f3k bemutat\u00e1sa<br \/>\nII. Vil\u00e1gh\u00e1bor\u00fas Veter\u00e1n Katonai T\u00e1bor<br \/>\nT\u00f6r\u00f6k T\u00e1bor \u00e9s K\u00e1v\u00e9z\u00f3<br \/>\nV\u00edzik\u00f6zleked\u00e9si balesetmegel\u0151z\u00e9si t\u00e1j\u00e9koztat\u00e1s<\/p>\n<p>10.00-18.00-ig A Balatonfenyves GV \u00e1llom\u00e1s ter\u00fclet\u00e9n:<br \/>\na Balatonfenyvesi Kisvas\u00fat j\u00e1rm\u0171veinek ki\u00e1ll\u00edt\u00e1sa: exkluz\u00edv vad\u00e1szkocsi, teherkocsik, mozdonyok, hajt\u00e1ny<\/p>\n<p>A balatonfenyvesi vas\u00fat\u00e1llom\u00e1s 1. v\u00e1g\u00e1ny\u00e1n:<br \/>\na M\u00c1V Pft-724 v\u00e1g\u00e1nyg\u00e9pkocsija<br \/>\n10.00 T\u00f6r\u00f6k kori hadi bemutat\u00f3 (G\u00f6lbasi Vit\u00e9zei Egyes\u00fclet \u2013 Tata V\u00e1r\u00e1nak Janics\u00e1rjai)<br \/>\n11.00 Veter\u00e1n J\u00e1rm\u0171 Aukci\u00f3<br \/>\n13.00 A j\u00e1rm\u0171tal\u00e1lkoz\u00f3n r\u00e9szt vev\u0151 veter\u00e1n j\u00e1rm\u0171vek b\u00facs\u00faztat\u00e1sa \u2013 Lomb\u00e1r G\u00e1bor polg\u00e1rmester \u00e9s Csat\u00e1ri J\u00f3zsef, a p\u00e9csi Veter\u00e1n Aut\u00f3- \u00e9s Motorbar\u00e1tok Egyes\u00fclete r\u00e9sz\u00e9r\u0151l<\/p>\n<p>(forr\u00e1s: facebook)<\/p>","protected":false},"excerpt":{"rendered":"<p>Balatonfenyves, 2019. j\u00fanius 7-10. IV. Nemzetk\u00f6zi Veter\u00e1nj\u00e1rm\u0171 Tal\u00e1lkoz\u00f3 \u00e9s Ki\u00e1ll\u00edt\u00e1s Id\u00e9n negyedik alkalommal, a p\u00fcnk\u00f6sdi hossz\u00fa h\u00e9tv\u00e9g\u00e9nek k\u00f6sz\u00f6nhet\u0151en n\u00e9gy napon kereszt\u00fcl csod\u00e1lhat\u00f3k meg az elm\u00falt t\u00f6bb, mint sz\u00e1z \u00e9v k\u00fcl\u00f6nf\u00e9le k\u00f6zleked\u00e9si eszk\u00f6zei. Program: J\u00fanius 7.\u00a0 p\u00e9ntek: 16.00-19.00 Veter\u00e1n j\u00e1rm\u0171vek folyamatos \u00e9rkez\u00e9se a Fenyves Yacht Club ter\u00fclet\u00e9re 19.00 Oldtimer Buli DJ Fikidivel a Zenepavilonn\u00e1l \u2013 zenei [&hellip;]<\/p>","protected":false},"author":2,"featured_media":2220,"comment_status":"open","ping_status":"open","sticky":false,"template":"","format":"standard","meta":{"_acf_changed":false,"footnotes":""},"categories":[155],"tags":[81,172],"class_list":["post-2219","post","type-post","status-publish","format-standard","has-post-thumbnail","hentry","category-hirek","tag-balatonfenyves","tag-programajanlo"],"acf":[],"yoast_head":"<!-- This site is optimized with the Yoast SEO plugin v25.1 - https:\/\/yoast.com\/wordpress\/plugins\/seo\/ -->\n<title>F\u00f6ld\u00f6n, v\u00edzen, leveg\u0151ben - BALATON NEKED<\/title>\n<meta name=\"robots\" content=\"index, follow, max-snippet:-1, max-image-preview:large, max-video-preview:-1\" \/>\n<link rel=\"canonical\" href=\"https:\/\/balatonneked.com\/fr\/2019\/05\/28\/foldon-vizen-levegoben\/\" \/>\n<meta property=\"og:locale\" content=\"fr_FR\" \/>\n<meta property=\"og:type\" content=\"article\" \/>\n<meta property=\"og:title\" content=\"F\u00f6ld\u00f6n, v\u00edzen, leveg\u0151ben - BALATON NEKED\" \/>\n<meta property=\"og:description\" content=\"Balatonfenyves, 2019. j\u00fanius 7-10. IV. Nemzetk\u00f6zi Veter\u00e1nj\u00e1rm\u0171 Tal\u00e1lkoz\u00f3 \u00e9s Ki\u00e1ll\u00edt\u00e1s Id\u00e9n negyedik alkalommal, a p\u00fcnk\u00f6sdi hossz\u00fa h\u00e9tv\u00e9g\u00e9nek k\u00f6sz\u00f6nhet\u0151en n\u00e9gy napon kereszt\u00fcl csod\u00e1lhat\u00f3k meg az elm\u00falt t\u00f6bb, mint sz\u00e1z \u00e9v k\u00fcl\u00f6nf\u00e9le k\u00f6zleked\u00e9si eszk\u00f6zei. Program: J\u00fanius 7.\u00a0 p\u00e9ntek: 16.00-19.00 Veter\u00e1n j\u00e1rm\u0171vek folyamatos \u00e9rkez\u00e9se a Fenyves Yacht Club ter\u00fclet\u00e9re 19.00 Oldtimer Buli DJ Fikidivel a Zenepavilonn\u00e1l \u2013 zenei [&hellip;]\" \/>\n<meta property=\"og:url\" content=\"https:\/\/balatonneked.com\/fr\/2019\/05\/28\/foldon-vizen-levegoben\/\" \/>\n<meta property=\"og:site_name\" content=\"BALATON NEKED\" \/>\n<meta property=\"article:publisher\" content=\"https:\/\/www.facebook.com\/BalatonNeked\" \/>\n<meta property=\"article:published_time\" content=\"2019-05-28T17:48:40+00:00\" \/>\n<meta property=\"og:image\" content=\"https:\/\/balatonneked.com\/wp-content\/uploads\/2019\/05\/f\u00f6ld\u00f6n-vizen-leveg\u0151ben.jpg\" \/>\n\t<meta property=\"og:image:width\" content=\"960\" \/>\n\t<meta property=\"og:image:height\" content=\"720\" \/>\n\t<meta property=\"og:image:type\" content=\"image\/jpeg\" \/>\n<meta name=\"author\" content=\"-\" \/>\n<meta name=\"twitter:card\" content=\"summary_large_image\" \/>\n<meta name=\"twitter:label1\" content=\"\u00c9crit par\" \/>\n\t<meta name=\"twitter:data1\" content=\"-\" \/>\n\t<meta name=\"twitter:label2\" content=\"Dur\u00e9e de lecture estim\u00e9e\" \/>\n\t<meta name=\"twitter:data2\" content=\"4 minutes\" \/>\n<script type=\"application\/ld+json\" class=\"yoast-schema-graph\">{\"@context\":\"https:\/\/schema.org\",\"@graph\":[{\"@type\":\"Article\",\"@id\":\"https:\/\/balatonneked.com\/2019\/05\/28\/foldon-vizen-levegoben\/#article\",\"isPartOf\":{\"@id\":\"https:\/\/balatonneked.com\/2019\/05\/28\/foldon-vizen-levegoben\/\"},\"author\":{\"name\":\"-\",\"@id\":\"https:\/\/balatonneked.com\/#\/schema\/person\/6abf551dbe3d5531af60e216ef9b16aa\"},\"headline\":\"F\u00f6ld\u00f6n, v\u00edzen, leveg\u0151ben\",\"datePublished\":\"2019-05-28T17:48:40+00:00\",\"mainEntityOfPage\":{\"@id\":\"https:\/\/balatonneked.com\/2019\/05\/28\/foldon-vizen-levegoben\/\"},\"wordCount\":866,\"commentCount\":0,\"publisher\":{\"@id\":\"https:\/\/balatonneked.com\/#organization\"},\"image\":{\"@id\":\"https:\/\/balatonneked.com\/2019\/05\/28\/foldon-vizen-levegoben\/#primaryimage\"},\"thumbnailUrl\":\"https:\/\/balatonneked.com\/wp-content\/uploads\/2019\/05\/f\u00f6ld\u00f6n-vizen-leveg\u0151ben.jpg\",\"keywords\":[\"Balatonfenyves\",\"Programaj\u00e1nl\u00f3\"],\"articleSection\":[\"H\u00edrek\"],\"inLanguage\":\"fr-FR\",\"potentialAction\":[{\"@type\":\"CommentAction\",\"name\":\"Comment\",\"target\":[\"https:\/\/balatonneked.com\/2019\/05\/28\/foldon-vizen-levegoben\/#respond\"]}]},{\"@type\":\"WebPage\",\"@id\":\"https:\/\/balatonneked.com\/2019\/05\/28\/foldon-vizen-levegoben\/\",\"url\":\"https:\/\/balatonneked.com\/2019\/05\/28\/foldon-vizen-levegoben\/\",\"name\":\"F\u00f6ld\u00f6n, v\u00edzen, leveg\u0151ben - BALATON NEKED\",\"isPartOf\":{\"@id\":\"https:\/\/balatonneked.com\/#website\"},\"primaryImageOfPage\":{\"@id\":\"https:\/\/balatonneked.com\/2019\/05\/28\/foldon-vizen-levegoben\/#primaryimage\"},\"image\":{\"@id\":\"https:\/\/balatonneked.com\/2019\/05\/28\/foldon-vizen-levegoben\/#primaryimage\"},\"thumbnailUrl\":\"https:\/\/balatonneked.com\/wp-content\/uploads\/2019\/05\/f\u00f6ld\u00f6n-vizen-leveg\u0151ben.jpg\",\"datePublished\":\"2019-05-28T17:48:40+00:00\",\"breadcrumb\":{\"@id\":\"https:\/\/balatonneked.com\/2019\/05\/28\/foldon-vizen-levegoben\/#breadcrumb\"},\"inLanguage\":\"fr-FR\",\"potentialAction\":[{\"@type\":\"ReadAction\",\"target\":[\"https:\/\/balatonneked.com\/2019\/05\/28\/foldon-vizen-levegoben\/\"]}]},{\"@type\":\"ImageObject\",\"inLanguage\":\"fr-FR\",\"@id\":\"https:\/\/balatonneked.com\/2019\/05\/28\/foldon-vizen-levegoben\/#primaryimage\",\"url\":\"https:\/\/balatonneked.com\/wp-content\/uploads\/2019\/05\/f\u00f6ld\u00f6n-vizen-leveg\u0151ben.jpg\",\"contentUrl\":\"https:\/\/balatonneked.com\/wp-content\/uploads\/2019\/05\/f\u00f6ld\u00f6n-vizen-leveg\u0151ben.jpg\",\"width\":960,\"height\":720},{\"@type\":\"BreadcrumbList\",\"@id\":\"https:\/\/balatonneked.com\/2019\/05\/28\/foldon-vizen-levegoben\/#breadcrumb\",\"itemListElement\":[{\"@type\":\"ListItem\",\"position\":1,\"name\":\"Kezd\u0151lap\",\"item\":\"https:\/\/balatonneked.com\/\"},{\"@type\":\"ListItem\",\"position\":2,\"name\":\"F\u00f6ld\u00f6n, v\u00edzen, leveg\u0151ben\"}]},{\"@type\":\"WebSite\",\"@id\":\"https:\/\/balatonneked.com\/#website\",\"url\":\"https:\/\/balatonneked.com\/\",\"name\":\"BALATON NEKED\",\"description\":\"A Balaton leginformat\u00edvabb magazinja\",\"publisher\":{\"@id\":\"https:\/\/balatonneked.com\/#organization\"},\"potentialAction\":[{\"@type\":\"SearchAction\",\"target\":{\"@type\":\"EntryPoint\",\"urlTemplate\":\"https:\/\/balatonneked.com\/?s={search_term_string}\"},\"query-input\":{\"@type\":\"PropertyValueSpecification\",\"valueRequired\":true,\"valueName\":\"search_term_string\"}}],\"inLanguage\":\"fr-FR\"},{\"@type\":\"Organization\",\"@id\":\"https:\/\/balatonneked.com\/#organization\",\"name\":\"BalatonNeked\",\"url\":\"https:\/\/balatonneked.com\/\",\"logo\":{\"@type\":\"ImageObject\",\"inLanguage\":\"fr-FR\",\"@id\":\"https:\/\/balatonneked.com\/#\/schema\/logo\/image\/\",\"url\":\"https:\/\/balatonneked.com\/wp-content\/uploads\/2019\/05\/bnekedlogo.png\",\"contentUrl\":\"https:\/\/balatonneked.com\/wp-content\/uploads\/2019\/05\/bnekedlogo.png\",\"width\":750,\"height\":750,\"caption\":\"BalatonNeked\"},\"image\":{\"@id\":\"https:\/\/balatonneked.com\/#\/schema\/logo\/image\/\"},\"sameAs\":[\"https:\/\/www.facebook.com\/BalatonNeked\"]},{\"@type\":\"Person\",\"@id\":\"https:\/\/balatonneked.com\/#\/schema\/person\/6abf551dbe3d5531af60e216ef9b16aa\",\"name\":\"-\",\"image\":{\"@type\":\"ImageObject\",\"inLanguage\":\"fr-FR\",\"@id\":\"https:\/\/balatonneked.com\/#\/schema\/person\/image\/\",\"url\":\"https:\/\/secure.gravatar.com\/avatar\/7bcf602c35eea1fdd5dcb5698f42149adc1fb65510ae8b284cdf111a453a6c37?s=96&d=mm&r=g\",\"contentUrl\":\"https:\/\/secure.gravatar.com\/avatar\/7bcf602c35eea1fdd5dcb5698f42149adc1fb65510ae8b284cdf111a453a6c37?s=96&d=mm&r=g\",\"caption\":\"-\"},\"url\":\"https:\/\/balatonneked.com\/fr\/author\/tamasildiko\/\"}]}<\/script>\n<!-- \/ Yoast SEO plugin. -->","yoast_head_json":{"title":"F\u00f6ld\u00f6n, v\u00edzen, leveg\u0151ben - BALATON NEKED","robots":{"index":"index","follow":"follow","max-snippet":"max-snippet:-1","max-image-preview":"max-image-preview:large","max-video-preview":"max-video-preview:-1"},"canonical":"https:\/\/balatonneked.com\/fr\/2019\/05\/28\/foldon-vizen-levegoben\/","og_locale":"fr_FR","og_type":"article","og_title":"F\u00f6ld\u00f6n, v\u00edzen, leveg\u0151ben - BALATON NEKED","og_description":"Balatonfenyves, 2019. j\u00fanius 7-10. IV. Nemzetk\u00f6zi Veter\u00e1nj\u00e1rm\u0171 Tal\u00e1lkoz\u00f3 \u00e9s Ki\u00e1ll\u00edt\u00e1s Id\u00e9n negyedik alkalommal, a p\u00fcnk\u00f6sdi hossz\u00fa h\u00e9tv\u00e9g\u00e9nek k\u00f6sz\u00f6nhet\u0151en n\u00e9gy napon kereszt\u00fcl csod\u00e1lhat\u00f3k meg az elm\u00falt t\u00f6bb, mint sz\u00e1z \u00e9v k\u00fcl\u00f6nf\u00e9le k\u00f6zleked\u00e9si eszk\u00f6zei. Program: J\u00fanius 7.\u00a0 p\u00e9ntek: 16.00-19.00 Veter\u00e1n j\u00e1rm\u0171vek folyamatos \u00e9rkez\u00e9se a Fenyves Yacht Club ter\u00fclet\u00e9re 19.00 Oldtimer Buli DJ Fikidivel a Zenepavilonn\u00e1l \u2013 zenei [&hellip;]","og_url":"https:\/\/balatonneked.com\/fr\/2019\/05\/28\/foldon-vizen-levegoben\/","og_site_name":"BALATON NEKED","article_publisher":"https:\/\/www.facebook.com\/BalatonNeked","article_published_time":"2019-05-28T17:48:40+00:00","og_image":[{"width":960,"height":720,"url":"https:\/\/balatonneked.com\/wp-content\/uploads\/2019\/05\/f\u00f6ld\u00f6n-vizen-leveg\u0151ben.jpg","type":"image\/jpeg"}],"author":"-","twitter_card":"summary_large_image","twitter_misc":{"\u00c9crit par":"-","Dur\u00e9e de lecture estim\u00e9e":"4 minutes"},"schema":{"@context":"https:\/\/schema.org","@graph":[{"@type":"Article","@id":"https:\/\/balatonneked.com\/2019\/05\/28\/foldon-vizen-levegoben\/#article","isPartOf":{"@id":"https:\/\/balatonneked.com\/2019\/05\/28\/foldon-vizen-levegoben\/"},"author":{"name":"-","@id":"https:\/\/balatonneked.com\/#\/schema\/person\/6abf551dbe3d5531af60e216ef9b16aa"},"headline":"F\u00f6ld\u00f6n, v\u00edzen, leveg\u0151ben","datePublished":"2019-05-28T17:48:40+00:00","mainEntityOfPage":{"@id":"https:\/\/balatonneked.com\/2019\/05\/28\/foldon-vizen-levegoben\/"},"wordCount":866,"commentCount":0,"publisher":{"@id":"https:\/\/balatonneked.com\/#organization"},"image":{"@id":"https:\/\/balatonneked.com\/2019\/05\/28\/foldon-vizen-levegoben\/#primaryimage"},"thumbnailUrl":"https:\/\/balatonneked.com\/wp-content\/uploads\/2019\/05\/f\u00f6ld\u00f6n-vizen-leveg\u0151ben.jpg","keywords":["Balatonfenyves","Programaj\u00e1nl\u00f3"],"articleSection":["H\u00edrek"],"inLanguage":"fr-FR","potentialAction":[{"@type":"CommentAction","name":"Comment","target":["https:\/\/balatonneked.com\/2019\/05\/28\/foldon-vizen-levegoben\/#respond"]}]},{"@type":"WebPage","@id":"https:\/\/balatonneked.com\/2019\/05\/28\/foldon-vizen-levegoben\/","url":"https:\/\/balatonneked.com\/2019\/05\/28\/foldon-vizen-levegoben\/","name":"F\u00f6ld\u00f6n, v\u00edzen, leveg\u0151ben - BALATON NEKED","isPartOf":{"@id":"https:\/\/balatonneked.com\/#website"},"primaryImageOfPage":{"@id":"https:\/\/balatonneked.com\/2019\/05\/28\/foldon-vizen-levegoben\/#primaryimage"},"image":{"@id":"https:\/\/balatonneked.com\/2019\/05\/28\/foldon-vizen-levegoben\/#primaryimage"},"thumbnailUrl":"https:\/\/balatonneked.com\/wp-content\/uploads\/2019\/05\/f\u00f6ld\u00f6n-vizen-leveg\u0151ben.jpg","datePublished":"2019-05-28T17:48:40+00:00","breadcrumb":{"@id":"https:\/\/balatonneked.com\/2019\/05\/28\/foldon-vizen-levegoben\/#breadcrumb"},"inLanguage":"fr-FR","potentialAction":[{"@type":"ReadAction","target":["https:\/\/balatonneked.com\/2019\/05\/28\/foldon-vizen-levegoben\/"]}]},{"@type":"ImageObject","inLanguage":"fr-FR","@id":"https:\/\/balatonneked.com\/2019\/05\/28\/foldon-vizen-levegoben\/#primaryimage","url":"https:\/\/balatonneked.com\/wp-content\/uploads\/2019\/05\/f\u00f6ld\u00f6n-vizen-leveg\u0151ben.jpg","contentUrl":"https:\/\/balatonneked.com\/wp-content\/uploads\/2019\/05\/f\u00f6ld\u00f6n-vizen-leveg\u0151ben.jpg","width":960,"height":720},{"@type":"BreadcrumbList","@id":"https:\/\/balatonneked.com\/2019\/05\/28\/foldon-vizen-levegoben\/#breadcrumb","itemListElement":[{"@type":"ListItem","position":1,"name":"Kezd\u0151lap","item":"https:\/\/balatonneked.com\/"},{"@type":"ListItem","position":2,"name":"F\u00f6ld\u00f6n, v\u00edzen, leveg\u0151ben"}]},{"@type":"WebSite","@id":"https:\/\/balatonneked.com\/#website","url":"https:\/\/balatonneked.com\/","name":"BALATON NEKED","description":"A Balaton leginformat\u00edvabb magazinja","publisher":{"@id":"https:\/\/balatonneked.com\/#organization"},"potentialAction":[{"@type":"SearchAction","target":{"@type":"EntryPoint","urlTemplate":"https:\/\/balatonneked.com\/?s={search_term_string}"},"query-input":{"@type":"PropertyValueSpecification","valueRequired":true,"valueName":"search_term_string"}}],"inLanguage":"fr-FR"},{"@type":"Organization","@id":"https:\/\/balatonneked.com\/#organization","name":"BalatonNeked","url":"https:\/\/balatonneked.com\/","logo":{"@type":"ImageObject","inLanguage":"fr-FR","@id":"https:\/\/balatonneked.com\/#\/schema\/logo\/image\/","url":"https:\/\/balatonneked.com\/wp-content\/uploads\/2019\/05\/bnekedlogo.png","contentUrl":"https:\/\/balatonneked.com\/wp-content\/uploads\/2019\/05\/bnekedlogo.png","width":750,"height":750,"caption":"BalatonNeked"},"image":{"@id":"https:\/\/balatonneked.com\/#\/schema\/logo\/image\/"},"sameAs":["https:\/\/www.facebook.com\/BalatonNeked"]},{"@type":"Person","@id":"https:\/\/balatonneked.com\/#\/schema\/person\/6abf551dbe3d5531af60e216ef9b16aa","name":"-","image":{"@type":"ImageObject","inLanguage":"fr-FR","@id":"https:\/\/balatonneked.com\/#\/schema\/person\/image\/","url":"https:\/\/secure.gravatar.com\/avatar\/7bcf602c35eea1fdd5dcb5698f42149adc1fb65510ae8b284cdf111a453a6c37?s=96&d=mm&r=g","contentUrl":"https:\/\/secure.gravatar.com\/avatar\/7bcf602c35eea1fdd5dcb5698f42149adc1fb65510ae8b284cdf111a453a6c37?s=96&d=mm&r=g","caption":"-"},"url":"https:\/\/balatonneked.com\/fr\/author\/tamasildiko\/"}]}},"_links":{"self":[{"href":"https:\/\/balatonneked.com\/fr\/wp-json\/wp\/v2\/posts\/2219","targetHints":{"allow":["GET"]}}],"collection":[{"href":"https:\/\/balatonneked.com\/fr\/wp-json\/wp\/v2\/posts"}],"about":[{"href":"https:\/\/balatonneked.com\/fr\/wp-json\/wp\/v2\/types\/post"}],"author":[{"embeddable":true,"href":"https:\/\/balatonneked.com\/fr\/wp-json\/wp\/v2\/users\/2"}],"replies":[{"embeddable":true,"href":"https:\/\/balatonneked.com\/fr\/wp-json\/wp\/v2\/comments?post=2219"}],"version-history":[{"count":1,"href":"https:\/\/balatonneked.com\/fr\/wp-json\/wp\/v2\/posts\/2219\/revisions"}],"predecessor-version":[{"id":2221,"href":"https:\/\/balatonneked.com\/fr\/wp-json\/wp\/v2\/posts\/2219\/revisions\/2221"}],"wp:featuredmedia":[{"embeddable":true,"href":"https:\/\/balatonneked.com\/fr\/wp-json\/wp\/v2\/media\/2220"}],"wp:attachment":[{"href":"https:\/\/balatonneked.com\/fr\/wp-json\/wp\/v2\/media?parent=2219"}],"wp:term":[{"taxonomy":"category","embeddable":true,"href":"https:\/\/balatonneked.com\/fr\/wp-json\/wp\/v2\/categories?post=2219"},{"taxonomy":"post_tag","embeddable":true,"href":"https:\/\/balatonneked.com\/fr\/wp-json\/wp\/v2\/tags?post=2219"}],"curies":[{"name":"wp","href":"https:\/\/api.w.org\/{rel}","templated":true}]}}