{"id":2211,"date":"2019-05-28T16:19:47","date_gmt":"2019-05-28T16:19:47","guid":{"rendered":"http:\/\/balatonneked.com\/?p=2211"},"modified":"2019-05-28T16:19:47","modified_gmt":"2019-05-28T16:19:47","slug":"ujra-lesz-bufekocsi-a-balatoni-vonatokon","status":"publish","type":"post","link":"https:\/\/balatonneked.com\/fr\/2019\/05\/28\/ujra-lesz-bufekocsi-a-balatoni-vonatokon\/","title":{"rendered":"\u00dajra lesz b\u00fcf\u00e9kocsi a Balatoni vonatokon"},"content":{"rendered":"<div class=\"lead\">\n<p>N\u00e9h\u00e1nyan m\u00e9g eml\u00e9ksz\u00fcnk arra, hogy milyen volt a zs\u00fafol\u00e1sig teli vonatokon, 50 fokban elverg\u0151dni a b\u00fcf\u00e9kocsiig egy hideg \u00fcd\u00edt\u0151\u00e9rt, s\u00f6r\u00e9rt, vagy r\u00e1ntott h\u00fasos szendvics\u00e9rt.<\/p>\n<p><img fetchpriority=\"high\" decoding=\"async\" class=\"aligncenter size-full wp-image-2212\" src=\"http:\/\/balatonneked.com\/wp-content\/uploads\/2019\/05\/b\u00fcf\u00e9kocsi-bels\u0151.jpg\" alt=\"\" width=\"1080\" height=\"1080\" srcset=\"https:\/\/balatonneked.com\/wp-content\/uploads\/2019\/05\/b\u00fcf\u00e9kocsi-bels\u0151.jpg 1080w, https:\/\/balatonneked.com\/wp-content\/uploads\/2019\/05\/b\u00fcf\u00e9kocsi-bels\u0151-300x300.jpg 300w, https:\/\/balatonneked.com\/wp-content\/uploads\/2019\/05\/b\u00fcf\u00e9kocsi-bels\u0151-100x100.jpg 100w, https:\/\/balatonneked.com\/wp-content\/uploads\/2019\/05\/b\u00fcf\u00e9kocsi-bels\u0151-600x600.jpg 600w, https:\/\/balatonneked.com\/wp-content\/uploads\/2019\/05\/b\u00fcf\u00e9kocsi-bels\u0151-150x150.jpg 150w, https:\/\/balatonneked.com\/wp-content\/uploads\/2019\/05\/b\u00fcf\u00e9kocsi-bels\u0151-768x768.jpg 768w, https:\/\/balatonneked.com\/wp-content\/uploads\/2019\/05\/b\u00fcf\u00e9kocsi-bels\u0151-1024x1024.jpg 1024w, https:\/\/balatonneked.com\/wp-content\/uploads\/2019\/05\/b\u00fcf\u00e9kocsi-bels\u0151-250x250.jpg 250w\" sizes=\"(max-width: 1080px) 100vw, 1080px\" \/><\/p>\n<p>A M\u00c1V-START Zrt. j\u00faniust\u00f3l ism\u00e9t maga \u00fczemelteti a nemzetk\u00f6zi j\u00e1ratokban az \u00e9tkez\u0151kocsikat: a ny\u00e1ri id\u0151szakban a Balaton \u00e9szaki \u00e9s d\u00e9li partj\u00e1ra k\u00f6zleked\u0151 vonatokon is \u00fajra lesz b\u00fcf\u00e9kocsi.<\/p>\n<\/div>\n<p>A r\u00e9gi b\u00fcf\u00e9kocsikat \u00faj eszk\u00f6z\u00f6kkel szerelt\u00e9k fel, \u00e9s friss\u00fclt az \u00e9tlap is: ak\u00e1r 18 f\u00e9le \u00e9tel k\u00f6z\u00fcl is v\u00e1laszthatnak majd az utasok. A vas\u00fatt\u00e1rsas\u00e1g meg\u00fajult k\u00edn\u00e1lattal, street food jelleg\u0171 \u00e9telekkel \u00e9s megfizethet\u0151 \u00e1rakkal v\u00e1rja az utasokat.<\/p>\n<p>(forr\u00e1s: mavcsoport.hu)<\/p>\n<div class=\"social\">\n<div class=\"fb-like fb_iframe_widget\" data-href=\"http:\/\/kaposvarmost.hu\/hirek\/orszagos-hirek\/2014\/06\/05\/ujra-lesz-bufekocsi-a-balaton-fele-kozlekedo-vonatokon_11784.html\" data-width=\"200\" data-layout=\"button_count\" data-action=\"like\" data-show-faces=\"false\" data-share=\"true\"><iframe class=\"\" title=\"fb:like Facebook Social Plugin\" src=\"https:\/\/www.facebook.com\/v2.3\/plugins\/like.php?action=like&amp;app_id=364239443676663&amp;channel=https%3A%2F%2Fstaticxx.facebook.com%2Fconnect%2Fxd_arbiter.php%3Fversion%3D44%23cb%3Df2191f0a07979bc%26domain%3Dkaposvarmost.hu%26origin%3Dhttp%253A%252F%252Fkaposvarmost.hu%252Ff1e7a640ab74a58%26relation%3Dparent.parent&amp;container_width=825&amp;href=http%3A%2F%2Fkaposvarmost.hu%2Fhirek%2Forszagos-hirek%2F2014%2F06%2F05%2Fujra-lesz-bufekocsi-a-balaton-fele-kozlekedo-vonatokon_11784.html&amp;layout=button_count&amp;locale=hu_HU&amp;sdk=joey&amp;share=true&amp;show_faces=false&amp;width=200\" name=\"f3f9ab717b1d58\" width=\"200px\" height=\"1000px\" frameborder=\"0\" scrolling=\"no\" allowfullscreen=\"allowfullscreen\" data-mce-fragment=\"1\"><\/iframe><\/div>\n<\/div>","protected":false},"excerpt":{"rendered":"<p>N\u00e9h\u00e1nyan m\u00e9g eml\u00e9ksz\u00fcnk arra, hogy milyen volt a zs\u00fafol\u00e1sig teli vonatokon, 50 fokban elverg\u0151dni a b\u00fcf\u00e9kocsiig egy hideg \u00fcd\u00edt\u0151\u00e9rt, s\u00f6r\u00e9rt, vagy r\u00e1ntott h\u00fasos szendvics\u00e9rt. A M\u00c1V-START Zrt. j\u00faniust\u00f3l ism\u00e9t maga \u00fczemelteti a nemzetk\u00f6zi j\u00e1ratokban az \u00e9tkez\u0151kocsikat: a ny\u00e1ri id\u0151szakban a Balaton \u00e9szaki \u00e9s d\u00e9li partj\u00e1ra k\u00f6zleked\u0151 vonatokon is \u00fajra lesz b\u00fcf\u00e9kocsi. A r\u00e9gi b\u00fcf\u00e9kocsikat \u00faj [&hellip;]<\/p>","protected":false},"author":2,"featured_media":2213,"comment_status":"open","ping_status":"open","sticky":false,"template":"","format":"standard","meta":{"_acf_changed":false,"footnotes":""},"categories":[155],"tags":[72,37,200],"class_list":["post-2211","post","type-post","status-publish","format-standard","has-post-thumbnail","hentry","category-hirek","tag-balaton","tag-gasztro","tag-utazas"],"acf":[],"yoast_head":"<!-- This site is optimized with the Yoast SEO plugin v25.1 - https:\/\/yoast.com\/wordpress\/plugins\/seo\/ -->\n<title>\u00dajra lesz b\u00fcf\u00e9kocsi a Balatoni vonatokon - BALATON NEKED<\/title>\n<meta name=\"robots\" content=\"index, follow, max-snippet:-1, max-image-preview:large, max-video-preview:-1\" \/>\n<link rel=\"canonical\" href=\"https:\/\/balatonneked.com\/fr\/2019\/05\/28\/ujra-lesz-bufekocsi-a-balatoni-vonatokon\/\" \/>\n<meta property=\"og:locale\" content=\"fr_FR\" \/>\n<meta property=\"og:type\" content=\"article\" \/>\n<meta property=\"og:title\" content=\"\u00dajra lesz b\u00fcf\u00e9kocsi a Balatoni vonatokon - BALATON NEKED\" \/>\n<meta property=\"og:description\" content=\"N\u00e9h\u00e1nyan m\u00e9g eml\u00e9ksz\u00fcnk arra, hogy milyen volt a zs\u00fafol\u00e1sig teli vonatokon, 50 fokban elverg\u0151dni a b\u00fcf\u00e9kocsiig egy hideg \u00fcd\u00edt\u0151\u00e9rt, s\u00f6r\u00e9rt, vagy r\u00e1ntott h\u00fasos szendvics\u00e9rt. A M\u00c1V-START Zrt. j\u00faniust\u00f3l ism\u00e9t maga \u00fczemelteti a nemzetk\u00f6zi j\u00e1ratokban az \u00e9tkez\u0151kocsikat: a ny\u00e1ri id\u0151szakban a Balaton \u00e9szaki \u00e9s d\u00e9li partj\u00e1ra k\u00f6zleked\u0151 vonatokon is \u00fajra lesz b\u00fcf\u00e9kocsi. A r\u00e9gi b\u00fcf\u00e9kocsikat \u00faj [&hellip;]\" \/>\n<meta property=\"og:url\" content=\"https:\/\/balatonneked.com\/fr\/2019\/05\/28\/ujra-lesz-bufekocsi-a-balatoni-vonatokon\/\" \/>\n<meta property=\"og:site_name\" content=\"BALATON NEKED\" \/>\n<meta property=\"article:publisher\" content=\"https:\/\/www.facebook.com\/BalatonNeked\" \/>\n<meta property=\"article:published_time\" content=\"2019-05-28T16:19:47+00:00\" \/>\n<meta property=\"og:image\" content=\"https:\/\/balatonneked.com\/wp-content\/uploads\/2019\/05\/\u00e9tkez\u0151kocsi-k\u00fcls\u0151.jpg\" \/>\n\t<meta property=\"og:image:width\" content=\"380\" \/>\n\t<meta property=\"og:image:height\" content=\"253\" \/>\n\t<meta property=\"og:image:type\" content=\"image\/jpeg\" \/>\n<meta name=\"author\" content=\"-\" \/>\n<meta name=\"twitter:card\" content=\"summary_large_image\" \/>\n<meta name=\"twitter:label1\" content=\"\u00c9crit par\" \/>\n\t<meta name=\"twitter:data1\" content=\"-\" \/>\n\t<meta name=\"twitter:label2\" content=\"Dur\u00e9e de lecture estim\u00e9e\" \/>\n\t<meta name=\"twitter:data2\" content=\"1 minute\" \/>\n<script type=\"application\/ld+json\" class=\"yoast-schema-graph\">{\"@context\":\"https:\/\/schema.org\",\"@graph\":[{\"@type\":\"Article\",\"@id\":\"https:\/\/balatonneked.com\/2019\/05\/28\/ujra-lesz-bufekocsi-a-balatoni-vonatokon\/#article\",\"isPartOf\":{\"@id\":\"https:\/\/balatonneked.com\/2019\/05\/28\/ujra-lesz-bufekocsi-a-balatoni-vonatokon\/\"},\"author\":{\"name\":\"-\",\"@id\":\"https:\/\/balatonneked.com\/#\/schema\/person\/6abf551dbe3d5531af60e216ef9b16aa\"},\"headline\":\"\u00dajra lesz b\u00fcf\u00e9kocsi a Balatoni vonatokon\",\"datePublished\":\"2019-05-28T16:19:47+00:00\",\"mainEntityOfPage\":{\"@id\":\"https:\/\/balatonneked.com\/2019\/05\/28\/ujra-lesz-bufekocsi-a-balatoni-vonatokon\/\"},\"wordCount\":147,\"commentCount\":0,\"publisher\":{\"@id\":\"https:\/\/balatonneked.com\/#organization\"},\"image\":{\"@id\":\"https:\/\/balatonneked.com\/2019\/05\/28\/ujra-lesz-bufekocsi-a-balatoni-vonatokon\/#primaryimage\"},\"thumbnailUrl\":\"https:\/\/balatonneked.com\/wp-content\/uploads\/2019\/05\/\u00e9tkez\u0151kocsi-k\u00fcls\u0151.jpg\",\"keywords\":[\"Balaton\",\"Gasztro\",\"utaz\u00e1s\"],\"articleSection\":[\"H\u00edrek\"],\"inLanguage\":\"fr-FR\",\"potentialAction\":[{\"@type\":\"CommentAction\",\"name\":\"Comment\",\"target\":[\"https:\/\/balatonneked.com\/2019\/05\/28\/ujra-lesz-bufekocsi-a-balatoni-vonatokon\/#respond\"]}]},{\"@type\":\"WebPage\",\"@id\":\"https:\/\/balatonneked.com\/2019\/05\/28\/ujra-lesz-bufekocsi-a-balatoni-vonatokon\/\",\"url\":\"https:\/\/balatonneked.com\/2019\/05\/28\/ujra-lesz-bufekocsi-a-balatoni-vonatokon\/\",\"name\":\"\u00dajra lesz b\u00fcf\u00e9kocsi a Balatoni vonatokon - BALATON NEKED\",\"isPartOf\":{\"@id\":\"https:\/\/balatonneked.com\/#website\"},\"primaryImageOfPage\":{\"@id\":\"https:\/\/balatonneked.com\/2019\/05\/28\/ujra-lesz-bufekocsi-a-balatoni-vonatokon\/#primaryimage\"},\"image\":{\"@id\":\"https:\/\/balatonneked.com\/2019\/05\/28\/ujra-lesz-bufekocsi-a-balatoni-vonatokon\/#primaryimage\"},\"thumbnailUrl\":\"https:\/\/balatonneked.com\/wp-content\/uploads\/2019\/05\/\u00e9tkez\u0151kocsi-k\u00fcls\u0151.jpg\",\"datePublished\":\"2019-05-28T16:19:47+00:00\",\"breadcrumb\":{\"@id\":\"https:\/\/balatonneked.com\/2019\/05\/28\/ujra-lesz-bufekocsi-a-balatoni-vonatokon\/#breadcrumb\"},\"inLanguage\":\"fr-FR\",\"potentialAction\":[{\"@type\":\"ReadAction\",\"target\":[\"https:\/\/balatonneked.com\/2019\/05\/28\/ujra-lesz-bufekocsi-a-balatoni-vonatokon\/\"]}]},{\"@type\":\"ImageObject\",\"inLanguage\":\"fr-FR\",\"@id\":\"https:\/\/balatonneked.com\/2019\/05\/28\/ujra-lesz-bufekocsi-a-balatoni-vonatokon\/#primaryimage\",\"url\":\"https:\/\/balatonneked.com\/wp-content\/uploads\/2019\/05\/\u00e9tkez\u0151kocsi-k\u00fcls\u0151.jpg\",\"contentUrl\":\"https:\/\/balatonneked.com\/wp-content\/uploads\/2019\/05\/\u00e9tkez\u0151kocsi-k\u00fcls\u0151.jpg\",\"width\":380,\"height\":253},{\"@type\":\"BreadcrumbList\",\"@id\":\"https:\/\/balatonneked.com\/2019\/05\/28\/ujra-lesz-bufekocsi-a-balatoni-vonatokon\/#breadcrumb\",\"itemListElement\":[{\"@type\":\"ListItem\",\"position\":1,\"name\":\"Kezd\u0151lap\",\"item\":\"https:\/\/balatonneked.com\/\"},{\"@type\":\"ListItem\",\"position\":2,\"name\":\"\u00dajra lesz b\u00fcf\u00e9kocsi a Balatoni vonatokon\"}]},{\"@type\":\"WebSite\",\"@id\":\"https:\/\/balatonneked.com\/#website\",\"url\":\"https:\/\/balatonneked.com\/\",\"name\":\"BALATON NEKED\",\"description\":\"A Balaton leginformat\u00edvabb magazinja\",\"publisher\":{\"@id\":\"https:\/\/balatonneked.com\/#organization\"},\"potentialAction\":[{\"@type\":\"SearchAction\",\"target\":{\"@type\":\"EntryPoint\",\"urlTemplate\":\"https:\/\/balatonneked.com\/?s={search_term_string}\"},\"query-input\":{\"@type\":\"PropertyValueSpecification\",\"valueRequired\":true,\"valueName\":\"search_term_string\"}}],\"inLanguage\":\"fr-FR\"},{\"@type\":\"Organization\",\"@id\":\"https:\/\/balatonneked.com\/#organization\",\"name\":\"BalatonNeked\",\"url\":\"https:\/\/balatonneked.com\/\",\"logo\":{\"@type\":\"ImageObject\",\"inLanguage\":\"fr-FR\",\"@id\":\"https:\/\/balatonneked.com\/#\/schema\/logo\/image\/\",\"url\":\"https:\/\/balatonneked.com\/wp-content\/uploads\/2019\/05\/bnekedlogo.png\",\"contentUrl\":\"https:\/\/balatonneked.com\/wp-content\/uploads\/2019\/05\/bnekedlogo.png\",\"width\":750,\"height\":750,\"caption\":\"BalatonNeked\"},\"image\":{\"@id\":\"https:\/\/balatonneked.com\/#\/schema\/logo\/image\/\"},\"sameAs\":[\"https:\/\/www.facebook.com\/BalatonNeked\"]},{\"@type\":\"Person\",\"@id\":\"https:\/\/balatonneked.com\/#\/schema\/person\/6abf551dbe3d5531af60e216ef9b16aa\",\"name\":\"-\",\"image\":{\"@type\":\"ImageObject\",\"inLanguage\":\"fr-FR\",\"@id\":\"https:\/\/balatonneked.com\/#\/schema\/person\/image\/\",\"url\":\"https:\/\/secure.gravatar.com\/avatar\/7bcf602c35eea1fdd5dcb5698f42149adc1fb65510ae8b284cdf111a453a6c37?s=96&d=mm&r=g\",\"contentUrl\":\"https:\/\/secure.gravatar.com\/avatar\/7bcf602c35eea1fdd5dcb5698f42149adc1fb65510ae8b284cdf111a453a6c37?s=96&d=mm&r=g\",\"caption\":\"-\"},\"url\":\"https:\/\/balatonneked.com\/fr\/author\/tamasildiko\/\"}]}<\/script>\n<!-- \/ Yoast SEO plugin. -->","yoast_head_json":{"title":"\u00dajra lesz b\u00fcf\u00e9kocsi a Balatoni vonatokon - BALATON NEKED","robots":{"index":"index","follow":"follow","max-snippet":"max-snippet:-1","max-image-preview":"max-image-preview:large","max-video-preview":"max-video-preview:-1"},"canonical":"https:\/\/balatonneked.com\/fr\/2019\/05\/28\/ujra-lesz-bufekocsi-a-balatoni-vonatokon\/","og_locale":"fr_FR","og_type":"article","og_title":"\u00dajra lesz b\u00fcf\u00e9kocsi a Balatoni vonatokon - BALATON NEKED","og_description":"N\u00e9h\u00e1nyan m\u00e9g eml\u00e9ksz\u00fcnk arra, hogy milyen volt a zs\u00fafol\u00e1sig teli vonatokon, 50 fokban elverg\u0151dni a b\u00fcf\u00e9kocsiig egy hideg \u00fcd\u00edt\u0151\u00e9rt, s\u00f6r\u00e9rt, vagy r\u00e1ntott h\u00fasos szendvics\u00e9rt. A M\u00c1V-START Zrt. j\u00faniust\u00f3l ism\u00e9t maga \u00fczemelteti a nemzetk\u00f6zi j\u00e1ratokban az \u00e9tkez\u0151kocsikat: a ny\u00e1ri id\u0151szakban a Balaton \u00e9szaki \u00e9s d\u00e9li partj\u00e1ra k\u00f6zleked\u0151 vonatokon is \u00fajra lesz b\u00fcf\u00e9kocsi. A r\u00e9gi b\u00fcf\u00e9kocsikat \u00faj [&hellip;]","og_url":"https:\/\/balatonneked.com\/fr\/2019\/05\/28\/ujra-lesz-bufekocsi-a-balatoni-vonatokon\/","og_site_name":"BALATON NEKED","article_publisher":"https:\/\/www.facebook.com\/BalatonNeked","article_published_time":"2019-05-28T16:19:47+00:00","og_image":[{"width":380,"height":253,"url":"https:\/\/balatonneked.com\/wp-content\/uploads\/2019\/05\/\u00e9tkez\u0151kocsi-k\u00fcls\u0151.jpg","type":"image\/jpeg"}],"author":"-","twitter_card":"summary_large_image","twitter_misc":{"\u00c9crit par":"-","Dur\u00e9e de lecture estim\u00e9e":"1 minute"},"schema":{"@context":"https:\/\/schema.org","@graph":[{"@type":"Article","@id":"https:\/\/balatonneked.com\/2019\/05\/28\/ujra-lesz-bufekocsi-a-balatoni-vonatokon\/#article","isPartOf":{"@id":"https:\/\/balatonneked.com\/2019\/05\/28\/ujra-lesz-bufekocsi-a-balatoni-vonatokon\/"},"author":{"name":"-","@id":"https:\/\/balatonneked.com\/#\/schema\/person\/6abf551dbe3d5531af60e216ef9b16aa"},"headline":"\u00dajra lesz b\u00fcf\u00e9kocsi a Balatoni vonatokon","datePublished":"2019-05-28T16:19:47+00:00","mainEntityOfPage":{"@id":"https:\/\/balatonneked.com\/2019\/05\/28\/ujra-lesz-bufekocsi-a-balatoni-vonatokon\/"},"wordCount":147,"commentCount":0,"publisher":{"@id":"https:\/\/balatonneked.com\/#organization"},"image":{"@id":"https:\/\/balatonneked.com\/2019\/05\/28\/ujra-lesz-bufekocsi-a-balatoni-vonatokon\/#primaryimage"},"thumbnailUrl":"https:\/\/balatonneked.com\/wp-content\/uploads\/2019\/05\/\u00e9tkez\u0151kocsi-k\u00fcls\u0151.jpg","keywords":["Balaton","Gasztro","utaz\u00e1s"],"articleSection":["H\u00edrek"],"inLanguage":"fr-FR","potentialAction":[{"@type":"CommentAction","name":"Comment","target":["https:\/\/balatonneked.com\/2019\/05\/28\/ujra-lesz-bufekocsi-a-balatoni-vonatokon\/#respond"]}]},{"@type":"WebPage","@id":"https:\/\/balatonneked.com\/2019\/05\/28\/ujra-lesz-bufekocsi-a-balatoni-vonatokon\/","url":"https:\/\/balatonneked.com\/2019\/05\/28\/ujra-lesz-bufekocsi-a-balatoni-vonatokon\/","name":"\u00dajra lesz b\u00fcf\u00e9kocsi a Balatoni vonatokon - BALATON NEKED","isPartOf":{"@id":"https:\/\/balatonneked.com\/#website"},"primaryImageOfPage":{"@id":"https:\/\/balatonneked.com\/2019\/05\/28\/ujra-lesz-bufekocsi-a-balatoni-vonatokon\/#primaryimage"},"image":{"@id":"https:\/\/balatonneked.com\/2019\/05\/28\/ujra-lesz-bufekocsi-a-balatoni-vonatokon\/#primaryimage"},"thumbnailUrl":"https:\/\/balatonneked.com\/wp-content\/uploads\/2019\/05\/\u00e9tkez\u0151kocsi-k\u00fcls\u0151.jpg","datePublished":"2019-05-28T16:19:47+00:00","breadcrumb":{"@id":"https:\/\/balatonneked.com\/2019\/05\/28\/ujra-lesz-bufekocsi-a-balatoni-vonatokon\/#breadcrumb"},"inLanguage":"fr-FR","potentialAction":[{"@type":"ReadAction","target":["https:\/\/balatonneked.com\/2019\/05\/28\/ujra-lesz-bufekocsi-a-balatoni-vonatokon\/"]}]},{"@type":"ImageObject","inLanguage":"fr-FR","@id":"https:\/\/balatonneked.com\/2019\/05\/28\/ujra-lesz-bufekocsi-a-balatoni-vonatokon\/#primaryimage","url":"https:\/\/balatonneked.com\/wp-content\/uploads\/2019\/05\/\u00e9tkez\u0151kocsi-k\u00fcls\u0151.jpg","contentUrl":"https:\/\/balatonneked.com\/wp-content\/uploads\/2019\/05\/\u00e9tkez\u0151kocsi-k\u00fcls\u0151.jpg","width":380,"height":253},{"@type":"BreadcrumbList","@id":"https:\/\/balatonneked.com\/2019\/05\/28\/ujra-lesz-bufekocsi-a-balatoni-vonatokon\/#breadcrumb","itemListElement":[{"@type":"ListItem","position":1,"name":"Kezd\u0151lap","item":"https:\/\/balatonneked.com\/"},{"@type":"ListItem","position":2,"name":"\u00dajra lesz b\u00fcf\u00e9kocsi a Balatoni vonatokon"}]},{"@type":"WebSite","@id":"https:\/\/balatonneked.com\/#website","url":"https:\/\/balatonneked.com\/","name":"BALATON NEKED","description":"A Balaton leginformat\u00edvabb magazinja","publisher":{"@id":"https:\/\/balatonneked.com\/#organization"},"potentialAction":[{"@type":"SearchAction","target":{"@type":"EntryPoint","urlTemplate":"https:\/\/balatonneked.com\/?s={search_term_string}"},"query-input":{"@type":"PropertyValueSpecification","valueRequired":true,"valueName":"search_term_string"}}],"inLanguage":"fr-FR"},{"@type":"Organization","@id":"https:\/\/balatonneked.com\/#organization","name":"BalatonNeked","url":"https:\/\/balatonneked.com\/","logo":{"@type":"ImageObject","inLanguage":"fr-FR","@id":"https:\/\/balatonneked.com\/#\/schema\/logo\/image\/","url":"https:\/\/balatonneked.com\/wp-content\/uploads\/2019\/05\/bnekedlogo.png","contentUrl":"https:\/\/balatonneked.com\/wp-content\/uploads\/2019\/05\/bnekedlogo.png","width":750,"height":750,"caption":"BalatonNeked"},"image":{"@id":"https:\/\/balatonneked.com\/#\/schema\/logo\/image\/"},"sameAs":["https:\/\/www.facebook.com\/BalatonNeked"]},{"@type":"Person","@id":"https:\/\/balatonneked.com\/#\/schema\/person\/6abf551dbe3d5531af60e216ef9b16aa","name":"-","image":{"@type":"ImageObject","inLanguage":"fr-FR","@id":"https:\/\/balatonneked.com\/#\/schema\/person\/image\/","url":"https:\/\/secure.gravatar.com\/avatar\/7bcf602c35eea1fdd5dcb5698f42149adc1fb65510ae8b284cdf111a453a6c37?s=96&d=mm&r=g","contentUrl":"https:\/\/secure.gravatar.com\/avatar\/7bcf602c35eea1fdd5dcb5698f42149adc1fb65510ae8b284cdf111a453a6c37?s=96&d=mm&r=g","caption":"-"},"url":"https:\/\/balatonneked.com\/fr\/author\/tamasildiko\/"}]}},"_links":{"self":[{"href":"https:\/\/balatonneked.com\/fr\/wp-json\/wp\/v2\/posts\/2211","targetHints":{"allow":["GET"]}}],"collection":[{"href":"https:\/\/balatonneked.com\/fr\/wp-json\/wp\/v2\/posts"}],"about":[{"href":"https:\/\/balatonneked.com\/fr\/wp-json\/wp\/v2\/types\/post"}],"author":[{"embeddable":true,"href":"https:\/\/balatonneked.com\/fr\/wp-json\/wp\/v2\/users\/2"}],"replies":[{"embeddable":true,"href":"https:\/\/balatonneked.com\/fr\/wp-json\/wp\/v2\/comments?post=2211"}],"version-history":[{"count":1,"href":"https:\/\/balatonneked.com\/fr\/wp-json\/wp\/v2\/posts\/2211\/revisions"}],"predecessor-version":[{"id":2214,"href":"https:\/\/balatonneked.com\/fr\/wp-json\/wp\/v2\/posts\/2211\/revisions\/2214"}],"wp:featuredmedia":[{"embeddable":true,"href":"https:\/\/balatonneked.com\/fr\/wp-json\/wp\/v2\/media\/2213"}],"wp:attachment":[{"href":"https:\/\/balatonneked.com\/fr\/wp-json\/wp\/v2\/media?parent=2211"}],"wp:term":[{"taxonomy":"category","embeddable":true,"href":"https:\/\/balatonneked.com\/fr\/wp-json\/wp\/v2\/categories?post=2211"},{"taxonomy":"post_tag","embeddable":true,"href":"https:\/\/balatonneked.com\/fr\/wp-json\/wp\/v2\/tags?post=2211"}],"curies":[{"name":"wp","href":"https:\/\/api.w.org\/{rel}","templated":true}]}}