{"id":2128,"date":"2019-05-21T14:42:12","date_gmt":"2019-05-21T14:42:12","guid":{"rendered":"http:\/\/balatonneked.com\/?p=2128"},"modified":"2019-05-21T14:42:12","modified_gmt":"2019-05-21T14:42:12","slug":"badacsonytomaj-unnepel","status":"publish","type":"post","link":"https:\/\/balatonneked.com\/fr\/2019\/05\/21\/badacsonytomaj-unnepel\/","title":{"rendered":"Badacsonytomaj \u00fcnnepel"},"content":{"rendered":"<p>\u00dcnnepelj\u00fck egy\u00fctt Badacsonytomaj sz\u00fclet\u00e9snapj\u00e1t! Legyetek r\u00e9szesei az \u00fcnnepi esem\u00e9nyeknek, amelyeken Badacsonytomaj v\u00e1rosi rangra emel\u00e9s\u00e9nek 15. \u00e9vfordul\u00f3j\u00e1ra eml\u00e9kez\u00fcnk. K\u00f6sz\u00f6nt\u00f6ttetek m\u00e1r sz\u00fclet\u00e9snapot a Balaton napj\u00e1val egy id\u0151ben? A Balaton napja k\u00f6z\u00f6s \u00fcnnepe a balatoniaknak, nem csup\u00e1n egy-egy t\u00f3parti telep\u00fcl\u00e9sen, hanem egy\u00fctt az eg\u00e9sz Balaton k\u00f6r\u00fcl.<br \/>\n13.00 Retro F\u00fcrd\u0151ruha verseny<br \/>\n13.00-20.00 \u00f3ra J\u00e1tsz\u00f3h\u00e1z gyermekeknek<br \/>\nJ\u00e1tsz\u00f3h\u00e1zunkban kicsiknek, nagyoknak, fi\u00faknak \u00e9s l\u00e1nyoknak egyar\u00e1nt k\u00e9sz\u00fcl\u00fcnk \u00e9rdekes j\u00e1t\u00e9kokkal. A kisebbeket minil\u00e9gv\u00e1r v\u00e1rja, a l\u00e1nyokat bab\u00e1k a babakonyh\u00e1ban, a fi\u00fakat tengernyi leg\u00f3, aut\u00f3p\u00e1lya, favas\u00fat \u00e9s Nerf szivacsl\u00f6ved\u00e9kes fegyverek. Itt biztos nem fogy el a kocka az \u00e9gig \u00e9r\u0151 torony \u00e9p\u00edt\u00e9s\u00e9n\u00e9l! Pr\u00f3b\u00e1ld ki a szabadt\u00e9ri j\u00e1t\u00e9kokat, a t\u00e1rsasj\u00e1t\u00e9kokat \u00e9s a sokfajta sz\u00ednben pomp\u00e1z\u00f3 gyurm\u00e1kat! Gyere, j\u00e1tsszunk egy\u00fctt!<br \/>\n14.00 \u00f3ra \u00d3ri\u00e1s Balaton t\u00e1rsasj\u00e1t\u00e9k a N\u0151k a Balaton\u00e9rt Egyes\u00fclettel<br \/>\n14.00 \u00f3ra K\u00f6z\u00f6s csobban\u00e1s, a buli kedv\u00e9\u00e9rt \u00f6lt\u00f6zz vicces dresszbe, vagy k\u00e9rd k\u00f6lcs\u00f6n a nagypap\u00e1d retr\u00f3 \u201efecsk\u00e9j\u00e9t\u201d! Ha esik az es\u0151? Hozz magaddal eserny\u0151t \u00e9s a buli kedv\u00e9\u00e9rt csobbanjunk azzal egy\u00fctt a t\u00f3ba!<br \/>\n14.00- 16.00 \u00f3ra Hennafest\u00e9s \u00e9s Csill\u00e1mtetov\u00e1l\u00e1s M\u00f3nival<br \/>\n14.00- 20.00 \u00f3ra Donga J\u00e1t\u00e9kpark &#8222;Bor- Balaton- J\u00e1t\u00e9k&#8221;<br \/>\n14.30 \u00f3ra \u201eK\u00f6rbekoccintjuk a Balatont\u201d r\u00e9gi\u00f3nk \u00faj bor\u00e1val a BalatonBorral<br \/>\n15.00 Erox Martini<br \/>\n15.00-16.30 \u00c9lm\u00e9nyutaz\u00e1s a V\u00e1rosn\u00e9z\u0151 Kisvonattal<br \/>\n15.30 Esteb\u00e9d<br \/>\n17.00 \u00f3ra Kultur\u00e1lis bemutat\u00f3- A telep\u00fcl\u00e9s amat\u0151r m\u0171v\u00e9szeti csoportjainak a m\u0171sora<br \/>\nKrisztin N. L\u00e1szl\u00f3 Badacsonytomaj V\u00e1ros Polg\u00e1rmester\u00e9nek k\u00f6sz\u00f6nt\u0151je<br \/>\nBadacsonytomaj V\u00e1ros Bora 2019 Borverseny nyertes\u00e9nek k\u00f6sz\u00f6nt\u00e9se<br \/>\nA v\u00e1ros 18 \u00e9veseinek k\u00f6sz\u00f6nt\u00e9se<br \/>\n19:00 \u00f3ra Stand up comedy Sulyok P\u00e9terrel<br \/>\n20:00 \u00f3ra Mar\u00f3t Viki \u00e9s a Nova Kult\u00far Zenekar<br \/>\n21:30 \u00f3ra Timi &amp; Hot Stuff<br \/>\n<img fetchpriority=\"high\" decoding=\"async\" class=\"aligncenter size-full wp-image-2129\" src=\"http:\/\/balatonneked.com\/wp-content\/uploads\/2019\/05\/badacsonytomaj-napja.jpg\" alt=\"\" width=\"672\" height=\"960\" srcset=\"https:\/\/balatonneked.com\/wp-content\/uploads\/2019\/05\/badacsonytomaj-napja.jpg 672w, https:\/\/balatonneked.com\/wp-content\/uploads\/2019\/05\/badacsonytomaj-napja-600x857.jpg 600w, https:\/\/balatonneked.com\/wp-content\/uploads\/2019\/05\/badacsonytomaj-napja-210x300.jpg 210w\" sizes=\"(max-width: 672px) 100vw, 672px\" \/><br \/>\nR\u00e9szletek hamarosan&#8230;<\/p>\n<p>&#8230;addig is keress\u00e9tek el\u0151 a retr\u00f3 f\u00fcrd\u0151rucikat vagy k\u00e9rj\u00e9tek k\u00f6lcs\u00f6n a nagypapa \u201efecsk\u00e9j\u00e9t\u201d! \ud83e\udd73\u263a\ufe0f<\/p>\n<p>A szervez\u0151k a programv\u00e1ltoztat\u00e1s jog\u00e1t fenntartj\u00e1k!<\/p>\n<p>(forr\u00e1s: facebook)<\/p>","protected":false},"excerpt":{"rendered":"<p>\u00dcnnepelj\u00fck egy\u00fctt Badacsonytomaj sz\u00fclet\u00e9snapj\u00e1t! Legyetek r\u00e9szesei az \u00fcnnepi esem\u00e9nyeknek, amelyeken Badacsonytomaj v\u00e1rosi rangra emel\u00e9s\u00e9nek 15. \u00e9vfordul\u00f3j\u00e1ra eml\u00e9kez\u00fcnk. K\u00f6sz\u00f6nt\u00f6ttetek m\u00e1r sz\u00fclet\u00e9snapot a Balaton napj\u00e1val egy id\u0151ben? A Balaton napja k\u00f6z\u00f6s \u00fcnnepe a balatoniaknak, nem csup\u00e1n egy-egy t\u00f3parti telep\u00fcl\u00e9sen, hanem egy\u00fctt az eg\u00e9sz Balaton k\u00f6r\u00fcl. 13.00 Retro F\u00fcrd\u0151ruha verseny 13.00-20.00 \u00f3ra J\u00e1tsz\u00f3h\u00e1z gyermekeknek J\u00e1tsz\u00f3h\u00e1zunkban kicsiknek, nagyoknak, fi\u00faknak [&hellip;]<\/p>","protected":false},"author":2,"featured_media":2130,"comment_status":"open","ping_status":"open","sticky":false,"template":"","format":"standard","meta":{"_acf_changed":false,"footnotes":""},"categories":[155],"tags":[187,172],"class_list":["post-2128","post","type-post","status-publish","format-standard","has-post-thumbnail","hentry","category-hirek","tag-badacsonytomaj","tag-programajanlo"],"acf":[],"yoast_head":"<!-- This site is optimized with the Yoast SEO plugin v25.1 - https:\/\/yoast.com\/wordpress\/plugins\/seo\/ -->\n<title>Badacsonytomaj \u00fcnnepel - BALATON NEKED<\/title>\n<meta name=\"robots\" content=\"index, follow, max-snippet:-1, max-image-preview:large, max-video-preview:-1\" \/>\n<link rel=\"canonical\" href=\"https:\/\/balatonneked.com\/fr\/2019\/05\/21\/badacsonytomaj-unnepel\/\" \/>\n<meta property=\"og:locale\" content=\"fr_FR\" \/>\n<meta property=\"og:type\" content=\"article\" \/>\n<meta property=\"og:title\" content=\"Badacsonytomaj \u00fcnnepel - BALATON NEKED\" \/>\n<meta property=\"og:description\" content=\"\u00dcnnepelj\u00fck egy\u00fctt Badacsonytomaj sz\u00fclet\u00e9snapj\u00e1t! Legyetek r\u00e9szesei az \u00fcnnepi esem\u00e9nyeknek, amelyeken Badacsonytomaj v\u00e1rosi rangra emel\u00e9s\u00e9nek 15. \u00e9vfordul\u00f3j\u00e1ra eml\u00e9kez\u00fcnk. K\u00f6sz\u00f6nt\u00f6ttetek m\u00e1r sz\u00fclet\u00e9snapot a Balaton napj\u00e1val egy id\u0151ben? A Balaton napja k\u00f6z\u00f6s \u00fcnnepe a balatoniaknak, nem csup\u00e1n egy-egy t\u00f3parti telep\u00fcl\u00e9sen, hanem egy\u00fctt az eg\u00e9sz Balaton k\u00f6r\u00fcl. 13.00 Retro F\u00fcrd\u0151ruha verseny 13.00-20.00 \u00f3ra J\u00e1tsz\u00f3h\u00e1z gyermekeknek J\u00e1tsz\u00f3h\u00e1zunkban kicsiknek, nagyoknak, fi\u00faknak [&hellip;]\" \/>\n<meta property=\"og:url\" content=\"https:\/\/balatonneked.com\/fr\/2019\/05\/21\/badacsonytomaj-unnepel\/\" \/>\n<meta property=\"og:site_name\" content=\"BALATON NEKED\" \/>\n<meta property=\"article:publisher\" content=\"https:\/\/www.facebook.com\/BalatonNeked\" \/>\n<meta property=\"article:published_time\" content=\"2019-05-21T14:42:12+00:00\" \/>\n<meta property=\"og:image\" content=\"https:\/\/balatonneked.com\/wp-content\/uploads\/2019\/05\/badacsonytomaj.jpg\" \/>\n\t<meta property=\"og:image:width\" content=\"960\" \/>\n\t<meta property=\"og:image:height\" content=\"638\" \/>\n\t<meta property=\"og:image:type\" content=\"image\/jpeg\" \/>\n<meta name=\"author\" content=\"-\" \/>\n<meta name=\"twitter:card\" content=\"summary_large_image\" \/>\n<meta name=\"twitter:label1\" content=\"\u00c9crit par\" \/>\n\t<meta name=\"twitter:data1\" content=\"-\" \/>\n\t<meta name=\"twitter:label2\" content=\"Dur\u00e9e de lecture estim\u00e9e\" \/>\n\t<meta name=\"twitter:data2\" content=\"2 minutes\" \/>\n<script type=\"application\/ld+json\" class=\"yoast-schema-graph\">{\"@context\":\"https:\/\/schema.org\",\"@graph\":[{\"@type\":\"Article\",\"@id\":\"https:\/\/balatonneked.com\/2019\/05\/21\/badacsonytomaj-unnepel\/#article\",\"isPartOf\":{\"@id\":\"https:\/\/balatonneked.com\/2019\/05\/21\/badacsonytomaj-unnepel\/\"},\"author\":{\"name\":\"-\",\"@id\":\"https:\/\/balatonneked.com\/#\/schema\/person\/6abf551dbe3d5531af60e216ef9b16aa\"},\"headline\":\"Badacsonytomaj \u00fcnnepel\",\"datePublished\":\"2019-05-21T14:42:12+00:00\",\"mainEntityOfPage\":{\"@id\":\"https:\/\/balatonneked.com\/2019\/05\/21\/badacsonytomaj-unnepel\/\"},\"wordCount\":408,\"commentCount\":0,\"publisher\":{\"@id\":\"https:\/\/balatonneked.com\/#organization\"},\"image\":{\"@id\":\"https:\/\/balatonneked.com\/2019\/05\/21\/badacsonytomaj-unnepel\/#primaryimage\"},\"thumbnailUrl\":\"https:\/\/balatonneked.com\/wp-content\/uploads\/2019\/05\/badacsonytomaj.jpg\",\"keywords\":[\"Badacsonytomaj\",\"Programaj\u00e1nl\u00f3\"],\"articleSection\":[\"H\u00edrek\"],\"inLanguage\":\"fr-FR\",\"potentialAction\":[{\"@type\":\"CommentAction\",\"name\":\"Comment\",\"target\":[\"https:\/\/balatonneked.com\/2019\/05\/21\/badacsonytomaj-unnepel\/#respond\"]}]},{\"@type\":\"WebPage\",\"@id\":\"https:\/\/balatonneked.com\/2019\/05\/21\/badacsonytomaj-unnepel\/\",\"url\":\"https:\/\/balatonneked.com\/2019\/05\/21\/badacsonytomaj-unnepel\/\",\"name\":\"Badacsonytomaj \u00fcnnepel - BALATON NEKED\",\"isPartOf\":{\"@id\":\"https:\/\/balatonneked.com\/#website\"},\"primaryImageOfPage\":{\"@id\":\"https:\/\/balatonneked.com\/2019\/05\/21\/badacsonytomaj-unnepel\/#primaryimage\"},\"image\":{\"@id\":\"https:\/\/balatonneked.com\/2019\/05\/21\/badacsonytomaj-unnepel\/#primaryimage\"},\"thumbnailUrl\":\"https:\/\/balatonneked.com\/wp-content\/uploads\/2019\/05\/badacsonytomaj.jpg\",\"datePublished\":\"2019-05-21T14:42:12+00:00\",\"breadcrumb\":{\"@id\":\"https:\/\/balatonneked.com\/2019\/05\/21\/badacsonytomaj-unnepel\/#breadcrumb\"},\"inLanguage\":\"fr-FR\",\"potentialAction\":[{\"@type\":\"ReadAction\",\"target\":[\"https:\/\/balatonneked.com\/2019\/05\/21\/badacsonytomaj-unnepel\/\"]}]},{\"@type\":\"ImageObject\",\"inLanguage\":\"fr-FR\",\"@id\":\"https:\/\/balatonneked.com\/2019\/05\/21\/badacsonytomaj-unnepel\/#primaryimage\",\"url\":\"https:\/\/balatonneked.com\/wp-content\/uploads\/2019\/05\/badacsonytomaj.jpg\",\"contentUrl\":\"https:\/\/balatonneked.com\/wp-content\/uploads\/2019\/05\/badacsonytomaj.jpg\",\"width\":960,\"height\":638},{\"@type\":\"BreadcrumbList\",\"@id\":\"https:\/\/balatonneked.com\/2019\/05\/21\/badacsonytomaj-unnepel\/#breadcrumb\",\"itemListElement\":[{\"@type\":\"ListItem\",\"position\":1,\"name\":\"Kezd\u0151lap\",\"item\":\"https:\/\/balatonneked.com\/\"},{\"@type\":\"ListItem\",\"position\":2,\"name\":\"Badacsonytomaj \u00fcnnepel\"}]},{\"@type\":\"WebSite\",\"@id\":\"https:\/\/balatonneked.com\/#website\",\"url\":\"https:\/\/balatonneked.com\/\",\"name\":\"BALATON NEKED\",\"description\":\"A Balaton leginformat\u00edvabb magazinja\",\"publisher\":{\"@id\":\"https:\/\/balatonneked.com\/#organization\"},\"potentialAction\":[{\"@type\":\"SearchAction\",\"target\":{\"@type\":\"EntryPoint\",\"urlTemplate\":\"https:\/\/balatonneked.com\/?s={search_term_string}\"},\"query-input\":{\"@type\":\"PropertyValueSpecification\",\"valueRequired\":true,\"valueName\":\"search_term_string\"}}],\"inLanguage\":\"fr-FR\"},{\"@type\":\"Organization\",\"@id\":\"https:\/\/balatonneked.com\/#organization\",\"name\":\"BalatonNeked\",\"url\":\"https:\/\/balatonneked.com\/\",\"logo\":{\"@type\":\"ImageObject\",\"inLanguage\":\"fr-FR\",\"@id\":\"https:\/\/balatonneked.com\/#\/schema\/logo\/image\/\",\"url\":\"https:\/\/balatonneked.com\/wp-content\/uploads\/2019\/05\/bnekedlogo.png\",\"contentUrl\":\"https:\/\/balatonneked.com\/wp-content\/uploads\/2019\/05\/bnekedlogo.png\",\"width\":750,\"height\":750,\"caption\":\"BalatonNeked\"},\"image\":{\"@id\":\"https:\/\/balatonneked.com\/#\/schema\/logo\/image\/\"},\"sameAs\":[\"https:\/\/www.facebook.com\/BalatonNeked\"]},{\"@type\":\"Person\",\"@id\":\"https:\/\/balatonneked.com\/#\/schema\/person\/6abf551dbe3d5531af60e216ef9b16aa\",\"name\":\"-\",\"image\":{\"@type\":\"ImageObject\",\"inLanguage\":\"fr-FR\",\"@id\":\"https:\/\/balatonneked.com\/#\/schema\/person\/image\/\",\"url\":\"https:\/\/secure.gravatar.com\/avatar\/7bcf602c35eea1fdd5dcb5698f42149adc1fb65510ae8b284cdf111a453a6c37?s=96&d=mm&r=g\",\"contentUrl\":\"https:\/\/secure.gravatar.com\/avatar\/7bcf602c35eea1fdd5dcb5698f42149adc1fb65510ae8b284cdf111a453a6c37?s=96&d=mm&r=g\",\"caption\":\"-\"},\"url\":\"https:\/\/balatonneked.com\/fr\/author\/tamasildiko\/\"}]}<\/script>\n<!-- \/ Yoast SEO plugin. -->","yoast_head_json":{"title":"Badacsonytomaj \u00fcnnepel - BALATON NEKED","robots":{"index":"index","follow":"follow","max-snippet":"max-snippet:-1","max-image-preview":"max-image-preview:large","max-video-preview":"max-video-preview:-1"},"canonical":"https:\/\/balatonneked.com\/fr\/2019\/05\/21\/badacsonytomaj-unnepel\/","og_locale":"fr_FR","og_type":"article","og_title":"Badacsonytomaj \u00fcnnepel - BALATON NEKED","og_description":"\u00dcnnepelj\u00fck egy\u00fctt Badacsonytomaj sz\u00fclet\u00e9snapj\u00e1t! Legyetek r\u00e9szesei az \u00fcnnepi esem\u00e9nyeknek, amelyeken Badacsonytomaj v\u00e1rosi rangra emel\u00e9s\u00e9nek 15. \u00e9vfordul\u00f3j\u00e1ra eml\u00e9kez\u00fcnk. K\u00f6sz\u00f6nt\u00f6ttetek m\u00e1r sz\u00fclet\u00e9snapot a Balaton napj\u00e1val egy id\u0151ben? A Balaton napja k\u00f6z\u00f6s \u00fcnnepe a balatoniaknak, nem csup\u00e1n egy-egy t\u00f3parti telep\u00fcl\u00e9sen, hanem egy\u00fctt az eg\u00e9sz Balaton k\u00f6r\u00fcl. 13.00 Retro F\u00fcrd\u0151ruha verseny 13.00-20.00 \u00f3ra J\u00e1tsz\u00f3h\u00e1z gyermekeknek J\u00e1tsz\u00f3h\u00e1zunkban kicsiknek, nagyoknak, fi\u00faknak [&hellip;]","og_url":"https:\/\/balatonneked.com\/fr\/2019\/05\/21\/badacsonytomaj-unnepel\/","og_site_name":"BALATON NEKED","article_publisher":"https:\/\/www.facebook.com\/BalatonNeked","article_published_time":"2019-05-21T14:42:12+00:00","og_image":[{"width":960,"height":638,"url":"https:\/\/balatonneked.com\/wp-content\/uploads\/2019\/05\/badacsonytomaj.jpg","type":"image\/jpeg"}],"author":"-","twitter_card":"summary_large_image","twitter_misc":{"\u00c9crit par":"-","Dur\u00e9e de lecture estim\u00e9e":"2 minutes"},"schema":{"@context":"https:\/\/schema.org","@graph":[{"@type":"Article","@id":"https:\/\/balatonneked.com\/2019\/05\/21\/badacsonytomaj-unnepel\/#article","isPartOf":{"@id":"https:\/\/balatonneked.com\/2019\/05\/21\/badacsonytomaj-unnepel\/"},"author":{"name":"-","@id":"https:\/\/balatonneked.com\/#\/schema\/person\/6abf551dbe3d5531af60e216ef9b16aa"},"headline":"Badacsonytomaj \u00fcnnepel","datePublished":"2019-05-21T14:42:12+00:00","mainEntityOfPage":{"@id":"https:\/\/balatonneked.com\/2019\/05\/21\/badacsonytomaj-unnepel\/"},"wordCount":408,"commentCount":0,"publisher":{"@id":"https:\/\/balatonneked.com\/#organization"},"image":{"@id":"https:\/\/balatonneked.com\/2019\/05\/21\/badacsonytomaj-unnepel\/#primaryimage"},"thumbnailUrl":"https:\/\/balatonneked.com\/wp-content\/uploads\/2019\/05\/badacsonytomaj.jpg","keywords":["Badacsonytomaj","Programaj\u00e1nl\u00f3"],"articleSection":["H\u00edrek"],"inLanguage":"fr-FR","potentialAction":[{"@type":"CommentAction","name":"Comment","target":["https:\/\/balatonneked.com\/2019\/05\/21\/badacsonytomaj-unnepel\/#respond"]}]},{"@type":"WebPage","@id":"https:\/\/balatonneked.com\/2019\/05\/21\/badacsonytomaj-unnepel\/","url":"https:\/\/balatonneked.com\/2019\/05\/21\/badacsonytomaj-unnepel\/","name":"Badacsonytomaj \u00fcnnepel - BALATON NEKED","isPartOf":{"@id":"https:\/\/balatonneked.com\/#website"},"primaryImageOfPage":{"@id":"https:\/\/balatonneked.com\/2019\/05\/21\/badacsonytomaj-unnepel\/#primaryimage"},"image":{"@id":"https:\/\/balatonneked.com\/2019\/05\/21\/badacsonytomaj-unnepel\/#primaryimage"},"thumbnailUrl":"https:\/\/balatonneked.com\/wp-content\/uploads\/2019\/05\/badacsonytomaj.jpg","datePublished":"2019-05-21T14:42:12+00:00","breadcrumb":{"@id":"https:\/\/balatonneked.com\/2019\/05\/21\/badacsonytomaj-unnepel\/#breadcrumb"},"inLanguage":"fr-FR","potentialAction":[{"@type":"ReadAction","target":["https:\/\/balatonneked.com\/2019\/05\/21\/badacsonytomaj-unnepel\/"]}]},{"@type":"ImageObject","inLanguage":"fr-FR","@id":"https:\/\/balatonneked.com\/2019\/05\/21\/badacsonytomaj-unnepel\/#primaryimage","url":"https:\/\/balatonneked.com\/wp-content\/uploads\/2019\/05\/badacsonytomaj.jpg","contentUrl":"https:\/\/balatonneked.com\/wp-content\/uploads\/2019\/05\/badacsonytomaj.jpg","width":960,"height":638},{"@type":"BreadcrumbList","@id":"https:\/\/balatonneked.com\/2019\/05\/21\/badacsonytomaj-unnepel\/#breadcrumb","itemListElement":[{"@type":"ListItem","position":1,"name":"Kezd\u0151lap","item":"https:\/\/balatonneked.com\/"},{"@type":"ListItem","position":2,"name":"Badacsonytomaj \u00fcnnepel"}]},{"@type":"WebSite","@id":"https:\/\/balatonneked.com\/#website","url":"https:\/\/balatonneked.com\/","name":"BALATON NEKED","description":"A Balaton leginformat\u00edvabb magazinja","publisher":{"@id":"https:\/\/balatonneked.com\/#organization"},"potentialAction":[{"@type":"SearchAction","target":{"@type":"EntryPoint","urlTemplate":"https:\/\/balatonneked.com\/?s={search_term_string}"},"query-input":{"@type":"PropertyValueSpecification","valueRequired":true,"valueName":"search_term_string"}}],"inLanguage":"fr-FR"},{"@type":"Organization","@id":"https:\/\/balatonneked.com\/#organization","name":"BalatonNeked","url":"https:\/\/balatonneked.com\/","logo":{"@type":"ImageObject","inLanguage":"fr-FR","@id":"https:\/\/balatonneked.com\/#\/schema\/logo\/image\/","url":"https:\/\/balatonneked.com\/wp-content\/uploads\/2019\/05\/bnekedlogo.png","contentUrl":"https:\/\/balatonneked.com\/wp-content\/uploads\/2019\/05\/bnekedlogo.png","width":750,"height":750,"caption":"BalatonNeked"},"image":{"@id":"https:\/\/balatonneked.com\/#\/schema\/logo\/image\/"},"sameAs":["https:\/\/www.facebook.com\/BalatonNeked"]},{"@type":"Person","@id":"https:\/\/balatonneked.com\/#\/schema\/person\/6abf551dbe3d5531af60e216ef9b16aa","name":"-","image":{"@type":"ImageObject","inLanguage":"fr-FR","@id":"https:\/\/balatonneked.com\/#\/schema\/person\/image\/","url":"https:\/\/secure.gravatar.com\/avatar\/7bcf602c35eea1fdd5dcb5698f42149adc1fb65510ae8b284cdf111a453a6c37?s=96&d=mm&r=g","contentUrl":"https:\/\/secure.gravatar.com\/avatar\/7bcf602c35eea1fdd5dcb5698f42149adc1fb65510ae8b284cdf111a453a6c37?s=96&d=mm&r=g","caption":"-"},"url":"https:\/\/balatonneked.com\/fr\/author\/tamasildiko\/"}]}},"_links":{"self":[{"href":"https:\/\/balatonneked.com\/fr\/wp-json\/wp\/v2\/posts\/2128","targetHints":{"allow":["GET"]}}],"collection":[{"href":"https:\/\/balatonneked.com\/fr\/wp-json\/wp\/v2\/posts"}],"about":[{"href":"https:\/\/balatonneked.com\/fr\/wp-json\/wp\/v2\/types\/post"}],"author":[{"embeddable":true,"href":"https:\/\/balatonneked.com\/fr\/wp-json\/wp\/v2\/users\/2"}],"replies":[{"embeddable":true,"href":"https:\/\/balatonneked.com\/fr\/wp-json\/wp\/v2\/comments?post=2128"}],"version-history":[{"count":1,"href":"https:\/\/balatonneked.com\/fr\/wp-json\/wp\/v2\/posts\/2128\/revisions"}],"predecessor-version":[{"id":2131,"href":"https:\/\/balatonneked.com\/fr\/wp-json\/wp\/v2\/posts\/2128\/revisions\/2131"}],"wp:featuredmedia":[{"embeddable":true,"href":"https:\/\/balatonneked.com\/fr\/wp-json\/wp\/v2\/media\/2130"}],"wp:attachment":[{"href":"https:\/\/balatonneked.com\/fr\/wp-json\/wp\/v2\/media?parent=2128"}],"wp:term":[{"taxonomy":"category","embeddable":true,"href":"https:\/\/balatonneked.com\/fr\/wp-json\/wp\/v2\/categories?post=2128"},{"taxonomy":"post_tag","embeddable":true,"href":"https:\/\/balatonneked.com\/fr\/wp-json\/wp\/v2\/tags?post=2128"}],"curies":[{"name":"wp","href":"https:\/\/api.w.org\/{rel}","templated":true}]}}