{"id":2014,"date":"2019-05-02T15:00:04","date_gmt":"2019-05-02T15:00:04","guid":{"rendered":"http:\/\/balatonneked.com\/?p=2014"},"modified":"2019-05-02T15:00:04","modified_gmt":"2019-05-02T15:00:04","slug":"kivalasztottak-veszprem-idei-borat","status":"publish","type":"post","link":"https:\/\/balatonneked.com\/fr\/2019\/05\/02\/kivalasztottak-veszprem-idei-borat\/","title":{"rendered":"Kiv\u00e1lasztott\u00e1k Veszpr\u00e9m idei bor\u00e1t"},"content":{"rendered":"<div class=\"enews-article-lead\">Id\u00e9n a Balatonf\u00fcred-Csopaki borvid\u00e9k egyik pinc\u00e9szet\u00e9nek olaszrizlingje lesz az \u00e9v bora a megyesz\u00e9khelyen.<\/div>\n<div class=\"clearfix\"><\/div>\n<div class=\"enews-article-content\">\n<div class=\"endless-shared-area\"><\/div>\n<p class=\"m_-716933302359039057ydp6ece03a1MsoNormal\">A v\u00e1ros bor\u00e1t harmadik alkalommal v\u00e1lasztott\u00e1k ki, a d\u00f6nt\u00e9st a j\u00faliusi Roz\u00e9, rizling \u00e9s jazz napok megnyit\u00f3j\u00e1n jelentik be, mondta el Martonosi Zsolt, a kezdem\u00e9nyez\u00e9s \u00e9s a b\u00edr\u00e1lat f\u0151szervez\u0151je.<\/p>\n<p class=\"m_-716933302359039057ydp6ece03a1MsoNormal\">Id\u00e9n megh\u00edv\u00e1sos alapon a Balatonf\u00fcred-Csopaki Borvid\u00e9k t\u00edz pinc\u00e9szet\u00e9nek egy-egy olaszrizling bor\u00e1t b\u00edr\u00e1lt\u00e1k szakemberek. A b\u00edr\u00e1laton nyolctag\u00fa zs\u0171ri vett r\u00e9szt, veszpr\u00e9mi \u00e9ttermek \u00e9s sz\u00e1llod\u00e1k sommelier-i \u00e9s \u00fczletvezet\u0151i. A gr\u00e9miumba a Villa Medici, a Betekints Hotel, a Fricska, az Oliva, a Gusto 13, a Gusto Delicate, \u00e9s a Historia Malomkert deleg\u00e1lt tagokat. A vakk\u00f3stol\u00f3n sz\u00e1zpontos sk\u00e1l\u00e1n \u00e9rt\u00e9kelt\u00e9k a jellemz\u0151en 2017-es \u00e9s 2018-as t\u00e9teleket a r\u00e9sztvev\u0151k.<\/p>\n<p>(forr\u00e1s:veol.hu)<\/p>\n<\/div>","protected":false},"excerpt":{"rendered":"<p>Id\u00e9n a Balatonf\u00fcred-Csopaki borvid\u00e9k egyik pinc\u00e9szet\u00e9nek olaszrizlingje lesz az \u00e9v bora a megyesz\u00e9khelyen. A v\u00e1ros bor\u00e1t harmadik alkalommal v\u00e1lasztott\u00e1k ki, a d\u00f6nt\u00e9st a j\u00faliusi Roz\u00e9, rizling \u00e9s jazz napok megnyit\u00f3j\u00e1n jelentik be, mondta el Martonosi Zsolt, a kezdem\u00e9nyez\u00e9s \u00e9s a b\u00edr\u00e1lat f\u0151szervez\u0151je. Id\u00e9n megh\u00edv\u00e1sos alapon a Balatonf\u00fcred-Csopaki Borvid\u00e9k t\u00edz pinc\u00e9szet\u00e9nek egy-egy olaszrizling bor\u00e1t b\u00edr\u00e1lt\u00e1k szakemberek. [&hellip;]<\/p>","protected":false},"author":2,"featured_media":2015,"comment_status":"open","ping_status":"open","sticky":false,"template":"","format":"standard","meta":{"_acf_changed":false,"footnotes":""},"categories":[155],"tags":[120,177],"class_list":["post-2014","post","type-post","status-publish","format-standard","has-post-thumbnail","hentry","category-hirek","tag-bor","tag-veszprem"],"acf":[],"yoast_head":"<!-- This site is optimized with the Yoast SEO plugin v25.1 - https:\/\/yoast.com\/wordpress\/plugins\/seo\/ -->\n<title>Kiv\u00e1lasztott\u00e1k Veszpr\u00e9m idei bor\u00e1t - BALATON NEKED<\/title>\n<meta name=\"robots\" content=\"index, follow, max-snippet:-1, max-image-preview:large, max-video-preview:-1\" \/>\n<link rel=\"canonical\" href=\"https:\/\/balatonneked.com\/fr\/2019\/05\/02\/kivalasztottak-veszprem-idei-borat\/\" \/>\n<meta property=\"og:locale\" content=\"fr_FR\" \/>\n<meta property=\"og:type\" content=\"article\" \/>\n<meta property=\"og:title\" content=\"Kiv\u00e1lasztott\u00e1k Veszpr\u00e9m idei bor\u00e1t - BALATON NEKED\" \/>\n<meta property=\"og:description\" content=\"Id\u00e9n a Balatonf\u00fcred-Csopaki borvid\u00e9k egyik pinc\u00e9szet\u00e9nek olaszrizlingje lesz az \u00e9v bora a megyesz\u00e9khelyen. A v\u00e1ros bor\u00e1t harmadik alkalommal v\u00e1lasztott\u00e1k ki, a d\u00f6nt\u00e9st a j\u00faliusi Roz\u00e9, rizling \u00e9s jazz napok megnyit\u00f3j\u00e1n jelentik be, mondta el Martonosi Zsolt, a kezdem\u00e9nyez\u00e9s \u00e9s a b\u00edr\u00e1lat f\u0151szervez\u0151je. Id\u00e9n megh\u00edv\u00e1sos alapon a Balatonf\u00fcred-Csopaki Borvid\u00e9k t\u00edz pinc\u00e9szet\u00e9nek egy-egy olaszrizling bor\u00e1t b\u00edr\u00e1lt\u00e1k szakemberek. [&hellip;]\" \/>\n<meta property=\"og:url\" content=\"https:\/\/balatonneked.com\/fr\/2019\/05\/02\/kivalasztottak-veszprem-idei-borat\/\" \/>\n<meta property=\"og:site_name\" content=\"BALATON NEKED\" \/>\n<meta property=\"article:publisher\" content=\"https:\/\/www.facebook.com\/BalatonNeked\" \/>\n<meta property=\"article:published_time\" content=\"2019-05-02T15:00:04+00:00\" \/>\n<meta property=\"og:image\" content=\"https:\/\/balatonneked.com\/wp-content\/uploads\/2019\/05\/sz\u0151l\u0151.jpg\" \/>\n\t<meta property=\"og:image:width\" content=\"478\" \/>\n\t<meta property=\"og:image:height\" content=\"720\" \/>\n\t<meta property=\"og:image:type\" content=\"image\/jpeg\" \/>\n<meta name=\"author\" content=\"-\" \/>\n<meta name=\"twitter:card\" content=\"summary_large_image\" \/>\n<meta name=\"twitter:label1\" content=\"\u00c9crit par\" \/>\n\t<meta name=\"twitter:data1\" content=\"-\" \/>\n\t<meta name=\"twitter:label2\" content=\"Dur\u00e9e de lecture estim\u00e9e\" \/>\n\t<meta name=\"twitter:data2\" content=\"1 minute\" \/>\n<script type=\"application\/ld+json\" class=\"yoast-schema-graph\">{\"@context\":\"https:\/\/schema.org\",\"@graph\":[{\"@type\":\"Article\",\"@id\":\"https:\/\/balatonneked.com\/2019\/05\/02\/kivalasztottak-veszprem-idei-borat\/#article\",\"isPartOf\":{\"@id\":\"https:\/\/balatonneked.com\/2019\/05\/02\/kivalasztottak-veszprem-idei-borat\/\"},\"author\":{\"name\":\"-\",\"@id\":\"https:\/\/balatonneked.com\/#\/schema\/person\/6abf551dbe3d5531af60e216ef9b16aa\"},\"headline\":\"Kiv\u00e1lasztott\u00e1k Veszpr\u00e9m idei bor\u00e1t\",\"datePublished\":\"2019-05-02T15:00:04+00:00\",\"mainEntityOfPage\":{\"@id\":\"https:\/\/balatonneked.com\/2019\/05\/02\/kivalasztottak-veszprem-idei-borat\/\"},\"wordCount\":170,\"commentCount\":0,\"publisher\":{\"@id\":\"https:\/\/balatonneked.com\/#organization\"},\"image\":{\"@id\":\"https:\/\/balatonneked.com\/2019\/05\/02\/kivalasztottak-veszprem-idei-borat\/#primaryimage\"},\"thumbnailUrl\":\"https:\/\/balatonneked.com\/wp-content\/uploads\/2019\/05\/sz\u0151l\u0151.jpg\",\"keywords\":[\"bor\",\"Veszpr\u00e9m\"],\"articleSection\":[\"H\u00edrek\"],\"inLanguage\":\"fr-FR\",\"potentialAction\":[{\"@type\":\"CommentAction\",\"name\":\"Comment\",\"target\":[\"https:\/\/balatonneked.com\/2019\/05\/02\/kivalasztottak-veszprem-idei-borat\/#respond\"]}]},{\"@type\":\"WebPage\",\"@id\":\"https:\/\/balatonneked.com\/2019\/05\/02\/kivalasztottak-veszprem-idei-borat\/\",\"url\":\"https:\/\/balatonneked.com\/2019\/05\/02\/kivalasztottak-veszprem-idei-borat\/\",\"name\":\"Kiv\u00e1lasztott\u00e1k Veszpr\u00e9m idei bor\u00e1t - BALATON NEKED\",\"isPartOf\":{\"@id\":\"https:\/\/balatonneked.com\/#website\"},\"primaryImageOfPage\":{\"@id\":\"https:\/\/balatonneked.com\/2019\/05\/02\/kivalasztottak-veszprem-idei-borat\/#primaryimage\"},\"image\":{\"@id\":\"https:\/\/balatonneked.com\/2019\/05\/02\/kivalasztottak-veszprem-idei-borat\/#primaryimage\"},\"thumbnailUrl\":\"https:\/\/balatonneked.com\/wp-content\/uploads\/2019\/05\/sz\u0151l\u0151.jpg\",\"datePublished\":\"2019-05-02T15:00:04+00:00\",\"breadcrumb\":{\"@id\":\"https:\/\/balatonneked.com\/2019\/05\/02\/kivalasztottak-veszprem-idei-borat\/#breadcrumb\"},\"inLanguage\":\"fr-FR\",\"potentialAction\":[{\"@type\":\"ReadAction\",\"target\":[\"https:\/\/balatonneked.com\/2019\/05\/02\/kivalasztottak-veszprem-idei-borat\/\"]}]},{\"@type\":\"ImageObject\",\"inLanguage\":\"fr-FR\",\"@id\":\"https:\/\/balatonneked.com\/2019\/05\/02\/kivalasztottak-veszprem-idei-borat\/#primaryimage\",\"url\":\"https:\/\/balatonneked.com\/wp-content\/uploads\/2019\/05\/sz\u0151l\u0151.jpg\",\"contentUrl\":\"https:\/\/balatonneked.com\/wp-content\/uploads\/2019\/05\/sz\u0151l\u0151.jpg\",\"width\":478,\"height\":720},{\"@type\":\"BreadcrumbList\",\"@id\":\"https:\/\/balatonneked.com\/2019\/05\/02\/kivalasztottak-veszprem-idei-borat\/#breadcrumb\",\"itemListElement\":[{\"@type\":\"ListItem\",\"position\":1,\"name\":\"Kezd\u0151lap\",\"item\":\"https:\/\/balatonneked.com\/\"},{\"@type\":\"ListItem\",\"position\":2,\"name\":\"Kiv\u00e1lasztott\u00e1k Veszpr\u00e9m idei bor\u00e1t\"}]},{\"@type\":\"WebSite\",\"@id\":\"https:\/\/balatonneked.com\/#website\",\"url\":\"https:\/\/balatonneked.com\/\",\"name\":\"BALATON NEKED\",\"description\":\"A Balaton leginformat\u00edvabb magazinja\",\"publisher\":{\"@id\":\"https:\/\/balatonneked.com\/#organization\"},\"potentialAction\":[{\"@type\":\"SearchAction\",\"target\":{\"@type\":\"EntryPoint\",\"urlTemplate\":\"https:\/\/balatonneked.com\/?s={search_term_string}\"},\"query-input\":{\"@type\":\"PropertyValueSpecification\",\"valueRequired\":true,\"valueName\":\"search_term_string\"}}],\"inLanguage\":\"fr-FR\"},{\"@type\":\"Organization\",\"@id\":\"https:\/\/balatonneked.com\/#organization\",\"name\":\"BalatonNeked\",\"url\":\"https:\/\/balatonneked.com\/\",\"logo\":{\"@type\":\"ImageObject\",\"inLanguage\":\"fr-FR\",\"@id\":\"https:\/\/balatonneked.com\/#\/schema\/logo\/image\/\",\"url\":\"https:\/\/balatonneked.com\/wp-content\/uploads\/2019\/05\/bnekedlogo.png\",\"contentUrl\":\"https:\/\/balatonneked.com\/wp-content\/uploads\/2019\/05\/bnekedlogo.png\",\"width\":750,\"height\":750,\"caption\":\"BalatonNeked\"},\"image\":{\"@id\":\"https:\/\/balatonneked.com\/#\/schema\/logo\/image\/\"},\"sameAs\":[\"https:\/\/www.facebook.com\/BalatonNeked\"]},{\"@type\":\"Person\",\"@id\":\"https:\/\/balatonneked.com\/#\/schema\/person\/6abf551dbe3d5531af60e216ef9b16aa\",\"name\":\"-\",\"image\":{\"@type\":\"ImageObject\",\"inLanguage\":\"fr-FR\",\"@id\":\"https:\/\/balatonneked.com\/#\/schema\/person\/image\/\",\"url\":\"https:\/\/secure.gravatar.com\/avatar\/7bcf602c35eea1fdd5dcb5698f42149adc1fb65510ae8b284cdf111a453a6c37?s=96&d=mm&r=g\",\"contentUrl\":\"https:\/\/secure.gravatar.com\/avatar\/7bcf602c35eea1fdd5dcb5698f42149adc1fb65510ae8b284cdf111a453a6c37?s=96&d=mm&r=g\",\"caption\":\"-\"},\"url\":\"https:\/\/balatonneked.com\/fr\/author\/tamasildiko\/\"}]}<\/script>\n<!-- \/ Yoast SEO plugin. -->","yoast_head_json":{"title":"Kiv\u00e1lasztott\u00e1k Veszpr\u00e9m idei bor\u00e1t - BALATON NEKED","robots":{"index":"index","follow":"follow","max-snippet":"max-snippet:-1","max-image-preview":"max-image-preview:large","max-video-preview":"max-video-preview:-1"},"canonical":"https:\/\/balatonneked.com\/fr\/2019\/05\/02\/kivalasztottak-veszprem-idei-borat\/","og_locale":"fr_FR","og_type":"article","og_title":"Kiv\u00e1lasztott\u00e1k Veszpr\u00e9m idei bor\u00e1t - BALATON NEKED","og_description":"Id\u00e9n a Balatonf\u00fcred-Csopaki borvid\u00e9k egyik pinc\u00e9szet\u00e9nek olaszrizlingje lesz az \u00e9v bora a megyesz\u00e9khelyen. A v\u00e1ros bor\u00e1t harmadik alkalommal v\u00e1lasztott\u00e1k ki, a d\u00f6nt\u00e9st a j\u00faliusi Roz\u00e9, rizling \u00e9s jazz napok megnyit\u00f3j\u00e1n jelentik be, mondta el Martonosi Zsolt, a kezdem\u00e9nyez\u00e9s \u00e9s a b\u00edr\u00e1lat f\u0151szervez\u0151je. Id\u00e9n megh\u00edv\u00e1sos alapon a Balatonf\u00fcred-Csopaki Borvid\u00e9k t\u00edz pinc\u00e9szet\u00e9nek egy-egy olaszrizling bor\u00e1t b\u00edr\u00e1lt\u00e1k szakemberek. [&hellip;]","og_url":"https:\/\/balatonneked.com\/fr\/2019\/05\/02\/kivalasztottak-veszprem-idei-borat\/","og_site_name":"BALATON NEKED","article_publisher":"https:\/\/www.facebook.com\/BalatonNeked","article_published_time":"2019-05-02T15:00:04+00:00","og_image":[{"width":478,"height":720,"url":"https:\/\/balatonneked.com\/wp-content\/uploads\/2019\/05\/sz\u0151l\u0151.jpg","type":"image\/jpeg"}],"author":"-","twitter_card":"summary_large_image","twitter_misc":{"\u00c9crit par":"-","Dur\u00e9e de lecture estim\u00e9e":"1 minute"},"schema":{"@context":"https:\/\/schema.org","@graph":[{"@type":"Article","@id":"https:\/\/balatonneked.com\/2019\/05\/02\/kivalasztottak-veszprem-idei-borat\/#article","isPartOf":{"@id":"https:\/\/balatonneked.com\/2019\/05\/02\/kivalasztottak-veszprem-idei-borat\/"},"author":{"name":"-","@id":"https:\/\/balatonneked.com\/#\/schema\/person\/6abf551dbe3d5531af60e216ef9b16aa"},"headline":"Kiv\u00e1lasztott\u00e1k Veszpr\u00e9m idei bor\u00e1t","datePublished":"2019-05-02T15:00:04+00:00","mainEntityOfPage":{"@id":"https:\/\/balatonneked.com\/2019\/05\/02\/kivalasztottak-veszprem-idei-borat\/"},"wordCount":170,"commentCount":0,"publisher":{"@id":"https:\/\/balatonneked.com\/#organization"},"image":{"@id":"https:\/\/balatonneked.com\/2019\/05\/02\/kivalasztottak-veszprem-idei-borat\/#primaryimage"},"thumbnailUrl":"https:\/\/balatonneked.com\/wp-content\/uploads\/2019\/05\/sz\u0151l\u0151.jpg","keywords":["bor","Veszpr\u00e9m"],"articleSection":["H\u00edrek"],"inLanguage":"fr-FR","potentialAction":[{"@type":"CommentAction","name":"Comment","target":["https:\/\/balatonneked.com\/2019\/05\/02\/kivalasztottak-veszprem-idei-borat\/#respond"]}]},{"@type":"WebPage","@id":"https:\/\/balatonneked.com\/2019\/05\/02\/kivalasztottak-veszprem-idei-borat\/","url":"https:\/\/balatonneked.com\/2019\/05\/02\/kivalasztottak-veszprem-idei-borat\/","name":"Kiv\u00e1lasztott\u00e1k Veszpr\u00e9m idei bor\u00e1t - BALATON NEKED","isPartOf":{"@id":"https:\/\/balatonneked.com\/#website"},"primaryImageOfPage":{"@id":"https:\/\/balatonneked.com\/2019\/05\/02\/kivalasztottak-veszprem-idei-borat\/#primaryimage"},"image":{"@id":"https:\/\/balatonneked.com\/2019\/05\/02\/kivalasztottak-veszprem-idei-borat\/#primaryimage"},"thumbnailUrl":"https:\/\/balatonneked.com\/wp-content\/uploads\/2019\/05\/sz\u0151l\u0151.jpg","datePublished":"2019-05-02T15:00:04+00:00","breadcrumb":{"@id":"https:\/\/balatonneked.com\/2019\/05\/02\/kivalasztottak-veszprem-idei-borat\/#breadcrumb"},"inLanguage":"fr-FR","potentialAction":[{"@type":"ReadAction","target":["https:\/\/balatonneked.com\/2019\/05\/02\/kivalasztottak-veszprem-idei-borat\/"]}]},{"@type":"ImageObject","inLanguage":"fr-FR","@id":"https:\/\/balatonneked.com\/2019\/05\/02\/kivalasztottak-veszprem-idei-borat\/#primaryimage","url":"https:\/\/balatonneked.com\/wp-content\/uploads\/2019\/05\/sz\u0151l\u0151.jpg","contentUrl":"https:\/\/balatonneked.com\/wp-content\/uploads\/2019\/05\/sz\u0151l\u0151.jpg","width":478,"height":720},{"@type":"BreadcrumbList","@id":"https:\/\/balatonneked.com\/2019\/05\/02\/kivalasztottak-veszprem-idei-borat\/#breadcrumb","itemListElement":[{"@type":"ListItem","position":1,"name":"Kezd\u0151lap","item":"https:\/\/balatonneked.com\/"},{"@type":"ListItem","position":2,"name":"Kiv\u00e1lasztott\u00e1k Veszpr\u00e9m idei bor\u00e1t"}]},{"@type":"WebSite","@id":"https:\/\/balatonneked.com\/#website","url":"https:\/\/balatonneked.com\/","name":"BALATON NEKED","description":"A Balaton leginformat\u00edvabb magazinja","publisher":{"@id":"https:\/\/balatonneked.com\/#organization"},"potentialAction":[{"@type":"SearchAction","target":{"@type":"EntryPoint","urlTemplate":"https:\/\/balatonneked.com\/?s={search_term_string}"},"query-input":{"@type":"PropertyValueSpecification","valueRequired":true,"valueName":"search_term_string"}}],"inLanguage":"fr-FR"},{"@type":"Organization","@id":"https:\/\/balatonneked.com\/#organization","name":"BalatonNeked","url":"https:\/\/balatonneked.com\/","logo":{"@type":"ImageObject","inLanguage":"fr-FR","@id":"https:\/\/balatonneked.com\/#\/schema\/logo\/image\/","url":"https:\/\/balatonneked.com\/wp-content\/uploads\/2019\/05\/bnekedlogo.png","contentUrl":"https:\/\/balatonneked.com\/wp-content\/uploads\/2019\/05\/bnekedlogo.png","width":750,"height":750,"caption":"BalatonNeked"},"image":{"@id":"https:\/\/balatonneked.com\/#\/schema\/logo\/image\/"},"sameAs":["https:\/\/www.facebook.com\/BalatonNeked"]},{"@type":"Person","@id":"https:\/\/balatonneked.com\/#\/schema\/person\/6abf551dbe3d5531af60e216ef9b16aa","name":"-","image":{"@type":"ImageObject","inLanguage":"fr-FR","@id":"https:\/\/balatonneked.com\/#\/schema\/person\/image\/","url":"https:\/\/secure.gravatar.com\/avatar\/7bcf602c35eea1fdd5dcb5698f42149adc1fb65510ae8b284cdf111a453a6c37?s=96&d=mm&r=g","contentUrl":"https:\/\/secure.gravatar.com\/avatar\/7bcf602c35eea1fdd5dcb5698f42149adc1fb65510ae8b284cdf111a453a6c37?s=96&d=mm&r=g","caption":"-"},"url":"https:\/\/balatonneked.com\/fr\/author\/tamasildiko\/"}]}},"_links":{"self":[{"href":"https:\/\/balatonneked.com\/fr\/wp-json\/wp\/v2\/posts\/2014","targetHints":{"allow":["GET"]}}],"collection":[{"href":"https:\/\/balatonneked.com\/fr\/wp-json\/wp\/v2\/posts"}],"about":[{"href":"https:\/\/balatonneked.com\/fr\/wp-json\/wp\/v2\/types\/post"}],"author":[{"embeddable":true,"href":"https:\/\/balatonneked.com\/fr\/wp-json\/wp\/v2\/users\/2"}],"replies":[{"embeddable":true,"href":"https:\/\/balatonneked.com\/fr\/wp-json\/wp\/v2\/comments?post=2014"}],"version-history":[{"count":1,"href":"https:\/\/balatonneked.com\/fr\/wp-json\/wp\/v2\/posts\/2014\/revisions"}],"predecessor-version":[{"id":2016,"href":"https:\/\/balatonneked.com\/fr\/wp-json\/wp\/v2\/posts\/2014\/revisions\/2016"}],"wp:featuredmedia":[{"embeddable":true,"href":"https:\/\/balatonneked.com\/fr\/wp-json\/wp\/v2\/media\/2015"}],"wp:attachment":[{"href":"https:\/\/balatonneked.com\/fr\/wp-json\/wp\/v2\/media?parent=2014"}],"wp:term":[{"taxonomy":"category","embeddable":true,"href":"https:\/\/balatonneked.com\/fr\/wp-json\/wp\/v2\/categories?post=2014"},{"taxonomy":"post_tag","embeddable":true,"href":"https:\/\/balatonneked.com\/fr\/wp-json\/wp\/v2\/tags?post=2014"}],"curies":[{"name":"wp","href":"https:\/\/api.w.org\/{rel}","templated":true}]}}