{"id":2005,"date":"2019-05-02T13:15:53","date_gmt":"2019-05-02T13:15:53","guid":{"rendered":"http:\/\/balatonneked.com\/?p=2005"},"modified":"2019-05-02T13:15:53","modified_gmt":"2019-05-02T13:15:53","slug":"iv-balatoni-barista-bajnoksag","status":"publish","type":"post","link":"https:\/\/balatonneked.com\/fr\/2019\/05\/02\/iv-balatoni-barista-bajnoksag\/","title":{"rendered":"IV. Balatoni Barista Bajnoks\u00e1g"},"content":{"rendered":"<p>A MAX Gastro Group Kft., a Balatoni Kurzusok \u00e9s a Gyenesdi\u00e1si Turisztikai Egyes\u00fclet meghirdeti a IV. Balatoni Barista \u00e9s Kokt\u00e9l Bajnoks\u00e1got. A balatoni k\u00e1v\u00e9z\u00e1si, a kokt\u00e9lfogyaszt\u00e1si kult\u00fara \u00e9s a min\u0151s\u00e9gi k\u00e1v\u00e9z\u00e1s, italfogyaszt\u00e1s \u00e9l\u00e9nk\u00edt\u00e9s\u00e9re.<br \/>\nA bajnoks\u00e1g id\u0151pontja: 2019.05.11. szombat (d\u00e9lel\u0151tt barista, d\u00e9lut\u00e1n kokt\u00e9l). Kiv\u00e1lasztjuk az idei \u00e9v Balaton K\u00e1v\u00e9j\u00e1t \u00e9s a Balaton Kokt\u00e9lj\u00e1t.<\/p>\n<p>Barista:<br \/>\nMinden r\u00e9sztvev\u0151nek 15 perc \u00e1ll rendelkez\u00e9s\u00e9re, hogy a zs\u0171ri r\u00e9sz\u00e9re elk\u00e9sz\u00edtsen \u00e9s felszolg\u00e1ljon:<br \/>\n\u2013 4 adag espresso k\u00e1v\u00e9t<br \/>\n\u2013 4 adag cappuccino-t<br \/>\n\u2013 4 adag saj\u00e1t k\u00e9sz\u00edt\u00e9s\u0171 k\u00e1v\u00e9italt<\/p>\n<p>A verseny b\u00edr\u00e1lata a SCAE, WCE szab\u00e1lyzata alapj\u00e1n t\u00f6rt\u00e9nik. A versenyz\u0151k saj\u00e1t k\u00e1v\u00e9kever\u00e9kkel is nevezhetnek.<\/p>\n<p>Kokt\u00e9l:<br \/>\nKeress\u00fck a ny\u00e1r legfriss\u00edt\u0151bb kokt\u00e9lj\u00e1t. A verseny Fancy Drink kateg\u00f3ri\u00e1ban ker\u00fcl megrendez\u00e9sre. V\u00e1rjuk azok jelentkez\u00e9s\u00e9t, akik kreat\u00edv elk\u00e9pzel\u00e9seik szerint megalkotott, eddig nyomtat\u00e1sban m\u00e9g meg nem jelent fant\u00e1zia itallal neveznek a rendezv\u00e9nyre.<br \/>\nA receptek elk\u00e9sz\u00edt\u00e9se sor\u00e1n a k\u00f6vetkez\u0151 szab\u00e1lyokat k\u00e9rj\u00fck betartani.<br \/>\nAz ital \u00f6sszetev\u0151inek sz\u00e1ma h\u00e9t alkot\u00f3elem lehet, mennyis\u00e9ge maximum 30cl.<br \/>\nAz italok vagy a poharak dekor\u00e1l\u00e1s\u00e1ra csak ehet\u0151, fogyaszt\u00e1sra alkalmas a helysz\u00ednen elk\u00e9sz\u00edtett d\u00edsz haszn\u00e1lhat\u00f3. A \u201esz\u00fark\u00e1k\u201d \u00e9s egy\u00e9b r\u00f6gz\u00edt\u0151 eszk\u00f6z\u00f6k haszn\u00e1lata enged\u00e9lyezett.<br \/>\nA versenyz\u0151k saj\u00e1t italaikkal, anyagaikkal, eszk\u00f6zeikkel, poharaikkal versenyeznek. Jeget a rendez\u0151 biztos\u00edt.<\/p>\n<p>Tov\u00e1bbi r\u00e9szletek hamarosan!<\/p>\n<p>A versenyt Gyenesdi\u00e1son, A Darnay. Pince, rendezv\u00e9nypajta \u00e9s piknikkertben rendezz\u00fck meg a Nyitott Balaton programsorozat r\u00e9szek\u00e9nt.<\/p>","protected":false},"excerpt":{"rendered":"<p>A MAX Gastro Group Kft., a Balatoni Kurzusok \u00e9s a Gyenesdi\u00e1si Turisztikai Egyes\u00fclet meghirdeti a IV. Balatoni Barista \u00e9s Kokt\u00e9l Bajnoks\u00e1got. A balatoni k\u00e1v\u00e9z\u00e1si, a kokt\u00e9lfogyaszt\u00e1si kult\u00fara \u00e9s a min\u0151s\u00e9gi k\u00e1v\u00e9z\u00e1s, italfogyaszt\u00e1s \u00e9l\u00e9nk\u00edt\u00e9s\u00e9re. A bajnoks\u00e1g id\u0151pontja: 2019.05.11. szombat (d\u00e9lel\u0151tt barista, d\u00e9lut\u00e1n kokt\u00e9l). Kiv\u00e1lasztjuk az idei \u00e9v Balaton K\u00e1v\u00e9j\u00e1t \u00e9s a Balaton Kokt\u00e9lj\u00e1t. Barista: Minden r\u00e9sztvev\u0151nek [&hellip;]<\/p>","protected":false},"author":2,"featured_media":2006,"comment_status":"open","ping_status":"open","sticky":false,"template":"","format":"standard","meta":{"_acf_changed":false,"footnotes":""},"categories":[155],"tags":[72,37,57,172],"class_list":["post-2005","post","type-post","status-publish","format-standard","has-post-thumbnail","hentry","category-hirek","tag-balaton","tag-gasztro","tag-gyenesdias","tag-programajanlo"],"acf":[],"yoast_head":"<!-- This site is optimized with the Yoast SEO plugin v25.1 - https:\/\/yoast.com\/wordpress\/plugins\/seo\/ -->\n<title>IV. Balatoni Barista Bajnoks\u00e1g - BALATON NEKED<\/title>\n<meta name=\"robots\" content=\"index, follow, max-snippet:-1, max-image-preview:large, max-video-preview:-1\" \/>\n<link rel=\"canonical\" href=\"https:\/\/balatonneked.com\/fr\/2019\/05\/02\/iv-balatoni-barista-bajnoksag\/\" \/>\n<meta property=\"og:locale\" content=\"fr_FR\" \/>\n<meta property=\"og:type\" content=\"article\" \/>\n<meta property=\"og:title\" content=\"IV. Balatoni Barista Bajnoks\u00e1g - BALATON NEKED\" \/>\n<meta property=\"og:description\" content=\"A MAX Gastro Group Kft., a Balatoni Kurzusok \u00e9s a Gyenesdi\u00e1si Turisztikai Egyes\u00fclet meghirdeti a IV. Balatoni Barista \u00e9s Kokt\u00e9l Bajnoks\u00e1got. A balatoni k\u00e1v\u00e9z\u00e1si, a kokt\u00e9lfogyaszt\u00e1si kult\u00fara \u00e9s a min\u0151s\u00e9gi k\u00e1v\u00e9z\u00e1s, italfogyaszt\u00e1s \u00e9l\u00e9nk\u00edt\u00e9s\u00e9re. A bajnoks\u00e1g id\u0151pontja: 2019.05.11. szombat (d\u00e9lel\u0151tt barista, d\u00e9lut\u00e1n kokt\u00e9l). Kiv\u00e1lasztjuk az idei \u00e9v Balaton K\u00e1v\u00e9j\u00e1t \u00e9s a Balaton Kokt\u00e9lj\u00e1t. Barista: Minden r\u00e9sztvev\u0151nek [&hellip;]\" \/>\n<meta property=\"og:url\" content=\"https:\/\/balatonneked.com\/fr\/2019\/05\/02\/iv-balatoni-barista-bajnoksag\/\" \/>\n<meta property=\"og:site_name\" content=\"BALATON NEKED\" \/>\n<meta property=\"article:publisher\" content=\"https:\/\/www.facebook.com\/BalatonNeked\" \/>\n<meta property=\"article:published_time\" content=\"2019-05-02T13:15:53+00:00\" \/>\n<meta property=\"og:image\" content=\"https:\/\/balatonneked.com\/wp-content\/uploads\/2019\/05\/barista.jpg\" \/>\n\t<meta property=\"og:image:width\" content=\"960\" \/>\n\t<meta property=\"og:image:height\" content=\"654\" \/>\n\t<meta property=\"og:image:type\" content=\"image\/jpeg\" \/>\n<meta name=\"author\" content=\"-\" \/>\n<meta name=\"twitter:card\" content=\"summary_large_image\" \/>\n<meta name=\"twitter:label1\" content=\"\u00c9crit par\" \/>\n\t<meta name=\"twitter:data1\" content=\"-\" \/>\n\t<meta name=\"twitter:label2\" content=\"Dur\u00e9e de lecture estim\u00e9e\" \/>\n\t<meta name=\"twitter:data2\" content=\"2 minutes\" \/>\n<script type=\"application\/ld+json\" class=\"yoast-schema-graph\">{\"@context\":\"https:\/\/schema.org\",\"@graph\":[{\"@type\":\"Article\",\"@id\":\"https:\/\/balatonneked.com\/2019\/05\/02\/iv-balatoni-barista-bajnoksag\/#article\",\"isPartOf\":{\"@id\":\"https:\/\/balatonneked.com\/2019\/05\/02\/iv-balatoni-barista-bajnoksag\/\"},\"author\":{\"name\":\"-\",\"@id\":\"https:\/\/balatonneked.com\/#\/schema\/person\/6abf551dbe3d5531af60e216ef9b16aa\"},\"headline\":\"IV. Balatoni Barista Bajnoks\u00e1g\",\"datePublished\":\"2019-05-02T13:15:53+00:00\",\"mainEntityOfPage\":{\"@id\":\"https:\/\/balatonneked.com\/2019\/05\/02\/iv-balatoni-barista-bajnoksag\/\"},\"wordCount\":323,\"commentCount\":0,\"publisher\":{\"@id\":\"https:\/\/balatonneked.com\/#organization\"},\"image\":{\"@id\":\"https:\/\/balatonneked.com\/2019\/05\/02\/iv-balatoni-barista-bajnoksag\/#primaryimage\"},\"thumbnailUrl\":\"https:\/\/balatonneked.com\/wp-content\/uploads\/2019\/05\/barista.jpg\",\"keywords\":[\"Balaton\",\"Gasztro\",\"Gyenesdi\u00e1s\",\"Programaj\u00e1nl\u00f3\"],\"articleSection\":[\"H\u00edrek\"],\"inLanguage\":\"fr-FR\",\"potentialAction\":[{\"@type\":\"CommentAction\",\"name\":\"Comment\",\"target\":[\"https:\/\/balatonneked.com\/2019\/05\/02\/iv-balatoni-barista-bajnoksag\/#respond\"]}]},{\"@type\":\"WebPage\",\"@id\":\"https:\/\/balatonneked.com\/2019\/05\/02\/iv-balatoni-barista-bajnoksag\/\",\"url\":\"https:\/\/balatonneked.com\/2019\/05\/02\/iv-balatoni-barista-bajnoksag\/\",\"name\":\"IV. Balatoni Barista Bajnoks\u00e1g - BALATON NEKED\",\"isPartOf\":{\"@id\":\"https:\/\/balatonneked.com\/#website\"},\"primaryImageOfPage\":{\"@id\":\"https:\/\/balatonneked.com\/2019\/05\/02\/iv-balatoni-barista-bajnoksag\/#primaryimage\"},\"image\":{\"@id\":\"https:\/\/balatonneked.com\/2019\/05\/02\/iv-balatoni-barista-bajnoksag\/#primaryimage\"},\"thumbnailUrl\":\"https:\/\/balatonneked.com\/wp-content\/uploads\/2019\/05\/barista.jpg\",\"datePublished\":\"2019-05-02T13:15:53+00:00\",\"breadcrumb\":{\"@id\":\"https:\/\/balatonneked.com\/2019\/05\/02\/iv-balatoni-barista-bajnoksag\/#breadcrumb\"},\"inLanguage\":\"fr-FR\",\"potentialAction\":[{\"@type\":\"ReadAction\",\"target\":[\"https:\/\/balatonneked.com\/2019\/05\/02\/iv-balatoni-barista-bajnoksag\/\"]}]},{\"@type\":\"ImageObject\",\"inLanguage\":\"fr-FR\",\"@id\":\"https:\/\/balatonneked.com\/2019\/05\/02\/iv-balatoni-barista-bajnoksag\/#primaryimage\",\"url\":\"https:\/\/balatonneked.com\/wp-content\/uploads\/2019\/05\/barista.jpg\",\"contentUrl\":\"https:\/\/balatonneked.com\/wp-content\/uploads\/2019\/05\/barista.jpg\",\"width\":960,\"height\":654},{\"@type\":\"BreadcrumbList\",\"@id\":\"https:\/\/balatonneked.com\/2019\/05\/02\/iv-balatoni-barista-bajnoksag\/#breadcrumb\",\"itemListElement\":[{\"@type\":\"ListItem\",\"position\":1,\"name\":\"Kezd\u0151lap\",\"item\":\"https:\/\/balatonneked.com\/\"},{\"@type\":\"ListItem\",\"position\":2,\"name\":\"IV. Balatoni Barista Bajnoks\u00e1g\"}]},{\"@type\":\"WebSite\",\"@id\":\"https:\/\/balatonneked.com\/#website\",\"url\":\"https:\/\/balatonneked.com\/\",\"name\":\"BALATON NEKED\",\"description\":\"A Balaton leginformat\u00edvabb magazinja\",\"publisher\":{\"@id\":\"https:\/\/balatonneked.com\/#organization\"},\"potentialAction\":[{\"@type\":\"SearchAction\",\"target\":{\"@type\":\"EntryPoint\",\"urlTemplate\":\"https:\/\/balatonneked.com\/?s={search_term_string}\"},\"query-input\":{\"@type\":\"PropertyValueSpecification\",\"valueRequired\":true,\"valueName\":\"search_term_string\"}}],\"inLanguage\":\"fr-FR\"},{\"@type\":\"Organization\",\"@id\":\"https:\/\/balatonneked.com\/#organization\",\"name\":\"BalatonNeked\",\"url\":\"https:\/\/balatonneked.com\/\",\"logo\":{\"@type\":\"ImageObject\",\"inLanguage\":\"fr-FR\",\"@id\":\"https:\/\/balatonneked.com\/#\/schema\/logo\/image\/\",\"url\":\"https:\/\/balatonneked.com\/wp-content\/uploads\/2019\/05\/bnekedlogo.png\",\"contentUrl\":\"https:\/\/balatonneked.com\/wp-content\/uploads\/2019\/05\/bnekedlogo.png\",\"width\":750,\"height\":750,\"caption\":\"BalatonNeked\"},\"image\":{\"@id\":\"https:\/\/balatonneked.com\/#\/schema\/logo\/image\/\"},\"sameAs\":[\"https:\/\/www.facebook.com\/BalatonNeked\"]},{\"@type\":\"Person\",\"@id\":\"https:\/\/balatonneked.com\/#\/schema\/person\/6abf551dbe3d5531af60e216ef9b16aa\",\"name\":\"-\",\"image\":{\"@type\":\"ImageObject\",\"inLanguage\":\"fr-FR\",\"@id\":\"https:\/\/balatonneked.com\/#\/schema\/person\/image\/\",\"url\":\"https:\/\/secure.gravatar.com\/avatar\/7bcf602c35eea1fdd5dcb5698f42149adc1fb65510ae8b284cdf111a453a6c37?s=96&d=mm&r=g\",\"contentUrl\":\"https:\/\/secure.gravatar.com\/avatar\/7bcf602c35eea1fdd5dcb5698f42149adc1fb65510ae8b284cdf111a453a6c37?s=96&d=mm&r=g\",\"caption\":\"-\"},\"url\":\"https:\/\/balatonneked.com\/fr\/author\/tamasildiko\/\"}]}<\/script>\n<!-- \/ Yoast SEO plugin. -->","yoast_head_json":{"title":"IV. Balatoni Barista Bajnoks\u00e1g - BALATON NEKED","robots":{"index":"index","follow":"follow","max-snippet":"max-snippet:-1","max-image-preview":"max-image-preview:large","max-video-preview":"max-video-preview:-1"},"canonical":"https:\/\/balatonneked.com\/fr\/2019\/05\/02\/iv-balatoni-barista-bajnoksag\/","og_locale":"fr_FR","og_type":"article","og_title":"IV. Balatoni Barista Bajnoks\u00e1g - BALATON NEKED","og_description":"A MAX Gastro Group Kft., a Balatoni Kurzusok \u00e9s a Gyenesdi\u00e1si Turisztikai Egyes\u00fclet meghirdeti a IV. Balatoni Barista \u00e9s Kokt\u00e9l Bajnoks\u00e1got. A balatoni k\u00e1v\u00e9z\u00e1si, a kokt\u00e9lfogyaszt\u00e1si kult\u00fara \u00e9s a min\u0151s\u00e9gi k\u00e1v\u00e9z\u00e1s, italfogyaszt\u00e1s \u00e9l\u00e9nk\u00edt\u00e9s\u00e9re. A bajnoks\u00e1g id\u0151pontja: 2019.05.11. szombat (d\u00e9lel\u0151tt barista, d\u00e9lut\u00e1n kokt\u00e9l). Kiv\u00e1lasztjuk az idei \u00e9v Balaton K\u00e1v\u00e9j\u00e1t \u00e9s a Balaton Kokt\u00e9lj\u00e1t. Barista: Minden r\u00e9sztvev\u0151nek [&hellip;]","og_url":"https:\/\/balatonneked.com\/fr\/2019\/05\/02\/iv-balatoni-barista-bajnoksag\/","og_site_name":"BALATON NEKED","article_publisher":"https:\/\/www.facebook.com\/BalatonNeked","article_published_time":"2019-05-02T13:15:53+00:00","og_image":[{"width":960,"height":654,"url":"https:\/\/balatonneked.com\/wp-content\/uploads\/2019\/05\/barista.jpg","type":"image\/jpeg"}],"author":"-","twitter_card":"summary_large_image","twitter_misc":{"\u00c9crit par":"-","Dur\u00e9e de lecture estim\u00e9e":"2 minutes"},"schema":{"@context":"https:\/\/schema.org","@graph":[{"@type":"Article","@id":"https:\/\/balatonneked.com\/2019\/05\/02\/iv-balatoni-barista-bajnoksag\/#article","isPartOf":{"@id":"https:\/\/balatonneked.com\/2019\/05\/02\/iv-balatoni-barista-bajnoksag\/"},"author":{"name":"-","@id":"https:\/\/balatonneked.com\/#\/schema\/person\/6abf551dbe3d5531af60e216ef9b16aa"},"headline":"IV. Balatoni Barista Bajnoks\u00e1g","datePublished":"2019-05-02T13:15:53+00:00","mainEntityOfPage":{"@id":"https:\/\/balatonneked.com\/2019\/05\/02\/iv-balatoni-barista-bajnoksag\/"},"wordCount":323,"commentCount":0,"publisher":{"@id":"https:\/\/balatonneked.com\/#organization"},"image":{"@id":"https:\/\/balatonneked.com\/2019\/05\/02\/iv-balatoni-barista-bajnoksag\/#primaryimage"},"thumbnailUrl":"https:\/\/balatonneked.com\/wp-content\/uploads\/2019\/05\/barista.jpg","keywords":["Balaton","Gasztro","Gyenesdi\u00e1s","Programaj\u00e1nl\u00f3"],"articleSection":["H\u00edrek"],"inLanguage":"fr-FR","potentialAction":[{"@type":"CommentAction","name":"Comment","target":["https:\/\/balatonneked.com\/2019\/05\/02\/iv-balatoni-barista-bajnoksag\/#respond"]}]},{"@type":"WebPage","@id":"https:\/\/balatonneked.com\/2019\/05\/02\/iv-balatoni-barista-bajnoksag\/","url":"https:\/\/balatonneked.com\/2019\/05\/02\/iv-balatoni-barista-bajnoksag\/","name":"IV. Balatoni Barista Bajnoks\u00e1g - BALATON NEKED","isPartOf":{"@id":"https:\/\/balatonneked.com\/#website"},"primaryImageOfPage":{"@id":"https:\/\/balatonneked.com\/2019\/05\/02\/iv-balatoni-barista-bajnoksag\/#primaryimage"},"image":{"@id":"https:\/\/balatonneked.com\/2019\/05\/02\/iv-balatoni-barista-bajnoksag\/#primaryimage"},"thumbnailUrl":"https:\/\/balatonneked.com\/wp-content\/uploads\/2019\/05\/barista.jpg","datePublished":"2019-05-02T13:15:53+00:00","breadcrumb":{"@id":"https:\/\/balatonneked.com\/2019\/05\/02\/iv-balatoni-barista-bajnoksag\/#breadcrumb"},"inLanguage":"fr-FR","potentialAction":[{"@type":"ReadAction","target":["https:\/\/balatonneked.com\/2019\/05\/02\/iv-balatoni-barista-bajnoksag\/"]}]},{"@type":"ImageObject","inLanguage":"fr-FR","@id":"https:\/\/balatonneked.com\/2019\/05\/02\/iv-balatoni-barista-bajnoksag\/#primaryimage","url":"https:\/\/balatonneked.com\/wp-content\/uploads\/2019\/05\/barista.jpg","contentUrl":"https:\/\/balatonneked.com\/wp-content\/uploads\/2019\/05\/barista.jpg","width":960,"height":654},{"@type":"BreadcrumbList","@id":"https:\/\/balatonneked.com\/2019\/05\/02\/iv-balatoni-barista-bajnoksag\/#breadcrumb","itemListElement":[{"@type":"ListItem","position":1,"name":"Kezd\u0151lap","item":"https:\/\/balatonneked.com\/"},{"@type":"ListItem","position":2,"name":"IV. Balatoni Barista Bajnoks\u00e1g"}]},{"@type":"WebSite","@id":"https:\/\/balatonneked.com\/#website","url":"https:\/\/balatonneked.com\/","name":"BALATON NEKED","description":"A Balaton leginformat\u00edvabb magazinja","publisher":{"@id":"https:\/\/balatonneked.com\/#organization"},"potentialAction":[{"@type":"SearchAction","target":{"@type":"EntryPoint","urlTemplate":"https:\/\/balatonneked.com\/?s={search_term_string}"},"query-input":{"@type":"PropertyValueSpecification","valueRequired":true,"valueName":"search_term_string"}}],"inLanguage":"fr-FR"},{"@type":"Organization","@id":"https:\/\/balatonneked.com\/#organization","name":"BalatonNeked","url":"https:\/\/balatonneked.com\/","logo":{"@type":"ImageObject","inLanguage":"fr-FR","@id":"https:\/\/balatonneked.com\/#\/schema\/logo\/image\/","url":"https:\/\/balatonneked.com\/wp-content\/uploads\/2019\/05\/bnekedlogo.png","contentUrl":"https:\/\/balatonneked.com\/wp-content\/uploads\/2019\/05\/bnekedlogo.png","width":750,"height":750,"caption":"BalatonNeked"},"image":{"@id":"https:\/\/balatonneked.com\/#\/schema\/logo\/image\/"},"sameAs":["https:\/\/www.facebook.com\/BalatonNeked"]},{"@type":"Person","@id":"https:\/\/balatonneked.com\/#\/schema\/person\/6abf551dbe3d5531af60e216ef9b16aa","name":"-","image":{"@type":"ImageObject","inLanguage":"fr-FR","@id":"https:\/\/balatonneked.com\/#\/schema\/person\/image\/","url":"https:\/\/secure.gravatar.com\/avatar\/7bcf602c35eea1fdd5dcb5698f42149adc1fb65510ae8b284cdf111a453a6c37?s=96&d=mm&r=g","contentUrl":"https:\/\/secure.gravatar.com\/avatar\/7bcf602c35eea1fdd5dcb5698f42149adc1fb65510ae8b284cdf111a453a6c37?s=96&d=mm&r=g","caption":"-"},"url":"https:\/\/balatonneked.com\/fr\/author\/tamasildiko\/"}]}},"_links":{"self":[{"href":"https:\/\/balatonneked.com\/fr\/wp-json\/wp\/v2\/posts\/2005","targetHints":{"allow":["GET"]}}],"collection":[{"href":"https:\/\/balatonneked.com\/fr\/wp-json\/wp\/v2\/posts"}],"about":[{"href":"https:\/\/balatonneked.com\/fr\/wp-json\/wp\/v2\/types\/post"}],"author":[{"embeddable":true,"href":"https:\/\/balatonneked.com\/fr\/wp-json\/wp\/v2\/users\/2"}],"replies":[{"embeddable":true,"href":"https:\/\/balatonneked.com\/fr\/wp-json\/wp\/v2\/comments?post=2005"}],"version-history":[{"count":1,"href":"https:\/\/balatonneked.com\/fr\/wp-json\/wp\/v2\/posts\/2005\/revisions"}],"predecessor-version":[{"id":2007,"href":"https:\/\/balatonneked.com\/fr\/wp-json\/wp\/v2\/posts\/2005\/revisions\/2007"}],"wp:featuredmedia":[{"embeddable":true,"href":"https:\/\/balatonneked.com\/fr\/wp-json\/wp\/v2\/media\/2006"}],"wp:attachment":[{"href":"https:\/\/balatonneked.com\/fr\/wp-json\/wp\/v2\/media?parent=2005"}],"wp:term":[{"taxonomy":"category","embeddable":true,"href":"https:\/\/balatonneked.com\/fr\/wp-json\/wp\/v2\/categories?post=2005"},{"taxonomy":"post_tag","embeddable":true,"href":"https:\/\/balatonneked.com\/fr\/wp-json\/wp\/v2\/tags?post=2005"}],"curies":[{"name":"wp","href":"https:\/\/api.w.org\/{rel}","templated":true}]}}