{"id":1820,"date":"2019-03-26T11:58:33","date_gmt":"2019-03-26T11:58:33","guid":{"rendered":"http:\/\/balatonneked.com\/?p=1820"},"modified":"2019-03-26T11:58:33","modified_gmt":"2019-03-26T11:58:33","slug":"a-kovesdi-templomrom-es-az-almas-forras","status":"publish","type":"post","link":"https:\/\/balatonneked.com\/fr\/2019\/03\/26\/a-kovesdi-templomrom-es-az-almas-forras\/","title":{"rendered":"A k\u00f6vesdi templomrom \u00e9s az Alm\u00e1s-forr\u00e1s"},"content":{"rendered":"<p>A vas\u00fat\u00e1llom\u00e1st\u00f3l d\u00e9lre, k\u00f6zel a Balaton-parti n\u00e1dasokkal k\u00f6r\u00fclvett term\u00e9szetv\u00e9delmi ter\u00fcleten tal\u00e1lhat\u00f3 a rom\u00e1n st\u00edlus\u00fa templomrom, ami r\u00f3mai kori maradv\u00e1nyokon az 1260-70-es \u00e9vekben \u00e9p\u00fclt egyhaj\u00f3s templom maradv\u00e1nya. A felt\u00e1r\u00e1skor a templomban tal\u00e1lt s\u00edrok, elszenesedett maradv\u00e1nyok, a falban l\u00e9v\u0151 \u00e1gy\u00fagoly\u00f3-becsap\u00f3d\u00e1sok arr\u00f3l tan\u00faskodnak, hogy a t\u00f6r\u00f6k jelent\u0151s puszt\u00edt\u00e1st v\u00e9gzett a faluban. Az 1958-ban v\u00e9gzett restaur\u00e1l\u00e1s adatai szerint a templom egyhaj\u00f3s alaprajz\u00fa volt, egyenes z\u00e1r\u00f3d\u00e1s\u00fa szent\u00e9llyel \u00e9s sekresty\u00e9vel.<\/p>\n<p>A szent\u00e9lyben 1500 k\u00f6r\u00fcl helyezt\u00e9k el a sz\u00e9p megform\u00e1l\u00e1s\u00fa szents\u00e9gtart\u00f3t (pasztof\u00f3riumot), amely ma a Tihanyi M\u00fazeum f\u00e9ltett kincse. Egyetlen, helyben megmaradt d\u00edsz\u00edtm\u00e9nye a nyugati, bej\u00e1rati homlokzat cs\u00facs\u00edves, g\u00f6mb\u00f6kkel d\u00edsz\u00edtett \u00edvsoros p\u00e1rk\u00e1nya, amely a l\u00e9b\u00e9nyi-j\u00e1ki templomok\u00e9val azonos formaelemeket \u0151riz. A felt\u00e1r\u00e1s sor\u00e1n bebizonyosodott, hogy a templom hely\u00e9n kor\u00e1bban r\u00f3mai \u00e9p\u00fclet \u00e1llott, ugyanis a szent\u00e9ly olt\u00e1ra alatt ki\u00e1stak egy felirat n\u00e9lk\u00fcli r\u00f3mai olt\u00e1rk\u00f6vet. Ezt a rom el\u0151tt fakad\u00f3 forr\u00e1s mell\u00e9 \u00e1ll\u00edtott\u00e1k, lehajl\u00f3 f\u0171zf\u00e1k \u00e1rny\u00e9k\u00e1ba, idillikus hangulatot ny\u00fajtva a szeml\u00e9l\u0151nek. Az eg\u00e9sz ter\u00fclet sz\u00e9pen parkos\u00edtott, hangulatos pihen\u0151hely, \u00fajabb szok\u00e1s szerint elv\u00e9tve m\u00e1r esk\u00fcv\u0151k sz\u00ednhelye is.<\/p>","protected":false},"excerpt":{"rendered":"<p>A vas\u00fat\u00e1llom\u00e1st\u00f3l d\u00e9lre, k\u00f6zel a Balaton-parti n\u00e1dasokkal k\u00f6r\u00fclvett term\u00e9szetv\u00e9delmi ter\u00fcleten tal\u00e1lhat\u00f3 a rom\u00e1n st\u00edlus\u00fa templomrom, ami r\u00f3mai kori maradv\u00e1nyokon az 1260-70-es \u00e9vekben \u00e9p\u00fclt egyhaj\u00f3s templom maradv\u00e1nya. A felt\u00e1r\u00e1skor a templomban tal\u00e1lt s\u00edrok, elszenesedett maradv\u00e1nyok, a falban l\u00e9v\u0151 \u00e1gy\u00fagoly\u00f3-becsap\u00f3d\u00e1sok arr\u00f3l tan\u00faskodnak, hogy a t\u00f6r\u00f6k jelent\u0151s puszt\u00edt\u00e1st v\u00e9gzett a faluban. Az 1958-ban v\u00e9gzett restaur\u00e1l\u00e1s adatai szerint a [&hellip;]<\/p>","protected":false},"author":2,"featured_media":1821,"comment_status":"open","ping_status":"open","sticky":false,"template":"","format":"standard","meta":{"_acf_changed":false,"footnotes":""},"categories":[34,15],"tags":[35,29],"class_list":["post-1820","post","type-post","status-publish","format-standard","has-post-thumbnail","hentry","category-aszofo","category-latnivalok","tag-aszofo","tag-latnivalok"],"acf":[],"yoast_head":"<!-- This site is optimized with the Yoast SEO plugin v25.1 - https:\/\/yoast.com\/wordpress\/plugins\/seo\/ -->\n<title>A k\u00f6vesdi templomrom \u00e9s az Alm\u00e1s-forr\u00e1s - BALATON NEKED<\/title>\n<meta name=\"robots\" content=\"index, follow, max-snippet:-1, max-image-preview:large, max-video-preview:-1\" \/>\n<link rel=\"canonical\" href=\"https:\/\/balatonneked.com\/fr\/2019\/03\/26\/a-kovesdi-templomrom-es-az-almas-forras\/\" \/>\n<meta property=\"og:locale\" content=\"fr_FR\" \/>\n<meta property=\"og:type\" content=\"article\" \/>\n<meta property=\"og:title\" content=\"A k\u00f6vesdi templomrom \u00e9s az Alm\u00e1s-forr\u00e1s - BALATON NEKED\" \/>\n<meta property=\"og:description\" content=\"A vas\u00fat\u00e1llom\u00e1st\u00f3l d\u00e9lre, k\u00f6zel a Balaton-parti n\u00e1dasokkal k\u00f6r\u00fclvett term\u00e9szetv\u00e9delmi ter\u00fcleten tal\u00e1lhat\u00f3 a rom\u00e1n st\u00edlus\u00fa templomrom, ami r\u00f3mai kori maradv\u00e1nyokon az 1260-70-es \u00e9vekben \u00e9p\u00fclt egyhaj\u00f3s templom maradv\u00e1nya. A felt\u00e1r\u00e1skor a templomban tal\u00e1lt s\u00edrok, elszenesedett maradv\u00e1nyok, a falban l\u00e9v\u0151 \u00e1gy\u00fagoly\u00f3-becsap\u00f3d\u00e1sok arr\u00f3l tan\u00faskodnak, hogy a t\u00f6r\u00f6k jelent\u0151s puszt\u00edt\u00e1st v\u00e9gzett a faluban. Az 1958-ban v\u00e9gzett restaur\u00e1l\u00e1s adatai szerint a [&hellip;]\" \/>\n<meta property=\"og:url\" content=\"https:\/\/balatonneked.com\/fr\/2019\/03\/26\/a-kovesdi-templomrom-es-az-almas-forras\/\" \/>\n<meta property=\"og:site_name\" content=\"BALATON NEKED\" \/>\n<meta property=\"article:publisher\" content=\"https:\/\/www.facebook.com\/BalatonNeked\" \/>\n<meta property=\"article:published_time\" content=\"2019-03-26T11:58:33+00:00\" \/>\n<meta property=\"og:image\" content=\"https:\/\/balatonneked.com\/wp-content\/uploads\/2019\/03\/k\u00f6vesdi-templomrom.jpg\" \/>\n\t<meta property=\"og:image:width\" content=\"600\" \/>\n\t<meta property=\"og:image:height\" content=\"450\" \/>\n\t<meta property=\"og:image:type\" content=\"image\/jpeg\" \/>\n<meta name=\"author\" content=\"-\" \/>\n<meta name=\"twitter:card\" content=\"summary_large_image\" \/>\n<meta name=\"twitter:label1\" content=\"\u00c9crit par\" \/>\n\t<meta name=\"twitter:data1\" content=\"-\" \/>\n\t<meta name=\"twitter:label2\" content=\"Dur\u00e9e de lecture estim\u00e9e\" \/>\n\t<meta name=\"twitter:data2\" content=\"1 minute\" \/>\n<script type=\"application\/ld+json\" class=\"yoast-schema-graph\">{\"@context\":\"https:\/\/schema.org\",\"@graph\":[{\"@type\":\"Article\",\"@id\":\"https:\/\/balatonneked.com\/2019\/03\/26\/a-kovesdi-templomrom-es-az-almas-forras\/#article\",\"isPartOf\":{\"@id\":\"https:\/\/balatonneked.com\/2019\/03\/26\/a-kovesdi-templomrom-es-az-almas-forras\/\"},\"author\":{\"name\":\"-\",\"@id\":\"https:\/\/balatonneked.com\/#\/schema\/person\/6abf551dbe3d5531af60e216ef9b16aa\"},\"headline\":\"A k\u00f6vesdi templomrom \u00e9s az Alm\u00e1s-forr\u00e1s\",\"datePublished\":\"2019-03-26T11:58:33+00:00\",\"mainEntityOfPage\":{\"@id\":\"https:\/\/balatonneked.com\/2019\/03\/26\/a-kovesdi-templomrom-es-az-almas-forras\/\"},\"wordCount\":277,\"commentCount\":0,\"publisher\":{\"@id\":\"https:\/\/balatonneked.com\/#organization\"},\"image\":{\"@id\":\"https:\/\/balatonneked.com\/2019\/03\/26\/a-kovesdi-templomrom-es-az-almas-forras\/#primaryimage\"},\"thumbnailUrl\":\"https:\/\/balatonneked.com\/wp-content\/uploads\/2019\/03\/k\u00f6vesdi-templomrom.jpg\",\"keywords\":[\"Asz\u00f3f\u0151\",\"L\u00e1tnival\u00f3k\"],\"articleSection\":[\"Asz\u00f3f\u0151\",\"L\u00e1tnival\u00f3k\"],\"inLanguage\":\"fr-FR\",\"potentialAction\":[{\"@type\":\"CommentAction\",\"name\":\"Comment\",\"target\":[\"https:\/\/balatonneked.com\/2019\/03\/26\/a-kovesdi-templomrom-es-az-almas-forras\/#respond\"]}]},{\"@type\":\"WebPage\",\"@id\":\"https:\/\/balatonneked.com\/2019\/03\/26\/a-kovesdi-templomrom-es-az-almas-forras\/\",\"url\":\"https:\/\/balatonneked.com\/2019\/03\/26\/a-kovesdi-templomrom-es-az-almas-forras\/\",\"name\":\"A k\u00f6vesdi templomrom \u00e9s az Alm\u00e1s-forr\u00e1s - BALATON NEKED\",\"isPartOf\":{\"@id\":\"https:\/\/balatonneked.com\/#website\"},\"primaryImageOfPage\":{\"@id\":\"https:\/\/balatonneked.com\/2019\/03\/26\/a-kovesdi-templomrom-es-az-almas-forras\/#primaryimage\"},\"image\":{\"@id\":\"https:\/\/balatonneked.com\/2019\/03\/26\/a-kovesdi-templomrom-es-az-almas-forras\/#primaryimage\"},\"thumbnailUrl\":\"https:\/\/balatonneked.com\/wp-content\/uploads\/2019\/03\/k\u00f6vesdi-templomrom.jpg\",\"datePublished\":\"2019-03-26T11:58:33+00:00\",\"breadcrumb\":{\"@id\":\"https:\/\/balatonneked.com\/2019\/03\/26\/a-kovesdi-templomrom-es-az-almas-forras\/#breadcrumb\"},\"inLanguage\":\"fr-FR\",\"potentialAction\":[{\"@type\":\"ReadAction\",\"target\":[\"https:\/\/balatonneked.com\/2019\/03\/26\/a-kovesdi-templomrom-es-az-almas-forras\/\"]}]},{\"@type\":\"ImageObject\",\"inLanguage\":\"fr-FR\",\"@id\":\"https:\/\/balatonneked.com\/2019\/03\/26\/a-kovesdi-templomrom-es-az-almas-forras\/#primaryimage\",\"url\":\"https:\/\/balatonneked.com\/wp-content\/uploads\/2019\/03\/k\u00f6vesdi-templomrom.jpg\",\"contentUrl\":\"https:\/\/balatonneked.com\/wp-content\/uploads\/2019\/03\/k\u00f6vesdi-templomrom.jpg\",\"width\":600,\"height\":450},{\"@type\":\"BreadcrumbList\",\"@id\":\"https:\/\/balatonneked.com\/2019\/03\/26\/a-kovesdi-templomrom-es-az-almas-forras\/#breadcrumb\",\"itemListElement\":[{\"@type\":\"ListItem\",\"position\":1,\"name\":\"Kezd\u0151lap\",\"item\":\"https:\/\/balatonneked.com\/\"},{\"@type\":\"ListItem\",\"position\":2,\"name\":\"A k\u00f6vesdi templomrom \u00e9s az Alm\u00e1s-forr\u00e1s\"}]},{\"@type\":\"WebSite\",\"@id\":\"https:\/\/balatonneked.com\/#website\",\"url\":\"https:\/\/balatonneked.com\/\",\"name\":\"BALATON NEKED\",\"description\":\"A Balaton leginformat\u00edvabb magazinja\",\"publisher\":{\"@id\":\"https:\/\/balatonneked.com\/#organization\"},\"potentialAction\":[{\"@type\":\"SearchAction\",\"target\":{\"@type\":\"EntryPoint\",\"urlTemplate\":\"https:\/\/balatonneked.com\/?s={search_term_string}\"},\"query-input\":{\"@type\":\"PropertyValueSpecification\",\"valueRequired\":true,\"valueName\":\"search_term_string\"}}],\"inLanguage\":\"fr-FR\"},{\"@type\":\"Organization\",\"@id\":\"https:\/\/balatonneked.com\/#organization\",\"name\":\"BalatonNeked\",\"url\":\"https:\/\/balatonneked.com\/\",\"logo\":{\"@type\":\"ImageObject\",\"inLanguage\":\"fr-FR\",\"@id\":\"https:\/\/balatonneked.com\/#\/schema\/logo\/image\/\",\"url\":\"https:\/\/balatonneked.com\/wp-content\/uploads\/2019\/05\/bnekedlogo.png\",\"contentUrl\":\"https:\/\/balatonneked.com\/wp-content\/uploads\/2019\/05\/bnekedlogo.png\",\"width\":750,\"height\":750,\"caption\":\"BalatonNeked\"},\"image\":{\"@id\":\"https:\/\/balatonneked.com\/#\/schema\/logo\/image\/\"},\"sameAs\":[\"https:\/\/www.facebook.com\/BalatonNeked\"]},{\"@type\":\"Person\",\"@id\":\"https:\/\/balatonneked.com\/#\/schema\/person\/6abf551dbe3d5531af60e216ef9b16aa\",\"name\":\"-\",\"image\":{\"@type\":\"ImageObject\",\"inLanguage\":\"fr-FR\",\"@id\":\"https:\/\/balatonneked.com\/#\/schema\/person\/image\/\",\"url\":\"https:\/\/secure.gravatar.com\/avatar\/7bcf602c35eea1fdd5dcb5698f42149adc1fb65510ae8b284cdf111a453a6c37?s=96&d=mm&r=g\",\"contentUrl\":\"https:\/\/secure.gravatar.com\/avatar\/7bcf602c35eea1fdd5dcb5698f42149adc1fb65510ae8b284cdf111a453a6c37?s=96&d=mm&r=g\",\"caption\":\"-\"},\"url\":\"https:\/\/balatonneked.com\/fr\/author\/tamasildiko\/\"}]}<\/script>\n<!-- \/ Yoast SEO plugin. -->","yoast_head_json":{"title":"A k\u00f6vesdi templomrom \u00e9s az Alm\u00e1s-forr\u00e1s - BALATON NEKED","robots":{"index":"index","follow":"follow","max-snippet":"max-snippet:-1","max-image-preview":"max-image-preview:large","max-video-preview":"max-video-preview:-1"},"canonical":"https:\/\/balatonneked.com\/fr\/2019\/03\/26\/a-kovesdi-templomrom-es-az-almas-forras\/","og_locale":"fr_FR","og_type":"article","og_title":"A k\u00f6vesdi templomrom \u00e9s az Alm\u00e1s-forr\u00e1s - BALATON NEKED","og_description":"A vas\u00fat\u00e1llom\u00e1st\u00f3l d\u00e9lre, k\u00f6zel a Balaton-parti n\u00e1dasokkal k\u00f6r\u00fclvett term\u00e9szetv\u00e9delmi ter\u00fcleten tal\u00e1lhat\u00f3 a rom\u00e1n st\u00edlus\u00fa templomrom, ami r\u00f3mai kori maradv\u00e1nyokon az 1260-70-es \u00e9vekben \u00e9p\u00fclt egyhaj\u00f3s templom maradv\u00e1nya. A felt\u00e1r\u00e1skor a templomban tal\u00e1lt s\u00edrok, elszenesedett maradv\u00e1nyok, a falban l\u00e9v\u0151 \u00e1gy\u00fagoly\u00f3-becsap\u00f3d\u00e1sok arr\u00f3l tan\u00faskodnak, hogy a t\u00f6r\u00f6k jelent\u0151s puszt\u00edt\u00e1st v\u00e9gzett a faluban. Az 1958-ban v\u00e9gzett restaur\u00e1l\u00e1s adatai szerint a [&hellip;]","og_url":"https:\/\/balatonneked.com\/fr\/2019\/03\/26\/a-kovesdi-templomrom-es-az-almas-forras\/","og_site_name":"BALATON NEKED","article_publisher":"https:\/\/www.facebook.com\/BalatonNeked","article_published_time":"2019-03-26T11:58:33+00:00","og_image":[{"width":600,"height":450,"url":"https:\/\/balatonneked.com\/wp-content\/uploads\/2019\/03\/k\u00f6vesdi-templomrom.jpg","type":"image\/jpeg"}],"author":"-","twitter_card":"summary_large_image","twitter_misc":{"\u00c9crit par":"-","Dur\u00e9e de lecture estim\u00e9e":"1 minute"},"schema":{"@context":"https:\/\/schema.org","@graph":[{"@type":"Article","@id":"https:\/\/balatonneked.com\/2019\/03\/26\/a-kovesdi-templomrom-es-az-almas-forras\/#article","isPartOf":{"@id":"https:\/\/balatonneked.com\/2019\/03\/26\/a-kovesdi-templomrom-es-az-almas-forras\/"},"author":{"name":"-","@id":"https:\/\/balatonneked.com\/#\/schema\/person\/6abf551dbe3d5531af60e216ef9b16aa"},"headline":"A k\u00f6vesdi templomrom \u00e9s az Alm\u00e1s-forr\u00e1s","datePublished":"2019-03-26T11:58:33+00:00","mainEntityOfPage":{"@id":"https:\/\/balatonneked.com\/2019\/03\/26\/a-kovesdi-templomrom-es-az-almas-forras\/"},"wordCount":277,"commentCount":0,"publisher":{"@id":"https:\/\/balatonneked.com\/#organization"},"image":{"@id":"https:\/\/balatonneked.com\/2019\/03\/26\/a-kovesdi-templomrom-es-az-almas-forras\/#primaryimage"},"thumbnailUrl":"https:\/\/balatonneked.com\/wp-content\/uploads\/2019\/03\/k\u00f6vesdi-templomrom.jpg","keywords":["Asz\u00f3f\u0151","L\u00e1tnival\u00f3k"],"articleSection":["Asz\u00f3f\u0151","L\u00e1tnival\u00f3k"],"inLanguage":"fr-FR","potentialAction":[{"@type":"CommentAction","name":"Comment","target":["https:\/\/balatonneked.com\/2019\/03\/26\/a-kovesdi-templomrom-es-az-almas-forras\/#respond"]}]},{"@type":"WebPage","@id":"https:\/\/balatonneked.com\/2019\/03\/26\/a-kovesdi-templomrom-es-az-almas-forras\/","url":"https:\/\/balatonneked.com\/2019\/03\/26\/a-kovesdi-templomrom-es-az-almas-forras\/","name":"A k\u00f6vesdi templomrom \u00e9s az Alm\u00e1s-forr\u00e1s - BALATON NEKED","isPartOf":{"@id":"https:\/\/balatonneked.com\/#website"},"primaryImageOfPage":{"@id":"https:\/\/balatonneked.com\/2019\/03\/26\/a-kovesdi-templomrom-es-az-almas-forras\/#primaryimage"},"image":{"@id":"https:\/\/balatonneked.com\/2019\/03\/26\/a-kovesdi-templomrom-es-az-almas-forras\/#primaryimage"},"thumbnailUrl":"https:\/\/balatonneked.com\/wp-content\/uploads\/2019\/03\/k\u00f6vesdi-templomrom.jpg","datePublished":"2019-03-26T11:58:33+00:00","breadcrumb":{"@id":"https:\/\/balatonneked.com\/2019\/03\/26\/a-kovesdi-templomrom-es-az-almas-forras\/#breadcrumb"},"inLanguage":"fr-FR","potentialAction":[{"@type":"ReadAction","target":["https:\/\/balatonneked.com\/2019\/03\/26\/a-kovesdi-templomrom-es-az-almas-forras\/"]}]},{"@type":"ImageObject","inLanguage":"fr-FR","@id":"https:\/\/balatonneked.com\/2019\/03\/26\/a-kovesdi-templomrom-es-az-almas-forras\/#primaryimage","url":"https:\/\/balatonneked.com\/wp-content\/uploads\/2019\/03\/k\u00f6vesdi-templomrom.jpg","contentUrl":"https:\/\/balatonneked.com\/wp-content\/uploads\/2019\/03\/k\u00f6vesdi-templomrom.jpg","width":600,"height":450},{"@type":"BreadcrumbList","@id":"https:\/\/balatonneked.com\/2019\/03\/26\/a-kovesdi-templomrom-es-az-almas-forras\/#breadcrumb","itemListElement":[{"@type":"ListItem","position":1,"name":"Kezd\u0151lap","item":"https:\/\/balatonneked.com\/"},{"@type":"ListItem","position":2,"name":"A k\u00f6vesdi templomrom \u00e9s az Alm\u00e1s-forr\u00e1s"}]},{"@type":"WebSite","@id":"https:\/\/balatonneked.com\/#website","url":"https:\/\/balatonneked.com\/","name":"BALATON NEKED","description":"A Balaton leginformat\u00edvabb magazinja","publisher":{"@id":"https:\/\/balatonneked.com\/#organization"},"potentialAction":[{"@type":"SearchAction","target":{"@type":"EntryPoint","urlTemplate":"https:\/\/balatonneked.com\/?s={search_term_string}"},"query-input":{"@type":"PropertyValueSpecification","valueRequired":true,"valueName":"search_term_string"}}],"inLanguage":"fr-FR"},{"@type":"Organization","@id":"https:\/\/balatonneked.com\/#organization","name":"BalatonNeked","url":"https:\/\/balatonneked.com\/","logo":{"@type":"ImageObject","inLanguage":"fr-FR","@id":"https:\/\/balatonneked.com\/#\/schema\/logo\/image\/","url":"https:\/\/balatonneked.com\/wp-content\/uploads\/2019\/05\/bnekedlogo.png","contentUrl":"https:\/\/balatonneked.com\/wp-content\/uploads\/2019\/05\/bnekedlogo.png","width":750,"height":750,"caption":"BalatonNeked"},"image":{"@id":"https:\/\/balatonneked.com\/#\/schema\/logo\/image\/"},"sameAs":["https:\/\/www.facebook.com\/BalatonNeked"]},{"@type":"Person","@id":"https:\/\/balatonneked.com\/#\/schema\/person\/6abf551dbe3d5531af60e216ef9b16aa","name":"-","image":{"@type":"ImageObject","inLanguage":"fr-FR","@id":"https:\/\/balatonneked.com\/#\/schema\/person\/image\/","url":"https:\/\/secure.gravatar.com\/avatar\/7bcf602c35eea1fdd5dcb5698f42149adc1fb65510ae8b284cdf111a453a6c37?s=96&d=mm&r=g","contentUrl":"https:\/\/secure.gravatar.com\/avatar\/7bcf602c35eea1fdd5dcb5698f42149adc1fb65510ae8b284cdf111a453a6c37?s=96&d=mm&r=g","caption":"-"},"url":"https:\/\/balatonneked.com\/fr\/author\/tamasildiko\/"}]}},"_links":{"self":[{"href":"https:\/\/balatonneked.com\/fr\/wp-json\/wp\/v2\/posts\/1820","targetHints":{"allow":["GET"]}}],"collection":[{"href":"https:\/\/balatonneked.com\/fr\/wp-json\/wp\/v2\/posts"}],"about":[{"href":"https:\/\/balatonneked.com\/fr\/wp-json\/wp\/v2\/types\/post"}],"author":[{"embeddable":true,"href":"https:\/\/balatonneked.com\/fr\/wp-json\/wp\/v2\/users\/2"}],"replies":[{"embeddable":true,"href":"https:\/\/balatonneked.com\/fr\/wp-json\/wp\/v2\/comments?post=1820"}],"version-history":[{"count":1,"href":"https:\/\/balatonneked.com\/fr\/wp-json\/wp\/v2\/posts\/1820\/revisions"}],"predecessor-version":[{"id":1822,"href":"https:\/\/balatonneked.com\/fr\/wp-json\/wp\/v2\/posts\/1820\/revisions\/1822"}],"wp:featuredmedia":[{"embeddable":true,"href":"https:\/\/balatonneked.com\/fr\/wp-json\/wp\/v2\/media\/1821"}],"wp:attachment":[{"href":"https:\/\/balatonneked.com\/fr\/wp-json\/wp\/v2\/media?parent=1820"}],"wp:term":[{"taxonomy":"category","embeddable":true,"href":"https:\/\/balatonneked.com\/fr\/wp-json\/wp\/v2\/categories?post=1820"},{"taxonomy":"post_tag","embeddable":true,"href":"https:\/\/balatonneked.com\/fr\/wp-json\/wp\/v2\/tags?post=1820"}],"curies":[{"name":"wp","href":"https:\/\/api.w.org\/{rel}","templated":true}]}}