{"id":1817,"date":"2019-03-26T09:59:10","date_gmt":"2019-03-26T09:59:10","guid":{"rendered":"http:\/\/balatonneked.com\/?p=1817"},"modified":"2019-03-26T09:59:10","modified_gmt":"2019-03-26T09:59:10","slug":"romai-katolikus-templom","status":"publish","type":"post","link":"https:\/\/balatonneked.com\/fr\/2019\/03\/26\/romai-katolikus-templom\/","title":{"rendered":"R\u00f3mai katolikus templom"},"content":{"rendered":"<p>Andocs, Szabads\u00e1g t\u00e9r 8.<\/p>\n<p>Az andocsi k\u00e1polna m\u00e1r a t\u00f6r\u00f6k h\u00f3dolts\u00e1g idej\u00e9t\u0151l l\u00e1togatott b\u00facs\u00faj\u00e1r\u00f3hely,a h\u00edvek ezr\u00e9vel kerest\u00e9k fel a M\u00e1ria-\u00fcnnepeken,Szent Ferenc \u00e9s Szent Antal napj\u00e1n. A f\u0151b\u00facs\u00fa napja Nagyboldogasszony \u00fcnnep\u00e9n, augusztus 15-\u00e9n v\u00e1lt hagyom\u00e1nny\u00e1. A ferences aty\u00e1k bek\u00f6lt\u00f6z\u00e9s\u00fckkor a templombels\u0151ben egy kopott olt\u00e1ron h\u00e1rom faszobrot tal\u00e1ltak, melyek a Boldogs\u00e1gos Sz\u0171zt, Szent Katalint \u00e9s Szent Dorotty\u00e1t \u00e1br\u00e1zolt\u00e1k. A r\u00e9gi\u00a0 hely\u00e9re 1746-ban \u00e1ll\u00edtott\u00e1k Zichy \u00c1d\u00e1m adom\u00e1nyak\u00e9nt a ma is l\u00e1that\u00f3 olt\u00e1rt, s k\u00e9s\u0151bb ott helyezt\u00e9k el a Szent Istv\u00e1n \u00e9s Szent L\u00e1szl\u00f3 magyar kir\u00e1lyokat, valamint Szent Ferencet, a szerzetesrend megalap\u00edt\u00f3j\u00e1t \u00e9s a P\u00e1duai Szent Antalt \u00e1br\u00e1zol\u00f3 szobrokat.A kegyolt\u00e1r asztala 1752-ben k\u00e9sz\u00fclt el,az els\u0151 mell\u00e9kolt\u00e1rt szint\u00e9n a Zichy csal\u00e1d k\u00e9sz\u00edttette, c\u00edmer\u00fck ma is l\u00e1that\u00f3, mint ahogy a m\u00e1sik\u00a0 mell\u00e9kolt\u00e1ron a Jankovics csal\u00e1d\u00e9. Az olt\u00e1rk\u00e9p a Lengyel csal\u00e1d t\u00e1mogat\u00e1s\u00e1b\u00f3l k\u00e9sz\u00fclt, ez\u00e9rt f\u00f6l\u00f6tte az \u0151 c\u00edmer\u00fck d\u00edszlik. Lengyel Lajos j\u00f3volt\u00e1b\u00f3l ker\u00fclt a templomba a J\u00e9zus Sz\u00edve olt\u00e1r \u00e9s a sz\u00f3sz\u00e9k A harmadik olt\u00e1r Niczky Borb\u00e1la adom\u00e1nya, rajta a csal\u00e1di c\u00edmerrel. A k\u00e9p Szent Borb\u00e1la lefejez\u00e9s\u00e9t \u00e1br\u00e1zolja, mellette pedig a ferences rend n\u0151i \u00e1g\u00e1t alap\u00edt\u00f3 Assisi Szent Kl\u00e1ra valamint Szent Koleta ap\u00e1tn\u0151 szobrai l\u00e1that\u00f3k. A templomhaj\u00f3 elej\u00e9n l\u00e9v\u0151 domborm\u0171 a Szenth\u00e1roms\u00e1got \u00e1br\u00e1zolja, m\u00edg a haj\u00f3 k\u00f6zep\u00e9re egy v\u00f6r\u00f6s m\u00e1rv\u00e1nylappal bor\u00edtott kript\u00e1t \u00e1ll\u00edttatott mag\u00e1nak \u00e9s feles\u00e9g\u00e9nek 1751-ben G\u00e1l G\u00e1bor. A templomhaj\u00f3val egyid\u0151ben k\u00e9sz\u00fclt a nagy kripta, amelynek l\u00e9pcs\u0151s lej\u00e1rata a templomfal d\u00e9li oldal\u00e1n ny\u00edlik. Ott tal\u00e1ltak v\u00e9gs\u0151 nyughelyet a templom j\u00f3tev\u0151i \u00e9s b\u00e1r\u00f3 Saarna Gottfried kuruc \u0151rnagy.<\/p>\n<p>A f\u00f6ldszinti helyis\u00e9gekben kapott helyet a M\u00e1ria-ruh\u00e1k m\u00fazeuma, ahol a ma m\u00e1r t\u00f6bb mint kett\u0151sz\u00e1z darabb\u00f3l \u00e1ll\u00f3 gy\u0171jtem\u00e9nyt \u0151rzik. 1747 \u00f3ta \u00f6lt\u00f6ztetik a M\u00e1ria szobrot, amelynek a vil\u00e1g minden t\u00e1j\u00e1r\u00f3l k\u00fcldenek ruh\u00e1kat. Hagyom\u00e1nny\u00e1 v\u00e1lt a minden p\u00e9ntek d\u00e9lel\u0151tti szobor-\u00a0 \u00f6lt\u00f6ztet\u00e9s. A nagy l\u00e1togatotts\u00e1g miatt n\u00f6velni kellett a kegytemplom b\u00facs\u00fainak sz\u00e1m\u00e1t, ez\u00e9rt van p\u00fcnk\u00f6sdi, nagyboldogasszonyi f\u0151b\u00facs\u00fa, \u0150rangyalok b\u00facs\u00faja, Kisasszony \u00e9s M\u00e1ria nevenapi f\u0151b\u00facs\u00fa, R\u00f3zsaf\u00fcz\u00e9r \u00e9s Magyarok Nagyasszonya napi b\u00facs\u00fa is.<\/p>\n<p><strong>\u00a0<\/strong><\/p>\n<p><strong>\u00a0<\/strong><\/p>","protected":false},"excerpt":{"rendered":"<p>Andocs, Szabads\u00e1g t\u00e9r 8. Az andocsi k\u00e1polna m\u00e1r a t\u00f6r\u00f6k h\u00f3dolts\u00e1g idej\u00e9t\u0151l l\u00e1togatott b\u00facs\u00faj\u00e1r\u00f3hely,a h\u00edvek ezr\u00e9vel kerest\u00e9k fel a M\u00e1ria-\u00fcnnepeken,Szent Ferenc \u00e9s Szent Antal napj\u00e1n. A f\u0151b\u00facs\u00fa napja Nagyboldogasszony \u00fcnnep\u00e9n, augusztus 15-\u00e9n v\u00e1lt hagyom\u00e1nny\u00e1. A ferences aty\u00e1k bek\u00f6lt\u00f6z\u00e9s\u00fckkor a templombels\u0151ben egy kopott olt\u00e1ron h\u00e1rom faszobrot tal\u00e1ltak, melyek a Boldogs\u00e1gos Sz\u0171zt, Szent Katalint \u00e9s Szent Dorotty\u00e1t [&hellip;]<\/p>","protected":false},"author":2,"featured_media":1818,"comment_status":"open","ping_status":"open","sticky":false,"template":"","format":"standard","meta":{"_acf_changed":false,"footnotes":""},"categories":[152,15],"tags":[153,29],"class_list":["post-1817","post","type-post","status-publish","format-standard","has-post-thumbnail","hentry","category-andocs","category-latnivalok","tag-andocs","tag-latnivalok"],"acf":[],"yoast_head":"<!-- This site is optimized with the Yoast SEO plugin v25.1 - https:\/\/yoast.com\/wordpress\/plugins\/seo\/ -->\n<title>R\u00f3mai katolikus templom - BALATON NEKED<\/title>\n<meta name=\"robots\" content=\"index, follow, max-snippet:-1, max-image-preview:large, max-video-preview:-1\" \/>\n<link rel=\"canonical\" href=\"https:\/\/balatonneked.com\/fr\/2019\/03\/26\/romai-katolikus-templom\/\" \/>\n<meta property=\"og:locale\" content=\"fr_FR\" \/>\n<meta property=\"og:type\" content=\"article\" \/>\n<meta property=\"og:title\" content=\"R\u00f3mai katolikus templom - BALATON NEKED\" \/>\n<meta property=\"og:description\" content=\"Andocs, Szabads\u00e1g t\u00e9r 8. Az andocsi k\u00e1polna m\u00e1r a t\u00f6r\u00f6k h\u00f3dolts\u00e1g idej\u00e9t\u0151l l\u00e1togatott b\u00facs\u00faj\u00e1r\u00f3hely,a h\u00edvek ezr\u00e9vel kerest\u00e9k fel a M\u00e1ria-\u00fcnnepeken,Szent Ferenc \u00e9s Szent Antal napj\u00e1n. A f\u0151b\u00facs\u00fa napja Nagyboldogasszony \u00fcnnep\u00e9n, augusztus 15-\u00e9n v\u00e1lt hagyom\u00e1nny\u00e1. A ferences aty\u00e1k bek\u00f6lt\u00f6z\u00e9s\u00fckkor a templombels\u0151ben egy kopott olt\u00e1ron h\u00e1rom faszobrot tal\u00e1ltak, melyek a Boldogs\u00e1gos Sz\u0171zt, Szent Katalint \u00e9s Szent Dorotty\u00e1t [&hellip;]\" \/>\n<meta property=\"og:url\" content=\"https:\/\/balatonneked.com\/fr\/2019\/03\/26\/romai-katolikus-templom\/\" \/>\n<meta property=\"og:site_name\" content=\"BALATON NEKED\" \/>\n<meta property=\"article:publisher\" content=\"https:\/\/www.facebook.com\/BalatonNeked\" \/>\n<meta property=\"article:published_time\" content=\"2019-03-26T09:59:10+00:00\" \/>\n<meta property=\"og:image\" content=\"https:\/\/balatonneked.com\/wp-content\/uploads\/2019\/03\/Andocs_-_templom.jpg\" \/>\n\t<meta property=\"og:image:width\" content=\"480\" \/>\n\t<meta property=\"og:image:height\" content=\"326\" \/>\n\t<meta property=\"og:image:type\" content=\"image\/jpeg\" \/>\n<meta name=\"author\" content=\"-\" \/>\n<meta name=\"twitter:card\" content=\"summary_large_image\" \/>\n<meta name=\"twitter:label1\" content=\"\u00c9crit par\" \/>\n\t<meta name=\"twitter:data1\" content=\"-\" \/>\n\t<meta name=\"twitter:label2\" content=\"Dur\u00e9e de lecture estim\u00e9e\" \/>\n\t<meta name=\"twitter:data2\" content=\"3 minutes\" \/>\n<script type=\"application\/ld+json\" class=\"yoast-schema-graph\">{\"@context\":\"https:\/\/schema.org\",\"@graph\":[{\"@type\":\"Article\",\"@id\":\"https:\/\/balatonneked.com\/2019\/03\/26\/romai-katolikus-templom\/#article\",\"isPartOf\":{\"@id\":\"https:\/\/balatonneked.com\/2019\/03\/26\/romai-katolikus-templom\/\"},\"author\":{\"name\":\"-\",\"@id\":\"https:\/\/balatonneked.com\/#\/schema\/person\/6abf551dbe3d5531af60e216ef9b16aa\"},\"headline\":\"R\u00f3mai katolikus templom\",\"datePublished\":\"2019-03-26T09:59:10+00:00\",\"mainEntityOfPage\":{\"@id\":\"https:\/\/balatonneked.com\/2019\/03\/26\/romai-katolikus-templom\/\"},\"wordCount\":505,\"commentCount\":0,\"publisher\":{\"@id\":\"https:\/\/balatonneked.com\/#organization\"},\"image\":{\"@id\":\"https:\/\/balatonneked.com\/2019\/03\/26\/romai-katolikus-templom\/#primaryimage\"},\"thumbnailUrl\":\"https:\/\/balatonneked.com\/wp-content\/uploads\/2019\/03\/Andocs_-_templom.jpg\",\"keywords\":[\"Andocs\",\"L\u00e1tnival\u00f3k\"],\"articleSection\":[\"Andocs\",\"L\u00e1tnival\u00f3k\"],\"inLanguage\":\"fr-FR\",\"potentialAction\":[{\"@type\":\"CommentAction\",\"name\":\"Comment\",\"target\":[\"https:\/\/balatonneked.com\/2019\/03\/26\/romai-katolikus-templom\/#respond\"]}]},{\"@type\":\"WebPage\",\"@id\":\"https:\/\/balatonneked.com\/2019\/03\/26\/romai-katolikus-templom\/\",\"url\":\"https:\/\/balatonneked.com\/2019\/03\/26\/romai-katolikus-templom\/\",\"name\":\"R\u00f3mai katolikus templom - BALATON NEKED\",\"isPartOf\":{\"@id\":\"https:\/\/balatonneked.com\/#website\"},\"primaryImageOfPage\":{\"@id\":\"https:\/\/balatonneked.com\/2019\/03\/26\/romai-katolikus-templom\/#primaryimage\"},\"image\":{\"@id\":\"https:\/\/balatonneked.com\/2019\/03\/26\/romai-katolikus-templom\/#primaryimage\"},\"thumbnailUrl\":\"https:\/\/balatonneked.com\/wp-content\/uploads\/2019\/03\/Andocs_-_templom.jpg\",\"datePublished\":\"2019-03-26T09:59:10+00:00\",\"breadcrumb\":{\"@id\":\"https:\/\/balatonneked.com\/2019\/03\/26\/romai-katolikus-templom\/#breadcrumb\"},\"inLanguage\":\"fr-FR\",\"potentialAction\":[{\"@type\":\"ReadAction\",\"target\":[\"https:\/\/balatonneked.com\/2019\/03\/26\/romai-katolikus-templom\/\"]}]},{\"@type\":\"ImageObject\",\"inLanguage\":\"fr-FR\",\"@id\":\"https:\/\/balatonneked.com\/2019\/03\/26\/romai-katolikus-templom\/#primaryimage\",\"url\":\"https:\/\/balatonneked.com\/wp-content\/uploads\/2019\/03\/Andocs_-_templom.jpg\",\"contentUrl\":\"https:\/\/balatonneked.com\/wp-content\/uploads\/2019\/03\/Andocs_-_templom.jpg\",\"width\":480,\"height\":326},{\"@type\":\"BreadcrumbList\",\"@id\":\"https:\/\/balatonneked.com\/2019\/03\/26\/romai-katolikus-templom\/#breadcrumb\",\"itemListElement\":[{\"@type\":\"ListItem\",\"position\":1,\"name\":\"Kezd\u0151lap\",\"item\":\"https:\/\/balatonneked.com\/\"},{\"@type\":\"ListItem\",\"position\":2,\"name\":\"R\u00f3mai katolikus templom\"}]},{\"@type\":\"WebSite\",\"@id\":\"https:\/\/balatonneked.com\/#website\",\"url\":\"https:\/\/balatonneked.com\/\",\"name\":\"BALATON NEKED\",\"description\":\"A Balaton leginformat\u00edvabb magazinja\",\"publisher\":{\"@id\":\"https:\/\/balatonneked.com\/#organization\"},\"potentialAction\":[{\"@type\":\"SearchAction\",\"target\":{\"@type\":\"EntryPoint\",\"urlTemplate\":\"https:\/\/balatonneked.com\/?s={search_term_string}\"},\"query-input\":{\"@type\":\"PropertyValueSpecification\",\"valueRequired\":true,\"valueName\":\"search_term_string\"}}],\"inLanguage\":\"fr-FR\"},{\"@type\":\"Organization\",\"@id\":\"https:\/\/balatonneked.com\/#organization\",\"name\":\"BalatonNeked\",\"url\":\"https:\/\/balatonneked.com\/\",\"logo\":{\"@type\":\"ImageObject\",\"inLanguage\":\"fr-FR\",\"@id\":\"https:\/\/balatonneked.com\/#\/schema\/logo\/image\/\",\"url\":\"https:\/\/balatonneked.com\/wp-content\/uploads\/2019\/05\/bnekedlogo.png\",\"contentUrl\":\"https:\/\/balatonneked.com\/wp-content\/uploads\/2019\/05\/bnekedlogo.png\",\"width\":750,\"height\":750,\"caption\":\"BalatonNeked\"},\"image\":{\"@id\":\"https:\/\/balatonneked.com\/#\/schema\/logo\/image\/\"},\"sameAs\":[\"https:\/\/www.facebook.com\/BalatonNeked\"]},{\"@type\":\"Person\",\"@id\":\"https:\/\/balatonneked.com\/#\/schema\/person\/6abf551dbe3d5531af60e216ef9b16aa\",\"name\":\"-\",\"image\":{\"@type\":\"ImageObject\",\"inLanguage\":\"fr-FR\",\"@id\":\"https:\/\/balatonneked.com\/#\/schema\/person\/image\/\",\"url\":\"https:\/\/secure.gravatar.com\/avatar\/7bcf602c35eea1fdd5dcb5698f42149adc1fb65510ae8b284cdf111a453a6c37?s=96&d=mm&r=g\",\"contentUrl\":\"https:\/\/secure.gravatar.com\/avatar\/7bcf602c35eea1fdd5dcb5698f42149adc1fb65510ae8b284cdf111a453a6c37?s=96&d=mm&r=g\",\"caption\":\"-\"},\"url\":\"https:\/\/balatonneked.com\/fr\/author\/tamasildiko\/\"}]}<\/script>\n<!-- \/ Yoast SEO plugin. -->","yoast_head_json":{"title":"R\u00f3mai katolikus templom - BALATON NEKED","robots":{"index":"index","follow":"follow","max-snippet":"max-snippet:-1","max-image-preview":"max-image-preview:large","max-video-preview":"max-video-preview:-1"},"canonical":"https:\/\/balatonneked.com\/fr\/2019\/03\/26\/romai-katolikus-templom\/","og_locale":"fr_FR","og_type":"article","og_title":"R\u00f3mai katolikus templom - BALATON NEKED","og_description":"Andocs, Szabads\u00e1g t\u00e9r 8. Az andocsi k\u00e1polna m\u00e1r a t\u00f6r\u00f6k h\u00f3dolts\u00e1g idej\u00e9t\u0151l l\u00e1togatott b\u00facs\u00faj\u00e1r\u00f3hely,a h\u00edvek ezr\u00e9vel kerest\u00e9k fel a M\u00e1ria-\u00fcnnepeken,Szent Ferenc \u00e9s Szent Antal napj\u00e1n. A f\u0151b\u00facs\u00fa napja Nagyboldogasszony \u00fcnnep\u00e9n, augusztus 15-\u00e9n v\u00e1lt hagyom\u00e1nny\u00e1. A ferences aty\u00e1k bek\u00f6lt\u00f6z\u00e9s\u00fckkor a templombels\u0151ben egy kopott olt\u00e1ron h\u00e1rom faszobrot tal\u00e1ltak, melyek a Boldogs\u00e1gos Sz\u0171zt, Szent Katalint \u00e9s Szent Dorotty\u00e1t [&hellip;]","og_url":"https:\/\/balatonneked.com\/fr\/2019\/03\/26\/romai-katolikus-templom\/","og_site_name":"BALATON NEKED","article_publisher":"https:\/\/www.facebook.com\/BalatonNeked","article_published_time":"2019-03-26T09:59:10+00:00","og_image":[{"width":480,"height":326,"url":"https:\/\/balatonneked.com\/wp-content\/uploads\/2019\/03\/Andocs_-_templom.jpg","type":"image\/jpeg"}],"author":"-","twitter_card":"summary_large_image","twitter_misc":{"\u00c9crit par":"-","Dur\u00e9e de lecture estim\u00e9e":"3 minutes"},"schema":{"@context":"https:\/\/schema.org","@graph":[{"@type":"Article","@id":"https:\/\/balatonneked.com\/2019\/03\/26\/romai-katolikus-templom\/#article","isPartOf":{"@id":"https:\/\/balatonneked.com\/2019\/03\/26\/romai-katolikus-templom\/"},"author":{"name":"-","@id":"https:\/\/balatonneked.com\/#\/schema\/person\/6abf551dbe3d5531af60e216ef9b16aa"},"headline":"R\u00f3mai katolikus templom","datePublished":"2019-03-26T09:59:10+00:00","mainEntityOfPage":{"@id":"https:\/\/balatonneked.com\/2019\/03\/26\/romai-katolikus-templom\/"},"wordCount":505,"commentCount":0,"publisher":{"@id":"https:\/\/balatonneked.com\/#organization"},"image":{"@id":"https:\/\/balatonneked.com\/2019\/03\/26\/romai-katolikus-templom\/#primaryimage"},"thumbnailUrl":"https:\/\/balatonneked.com\/wp-content\/uploads\/2019\/03\/Andocs_-_templom.jpg","keywords":["Andocs","L\u00e1tnival\u00f3k"],"articleSection":["Andocs","L\u00e1tnival\u00f3k"],"inLanguage":"fr-FR","potentialAction":[{"@type":"CommentAction","name":"Comment","target":["https:\/\/balatonneked.com\/2019\/03\/26\/romai-katolikus-templom\/#respond"]}]},{"@type":"WebPage","@id":"https:\/\/balatonneked.com\/2019\/03\/26\/romai-katolikus-templom\/","url":"https:\/\/balatonneked.com\/2019\/03\/26\/romai-katolikus-templom\/","name":"R\u00f3mai katolikus templom - BALATON NEKED","isPartOf":{"@id":"https:\/\/balatonneked.com\/#website"},"primaryImageOfPage":{"@id":"https:\/\/balatonneked.com\/2019\/03\/26\/romai-katolikus-templom\/#primaryimage"},"image":{"@id":"https:\/\/balatonneked.com\/2019\/03\/26\/romai-katolikus-templom\/#primaryimage"},"thumbnailUrl":"https:\/\/balatonneked.com\/wp-content\/uploads\/2019\/03\/Andocs_-_templom.jpg","datePublished":"2019-03-26T09:59:10+00:00","breadcrumb":{"@id":"https:\/\/balatonneked.com\/2019\/03\/26\/romai-katolikus-templom\/#breadcrumb"},"inLanguage":"fr-FR","potentialAction":[{"@type":"ReadAction","target":["https:\/\/balatonneked.com\/2019\/03\/26\/romai-katolikus-templom\/"]}]},{"@type":"ImageObject","inLanguage":"fr-FR","@id":"https:\/\/balatonneked.com\/2019\/03\/26\/romai-katolikus-templom\/#primaryimage","url":"https:\/\/balatonneked.com\/wp-content\/uploads\/2019\/03\/Andocs_-_templom.jpg","contentUrl":"https:\/\/balatonneked.com\/wp-content\/uploads\/2019\/03\/Andocs_-_templom.jpg","width":480,"height":326},{"@type":"BreadcrumbList","@id":"https:\/\/balatonneked.com\/2019\/03\/26\/romai-katolikus-templom\/#breadcrumb","itemListElement":[{"@type":"ListItem","position":1,"name":"Kezd\u0151lap","item":"https:\/\/balatonneked.com\/"},{"@type":"ListItem","position":2,"name":"R\u00f3mai katolikus templom"}]},{"@type":"WebSite","@id":"https:\/\/balatonneked.com\/#website","url":"https:\/\/balatonneked.com\/","name":"BALATON NEKED","description":"A Balaton leginformat\u00edvabb magazinja","publisher":{"@id":"https:\/\/balatonneked.com\/#organization"},"potentialAction":[{"@type":"SearchAction","target":{"@type":"EntryPoint","urlTemplate":"https:\/\/balatonneked.com\/?s={search_term_string}"},"query-input":{"@type":"PropertyValueSpecification","valueRequired":true,"valueName":"search_term_string"}}],"inLanguage":"fr-FR"},{"@type":"Organization","@id":"https:\/\/balatonneked.com\/#organization","name":"BalatonNeked","url":"https:\/\/balatonneked.com\/","logo":{"@type":"ImageObject","inLanguage":"fr-FR","@id":"https:\/\/balatonneked.com\/#\/schema\/logo\/image\/","url":"https:\/\/balatonneked.com\/wp-content\/uploads\/2019\/05\/bnekedlogo.png","contentUrl":"https:\/\/balatonneked.com\/wp-content\/uploads\/2019\/05\/bnekedlogo.png","width":750,"height":750,"caption":"BalatonNeked"},"image":{"@id":"https:\/\/balatonneked.com\/#\/schema\/logo\/image\/"},"sameAs":["https:\/\/www.facebook.com\/BalatonNeked"]},{"@type":"Person","@id":"https:\/\/balatonneked.com\/#\/schema\/person\/6abf551dbe3d5531af60e216ef9b16aa","name":"-","image":{"@type":"ImageObject","inLanguage":"fr-FR","@id":"https:\/\/balatonneked.com\/#\/schema\/person\/image\/","url":"https:\/\/secure.gravatar.com\/avatar\/7bcf602c35eea1fdd5dcb5698f42149adc1fb65510ae8b284cdf111a453a6c37?s=96&d=mm&r=g","contentUrl":"https:\/\/secure.gravatar.com\/avatar\/7bcf602c35eea1fdd5dcb5698f42149adc1fb65510ae8b284cdf111a453a6c37?s=96&d=mm&r=g","caption":"-"},"url":"https:\/\/balatonneked.com\/fr\/author\/tamasildiko\/"}]}},"_links":{"self":[{"href":"https:\/\/balatonneked.com\/fr\/wp-json\/wp\/v2\/posts\/1817","targetHints":{"allow":["GET"]}}],"collection":[{"href":"https:\/\/balatonneked.com\/fr\/wp-json\/wp\/v2\/posts"}],"about":[{"href":"https:\/\/balatonneked.com\/fr\/wp-json\/wp\/v2\/types\/post"}],"author":[{"embeddable":true,"href":"https:\/\/balatonneked.com\/fr\/wp-json\/wp\/v2\/users\/2"}],"replies":[{"embeddable":true,"href":"https:\/\/balatonneked.com\/fr\/wp-json\/wp\/v2\/comments?post=1817"}],"version-history":[{"count":1,"href":"https:\/\/balatonneked.com\/fr\/wp-json\/wp\/v2\/posts\/1817\/revisions"}],"predecessor-version":[{"id":1819,"href":"https:\/\/balatonneked.com\/fr\/wp-json\/wp\/v2\/posts\/1817\/revisions\/1819"}],"wp:featuredmedia":[{"embeddable":true,"href":"https:\/\/balatonneked.com\/fr\/wp-json\/wp\/v2\/media\/1818"}],"wp:attachment":[{"href":"https:\/\/balatonneked.com\/fr\/wp-json\/wp\/v2\/media?parent=1817"}],"wp:term":[{"taxonomy":"category","embeddable":true,"href":"https:\/\/balatonneked.com\/fr\/wp-json\/wp\/v2\/categories?post=1817"},{"taxonomy":"post_tag","embeddable":true,"href":"https:\/\/balatonneked.com\/fr\/wp-json\/wp\/v2\/tags?post=1817"}],"curies":[{"name":"wp","href":"https:\/\/api.w.org\/{rel}","templated":true}]}}