{"id":1811,"date":"2019-03-26T09:51:29","date_gmt":"2019-03-26T09:51:29","guid":{"rendered":"http:\/\/balatonneked.com\/?p=1811"},"modified":"2019-03-26T09:55:32","modified_gmt":"2019-03-26T09:55:32","slug":"maria-ruhak-muzeuma","status":"publish","type":"post","link":"https:\/\/balatonneked.com\/fr\/2019\/03\/26\/maria-ruhak-muzeuma\/","title":{"rendered":"M\u00e1ria-ruh\u00e1k m\u00fazeuma"},"content":{"rendered":"<p>Andocs, Szabads\u00e1g t\u00e9r 6.<\/p>\n<p>A k\u00f6rny\u00e9ken egyed\u00fcl\u00e1ll\u00f3 gy\u0171jtem\u00e9ny ma m\u00e1r t\u00f6bb mint k\u00e9tsz\u00e1z darabb\u00f3l \u00e1ll\u00f3 &#8222;ruhat\u00e1r&#8221;. Az els\u0151 pal\u00e1stot Sz\u00e9chenyi Katalin gr\u00f3fn\u0151 1747-ben aj\u00e1nd\u00e9kozta a kegyszobornak, p\u00e9ld\u00e1j\u00e1t sokan k\u00f6vett\u00e9k. A m\u00fazeum a M\u00e1ria-kegyszobor templom\u00e1val egybe\u00e9p\u00fclt egykori kolostorban tal\u00e1lhat\u00f3. A M\u00e1ri\u00e1hoz im\u00e1dkoz\u00f3 h\u00edv\u0151k adom\u00e1nyozt\u00e1k a sz\u00ednpomp\u00e1s h\u00edmz\u00e9sekkel (gyakran n\u00e9pies mot\u00edvumokkal) d\u00edsz\u00edtett pal\u00e1stokat. Hagyom\u00e1nny\u00e1 v\u00e1lt a minden p\u00e9ntek d\u00e9lel\u0151tti szobor-\u00a0 \u00f6lt\u00f6ztet\u00e9s. A nagy l\u00e1togatotts\u00e1g miatt n\u00f6velni kellett a kegytemplom b\u00facs\u00fainak sz\u00e1m\u00e1t, ez\u00e9rt van p\u00fcnk\u00f6sdi, nagyboldogasszonyi f\u0151b\u00facs\u00fa, \u0150rangyalok b\u00facs\u00faja, Kisasszony \u00e9s M\u00e1ria nevenapi f\u0151b\u00facs\u00fa, R\u00f3zsaf\u00fcz\u00e9r \u00e9s Magyarok Nagyasszonya napi b\u00facs\u00fa is.<\/p>","protected":false},"excerpt":{"rendered":"<p>Andocs, Szabads\u00e1g t\u00e9r 6. A k\u00f6rny\u00e9ken egyed\u00fcl\u00e1ll\u00f3 gy\u0171jtem\u00e9ny ma m\u00e1r t\u00f6bb mint k\u00e9tsz\u00e1z darabb\u00f3l \u00e1ll\u00f3 &#8222;ruhat\u00e1r&#8221;. Az els\u0151 pal\u00e1stot Sz\u00e9chenyi Katalin gr\u00f3fn\u0151 1747-ben aj\u00e1nd\u00e9kozta a kegyszobornak, p\u00e9ld\u00e1j\u00e1t sokan k\u00f6vett\u00e9k. A m\u00fazeum a M\u00e1ria-kegyszobor templom\u00e1val egybe\u00e9p\u00fclt egykori kolostorban tal\u00e1lhat\u00f3. A M\u00e1ri\u00e1hoz im\u00e1dkoz\u00f3 h\u00edv\u0151k adom\u00e1nyozt\u00e1k a sz\u00ednpomp\u00e1s h\u00edmz\u00e9sekkel (gyakran n\u00e9pies mot\u00edvumokkal) d\u00edsz\u00edtett pal\u00e1stokat. Hagyom\u00e1nny\u00e1 v\u00e1lt a minden [&hellip;]<\/p>","protected":false},"author":2,"featured_media":1813,"comment_status":"open","ping_status":"open","sticky":false,"template":"","format":"standard","meta":{"_acf_changed":false,"footnotes":""},"categories":[152,15],"tags":[153,29],"class_list":["post-1811","post","type-post","status-publish","format-standard","has-post-thumbnail","hentry","category-andocs","category-latnivalok","tag-andocs","tag-latnivalok"],"acf":[],"yoast_head":"<!-- This site is optimized with the Yoast SEO plugin v25.1 - https:\/\/yoast.com\/wordpress\/plugins\/seo\/ -->\n<title>M\u00e1ria-ruh\u00e1k m\u00fazeuma - BALATON NEKED<\/title>\n<meta name=\"robots\" content=\"index, follow, max-snippet:-1, max-image-preview:large, max-video-preview:-1\" \/>\n<link rel=\"canonical\" href=\"https:\/\/balatonneked.com\/fr\/2019\/03\/26\/maria-ruhak-muzeuma\/\" \/>\n<meta property=\"og:locale\" content=\"fr_FR\" \/>\n<meta property=\"og:type\" content=\"article\" \/>\n<meta property=\"og:title\" content=\"M\u00e1ria-ruh\u00e1k m\u00fazeuma - BALATON NEKED\" \/>\n<meta property=\"og:description\" content=\"Andocs, Szabads\u00e1g t\u00e9r 6. A k\u00f6rny\u00e9ken egyed\u00fcl\u00e1ll\u00f3 gy\u0171jtem\u00e9ny ma m\u00e1r t\u00f6bb mint k\u00e9tsz\u00e1z darabb\u00f3l \u00e1ll\u00f3 &#8222;ruhat\u00e1r&#8221;. Az els\u0151 pal\u00e1stot Sz\u00e9chenyi Katalin gr\u00f3fn\u0151 1747-ben aj\u00e1nd\u00e9kozta a kegyszobornak, p\u00e9ld\u00e1j\u00e1t sokan k\u00f6vett\u00e9k. A m\u00fazeum a M\u00e1ria-kegyszobor templom\u00e1val egybe\u00e9p\u00fclt egykori kolostorban tal\u00e1lhat\u00f3. A M\u00e1ri\u00e1hoz im\u00e1dkoz\u00f3 h\u00edv\u0151k adom\u00e1nyozt\u00e1k a sz\u00ednpomp\u00e1s h\u00edmz\u00e9sekkel (gyakran n\u00e9pies mot\u00edvumokkal) d\u00edsz\u00edtett pal\u00e1stokat. Hagyom\u00e1nny\u00e1 v\u00e1lt a minden [&hellip;]\" \/>\n<meta property=\"og:url\" content=\"https:\/\/balatonneked.com\/fr\/2019\/03\/26\/maria-ruhak-muzeuma\/\" \/>\n<meta property=\"og:site_name\" content=\"BALATON NEKED\" \/>\n<meta property=\"article:publisher\" content=\"https:\/\/www.facebook.com\/BalatonNeked\" \/>\n<meta property=\"article:published_time\" content=\"2019-03-26T09:51:29+00:00\" \/>\n<meta property=\"article:modified_time\" content=\"2019-03-26T09:55:32+00:00\" \/>\n<meta property=\"og:image\" content=\"https:\/\/balatonneked.com\/wp-content\/uploads\/2019\/03\/andocs-m\u00fazeum.jpg\" \/>\n\t<meta property=\"og:image:width\" content=\"184\" \/>\n\t<meta property=\"og:image:height\" content=\"138\" \/>\n\t<meta property=\"og:image:type\" content=\"image\/jpeg\" \/>\n<meta name=\"author\" content=\"-\" \/>\n<meta name=\"twitter:card\" content=\"summary_large_image\" \/>\n<meta name=\"twitter:label1\" content=\"\u00c9crit par\" \/>\n\t<meta name=\"twitter:data1\" content=\"-\" \/>\n\t<meta name=\"twitter:label2\" content=\"Dur\u00e9e de lecture estim\u00e9e\" \/>\n\t<meta name=\"twitter:data2\" content=\"1 minute\" \/>\n<script type=\"application\/ld+json\" class=\"yoast-schema-graph\">{\"@context\":\"https:\/\/schema.org\",\"@graph\":[{\"@type\":\"Article\",\"@id\":\"https:\/\/balatonneked.com\/2019\/03\/26\/maria-ruhak-muzeuma\/#article\",\"isPartOf\":{\"@id\":\"https:\/\/balatonneked.com\/2019\/03\/26\/maria-ruhak-muzeuma\/\"},\"author\":{\"name\":\"-\",\"@id\":\"https:\/\/balatonneked.com\/#\/schema\/person\/6abf551dbe3d5531af60e216ef9b16aa\"},\"headline\":\"M\u00e1ria-ruh\u00e1k m\u00fazeuma\",\"datePublished\":\"2019-03-26T09:51:29+00:00\",\"dateModified\":\"2019-03-26T09:55:32+00:00\",\"mainEntityOfPage\":{\"@id\":\"https:\/\/balatonneked.com\/2019\/03\/26\/maria-ruhak-muzeuma\/\"},\"wordCount\":166,\"commentCount\":0,\"publisher\":{\"@id\":\"https:\/\/balatonneked.com\/#organization\"},\"image\":{\"@id\":\"https:\/\/balatonneked.com\/2019\/03\/26\/maria-ruhak-muzeuma\/#primaryimage\"},\"thumbnailUrl\":\"https:\/\/balatonneked.com\/wp-content\/uploads\/2019\/03\/andocs-m\u00fazeum.jpg\",\"keywords\":[\"Andocs\",\"L\u00e1tnival\u00f3k\"],\"articleSection\":[\"Andocs\",\"L\u00e1tnival\u00f3k\"],\"inLanguage\":\"fr-FR\",\"potentialAction\":[{\"@type\":\"CommentAction\",\"name\":\"Comment\",\"target\":[\"https:\/\/balatonneked.com\/2019\/03\/26\/maria-ruhak-muzeuma\/#respond\"]}]},{\"@type\":\"WebPage\",\"@id\":\"https:\/\/balatonneked.com\/2019\/03\/26\/maria-ruhak-muzeuma\/\",\"url\":\"https:\/\/balatonneked.com\/2019\/03\/26\/maria-ruhak-muzeuma\/\",\"name\":\"M\u00e1ria-ruh\u00e1k m\u00fazeuma - BALATON NEKED\",\"isPartOf\":{\"@id\":\"https:\/\/balatonneked.com\/#website\"},\"primaryImageOfPage\":{\"@id\":\"https:\/\/balatonneked.com\/2019\/03\/26\/maria-ruhak-muzeuma\/#primaryimage\"},\"image\":{\"@id\":\"https:\/\/balatonneked.com\/2019\/03\/26\/maria-ruhak-muzeuma\/#primaryimage\"},\"thumbnailUrl\":\"https:\/\/balatonneked.com\/wp-content\/uploads\/2019\/03\/andocs-m\u00fazeum.jpg\",\"datePublished\":\"2019-03-26T09:51:29+00:00\",\"dateModified\":\"2019-03-26T09:55:32+00:00\",\"breadcrumb\":{\"@id\":\"https:\/\/balatonneked.com\/2019\/03\/26\/maria-ruhak-muzeuma\/#breadcrumb\"},\"inLanguage\":\"fr-FR\",\"potentialAction\":[{\"@type\":\"ReadAction\",\"target\":[\"https:\/\/balatonneked.com\/2019\/03\/26\/maria-ruhak-muzeuma\/\"]}]},{\"@type\":\"ImageObject\",\"inLanguage\":\"fr-FR\",\"@id\":\"https:\/\/balatonneked.com\/2019\/03\/26\/maria-ruhak-muzeuma\/#primaryimage\",\"url\":\"https:\/\/balatonneked.com\/wp-content\/uploads\/2019\/03\/andocs-m\u00fazeum.jpg\",\"contentUrl\":\"https:\/\/balatonneked.com\/wp-content\/uploads\/2019\/03\/andocs-m\u00fazeum.jpg\",\"width\":184,\"height\":138},{\"@type\":\"BreadcrumbList\",\"@id\":\"https:\/\/balatonneked.com\/2019\/03\/26\/maria-ruhak-muzeuma\/#breadcrumb\",\"itemListElement\":[{\"@type\":\"ListItem\",\"position\":1,\"name\":\"Kezd\u0151lap\",\"item\":\"https:\/\/balatonneked.com\/\"},{\"@type\":\"ListItem\",\"position\":2,\"name\":\"M\u00e1ria-ruh\u00e1k m\u00fazeuma\"}]},{\"@type\":\"WebSite\",\"@id\":\"https:\/\/balatonneked.com\/#website\",\"url\":\"https:\/\/balatonneked.com\/\",\"name\":\"BALATON NEKED\",\"description\":\"A Balaton leginformat\u00edvabb magazinja\",\"publisher\":{\"@id\":\"https:\/\/balatonneked.com\/#organization\"},\"potentialAction\":[{\"@type\":\"SearchAction\",\"target\":{\"@type\":\"EntryPoint\",\"urlTemplate\":\"https:\/\/balatonneked.com\/?s={search_term_string}\"},\"query-input\":{\"@type\":\"PropertyValueSpecification\",\"valueRequired\":true,\"valueName\":\"search_term_string\"}}],\"inLanguage\":\"fr-FR\"},{\"@type\":\"Organization\",\"@id\":\"https:\/\/balatonneked.com\/#organization\",\"name\":\"BalatonNeked\",\"url\":\"https:\/\/balatonneked.com\/\",\"logo\":{\"@type\":\"ImageObject\",\"inLanguage\":\"fr-FR\",\"@id\":\"https:\/\/balatonneked.com\/#\/schema\/logo\/image\/\",\"url\":\"https:\/\/balatonneked.com\/wp-content\/uploads\/2019\/05\/bnekedlogo.png\",\"contentUrl\":\"https:\/\/balatonneked.com\/wp-content\/uploads\/2019\/05\/bnekedlogo.png\",\"width\":750,\"height\":750,\"caption\":\"BalatonNeked\"},\"image\":{\"@id\":\"https:\/\/balatonneked.com\/#\/schema\/logo\/image\/\"},\"sameAs\":[\"https:\/\/www.facebook.com\/BalatonNeked\"]},{\"@type\":\"Person\",\"@id\":\"https:\/\/balatonneked.com\/#\/schema\/person\/6abf551dbe3d5531af60e216ef9b16aa\",\"name\":\"-\",\"image\":{\"@type\":\"ImageObject\",\"inLanguage\":\"fr-FR\",\"@id\":\"https:\/\/balatonneked.com\/#\/schema\/person\/image\/\",\"url\":\"https:\/\/secure.gravatar.com\/avatar\/7bcf602c35eea1fdd5dcb5698f42149adc1fb65510ae8b284cdf111a453a6c37?s=96&d=mm&r=g\",\"contentUrl\":\"https:\/\/secure.gravatar.com\/avatar\/7bcf602c35eea1fdd5dcb5698f42149adc1fb65510ae8b284cdf111a453a6c37?s=96&d=mm&r=g\",\"caption\":\"-\"},\"url\":\"https:\/\/balatonneked.com\/fr\/author\/tamasildiko\/\"}]}<\/script>\n<!-- \/ Yoast SEO plugin. -->","yoast_head_json":{"title":"M\u00e1ria-ruh\u00e1k m\u00fazeuma - BALATON NEKED","robots":{"index":"index","follow":"follow","max-snippet":"max-snippet:-1","max-image-preview":"max-image-preview:large","max-video-preview":"max-video-preview:-1"},"canonical":"https:\/\/balatonneked.com\/fr\/2019\/03\/26\/maria-ruhak-muzeuma\/","og_locale":"fr_FR","og_type":"article","og_title":"M\u00e1ria-ruh\u00e1k m\u00fazeuma - BALATON NEKED","og_description":"Andocs, Szabads\u00e1g t\u00e9r 6. A k\u00f6rny\u00e9ken egyed\u00fcl\u00e1ll\u00f3 gy\u0171jtem\u00e9ny ma m\u00e1r t\u00f6bb mint k\u00e9tsz\u00e1z darabb\u00f3l \u00e1ll\u00f3 &#8222;ruhat\u00e1r&#8221;. Az els\u0151 pal\u00e1stot Sz\u00e9chenyi Katalin gr\u00f3fn\u0151 1747-ben aj\u00e1nd\u00e9kozta a kegyszobornak, p\u00e9ld\u00e1j\u00e1t sokan k\u00f6vett\u00e9k. A m\u00fazeum a M\u00e1ria-kegyszobor templom\u00e1val egybe\u00e9p\u00fclt egykori kolostorban tal\u00e1lhat\u00f3. A M\u00e1ri\u00e1hoz im\u00e1dkoz\u00f3 h\u00edv\u0151k adom\u00e1nyozt\u00e1k a sz\u00ednpomp\u00e1s h\u00edmz\u00e9sekkel (gyakran n\u00e9pies mot\u00edvumokkal) d\u00edsz\u00edtett pal\u00e1stokat. Hagyom\u00e1nny\u00e1 v\u00e1lt a minden [&hellip;]","og_url":"https:\/\/balatonneked.com\/fr\/2019\/03\/26\/maria-ruhak-muzeuma\/","og_site_name":"BALATON NEKED","article_publisher":"https:\/\/www.facebook.com\/BalatonNeked","article_published_time":"2019-03-26T09:51:29+00:00","article_modified_time":"2019-03-26T09:55:32+00:00","og_image":[{"width":184,"height":138,"url":"https:\/\/balatonneked.com\/wp-content\/uploads\/2019\/03\/andocs-m\u00fazeum.jpg","type":"image\/jpeg"}],"author":"-","twitter_card":"summary_large_image","twitter_misc":{"\u00c9crit par":"-","Dur\u00e9e de lecture estim\u00e9e":"1 minute"},"schema":{"@context":"https:\/\/schema.org","@graph":[{"@type":"Article","@id":"https:\/\/balatonneked.com\/2019\/03\/26\/maria-ruhak-muzeuma\/#article","isPartOf":{"@id":"https:\/\/balatonneked.com\/2019\/03\/26\/maria-ruhak-muzeuma\/"},"author":{"name":"-","@id":"https:\/\/balatonneked.com\/#\/schema\/person\/6abf551dbe3d5531af60e216ef9b16aa"},"headline":"M\u00e1ria-ruh\u00e1k m\u00fazeuma","datePublished":"2019-03-26T09:51:29+00:00","dateModified":"2019-03-26T09:55:32+00:00","mainEntityOfPage":{"@id":"https:\/\/balatonneked.com\/2019\/03\/26\/maria-ruhak-muzeuma\/"},"wordCount":166,"commentCount":0,"publisher":{"@id":"https:\/\/balatonneked.com\/#organization"},"image":{"@id":"https:\/\/balatonneked.com\/2019\/03\/26\/maria-ruhak-muzeuma\/#primaryimage"},"thumbnailUrl":"https:\/\/balatonneked.com\/wp-content\/uploads\/2019\/03\/andocs-m\u00fazeum.jpg","keywords":["Andocs","L\u00e1tnival\u00f3k"],"articleSection":["Andocs","L\u00e1tnival\u00f3k"],"inLanguage":"fr-FR","potentialAction":[{"@type":"CommentAction","name":"Comment","target":["https:\/\/balatonneked.com\/2019\/03\/26\/maria-ruhak-muzeuma\/#respond"]}]},{"@type":"WebPage","@id":"https:\/\/balatonneked.com\/2019\/03\/26\/maria-ruhak-muzeuma\/","url":"https:\/\/balatonneked.com\/2019\/03\/26\/maria-ruhak-muzeuma\/","name":"M\u00e1ria-ruh\u00e1k m\u00fazeuma - BALATON NEKED","isPartOf":{"@id":"https:\/\/balatonneked.com\/#website"},"primaryImageOfPage":{"@id":"https:\/\/balatonneked.com\/2019\/03\/26\/maria-ruhak-muzeuma\/#primaryimage"},"image":{"@id":"https:\/\/balatonneked.com\/2019\/03\/26\/maria-ruhak-muzeuma\/#primaryimage"},"thumbnailUrl":"https:\/\/balatonneked.com\/wp-content\/uploads\/2019\/03\/andocs-m\u00fazeum.jpg","datePublished":"2019-03-26T09:51:29+00:00","dateModified":"2019-03-26T09:55:32+00:00","breadcrumb":{"@id":"https:\/\/balatonneked.com\/2019\/03\/26\/maria-ruhak-muzeuma\/#breadcrumb"},"inLanguage":"fr-FR","potentialAction":[{"@type":"ReadAction","target":["https:\/\/balatonneked.com\/2019\/03\/26\/maria-ruhak-muzeuma\/"]}]},{"@type":"ImageObject","inLanguage":"fr-FR","@id":"https:\/\/balatonneked.com\/2019\/03\/26\/maria-ruhak-muzeuma\/#primaryimage","url":"https:\/\/balatonneked.com\/wp-content\/uploads\/2019\/03\/andocs-m\u00fazeum.jpg","contentUrl":"https:\/\/balatonneked.com\/wp-content\/uploads\/2019\/03\/andocs-m\u00fazeum.jpg","width":184,"height":138},{"@type":"BreadcrumbList","@id":"https:\/\/balatonneked.com\/2019\/03\/26\/maria-ruhak-muzeuma\/#breadcrumb","itemListElement":[{"@type":"ListItem","position":1,"name":"Kezd\u0151lap","item":"https:\/\/balatonneked.com\/"},{"@type":"ListItem","position":2,"name":"M\u00e1ria-ruh\u00e1k m\u00fazeuma"}]},{"@type":"WebSite","@id":"https:\/\/balatonneked.com\/#website","url":"https:\/\/balatonneked.com\/","name":"BALATON NEKED","description":"A Balaton leginformat\u00edvabb magazinja","publisher":{"@id":"https:\/\/balatonneked.com\/#organization"},"potentialAction":[{"@type":"SearchAction","target":{"@type":"EntryPoint","urlTemplate":"https:\/\/balatonneked.com\/?s={search_term_string}"},"query-input":{"@type":"PropertyValueSpecification","valueRequired":true,"valueName":"search_term_string"}}],"inLanguage":"fr-FR"},{"@type":"Organization","@id":"https:\/\/balatonneked.com\/#organization","name":"BalatonNeked","url":"https:\/\/balatonneked.com\/","logo":{"@type":"ImageObject","inLanguage":"fr-FR","@id":"https:\/\/balatonneked.com\/#\/schema\/logo\/image\/","url":"https:\/\/balatonneked.com\/wp-content\/uploads\/2019\/05\/bnekedlogo.png","contentUrl":"https:\/\/balatonneked.com\/wp-content\/uploads\/2019\/05\/bnekedlogo.png","width":750,"height":750,"caption":"BalatonNeked"},"image":{"@id":"https:\/\/balatonneked.com\/#\/schema\/logo\/image\/"},"sameAs":["https:\/\/www.facebook.com\/BalatonNeked"]},{"@type":"Person","@id":"https:\/\/balatonneked.com\/#\/schema\/person\/6abf551dbe3d5531af60e216ef9b16aa","name":"-","image":{"@type":"ImageObject","inLanguage":"fr-FR","@id":"https:\/\/balatonneked.com\/#\/schema\/person\/image\/","url":"https:\/\/secure.gravatar.com\/avatar\/7bcf602c35eea1fdd5dcb5698f42149adc1fb65510ae8b284cdf111a453a6c37?s=96&d=mm&r=g","contentUrl":"https:\/\/secure.gravatar.com\/avatar\/7bcf602c35eea1fdd5dcb5698f42149adc1fb65510ae8b284cdf111a453a6c37?s=96&d=mm&r=g","caption":"-"},"url":"https:\/\/balatonneked.com\/fr\/author\/tamasildiko\/"}]}},"_links":{"self":[{"href":"https:\/\/balatonneked.com\/fr\/wp-json\/wp\/v2\/posts\/1811","targetHints":{"allow":["GET"]}}],"collection":[{"href":"https:\/\/balatonneked.com\/fr\/wp-json\/wp\/v2\/posts"}],"about":[{"href":"https:\/\/balatonneked.com\/fr\/wp-json\/wp\/v2\/types\/post"}],"author":[{"embeddable":true,"href":"https:\/\/balatonneked.com\/fr\/wp-json\/wp\/v2\/users\/2"}],"replies":[{"embeddable":true,"href":"https:\/\/balatonneked.com\/fr\/wp-json\/wp\/v2\/comments?post=1811"}],"version-history":[{"count":3,"href":"https:\/\/balatonneked.com\/fr\/wp-json\/wp\/v2\/posts\/1811\/revisions"}],"predecessor-version":[{"id":1816,"href":"https:\/\/balatonneked.com\/fr\/wp-json\/wp\/v2\/posts\/1811\/revisions\/1816"}],"wp:featuredmedia":[{"embeddable":true,"href":"https:\/\/balatonneked.com\/fr\/wp-json\/wp\/v2\/media\/1813"}],"wp:attachment":[{"href":"https:\/\/balatonneked.com\/fr\/wp-json\/wp\/v2\/media?parent=1811"}],"wp:term":[{"taxonomy":"category","embeddable":true,"href":"https:\/\/balatonneked.com\/fr\/wp-json\/wp\/v2\/categories?post=1811"},{"taxonomy":"post_tag","embeddable":true,"href":"https:\/\/balatonneked.com\/fr\/wp-json\/wp\/v2\/tags?post=1811"}],"curies":[{"name":"wp","href":"https:\/\/api.w.org\/{rel}","templated":true}]}}