{"id":1242,"date":"2018-10-28T18:12:41","date_gmt":"2018-10-28T18:12:41","guid":{"rendered":"http:\/\/balatonneked.com\/?p=1242"},"modified":"2018-10-28T18:12:41","modified_gmt":"2018-10-28T18:12:41","slug":"alsoorsi-boldog-gizella-kiralyne-romai-katolikus-templom","status":"publish","type":"post","link":"https:\/\/balatonneked.com\/fr\/2018\/10\/28\/alsoorsi-boldog-gizella-kiralyne-romai-katolikus-templom\/","title":{"rendered":"Als\u00f3\u00f6rsi Boldog Gizella Kir\u00e1lyn\u00e9 R\u00f3mai Katolikus Templom"},"content":{"rendered":"<div align=\"justify\">Als\u00f3\u00f6rs, Endr\u0151di S\u00e1ndor utca 16-18.<\/div>\n<div align=\"justify\"><\/div>\n<div align=\"justify\">Als\u00f3\u00f6rs r\u00f3mai katolikus h\u00edveit 1799-t\u0151l a paloznaki, 1941-t\u0151l 1945-ig a fels\u0151\u00f6rsi pl\u00e9b\u00e1nia gondozta.<\/p>\n<p>Az egyh\u00e1z 1925-ben telket vett, erre k\u00e1poln\u00e1t emeltek, amelyhez harangl\u00e1b is tartozott.1936-ig sekresty\u00e9t \u00e9s paplak\u00e1st is \u00e9p\u00edtettek. 1945-ben a gyerekek sz\u00e1m\u00e1rnak n\u00f6veked\u00e9se miatt r\u00f3mai katolikus iskol\u00e1t l\u00e9tes\u00edtettek, amelyet helyis\u00e9g hi\u00e1ny\u00e1ban a k\u00e1poln\u00e1ban helyeztek el ideiglenesen oly m\u00f3don, hogy az olt\u00e1rt sz\u00e9tnyithat\u00f3 deszkafallal elz\u00e1rt\u00e1k.<\/p>\n<p>1985-ben elkezd\u0151d\u00f6tt a volt r\u00f3mai katolikus iskola, egyben k\u00e1polna fel\u00faj\u00edt\u00e1sa \u00e9s egyid\u0151ben a r\u00f3mai katolikus templom \u00e9p\u00edt\u00e9se az iskola szomsz\u00e9ds\u00e1g\u00e1ban. A fel\u00faj\u00edt\u00e1s idej\u00e9n az iskola egyik tanterm\u00e9ben folyt az egyh\u00e1zi szertart\u00e1s.<\/p><\/div>\n<div align=\"justify\">2011-ben Boldog Gizella tisztelet\u00e9re templomm\u00e1 szentelte az imatermet a veszpr\u00e9mi \u00e9rsek.<\/div>\n<div align=\"justify\">2015-2016-ban pedig pl\u00e9b\u00e1nia \u00e9p\u00edt\u00e9sre ker\u00fclt sor.<\/div>\n<div align=\"justify\"><\/div>\n<div align=\"justify\">(forr\u00e1s: alsoors.hu)<\/div>","protected":false},"excerpt":{"rendered":"<p>Als\u00f3\u00f6rs, Endr\u0151di S\u00e1ndor utca 16-18. Als\u00f3\u00f6rs r\u00f3mai katolikus h\u00edveit 1799-t\u0151l a paloznaki, 1941-t\u0151l 1945-ig a fels\u0151\u00f6rsi pl\u00e9b\u00e1nia gondozta. Az egyh\u00e1z 1925-ben telket vett, erre k\u00e1poln\u00e1t emeltek, amelyhez harangl\u00e1b is tartozott.1936-ig sekresty\u00e9t \u00e9s paplak\u00e1st is \u00e9p\u00edtettek. 1945-ben a gyerekek sz\u00e1m\u00e1rnak n\u00f6veked\u00e9se miatt r\u00f3mai katolikus iskol\u00e1t l\u00e9tes\u00edtettek, amelyet helyis\u00e9g hi\u00e1ny\u00e1ban a k\u00e1poln\u00e1ban helyeztek el ideiglenesen oly m\u00f3don, [&hellip;]<\/p>","protected":false},"author":2,"featured_media":1243,"comment_status":"open","ping_status":"open","sticky":false,"template":"","format":"standard","meta":{"_acf_changed":false,"footnotes":""},"categories":[32,15],"tags":[33,29],"class_list":["post-1242","post","type-post","status-publish","format-standard","has-post-thumbnail","hentry","category-alsoors","category-latnivalok","tag-alsoors","tag-latnivalok"],"acf":[],"yoast_head":"<!-- This site is optimized with the Yoast SEO plugin v25.1 - https:\/\/yoast.com\/wordpress\/plugins\/seo\/ -->\n<title>Als\u00f3\u00f6rsi Boldog Gizella Kir\u00e1lyn\u00e9 R\u00f3mai Katolikus Templom - BALATON NEKED<\/title>\n<meta name=\"robots\" content=\"index, follow, max-snippet:-1, max-image-preview:large, max-video-preview:-1\" \/>\n<link rel=\"canonical\" href=\"https:\/\/balatonneked.com\/fr\/2018\/10\/28\/alsoorsi-boldog-gizella-kiralyne-romai-katolikus-templom\/\" \/>\n<meta property=\"og:locale\" content=\"fr_FR\" \/>\n<meta property=\"og:type\" content=\"article\" \/>\n<meta property=\"og:title\" content=\"Als\u00f3\u00f6rsi Boldog Gizella Kir\u00e1lyn\u00e9 R\u00f3mai Katolikus Templom - BALATON NEKED\" \/>\n<meta property=\"og:description\" content=\"Als\u00f3\u00f6rs, Endr\u0151di S\u00e1ndor utca 16-18. Als\u00f3\u00f6rs r\u00f3mai katolikus h\u00edveit 1799-t\u0151l a paloznaki, 1941-t\u0151l 1945-ig a fels\u0151\u00f6rsi pl\u00e9b\u00e1nia gondozta. Az egyh\u00e1z 1925-ben telket vett, erre k\u00e1poln\u00e1t emeltek, amelyhez harangl\u00e1b is tartozott.1936-ig sekresty\u00e9t \u00e9s paplak\u00e1st is \u00e9p\u00edtettek. 1945-ben a gyerekek sz\u00e1m\u00e1rnak n\u00f6veked\u00e9se miatt r\u00f3mai katolikus iskol\u00e1t l\u00e9tes\u00edtettek, amelyet helyis\u00e9g hi\u00e1ny\u00e1ban a k\u00e1poln\u00e1ban helyeztek el ideiglenesen oly m\u00f3don, [&hellip;]\" \/>\n<meta property=\"og:url\" content=\"https:\/\/balatonneked.com\/fr\/2018\/10\/28\/alsoorsi-boldog-gizella-kiralyne-romai-katolikus-templom\/\" \/>\n<meta property=\"og:site_name\" content=\"BALATON NEKED\" \/>\n<meta property=\"article:publisher\" content=\"https:\/\/www.facebook.com\/BalatonNeked\" \/>\n<meta property=\"article:published_time\" content=\"2018-10-28T18:12:41+00:00\" \/>\n<meta property=\"og:image\" content=\"https:\/\/balatonneked.com\/wp-content\/uploads\/2018\/10\/R\u00f3mai-Katolikus-templom.jpg\" \/>\n\t<meta property=\"og:image:width\" content=\"800\" \/>\n\t<meta property=\"og:image:height\" content=\"600\" \/>\n\t<meta property=\"og:image:type\" content=\"image\/jpeg\" \/>\n<meta name=\"author\" content=\"-\" \/>\n<meta name=\"twitter:card\" content=\"summary_large_image\" \/>\n<meta name=\"twitter:label1\" content=\"\u00c9crit par\" \/>\n\t<meta name=\"twitter:data1\" content=\"-\" \/>\n\t<meta name=\"twitter:label2\" content=\"Dur\u00e9e de lecture estim\u00e9e\" \/>\n\t<meta name=\"twitter:data2\" content=\"1 minute\" \/>\n<script type=\"application\/ld+json\" class=\"yoast-schema-graph\">{\"@context\":\"https:\/\/schema.org\",\"@graph\":[{\"@type\":\"Article\",\"@id\":\"https:\/\/balatonneked.com\/2018\/10\/28\/alsoorsi-boldog-gizella-kiralyne-romai-katolikus-templom\/#article\",\"isPartOf\":{\"@id\":\"https:\/\/balatonneked.com\/2018\/10\/28\/alsoorsi-boldog-gizella-kiralyne-romai-katolikus-templom\/\"},\"author\":{\"name\":\"-\",\"@id\":\"https:\/\/balatonneked.com\/#\/schema\/person\/6abf551dbe3d5531af60e216ef9b16aa\"},\"headline\":\"Als\u00f3\u00f6rsi Boldog Gizella Kir\u00e1lyn\u00e9 R\u00f3mai Katolikus Templom\",\"datePublished\":\"2018-10-28T18:12:41+00:00\",\"mainEntityOfPage\":{\"@id\":\"https:\/\/balatonneked.com\/2018\/10\/28\/alsoorsi-boldog-gizella-kiralyne-romai-katolikus-templom\/\"},\"wordCount\":189,\"commentCount\":0,\"publisher\":{\"@id\":\"https:\/\/balatonneked.com\/#organization\"},\"image\":{\"@id\":\"https:\/\/balatonneked.com\/2018\/10\/28\/alsoorsi-boldog-gizella-kiralyne-romai-katolikus-templom\/#primaryimage\"},\"thumbnailUrl\":\"https:\/\/balatonneked.com\/wp-content\/uploads\/2018\/10\/R\u00f3mai-Katolikus-templom.jpg\",\"keywords\":[\"Als\u00f3\u00f6rs\",\"L\u00e1tnival\u00f3k\"],\"articleSection\":[\"Als\u00f3\u00f6rs\",\"L\u00e1tnival\u00f3k\"],\"inLanguage\":\"fr-FR\",\"potentialAction\":[{\"@type\":\"CommentAction\",\"name\":\"Comment\",\"target\":[\"https:\/\/balatonneked.com\/2018\/10\/28\/alsoorsi-boldog-gizella-kiralyne-romai-katolikus-templom\/#respond\"]}]},{\"@type\":\"WebPage\",\"@id\":\"https:\/\/balatonneked.com\/2018\/10\/28\/alsoorsi-boldog-gizella-kiralyne-romai-katolikus-templom\/\",\"url\":\"https:\/\/balatonneked.com\/2018\/10\/28\/alsoorsi-boldog-gizella-kiralyne-romai-katolikus-templom\/\",\"name\":\"Als\u00f3\u00f6rsi Boldog Gizella Kir\u00e1lyn\u00e9 R\u00f3mai Katolikus Templom - BALATON NEKED\",\"isPartOf\":{\"@id\":\"https:\/\/balatonneked.com\/#website\"},\"primaryImageOfPage\":{\"@id\":\"https:\/\/balatonneked.com\/2018\/10\/28\/alsoorsi-boldog-gizella-kiralyne-romai-katolikus-templom\/#primaryimage\"},\"image\":{\"@id\":\"https:\/\/balatonneked.com\/2018\/10\/28\/alsoorsi-boldog-gizella-kiralyne-romai-katolikus-templom\/#primaryimage\"},\"thumbnailUrl\":\"https:\/\/balatonneked.com\/wp-content\/uploads\/2018\/10\/R\u00f3mai-Katolikus-templom.jpg\",\"datePublished\":\"2018-10-28T18:12:41+00:00\",\"breadcrumb\":{\"@id\":\"https:\/\/balatonneked.com\/2018\/10\/28\/alsoorsi-boldog-gizella-kiralyne-romai-katolikus-templom\/#breadcrumb\"},\"inLanguage\":\"fr-FR\",\"potentialAction\":[{\"@type\":\"ReadAction\",\"target\":[\"https:\/\/balatonneked.com\/2018\/10\/28\/alsoorsi-boldog-gizella-kiralyne-romai-katolikus-templom\/\"]}]},{\"@type\":\"ImageObject\",\"inLanguage\":\"fr-FR\",\"@id\":\"https:\/\/balatonneked.com\/2018\/10\/28\/alsoorsi-boldog-gizella-kiralyne-romai-katolikus-templom\/#primaryimage\",\"url\":\"https:\/\/balatonneked.com\/wp-content\/uploads\/2018\/10\/R\u00f3mai-Katolikus-templom.jpg\",\"contentUrl\":\"https:\/\/balatonneked.com\/wp-content\/uploads\/2018\/10\/R\u00f3mai-Katolikus-templom.jpg\",\"width\":800,\"height\":600},{\"@type\":\"BreadcrumbList\",\"@id\":\"https:\/\/balatonneked.com\/2018\/10\/28\/alsoorsi-boldog-gizella-kiralyne-romai-katolikus-templom\/#breadcrumb\",\"itemListElement\":[{\"@type\":\"ListItem\",\"position\":1,\"name\":\"Kezd\u0151lap\",\"item\":\"https:\/\/balatonneked.com\/\"},{\"@type\":\"ListItem\",\"position\":2,\"name\":\"Als\u00f3\u00f6rsi Boldog Gizella Kir\u00e1lyn\u00e9 R\u00f3mai Katolikus Templom\"}]},{\"@type\":\"WebSite\",\"@id\":\"https:\/\/balatonneked.com\/#website\",\"url\":\"https:\/\/balatonneked.com\/\",\"name\":\"BALATON NEKED\",\"description\":\"A Balaton leginformat\u00edvabb magazinja\",\"publisher\":{\"@id\":\"https:\/\/balatonneked.com\/#organization\"},\"potentialAction\":[{\"@type\":\"SearchAction\",\"target\":{\"@type\":\"EntryPoint\",\"urlTemplate\":\"https:\/\/balatonneked.com\/?s={search_term_string}\"},\"query-input\":{\"@type\":\"PropertyValueSpecification\",\"valueRequired\":true,\"valueName\":\"search_term_string\"}}],\"inLanguage\":\"fr-FR\"},{\"@type\":\"Organization\",\"@id\":\"https:\/\/balatonneked.com\/#organization\",\"name\":\"BalatonNeked\",\"url\":\"https:\/\/balatonneked.com\/\",\"logo\":{\"@type\":\"ImageObject\",\"inLanguage\":\"fr-FR\",\"@id\":\"https:\/\/balatonneked.com\/#\/schema\/logo\/image\/\",\"url\":\"https:\/\/balatonneked.com\/wp-content\/uploads\/2019\/05\/bnekedlogo.png\",\"contentUrl\":\"https:\/\/balatonneked.com\/wp-content\/uploads\/2019\/05\/bnekedlogo.png\",\"width\":750,\"height\":750,\"caption\":\"BalatonNeked\"},\"image\":{\"@id\":\"https:\/\/balatonneked.com\/#\/schema\/logo\/image\/\"},\"sameAs\":[\"https:\/\/www.facebook.com\/BalatonNeked\"]},{\"@type\":\"Person\",\"@id\":\"https:\/\/balatonneked.com\/#\/schema\/person\/6abf551dbe3d5531af60e216ef9b16aa\",\"name\":\"-\",\"image\":{\"@type\":\"ImageObject\",\"inLanguage\":\"fr-FR\",\"@id\":\"https:\/\/balatonneked.com\/#\/schema\/person\/image\/\",\"url\":\"https:\/\/secure.gravatar.com\/avatar\/7bcf602c35eea1fdd5dcb5698f42149adc1fb65510ae8b284cdf111a453a6c37?s=96&d=mm&r=g\",\"contentUrl\":\"https:\/\/secure.gravatar.com\/avatar\/7bcf602c35eea1fdd5dcb5698f42149adc1fb65510ae8b284cdf111a453a6c37?s=96&d=mm&r=g\",\"caption\":\"-\"},\"url\":\"https:\/\/balatonneked.com\/fr\/author\/tamasildiko\/\"}]}<\/script>\n<!-- \/ Yoast SEO plugin. -->","yoast_head_json":{"title":"Als\u00f3\u00f6rsi Boldog Gizella Kir\u00e1lyn\u00e9 R\u00f3mai Katolikus Templom - BALATON NEKED","robots":{"index":"index","follow":"follow","max-snippet":"max-snippet:-1","max-image-preview":"max-image-preview:large","max-video-preview":"max-video-preview:-1"},"canonical":"https:\/\/balatonneked.com\/fr\/2018\/10\/28\/alsoorsi-boldog-gizella-kiralyne-romai-katolikus-templom\/","og_locale":"fr_FR","og_type":"article","og_title":"Als\u00f3\u00f6rsi Boldog Gizella Kir\u00e1lyn\u00e9 R\u00f3mai Katolikus Templom - BALATON NEKED","og_description":"Als\u00f3\u00f6rs, Endr\u0151di S\u00e1ndor utca 16-18. Als\u00f3\u00f6rs r\u00f3mai katolikus h\u00edveit 1799-t\u0151l a paloznaki, 1941-t\u0151l 1945-ig a fels\u0151\u00f6rsi pl\u00e9b\u00e1nia gondozta. Az egyh\u00e1z 1925-ben telket vett, erre k\u00e1poln\u00e1t emeltek, amelyhez harangl\u00e1b is tartozott.1936-ig sekresty\u00e9t \u00e9s paplak\u00e1st is \u00e9p\u00edtettek. 1945-ben a gyerekek sz\u00e1m\u00e1rnak n\u00f6veked\u00e9se miatt r\u00f3mai katolikus iskol\u00e1t l\u00e9tes\u00edtettek, amelyet helyis\u00e9g hi\u00e1ny\u00e1ban a k\u00e1poln\u00e1ban helyeztek el ideiglenesen oly m\u00f3don, [&hellip;]","og_url":"https:\/\/balatonneked.com\/fr\/2018\/10\/28\/alsoorsi-boldog-gizella-kiralyne-romai-katolikus-templom\/","og_site_name":"BALATON NEKED","article_publisher":"https:\/\/www.facebook.com\/BalatonNeked","article_published_time":"2018-10-28T18:12:41+00:00","og_image":[{"width":800,"height":600,"url":"https:\/\/balatonneked.com\/wp-content\/uploads\/2018\/10\/R\u00f3mai-Katolikus-templom.jpg","type":"image\/jpeg"}],"author":"-","twitter_card":"summary_large_image","twitter_misc":{"\u00c9crit par":"-","Dur\u00e9e de lecture estim\u00e9e":"1 minute"},"schema":{"@context":"https:\/\/schema.org","@graph":[{"@type":"Article","@id":"https:\/\/balatonneked.com\/2018\/10\/28\/alsoorsi-boldog-gizella-kiralyne-romai-katolikus-templom\/#article","isPartOf":{"@id":"https:\/\/balatonneked.com\/2018\/10\/28\/alsoorsi-boldog-gizella-kiralyne-romai-katolikus-templom\/"},"author":{"name":"-","@id":"https:\/\/balatonneked.com\/#\/schema\/person\/6abf551dbe3d5531af60e216ef9b16aa"},"headline":"Als\u00f3\u00f6rsi Boldog Gizella Kir\u00e1lyn\u00e9 R\u00f3mai Katolikus Templom","datePublished":"2018-10-28T18:12:41+00:00","mainEntityOfPage":{"@id":"https:\/\/balatonneked.com\/2018\/10\/28\/alsoorsi-boldog-gizella-kiralyne-romai-katolikus-templom\/"},"wordCount":189,"commentCount":0,"publisher":{"@id":"https:\/\/balatonneked.com\/#organization"},"image":{"@id":"https:\/\/balatonneked.com\/2018\/10\/28\/alsoorsi-boldog-gizella-kiralyne-romai-katolikus-templom\/#primaryimage"},"thumbnailUrl":"https:\/\/balatonneked.com\/wp-content\/uploads\/2018\/10\/R\u00f3mai-Katolikus-templom.jpg","keywords":["Als\u00f3\u00f6rs","L\u00e1tnival\u00f3k"],"articleSection":["Als\u00f3\u00f6rs","L\u00e1tnival\u00f3k"],"inLanguage":"fr-FR","potentialAction":[{"@type":"CommentAction","name":"Comment","target":["https:\/\/balatonneked.com\/2018\/10\/28\/alsoorsi-boldog-gizella-kiralyne-romai-katolikus-templom\/#respond"]}]},{"@type":"WebPage","@id":"https:\/\/balatonneked.com\/2018\/10\/28\/alsoorsi-boldog-gizella-kiralyne-romai-katolikus-templom\/","url":"https:\/\/balatonneked.com\/2018\/10\/28\/alsoorsi-boldog-gizella-kiralyne-romai-katolikus-templom\/","name":"Als\u00f3\u00f6rsi Boldog Gizella Kir\u00e1lyn\u00e9 R\u00f3mai Katolikus Templom - BALATON NEKED","isPartOf":{"@id":"https:\/\/balatonneked.com\/#website"},"primaryImageOfPage":{"@id":"https:\/\/balatonneked.com\/2018\/10\/28\/alsoorsi-boldog-gizella-kiralyne-romai-katolikus-templom\/#primaryimage"},"image":{"@id":"https:\/\/balatonneked.com\/2018\/10\/28\/alsoorsi-boldog-gizella-kiralyne-romai-katolikus-templom\/#primaryimage"},"thumbnailUrl":"https:\/\/balatonneked.com\/wp-content\/uploads\/2018\/10\/R\u00f3mai-Katolikus-templom.jpg","datePublished":"2018-10-28T18:12:41+00:00","breadcrumb":{"@id":"https:\/\/balatonneked.com\/2018\/10\/28\/alsoorsi-boldog-gizella-kiralyne-romai-katolikus-templom\/#breadcrumb"},"inLanguage":"fr-FR","potentialAction":[{"@type":"ReadAction","target":["https:\/\/balatonneked.com\/2018\/10\/28\/alsoorsi-boldog-gizella-kiralyne-romai-katolikus-templom\/"]}]},{"@type":"ImageObject","inLanguage":"fr-FR","@id":"https:\/\/balatonneked.com\/2018\/10\/28\/alsoorsi-boldog-gizella-kiralyne-romai-katolikus-templom\/#primaryimage","url":"https:\/\/balatonneked.com\/wp-content\/uploads\/2018\/10\/R\u00f3mai-Katolikus-templom.jpg","contentUrl":"https:\/\/balatonneked.com\/wp-content\/uploads\/2018\/10\/R\u00f3mai-Katolikus-templom.jpg","width":800,"height":600},{"@type":"BreadcrumbList","@id":"https:\/\/balatonneked.com\/2018\/10\/28\/alsoorsi-boldog-gizella-kiralyne-romai-katolikus-templom\/#breadcrumb","itemListElement":[{"@type":"ListItem","position":1,"name":"Kezd\u0151lap","item":"https:\/\/balatonneked.com\/"},{"@type":"ListItem","position":2,"name":"Als\u00f3\u00f6rsi Boldog Gizella Kir\u00e1lyn\u00e9 R\u00f3mai Katolikus Templom"}]},{"@type":"WebSite","@id":"https:\/\/balatonneked.com\/#website","url":"https:\/\/balatonneked.com\/","name":"BALATON NEKED","description":"A Balaton leginformat\u00edvabb magazinja","publisher":{"@id":"https:\/\/balatonneked.com\/#organization"},"potentialAction":[{"@type":"SearchAction","target":{"@type":"EntryPoint","urlTemplate":"https:\/\/balatonneked.com\/?s={search_term_string}"},"query-input":{"@type":"PropertyValueSpecification","valueRequired":true,"valueName":"search_term_string"}}],"inLanguage":"fr-FR"},{"@type":"Organization","@id":"https:\/\/balatonneked.com\/#organization","name":"BalatonNeked","url":"https:\/\/balatonneked.com\/","logo":{"@type":"ImageObject","inLanguage":"fr-FR","@id":"https:\/\/balatonneked.com\/#\/schema\/logo\/image\/","url":"https:\/\/balatonneked.com\/wp-content\/uploads\/2019\/05\/bnekedlogo.png","contentUrl":"https:\/\/balatonneked.com\/wp-content\/uploads\/2019\/05\/bnekedlogo.png","width":750,"height":750,"caption":"BalatonNeked"},"image":{"@id":"https:\/\/balatonneked.com\/#\/schema\/logo\/image\/"},"sameAs":["https:\/\/www.facebook.com\/BalatonNeked"]},{"@type":"Person","@id":"https:\/\/balatonneked.com\/#\/schema\/person\/6abf551dbe3d5531af60e216ef9b16aa","name":"-","image":{"@type":"ImageObject","inLanguage":"fr-FR","@id":"https:\/\/balatonneked.com\/#\/schema\/person\/image\/","url":"https:\/\/secure.gravatar.com\/avatar\/7bcf602c35eea1fdd5dcb5698f42149adc1fb65510ae8b284cdf111a453a6c37?s=96&d=mm&r=g","contentUrl":"https:\/\/secure.gravatar.com\/avatar\/7bcf602c35eea1fdd5dcb5698f42149adc1fb65510ae8b284cdf111a453a6c37?s=96&d=mm&r=g","caption":"-"},"url":"https:\/\/balatonneked.com\/fr\/author\/tamasildiko\/"}]}},"_links":{"self":[{"href":"https:\/\/balatonneked.com\/fr\/wp-json\/wp\/v2\/posts\/1242","targetHints":{"allow":["GET"]}}],"collection":[{"href":"https:\/\/balatonneked.com\/fr\/wp-json\/wp\/v2\/posts"}],"about":[{"href":"https:\/\/balatonneked.com\/fr\/wp-json\/wp\/v2\/types\/post"}],"author":[{"embeddable":true,"href":"https:\/\/balatonneked.com\/fr\/wp-json\/wp\/v2\/users\/2"}],"replies":[{"embeddable":true,"href":"https:\/\/balatonneked.com\/fr\/wp-json\/wp\/v2\/comments?post=1242"}],"version-history":[{"count":1,"href":"https:\/\/balatonneked.com\/fr\/wp-json\/wp\/v2\/posts\/1242\/revisions"}],"predecessor-version":[{"id":1244,"href":"https:\/\/balatonneked.com\/fr\/wp-json\/wp\/v2\/posts\/1242\/revisions\/1244"}],"wp:featuredmedia":[{"embeddable":true,"href":"https:\/\/balatonneked.com\/fr\/wp-json\/wp\/v2\/media\/1243"}],"wp:attachment":[{"href":"https:\/\/balatonneked.com\/fr\/wp-json\/wp\/v2\/media?parent=1242"}],"wp:term":[{"taxonomy":"category","embeddable":true,"href":"https:\/\/balatonneked.com\/fr\/wp-json\/wp\/v2\/categories?post=1242"},{"taxonomy":"post_tag","embeddable":true,"href":"https:\/\/balatonneked.com\/fr\/wp-json\/wp\/v2\/tags?post=1242"}],"curies":[{"name":"wp","href":"https:\/\/api.w.org\/{rel}","templated":true}]}}