{"id":665,"date":"2018-04-04T13:36:31","date_gmt":"2018-04-04T13:36:31","guid":{"rendered":"http:\/\/balatonfelvidekneked.hu\/?p=665"},"modified":"2018-04-04T13:36:31","modified_gmt":"2018-04-04T13:36:31","slug":"csopak","status":"publish","type":"post","link":"https:\/\/balatonneked.com\/en\/2018\/04\/04\/csopak\/","title":{"rendered":"Csopak"},"content":{"rendered":"<p>Csopak, mint a Balatoni Rivi\u00e9ra egyik kedvelt \u00fcd\u00fcl\u0151helye \u00e9s t\u00f6rt\u00e9nelmi borvid\u00e9ki helysz\u00edn, rendk\u00edv\u00fcli n\u00e9pszer\u0171s\u00e9gre tett szert. A Veszpr\u00e9m fel\u0151l a t\u00f3hoz \u00e9rkez\u0151k a falu fels\u0151 r\u00e9sz\u00e9n megcsod\u00e1lhatj\u00e1k a barokk st\u00edlusban \u00e1t\u00e9p\u00edtett harangtornyot, kellemes hangulat\u00fa k\u00f6rnyezetben. A kedves arc\u00fa n\u00e9pi lak\u00f3h\u00e1zak k\u00f6z\u00f6tt rejt\u0151zik az egykori Balatonk\u00f6vesd telep\u00fcl\u00e9s templom\u00e1nak romja, mely m\u00e1r r\u00e9gebben Csopakkal egyes\u00fclt. A sz\u0151l\u0151m\u0171vel\u00e9s \u00e9s bork\u00e9sz\u00edt\u00e9s hagyom\u00e1nyai \u00e9lnek, ezt bizony\u00edtj\u00e1k a p\u00e9ld\u00e1san m\u0171velt csopaki sz\u0151l\u0151ter\u00fcletek, s a legfontosabb fajt\u00e1ra, az olasz rizlingre \u00e9p\u00edtett eredetv\u00e9delmi rendszer m\u0171k\u00f6dtet\u00e9se.<\/p>\n<p><img decoding=\"async\" class=\"alignnone size-thumbnail wp-image-666\" src=\"http:\/\/balatonfelvidekneked.hu\/wp-content\/uploads\/2018\/04\/csopak-latkepe-pp-150x150.jpg\" alt=\"\" width=\"150\" height=\"150\" \/> <img decoding=\"async\" class=\"alignnone size-thumbnail wp-image-667\" src=\"http:\/\/balatonfelvidekneked.hu\/wp-content\/uploads\/2018\/04\/csopak-kereszt-a-Paloznak-fel\u00e9-vezet\u0151-\u00fat-ment\u00e9n-pp-150x150.jpg\" alt=\"\" width=\"150\" height=\"150\" \/> <img decoding=\"async\" class=\"alignnone size-thumbnail wp-image-668\" src=\"http:\/\/balatonfelvidekneked.hu\/wp-content\/uploads\/2018\/04\/csopak-kovesdi-templomrom-pp-150x150.jpg\" alt=\"\" width=\"150\" height=\"150\" \/> <img loading=\"lazy\" decoding=\"async\" class=\"alignnone size-thumbnail wp-image-669\" src=\"http:\/\/balatonfelvidekneked.hu\/wp-content\/uploads\/2018\/04\/csopak-muemlek-nepi-preshaz-pp-150x150.jpg\" alt=\"\" width=\"150\" height=\"150\" \/> <img loading=\"lazy\" decoding=\"async\" class=\"alignnone size-thumbnail wp-image-670\" src=\"http:\/\/balatonfelvidekneked.hu\/wp-content\/uploads\/2018\/04\/hangulatos-csopak-pp-150x150.jpg\" alt=\"\" width=\"150\" height=\"150\" \/><\/p>","protected":false},"excerpt":{"rendered":"<p>Csopak, mint a Balatoni Rivi\u00e9ra egyik kedvelt \u00fcd\u00fcl\u0151helye \u00e9s t\u00f6rt\u00e9nelmi borvid\u00e9ki helysz\u00edn, rendk\u00edv\u00fcli n\u00e9pszer\u0171s\u00e9gre tett szert. A Veszpr\u00e9m fel\u0151l a t\u00f3hoz \u00e9rkez\u0151k a falu fels\u0151 r\u00e9sz\u00e9n megcsod\u00e1lhatj\u00e1k a barokk st\u00edlusban \u00e1t\u00e9p\u00edtett harangtornyot, kellemes hangulat\u00fa k\u00f6rnyezetben. A kedves arc\u00fa n\u00e9pi lak\u00f3h\u00e1zak k\u00f6z\u00f6tt rejt\u0151zik az egykori Balatonk\u00f6vesd telep\u00fcl\u00e9s templom\u00e1nak romja, mely m\u00e1r r\u00e9gebben Csopakkal egyes\u00fclt. A sz\u0151l\u0151m\u0171vel\u00e9s [&hellip;]<\/p>","protected":false},"author":2,"featured_media":666,"comment_status":"closed","ping_status":"open","sticky":false,"template":"","format":"standard","meta":{"_acf_changed":false,"footnotes":""},"categories":[27],"tags":[],"class_list":["post-665","post","type-post","status-publish","format-standard","has-post-thumbnail","hentry","category-telepulesek"],"acf":[],"yoast_head":"<!-- This site is optimized with the Yoast SEO plugin v25.1 - https:\/\/yoast.com\/wordpress\/plugins\/seo\/ -->\n<title>Csopak - BALATON NEKED<\/title>\n<meta name=\"robots\" content=\"index, follow, max-snippet:-1, max-image-preview:large, max-video-preview:-1\" \/>\n<link rel=\"canonical\" href=\"https:\/\/balatonneked.com\/en\/2018\/04\/04\/csopak\/\" \/>\n<meta property=\"og:locale\" content=\"en_GB\" \/>\n<meta property=\"og:type\" content=\"article\" \/>\n<meta property=\"og:title\" content=\"Csopak - BALATON NEKED\" \/>\n<meta property=\"og:description\" content=\"Csopak, mint a Balatoni Rivi\u00e9ra egyik kedvelt \u00fcd\u00fcl\u0151helye \u00e9s t\u00f6rt\u00e9nelmi borvid\u00e9ki helysz\u00edn, rendk\u00edv\u00fcli n\u00e9pszer\u0171s\u00e9gre tett szert. A Veszpr\u00e9m fel\u0151l a t\u00f3hoz \u00e9rkez\u0151k a falu fels\u0151 r\u00e9sz\u00e9n megcsod\u00e1lhatj\u00e1k a barokk st\u00edlusban \u00e1t\u00e9p\u00edtett harangtornyot, kellemes hangulat\u00fa k\u00f6rnyezetben. A kedves arc\u00fa n\u00e9pi lak\u00f3h\u00e1zak k\u00f6z\u00f6tt rejt\u0151zik az egykori Balatonk\u00f6vesd telep\u00fcl\u00e9s templom\u00e1nak romja, mely m\u00e1r r\u00e9gebben Csopakkal egyes\u00fclt. A sz\u0151l\u0151m\u0171vel\u00e9s [&hellip;]\" \/>\n<meta property=\"og:url\" content=\"https:\/\/balatonneked.com\/en\/2018\/04\/04\/csopak\/\" \/>\n<meta property=\"og:site_name\" content=\"BALATON NEKED\" \/>\n<meta property=\"article:publisher\" content=\"https:\/\/www.facebook.com\/BalatonNeked\" \/>\n<meta property=\"article:published_time\" content=\"2018-04-04T13:36:31+00:00\" \/>\n<meta name=\"author\" content=\"-\" \/>\n<meta name=\"twitter:card\" content=\"summary_large_image\" \/>\n<meta name=\"twitter:label1\" content=\"Written by\" \/>\n\t<meta name=\"twitter:data1\" content=\"-\" \/>\n\t<meta name=\"twitter:label2\" content=\"Estimated reading time\" \/>\n\t<meta name=\"twitter:data2\" content=\"1 minute\" \/>\n<script type=\"application\/ld+json\" class=\"yoast-schema-graph\">{\"@context\":\"https:\/\/schema.org\",\"@graph\":[{\"@type\":\"Article\",\"@id\":\"https:\/\/balatonneked.com\/2018\/04\/04\/csopak\/#article\",\"isPartOf\":{\"@id\":\"https:\/\/balatonneked.com\/2018\/04\/04\/csopak\/\"},\"author\":{\"name\":\"-\",\"@id\":\"https:\/\/balatonneked.com\/#\/schema\/person\/6abf551dbe3d5531af60e216ef9b16aa\"},\"headline\":\"Csopak\",\"datePublished\":\"2018-04-04T13:36:31+00:00\",\"mainEntityOfPage\":{\"@id\":\"https:\/\/balatonneked.com\/2018\/04\/04\/csopak\/\"},\"wordCount\":137,\"publisher\":{\"@id\":\"https:\/\/balatonneked.com\/#organization\"},\"image\":{\"@id\":\"https:\/\/balatonneked.com\/2018\/04\/04\/csopak\/#primaryimage\"},\"thumbnailUrl\":\"\",\"articleSection\":[\"Telep\u00fcl\u00e9sek\"],\"inLanguage\":\"en-GB\"},{\"@type\":\"WebPage\",\"@id\":\"https:\/\/balatonneked.com\/2018\/04\/04\/csopak\/\",\"url\":\"https:\/\/balatonneked.com\/2018\/04\/04\/csopak\/\",\"name\":\"Csopak - BALATON NEKED\",\"isPartOf\":{\"@id\":\"https:\/\/balatonneked.com\/#website\"},\"primaryImageOfPage\":{\"@id\":\"https:\/\/balatonneked.com\/2018\/04\/04\/csopak\/#primaryimage\"},\"image\":{\"@id\":\"https:\/\/balatonneked.com\/2018\/04\/04\/csopak\/#primaryimage\"},\"thumbnailUrl\":\"\",\"datePublished\":\"2018-04-04T13:36:31+00:00\",\"breadcrumb\":{\"@id\":\"https:\/\/balatonneked.com\/2018\/04\/04\/csopak\/#breadcrumb\"},\"inLanguage\":\"en-GB\",\"potentialAction\":[{\"@type\":\"ReadAction\",\"target\":[\"https:\/\/balatonneked.com\/2018\/04\/04\/csopak\/\"]}]},{\"@type\":\"ImageObject\",\"inLanguage\":\"en-GB\",\"@id\":\"https:\/\/balatonneked.com\/2018\/04\/04\/csopak\/#primaryimage\",\"url\":\"\",\"contentUrl\":\"\"},{\"@type\":\"BreadcrumbList\",\"@id\":\"https:\/\/balatonneked.com\/2018\/04\/04\/csopak\/#breadcrumb\",\"itemListElement\":[{\"@type\":\"ListItem\",\"position\":1,\"name\":\"Kezd\u0151lap\",\"item\":\"https:\/\/balatonneked.com\/\"},{\"@type\":\"ListItem\",\"position\":2,\"name\":\"Csopak\"}]},{\"@type\":\"WebSite\",\"@id\":\"https:\/\/balatonneked.com\/#website\",\"url\":\"https:\/\/balatonneked.com\/\",\"name\":\"BALATON NEKED\",\"description\":\"A Balaton leginformat\u00edvabb magazinja\",\"publisher\":{\"@id\":\"https:\/\/balatonneked.com\/#organization\"},\"potentialAction\":[{\"@type\":\"SearchAction\",\"target\":{\"@type\":\"EntryPoint\",\"urlTemplate\":\"https:\/\/balatonneked.com\/?s={search_term_string}\"},\"query-input\":{\"@type\":\"PropertyValueSpecification\",\"valueRequired\":true,\"valueName\":\"search_term_string\"}}],\"inLanguage\":\"en-GB\"},{\"@type\":\"Organization\",\"@id\":\"https:\/\/balatonneked.com\/#organization\",\"name\":\"BalatonNeked\",\"url\":\"https:\/\/balatonneked.com\/\",\"logo\":{\"@type\":\"ImageObject\",\"inLanguage\":\"en-GB\",\"@id\":\"https:\/\/balatonneked.com\/#\/schema\/logo\/image\/\",\"url\":\"https:\/\/balatonneked.com\/wp-content\/uploads\/2019\/05\/bnekedlogo.png\",\"contentUrl\":\"https:\/\/balatonneked.com\/wp-content\/uploads\/2019\/05\/bnekedlogo.png\",\"width\":750,\"height\":750,\"caption\":\"BalatonNeked\"},\"image\":{\"@id\":\"https:\/\/balatonneked.com\/#\/schema\/logo\/image\/\"},\"sameAs\":[\"https:\/\/www.facebook.com\/BalatonNeked\"]},{\"@type\":\"Person\",\"@id\":\"https:\/\/balatonneked.com\/#\/schema\/person\/6abf551dbe3d5531af60e216ef9b16aa\",\"name\":\"-\",\"image\":{\"@type\":\"ImageObject\",\"inLanguage\":\"en-GB\",\"@id\":\"https:\/\/balatonneked.com\/#\/schema\/person\/image\/\",\"url\":\"https:\/\/secure.gravatar.com\/avatar\/7bcf602c35eea1fdd5dcb5698f42149adc1fb65510ae8b284cdf111a453a6c37?s=96&d=mm&r=g\",\"contentUrl\":\"https:\/\/secure.gravatar.com\/avatar\/7bcf602c35eea1fdd5dcb5698f42149adc1fb65510ae8b284cdf111a453a6c37?s=96&d=mm&r=g\",\"caption\":\"-\"},\"url\":\"https:\/\/balatonneked.com\/en\/author\/tamasildiko\/\"}]}<\/script>\n<!-- \/ Yoast SEO plugin. -->","yoast_head_json":{"title":"Csopak - BALATON NEKED","robots":{"index":"index","follow":"follow","max-snippet":"max-snippet:-1","max-image-preview":"max-image-preview:large","max-video-preview":"max-video-preview:-1"},"canonical":"https:\/\/balatonneked.com\/en\/2018\/04\/04\/csopak\/","og_locale":"en_GB","og_type":"article","og_title":"Csopak - BALATON NEKED","og_description":"Csopak, mint a Balatoni Rivi\u00e9ra egyik kedvelt \u00fcd\u00fcl\u0151helye \u00e9s t\u00f6rt\u00e9nelmi borvid\u00e9ki helysz\u00edn, rendk\u00edv\u00fcli n\u00e9pszer\u0171s\u00e9gre tett szert. A Veszpr\u00e9m fel\u0151l a t\u00f3hoz \u00e9rkez\u0151k a falu fels\u0151 r\u00e9sz\u00e9n megcsod\u00e1lhatj\u00e1k a barokk st\u00edlusban \u00e1t\u00e9p\u00edtett harangtornyot, kellemes hangulat\u00fa k\u00f6rnyezetben. A kedves arc\u00fa n\u00e9pi lak\u00f3h\u00e1zak k\u00f6z\u00f6tt rejt\u0151zik az egykori Balatonk\u00f6vesd telep\u00fcl\u00e9s templom\u00e1nak romja, mely m\u00e1r r\u00e9gebben Csopakkal egyes\u00fclt. A sz\u0151l\u0151m\u0171vel\u00e9s [&hellip;]","og_url":"https:\/\/balatonneked.com\/en\/2018\/04\/04\/csopak\/","og_site_name":"BALATON NEKED","article_publisher":"https:\/\/www.facebook.com\/BalatonNeked","article_published_time":"2018-04-04T13:36:31+00:00","author":"-","twitter_card":"summary_large_image","twitter_misc":{"Written by":"-","Estimated reading time":"1 minute"},"schema":{"@context":"https:\/\/schema.org","@graph":[{"@type":"Article","@id":"https:\/\/balatonneked.com\/2018\/04\/04\/csopak\/#article","isPartOf":{"@id":"https:\/\/balatonneked.com\/2018\/04\/04\/csopak\/"},"author":{"name":"-","@id":"https:\/\/balatonneked.com\/#\/schema\/person\/6abf551dbe3d5531af60e216ef9b16aa"},"headline":"Csopak","datePublished":"2018-04-04T13:36:31+00:00","mainEntityOfPage":{"@id":"https:\/\/balatonneked.com\/2018\/04\/04\/csopak\/"},"wordCount":137,"publisher":{"@id":"https:\/\/balatonneked.com\/#organization"},"image":{"@id":"https:\/\/balatonneked.com\/2018\/04\/04\/csopak\/#primaryimage"},"thumbnailUrl":"","articleSection":["Telep\u00fcl\u00e9sek"],"inLanguage":"en-GB"},{"@type":"WebPage","@id":"https:\/\/balatonneked.com\/2018\/04\/04\/csopak\/","url":"https:\/\/balatonneked.com\/2018\/04\/04\/csopak\/","name":"Csopak - BALATON NEKED","isPartOf":{"@id":"https:\/\/balatonneked.com\/#website"},"primaryImageOfPage":{"@id":"https:\/\/balatonneked.com\/2018\/04\/04\/csopak\/#primaryimage"},"image":{"@id":"https:\/\/balatonneked.com\/2018\/04\/04\/csopak\/#primaryimage"},"thumbnailUrl":"","datePublished":"2018-04-04T13:36:31+00:00","breadcrumb":{"@id":"https:\/\/balatonneked.com\/2018\/04\/04\/csopak\/#breadcrumb"},"inLanguage":"en-GB","potentialAction":[{"@type":"ReadAction","target":["https:\/\/balatonneked.com\/2018\/04\/04\/csopak\/"]}]},{"@type":"ImageObject","inLanguage":"en-GB","@id":"https:\/\/balatonneked.com\/2018\/04\/04\/csopak\/#primaryimage","url":"","contentUrl":""},{"@type":"BreadcrumbList","@id":"https:\/\/balatonneked.com\/2018\/04\/04\/csopak\/#breadcrumb","itemListElement":[{"@type":"ListItem","position":1,"name":"Kezd\u0151lap","item":"https:\/\/balatonneked.com\/"},{"@type":"ListItem","position":2,"name":"Csopak"}]},{"@type":"WebSite","@id":"https:\/\/balatonneked.com\/#website","url":"https:\/\/balatonneked.com\/","name":"BALATON NEKED","description":"A Balaton leginformat\u00edvabb magazinja","publisher":{"@id":"https:\/\/balatonneked.com\/#organization"},"potentialAction":[{"@type":"SearchAction","target":{"@type":"EntryPoint","urlTemplate":"https:\/\/balatonneked.com\/?s={search_term_string}"},"query-input":{"@type":"PropertyValueSpecification","valueRequired":true,"valueName":"search_term_string"}}],"inLanguage":"en-GB"},{"@type":"Organization","@id":"https:\/\/balatonneked.com\/#organization","name":"BalatonNeked","url":"https:\/\/balatonneked.com\/","logo":{"@type":"ImageObject","inLanguage":"en-GB","@id":"https:\/\/balatonneked.com\/#\/schema\/logo\/image\/","url":"https:\/\/balatonneked.com\/wp-content\/uploads\/2019\/05\/bnekedlogo.png","contentUrl":"https:\/\/balatonneked.com\/wp-content\/uploads\/2019\/05\/bnekedlogo.png","width":750,"height":750,"caption":"BalatonNeked"},"image":{"@id":"https:\/\/balatonneked.com\/#\/schema\/logo\/image\/"},"sameAs":["https:\/\/www.facebook.com\/BalatonNeked"]},{"@type":"Person","@id":"https:\/\/balatonneked.com\/#\/schema\/person\/6abf551dbe3d5531af60e216ef9b16aa","name":"-","image":{"@type":"ImageObject","inLanguage":"en-GB","@id":"https:\/\/balatonneked.com\/#\/schema\/person\/image\/","url":"https:\/\/secure.gravatar.com\/avatar\/7bcf602c35eea1fdd5dcb5698f42149adc1fb65510ae8b284cdf111a453a6c37?s=96&d=mm&r=g","contentUrl":"https:\/\/secure.gravatar.com\/avatar\/7bcf602c35eea1fdd5dcb5698f42149adc1fb65510ae8b284cdf111a453a6c37?s=96&d=mm&r=g","caption":"-"},"url":"https:\/\/balatonneked.com\/en\/author\/tamasildiko\/"}]}},"_links":{"self":[{"href":"https:\/\/balatonneked.com\/en\/wp-json\/wp\/v2\/posts\/665","targetHints":{"allow":["GET"]}}],"collection":[{"href":"https:\/\/balatonneked.com\/en\/wp-json\/wp\/v2\/posts"}],"about":[{"href":"https:\/\/balatonneked.com\/en\/wp-json\/wp\/v2\/types\/post"}],"author":[{"embeddable":true,"href":"https:\/\/balatonneked.com\/en\/wp-json\/wp\/v2\/users\/2"}],"replies":[{"embeddable":true,"href":"https:\/\/balatonneked.com\/en\/wp-json\/wp\/v2\/comments?post=665"}],"version-history":[{"count":0,"href":"https:\/\/balatonneked.com\/en\/wp-json\/wp\/v2\/posts\/665\/revisions"}],"wp:featuredmedia":[{"embeddable":true,"href":"https:\/\/balatonneked.com\/en\/wp-json\/"}],"wp:attachment":[{"href":"https:\/\/balatonneked.com\/en\/wp-json\/wp\/v2\/media?parent=665"}],"wp:term":[{"taxonomy":"category","embeddable":true,"href":"https:\/\/balatonneked.com\/en\/wp-json\/wp\/v2\/categories?post=665"},{"taxonomy":"post_tag","embeddable":true,"href":"https:\/\/balatonneked.com\/en\/wp-json\/wp\/v2\/tags?post=665"}],"curies":[{"name":"wp","href":"https:\/\/api.w.org\/{rel}","templated":true}]}}