{"id":5334,"date":"2023-10-02T19:17:59","date_gmt":"2023-10-02T18:17:59","guid":{"rendered":"https:\/\/balatonneked.com\/?p=5334"},"modified":"2023-10-02T19:18:01","modified_gmt":"2023-10-02T18:18:01","slug":"oszi-noi-elvonulas-zankan","status":"publish","type":"post","link":"https:\/\/balatonneked.com\/en\/2023\/10\/02\/oszi-noi-elvonulas-zankan\/","title":{"rendered":"\u0150szi N\u0151i Elvonul\u00e1s &#8211; Z\u00e1nk\u00e1n"},"content":{"rendered":"<p>Az \u201e\u0150szi N\u0151i Elvonul\u00e1s\u201d-t k\u00f6zk\u00edv\u00e1natra a Balatonn\u00e1l tartjuk!&nbsp;<img decoding=\"async\" height=\"16\" width=\"16\" alt=\"\ud83d\ude42\" src=\"https:\/\/static.xx.fbcdn.net\/images\/emoji.php\/v9\/ta5\/1.5\/16\/1f642.png\">&nbsp;Ott a helyed, ha \u00fagy \u00e9rzed, hogy semmire sincs id\u0151d, a nagy rohan\u00e1sban gyakran m\u00e1r a saj\u00e1t gondolataidat sem hallod. Vel\u00fcnk, a t\u00e1mogat\u00f3, nyugodt k\u00f6rnyezetben lelassulhatsz p\u00e1r napra, \u00e9s testre, l\u00e9lekre, szellemre hangol\u00f3dva a n\u0151i k\u00f6r erej\u00e9b\u0151l mer\u00edtkezve felt\u00f6lt\u0151dhetsz.<br>Az elvonul\u00e1sunk helysz\u00edne Z\u00e1nka, a r\u00e9szletes programokr\u00f3l \u00e9rdekl\u0151dj az info@kecskesandrea.hu e-mail c\u00edmen, vagy b\u00e1rmely \u00e1ltalad ismert el\u00e9rhet\u0151s\u00e9gemen!<br>Jelentkez\u00e9s:&nbsp;<a href=\"https:\/\/forms.gle\/ebnHfpLsSdbEwNNn9?fbclid=IwAR1R4-IZfc7VVvUkHl1FJZewzlLHlTV734ppDSDtEd10M2SA4hP8OZTyADM\" rel=\"noreferrer noopener\" target=\"_blank\">https:\/\/forms.gle\/ebnHfpLsSdbEwNNn9<\/a><\/p><figure class=\"wp-block-gallery has-nested-images columns-default is-cropped wp-block-gallery-1 is-layout-flex wp-block-gallery-is-layout-flex\"><figure class=\"wp-block-image size-large\"><img fetchpriority=\"high\" decoding=\"async\" width=\"960\" height=\"768\" data-id=\"5335\" src=\"https:\/\/balatonneked.com\/wp-content\/uploads\/2023\/10\/10.02.jpg\" alt=\"\" class=\"wp-image-5335\" srcset=\"https:\/\/balatonneked.com\/wp-content\/uploads\/2023\/10\/10.02.jpg 960w, https:\/\/balatonneked.com\/wp-content\/uploads\/2023\/10\/10.02-300x240.jpg 300w, https:\/\/balatonneked.com\/wp-content\/uploads\/2023\/10\/10.02-768x614.jpg 768w, https:\/\/balatonneked.com\/wp-content\/uploads\/2023\/10\/10.02-600x480.jpg 600w\" sizes=\"(max-width: 960px) 100vw, 960px\" \/><\/figure><\/figure>","protected":false},"excerpt":{"rendered":"<p>Az \u201e\u0150szi N\u0151i Elvonul\u00e1s\u201d-t k\u00f6zk\u00edv\u00e1natra a Balatonn\u00e1l tartjuk!&nbsp;&nbsp;Ott a helyed, ha \u00fagy \u00e9rzed, hogy semmire sincs id\u0151d, a nagy rohan\u00e1sban gyakran m\u00e1r a saj\u00e1t gondolataidat sem hallod. Vel\u00fcnk, a t\u00e1mogat\u00f3, nyugodt k\u00f6rnyezetben lelassulhatsz p\u00e1r napra, \u00e9s testre, l\u00e9lekre, szellemre hangol\u00f3dva a n\u0151i k\u00f6r erej\u00e9b\u0151l mer\u00edtkezve felt\u00f6lt\u0151dhetsz.Az elvonul\u00e1sunk helysz\u00edne Z\u00e1nka, a r\u00e9szletes programokr\u00f3l \u00e9rdekl\u0151dj az info@kecskesandrea.hu [&hellip;]<\/p>","protected":false},"author":1,"featured_media":0,"comment_status":"open","ping_status":"open","sticky":false,"template":"","format":"standard","meta":{"_acf_changed":false,"footnotes":""},"categories":[255],"tags":[],"class_list":["post-5334","post","type-post","status-publish","format-standard","hentry","category-balaton"],"acf":[],"yoast_head":"<!-- This site is optimized with the Yoast SEO plugin v25.1 - https:\/\/yoast.com\/wordpress\/plugins\/seo\/ -->\n<title>\u0150szi N\u0151i Elvonul\u00e1s - Z\u00e1nk\u00e1n - BALATON NEKED<\/title>\n<meta name=\"robots\" content=\"index, follow, max-snippet:-1, max-image-preview:large, max-video-preview:-1\" \/>\n<link rel=\"canonical\" href=\"https:\/\/balatonneked.com\/en\/2023\/10\/02\/oszi-noi-elvonulas-zankan\/\" \/>\n<meta property=\"og:locale\" content=\"en_GB\" \/>\n<meta property=\"og:type\" content=\"article\" \/>\n<meta property=\"og:title\" content=\"\u0150szi N\u0151i Elvonul\u00e1s - Z\u00e1nk\u00e1n - BALATON NEKED\" \/>\n<meta property=\"og:description\" content=\"Az \u201e\u0150szi N\u0151i Elvonul\u00e1s\u201d-t k\u00f6zk\u00edv\u00e1natra a Balatonn\u00e1l tartjuk!&nbsp;&nbsp;Ott a helyed, ha \u00fagy \u00e9rzed, hogy semmire sincs id\u0151d, a nagy rohan\u00e1sban gyakran m\u00e1r a saj\u00e1t gondolataidat sem hallod. Vel\u00fcnk, a t\u00e1mogat\u00f3, nyugodt k\u00f6rnyezetben lelassulhatsz p\u00e1r napra, \u00e9s testre, l\u00e9lekre, szellemre hangol\u00f3dva a n\u0151i k\u00f6r erej\u00e9b\u0151l mer\u00edtkezve felt\u00f6lt\u0151dhetsz.Az elvonul\u00e1sunk helysz\u00edne Z\u00e1nka, a r\u00e9szletes programokr\u00f3l \u00e9rdekl\u0151dj az info@kecskesandrea.hu [&hellip;]\" \/>\n<meta property=\"og:url\" content=\"https:\/\/balatonneked.com\/en\/2023\/10\/02\/oszi-noi-elvonulas-zankan\/\" \/>\n<meta property=\"og:site_name\" content=\"BALATON NEKED\" \/>\n<meta property=\"article:publisher\" content=\"https:\/\/www.facebook.com\/BalatonNeked\" \/>\n<meta property=\"article:published_time\" content=\"2023-10-02T18:17:59+00:00\" \/>\n<meta property=\"article:modified_time\" content=\"2023-10-02T18:18:01+00:00\" \/>\n<meta property=\"og:image\" content=\"https:\/\/static.xx.fbcdn.net\/images\/emoji.php\/v9\/ta5\/1.5\/16\/1f642.png\" \/>\n<meta name=\"author\" content=\"Csilla\" \/>\n<meta name=\"twitter:card\" content=\"summary_large_image\" \/>\n<meta name=\"twitter:label1\" content=\"Written by\" \/>\n\t<meta name=\"twitter:data1\" content=\"Csilla\" \/>\n\t<meta name=\"twitter:label2\" content=\"Estimated reading time\" \/>\n\t<meta name=\"twitter:data2\" content=\"1 minute\" \/>\n<script type=\"application\/ld+json\" class=\"yoast-schema-graph\">{\"@context\":\"https:\/\/schema.org\",\"@graph\":[{\"@type\":\"Article\",\"@id\":\"https:\/\/balatonneked.com\/2023\/10\/02\/oszi-noi-elvonulas-zankan\/#article\",\"isPartOf\":{\"@id\":\"https:\/\/balatonneked.com\/2023\/10\/02\/oszi-noi-elvonulas-zankan\/\"},\"author\":{\"name\":\"Csilla\",\"@id\":\"https:\/\/balatonneked.com\/#\/schema\/person\/e872a2bb920e6daab47d667be3035245\"},\"headline\":\"\u0150szi N\u0151i Elvonul\u00e1s &#8211; Z\u00e1nk\u00e1n\",\"datePublished\":\"2023-10-02T18:17:59+00:00\",\"dateModified\":\"2023-10-02T18:18:01+00:00\",\"mainEntityOfPage\":{\"@id\":\"https:\/\/balatonneked.com\/2023\/10\/02\/oszi-noi-elvonulas-zankan\/\"},\"wordCount\":119,\"commentCount\":0,\"publisher\":{\"@id\":\"https:\/\/balatonneked.com\/#organization\"},\"image\":{\"@id\":\"https:\/\/balatonneked.com\/2023\/10\/02\/oszi-noi-elvonulas-zankan\/#primaryimage\"},\"thumbnailUrl\":\"https:\/\/static.xx.fbcdn.net\/images\/emoji.php\/v9\/ta5\/1.5\/16\/1f642.png\",\"articleSection\":[\"Balaton\"],\"inLanguage\":\"en-GB\",\"potentialAction\":[{\"@type\":\"CommentAction\",\"name\":\"Comment\",\"target\":[\"https:\/\/balatonneked.com\/2023\/10\/02\/oszi-noi-elvonulas-zankan\/#respond\"]}]},{\"@type\":\"WebPage\",\"@id\":\"https:\/\/balatonneked.com\/2023\/10\/02\/oszi-noi-elvonulas-zankan\/\",\"url\":\"https:\/\/balatonneked.com\/2023\/10\/02\/oszi-noi-elvonulas-zankan\/\",\"name\":\"\u0150szi N\u0151i Elvonul\u00e1s - Z\u00e1nk\u00e1n - BALATON NEKED\",\"isPartOf\":{\"@id\":\"https:\/\/balatonneked.com\/#website\"},\"primaryImageOfPage\":{\"@id\":\"https:\/\/balatonneked.com\/2023\/10\/02\/oszi-noi-elvonulas-zankan\/#primaryimage\"},\"image\":{\"@id\":\"https:\/\/balatonneked.com\/2023\/10\/02\/oszi-noi-elvonulas-zankan\/#primaryimage\"},\"thumbnailUrl\":\"https:\/\/static.xx.fbcdn.net\/images\/emoji.php\/v9\/ta5\/1.5\/16\/1f642.png\",\"datePublished\":\"2023-10-02T18:17:59+00:00\",\"dateModified\":\"2023-10-02T18:18:01+00:00\",\"breadcrumb\":{\"@id\":\"https:\/\/balatonneked.com\/2023\/10\/02\/oszi-noi-elvonulas-zankan\/#breadcrumb\"},\"inLanguage\":\"en-GB\",\"potentialAction\":[{\"@type\":\"ReadAction\",\"target\":[\"https:\/\/balatonneked.com\/2023\/10\/02\/oszi-noi-elvonulas-zankan\/\"]}]},{\"@type\":\"ImageObject\",\"inLanguage\":\"en-GB\",\"@id\":\"https:\/\/balatonneked.com\/2023\/10\/02\/oszi-noi-elvonulas-zankan\/#primaryimage\",\"url\":\"https:\/\/static.xx.fbcdn.net\/images\/emoji.php\/v9\/ta5\/1.5\/16\/1f642.png\",\"contentUrl\":\"https:\/\/static.xx.fbcdn.net\/images\/emoji.php\/v9\/ta5\/1.5\/16\/1f642.png\"},{\"@type\":\"BreadcrumbList\",\"@id\":\"https:\/\/balatonneked.com\/2023\/10\/02\/oszi-noi-elvonulas-zankan\/#breadcrumb\",\"itemListElement\":[{\"@type\":\"ListItem\",\"position\":1,\"name\":\"Kezd\u0151lap\",\"item\":\"https:\/\/balatonneked.com\/\"},{\"@type\":\"ListItem\",\"position\":2,\"name\":\"\u0150szi N\u0151i Elvonul\u00e1s &#8211; Z\u00e1nk\u00e1n\"}]},{\"@type\":\"WebSite\",\"@id\":\"https:\/\/balatonneked.com\/#website\",\"url\":\"https:\/\/balatonneked.com\/\",\"name\":\"BALATON NEKED\",\"description\":\"A Balaton leginformat\u00edvabb magazinja\",\"publisher\":{\"@id\":\"https:\/\/balatonneked.com\/#organization\"},\"potentialAction\":[{\"@type\":\"SearchAction\",\"target\":{\"@type\":\"EntryPoint\",\"urlTemplate\":\"https:\/\/balatonneked.com\/?s={search_term_string}\"},\"query-input\":{\"@type\":\"PropertyValueSpecification\",\"valueRequired\":true,\"valueName\":\"search_term_string\"}}],\"inLanguage\":\"en-GB\"},{\"@type\":\"Organization\",\"@id\":\"https:\/\/balatonneked.com\/#organization\",\"name\":\"BalatonNeked\",\"url\":\"https:\/\/balatonneked.com\/\",\"logo\":{\"@type\":\"ImageObject\",\"inLanguage\":\"en-GB\",\"@id\":\"https:\/\/balatonneked.com\/#\/schema\/logo\/image\/\",\"url\":\"https:\/\/balatonneked.com\/wp-content\/uploads\/2019\/05\/bnekedlogo.png\",\"contentUrl\":\"https:\/\/balatonneked.com\/wp-content\/uploads\/2019\/05\/bnekedlogo.png\",\"width\":750,\"height\":750,\"caption\":\"BalatonNeked\"},\"image\":{\"@id\":\"https:\/\/balatonneked.com\/#\/schema\/logo\/image\/\"},\"sameAs\":[\"https:\/\/www.facebook.com\/BalatonNeked\"]},{\"@type\":\"Person\",\"@id\":\"https:\/\/balatonneked.com\/#\/schema\/person\/e872a2bb920e6daab47d667be3035245\",\"name\":\"Csilla\",\"image\":{\"@type\":\"ImageObject\",\"inLanguage\":\"en-GB\",\"@id\":\"https:\/\/balatonneked.com\/#\/schema\/person\/image\/\",\"url\":\"https:\/\/balatonneked.com\/wp-content\/uploads\/2022\/05\/Feher-Csilla-Balaton-Neked-100x100.png\",\"contentUrl\":\"https:\/\/balatonneked.com\/wp-content\/uploads\/2022\/05\/Feher-Csilla-Balaton-Neked-100x100.png\",\"caption\":\"Csilla\"},\"description\":\"A BalatonNeked Magazin meg\u00e1lmod\u00f3ja \u00e9s tulajdonosa.\",\"url\":\"https:\/\/balatonneked.com\/en\/author\/admin\/\"}]}<\/script>\n<!-- \/ Yoast SEO plugin. -->","yoast_head_json":{"title":"\u0150szi N\u0151i Elvonul\u00e1s - Z\u00e1nk\u00e1n - BALATON NEKED","robots":{"index":"index","follow":"follow","max-snippet":"max-snippet:-1","max-image-preview":"max-image-preview:large","max-video-preview":"max-video-preview:-1"},"canonical":"https:\/\/balatonneked.com\/en\/2023\/10\/02\/oszi-noi-elvonulas-zankan\/","og_locale":"en_GB","og_type":"article","og_title":"\u0150szi N\u0151i Elvonul\u00e1s - Z\u00e1nk\u00e1n - BALATON NEKED","og_description":"Az \u201e\u0150szi N\u0151i Elvonul\u00e1s\u201d-t k\u00f6zk\u00edv\u00e1natra a Balatonn\u00e1l tartjuk!&nbsp;&nbsp;Ott a helyed, ha \u00fagy \u00e9rzed, hogy semmire sincs id\u0151d, a nagy rohan\u00e1sban gyakran m\u00e1r a saj\u00e1t gondolataidat sem hallod. Vel\u00fcnk, a t\u00e1mogat\u00f3, nyugodt k\u00f6rnyezetben lelassulhatsz p\u00e1r napra, \u00e9s testre, l\u00e9lekre, szellemre hangol\u00f3dva a n\u0151i k\u00f6r erej\u00e9b\u0151l mer\u00edtkezve felt\u00f6lt\u0151dhetsz.Az elvonul\u00e1sunk helysz\u00edne Z\u00e1nka, a r\u00e9szletes programokr\u00f3l \u00e9rdekl\u0151dj az info@kecskesandrea.hu [&hellip;]","og_url":"https:\/\/balatonneked.com\/en\/2023\/10\/02\/oszi-noi-elvonulas-zankan\/","og_site_name":"BALATON NEKED","article_publisher":"https:\/\/www.facebook.com\/BalatonNeked","article_published_time":"2023-10-02T18:17:59+00:00","article_modified_time":"2023-10-02T18:18:01+00:00","og_image":[{"url":"https:\/\/static.xx.fbcdn.net\/images\/emoji.php\/v9\/ta5\/1.5\/16\/1f642.png","type":"","width":"","height":""}],"author":"Csilla","twitter_card":"summary_large_image","twitter_misc":{"Written by":"Csilla","Estimated reading time":"1 minute"},"schema":{"@context":"https:\/\/schema.org","@graph":[{"@type":"Article","@id":"https:\/\/balatonneked.com\/2023\/10\/02\/oszi-noi-elvonulas-zankan\/#article","isPartOf":{"@id":"https:\/\/balatonneked.com\/2023\/10\/02\/oszi-noi-elvonulas-zankan\/"},"author":{"name":"Csilla","@id":"https:\/\/balatonneked.com\/#\/schema\/person\/e872a2bb920e6daab47d667be3035245"},"headline":"\u0150szi N\u0151i Elvonul\u00e1s &#8211; Z\u00e1nk\u00e1n","datePublished":"2023-10-02T18:17:59+00:00","dateModified":"2023-10-02T18:18:01+00:00","mainEntityOfPage":{"@id":"https:\/\/balatonneked.com\/2023\/10\/02\/oszi-noi-elvonulas-zankan\/"},"wordCount":119,"commentCount":0,"publisher":{"@id":"https:\/\/balatonneked.com\/#organization"},"image":{"@id":"https:\/\/balatonneked.com\/2023\/10\/02\/oszi-noi-elvonulas-zankan\/#primaryimage"},"thumbnailUrl":"https:\/\/static.xx.fbcdn.net\/images\/emoji.php\/v9\/ta5\/1.5\/16\/1f642.png","articleSection":["Balaton"],"inLanguage":"en-GB","potentialAction":[{"@type":"CommentAction","name":"Comment","target":["https:\/\/balatonneked.com\/2023\/10\/02\/oszi-noi-elvonulas-zankan\/#respond"]}]},{"@type":"WebPage","@id":"https:\/\/balatonneked.com\/2023\/10\/02\/oszi-noi-elvonulas-zankan\/","url":"https:\/\/balatonneked.com\/2023\/10\/02\/oszi-noi-elvonulas-zankan\/","name":"\u0150szi N\u0151i Elvonul\u00e1s - Z\u00e1nk\u00e1n - BALATON NEKED","isPartOf":{"@id":"https:\/\/balatonneked.com\/#website"},"primaryImageOfPage":{"@id":"https:\/\/balatonneked.com\/2023\/10\/02\/oszi-noi-elvonulas-zankan\/#primaryimage"},"image":{"@id":"https:\/\/balatonneked.com\/2023\/10\/02\/oszi-noi-elvonulas-zankan\/#primaryimage"},"thumbnailUrl":"https:\/\/static.xx.fbcdn.net\/images\/emoji.php\/v9\/ta5\/1.5\/16\/1f642.png","datePublished":"2023-10-02T18:17:59+00:00","dateModified":"2023-10-02T18:18:01+00:00","breadcrumb":{"@id":"https:\/\/balatonneked.com\/2023\/10\/02\/oszi-noi-elvonulas-zankan\/#breadcrumb"},"inLanguage":"en-GB","potentialAction":[{"@type":"ReadAction","target":["https:\/\/balatonneked.com\/2023\/10\/02\/oszi-noi-elvonulas-zankan\/"]}]},{"@type":"ImageObject","inLanguage":"en-GB","@id":"https:\/\/balatonneked.com\/2023\/10\/02\/oszi-noi-elvonulas-zankan\/#primaryimage","url":"https:\/\/static.xx.fbcdn.net\/images\/emoji.php\/v9\/ta5\/1.5\/16\/1f642.png","contentUrl":"https:\/\/static.xx.fbcdn.net\/images\/emoji.php\/v9\/ta5\/1.5\/16\/1f642.png"},{"@type":"BreadcrumbList","@id":"https:\/\/balatonneked.com\/2023\/10\/02\/oszi-noi-elvonulas-zankan\/#breadcrumb","itemListElement":[{"@type":"ListItem","position":1,"name":"Kezd\u0151lap","item":"https:\/\/balatonneked.com\/"},{"@type":"ListItem","position":2,"name":"\u0150szi N\u0151i Elvonul\u00e1s &#8211; Z\u00e1nk\u00e1n"}]},{"@type":"WebSite","@id":"https:\/\/balatonneked.com\/#website","url":"https:\/\/balatonneked.com\/","name":"BALATON NEKED","description":"A Balaton leginformat\u00edvabb magazinja","publisher":{"@id":"https:\/\/balatonneked.com\/#organization"},"potentialAction":[{"@type":"SearchAction","target":{"@type":"EntryPoint","urlTemplate":"https:\/\/balatonneked.com\/?s={search_term_string}"},"query-input":{"@type":"PropertyValueSpecification","valueRequired":true,"valueName":"search_term_string"}}],"inLanguage":"en-GB"},{"@type":"Organization","@id":"https:\/\/balatonneked.com\/#organization","name":"BalatonNeked","url":"https:\/\/balatonneked.com\/","logo":{"@type":"ImageObject","inLanguage":"en-GB","@id":"https:\/\/balatonneked.com\/#\/schema\/logo\/image\/","url":"https:\/\/balatonneked.com\/wp-content\/uploads\/2019\/05\/bnekedlogo.png","contentUrl":"https:\/\/balatonneked.com\/wp-content\/uploads\/2019\/05\/bnekedlogo.png","width":750,"height":750,"caption":"BalatonNeked"},"image":{"@id":"https:\/\/balatonneked.com\/#\/schema\/logo\/image\/"},"sameAs":["https:\/\/www.facebook.com\/BalatonNeked"]},{"@type":"Person","@id":"https:\/\/balatonneked.com\/#\/schema\/person\/e872a2bb920e6daab47d667be3035245","name":"Csilla","image":{"@type":"ImageObject","inLanguage":"en-GB","@id":"https:\/\/balatonneked.com\/#\/schema\/person\/image\/","url":"https:\/\/balatonneked.com\/wp-content\/uploads\/2022\/05\/Feher-Csilla-Balaton-Neked-100x100.png","contentUrl":"https:\/\/balatonneked.com\/wp-content\/uploads\/2022\/05\/Feher-Csilla-Balaton-Neked-100x100.png","caption":"Csilla"},"description":"A BalatonNeked Magazin meg\u00e1lmod\u00f3ja \u00e9s tulajdonosa.","url":"https:\/\/balatonneked.com\/en\/author\/admin\/"}]}},"_links":{"self":[{"href":"https:\/\/balatonneked.com\/en\/wp-json\/wp\/v2\/posts\/5334","targetHints":{"allow":["GET"]}}],"collection":[{"href":"https:\/\/balatonneked.com\/en\/wp-json\/wp\/v2\/posts"}],"about":[{"href":"https:\/\/balatonneked.com\/en\/wp-json\/wp\/v2\/types\/post"}],"author":[{"embeddable":true,"href":"https:\/\/balatonneked.com\/en\/wp-json\/wp\/v2\/users\/1"}],"replies":[{"embeddable":true,"href":"https:\/\/balatonneked.com\/en\/wp-json\/wp\/v2\/comments?post=5334"}],"version-history":[{"count":1,"href":"https:\/\/balatonneked.com\/en\/wp-json\/wp\/v2\/posts\/5334\/revisions"}],"predecessor-version":[{"id":5336,"href":"https:\/\/balatonneked.com\/en\/wp-json\/wp\/v2\/posts\/5334\/revisions\/5336"}],"wp:attachment":[{"href":"https:\/\/balatonneked.com\/en\/wp-json\/wp\/v2\/media?parent=5334"}],"wp:term":[{"taxonomy":"category","embeddable":true,"href":"https:\/\/balatonneked.com\/en\/wp-json\/wp\/v2\/categories?post=5334"},{"taxonomy":"post_tag","embeddable":true,"href":"https:\/\/balatonneked.com\/en\/wp-json\/wp\/v2\/tags?post=5334"}],"curies":[{"name":"wp","href":"https:\/\/api.w.org\/{rel}","templated":true}]}}