{"id":5331,"date":"2023-09-29T18:31:24","date_gmt":"2023-09-29T17:31:24","guid":{"rendered":"https:\/\/balatonneked.com\/?p=5331"},"modified":"2023-09-29T18:31:27","modified_gmt":"2023-09-29T17:31:27","slug":"horgaszverseny-revfulopon","status":"publish","type":"post","link":"https:\/\/balatonneked.com\/en\/2023\/09\/29\/horgaszverseny-revfulopon\/","title":{"rendered":"Horg\u00e1szverseny R\u00e9vf\u00fcl\u00f6p\u00f6n"},"content":{"rendered":"<p>151 csapattal indult el a XI. Nemzeti Balatoni Bojlis Horg\u00e1szverseny<\/p><p><strong>Szeptember 28-\u00e1n, cs\u00fct\u00f6rt\u00f6k\u00f6n a csapatok regisztr\u00e1ci\u00f3ja ut\u00e1n sor ker\u00fclt a 186 \u00f3r\u00e1ig tart\u00f3 XI. Nemzeti Balatoni Bojlis Horg\u00e1szverseny (NBBH) \u00fcnnep\u00e9lyes megnyit\u00f3j\u00e1ra, ahol R\u00e9vf\u00fcl\u00f6p polg\u00e1rmestere, Kondor G\u00e9za \u00e9s a Balatoni Halgazd\u00e1lkod\u00e1si Nonprofit Zrt. (BHNp Zrt.) vez\u00e9rigazgat\u00f3ja, Sz\u00e1ri Zsolt is besz\u00e9det mondott.<\/strong><\/p><p>Sz\u00e1ri Zsolt annyit k\u00e9rt a megm\u00e9rettet\u00e9sen r\u00e9sztvev\u0151 csapatokt\u00f3l, hogy mindenki vigy\u00e1zzon mag\u00e1ra, elv\u00e9gre az a legfontosabb, hogy annyian j\u00f6jjenek le a v\u00edzr\u0151l, ah\u00e1nyan felmentek.<\/p><p>Ezt Kondor G\u00e9za annyival kieg\u00e9sz\u00edtette, hogy lehet\u0151leg ugyanaz j\u00f6jj\u00f6n vissza, aki kiment a v\u00edzre \u2013 sz\u00e1moltak be&nbsp;<a href=\"https:\/\/nbbh.hu\/0-nap-2023\/\" target=\"_blank\" rel=\"noreferrer noopener\">az NBBH oldal\u00e1n<\/a>.<\/p><p>A szervez\u0151k id\u00e9n is&nbsp;<a href=\"https:\/\/pecaverzum.hu\/versenyek\/bojlilimittel-es-csak-magyar-versenyzokkel-indul-a-xi-nbbh\" target=\"_blank\" rel=\"noreferrer noopener\">h\u00faztak valami v\u00e1ratlant<\/a>, ebben az esztend\u0151ben nem egy, hanem k\u00e9t csapat v\u00e1laszthatta ki a horg\u00e1szhely\u00e9t. \u00cdgy a 151 indul\u00f3b\u00f3l 149 csapat ez\u00fattal is sorsol\u00e1s \u00fatj\u00e1n tudta meg, hol kezdi a p\u00e9nteki napot, \u00e9s hol t\u00f6lti az idej\u00e9t okt\u00f3ber 7-\u00e9n reggel 8 \u00f3r\u00e1ig.<\/p><p>A csapatok szeptember 29-\u00e9n 8 \u00f3r\u00e1t\u00f3l foglalhatt\u00e1k el helyeiket, a verseny pedig 14 \u00f3rakor elindult, \u00e9s okt\u00f3ber 7-\u00e9n 8 \u00f3rakor \u00e9r majd v\u00e9get.<\/p><p>A gy\u0151ztes a 10 legnagyobb hal \u00f6sszt\u00f6mege alapj\u00e1n der\u00fcl majd ki, \u00e9s id\u00e9n m\u00e1r csak a 10 kilogrammn\u00e1l nagyobb halak sz\u00e1m\u00edtanak majd, \u00edgy minden eddigin\u00e9l nagyobb kih\u00edv\u00e1sok v\u00e1rnak a horg\u00e1szokra.\u00a0<\/p><figure class=\"wp-block-gallery has-nested-images columns-default is-cropped wp-block-gallery-1 is-layout-flex wp-block-gallery-is-layout-flex\"><figure class=\"wp-block-image size-large\"><img fetchpriority=\"high\" decoding=\"async\" width=\"850\" height=\"565\" data-id=\"5332\" src=\"https:\/\/balatonneked.com\/wp-content\/uploads\/2023\/09\/hirgasz.jpg\" alt=\"\" class=\"wp-image-5332\" srcset=\"https:\/\/balatonneked.com\/wp-content\/uploads\/2023\/09\/hirgasz.jpg 850w, https:\/\/balatonneked.com\/wp-content\/uploads\/2023\/09\/hirgasz-300x199.jpg 300w, https:\/\/balatonneked.com\/wp-content\/uploads\/2023\/09\/hirgasz-768x510.jpg 768w, https:\/\/balatonneked.com\/wp-content\/uploads\/2023\/09\/hirgasz-600x399.jpg 600w\" sizes=\"(max-width: 850px) 100vw, 850px\" \/><\/figure><\/figure><p>\u00a0<\/p>","protected":false},"excerpt":{"rendered":"<p>151 csapattal indult el a XI. Nemzeti Balatoni Bojlis Horg\u00e1szverseny Szeptember 28-\u00e1n, cs\u00fct\u00f6rt\u00f6k\u00f6n a csapatok regisztr\u00e1ci\u00f3ja ut\u00e1n sor ker\u00fclt a 186 \u00f3r\u00e1ig tart\u00f3 XI. Nemzeti Balatoni Bojlis Horg\u00e1szverseny (NBBH) \u00fcnnep\u00e9lyes megnyit\u00f3j\u00e1ra, ahol R\u00e9vf\u00fcl\u00f6p polg\u00e1rmestere, Kondor G\u00e9za \u00e9s a Balatoni Halgazd\u00e1lkod\u00e1si Nonprofit Zrt. (BHNp Zrt.) vez\u00e9rigazgat\u00f3ja, Sz\u00e1ri Zsolt is besz\u00e9det mondott. Sz\u00e1ri Zsolt annyit k\u00e9rt a [&hellip;]<\/p>","protected":false},"author":1,"featured_media":0,"comment_status":"open","ping_status":"open","sticky":false,"template":"","format":"standard","meta":{"_acf_changed":false,"footnotes":""},"categories":[255],"tags":[],"class_list":["post-5331","post","type-post","status-publish","format-standard","hentry","category-balaton"],"acf":[],"yoast_head":"<!-- This site is optimized with the Yoast SEO plugin v25.1 - https:\/\/yoast.com\/wordpress\/plugins\/seo\/ -->\n<title>Horg\u00e1szverseny R\u00e9vf\u00fcl\u00f6p\u00f6n - BALATON NEKED<\/title>\n<meta name=\"robots\" content=\"index, follow, max-snippet:-1, max-image-preview:large, max-video-preview:-1\" \/>\n<link rel=\"canonical\" href=\"https:\/\/balatonneked.com\/en\/2023\/09\/29\/horgaszverseny-revfulopon\/\" \/>\n<meta property=\"og:locale\" content=\"en_GB\" \/>\n<meta property=\"og:type\" content=\"article\" \/>\n<meta property=\"og:title\" content=\"Horg\u00e1szverseny R\u00e9vf\u00fcl\u00f6p\u00f6n - BALATON NEKED\" \/>\n<meta property=\"og:description\" content=\"151 csapattal indult el a XI. Nemzeti Balatoni Bojlis Horg\u00e1szverseny Szeptember 28-\u00e1n, cs\u00fct\u00f6rt\u00f6k\u00f6n a csapatok regisztr\u00e1ci\u00f3ja ut\u00e1n sor ker\u00fclt a 186 \u00f3r\u00e1ig tart\u00f3 XI. Nemzeti Balatoni Bojlis Horg\u00e1szverseny (NBBH) \u00fcnnep\u00e9lyes megnyit\u00f3j\u00e1ra, ahol R\u00e9vf\u00fcl\u00f6p polg\u00e1rmestere, Kondor G\u00e9za \u00e9s a Balatoni Halgazd\u00e1lkod\u00e1si Nonprofit Zrt. (BHNp Zrt.) vez\u00e9rigazgat\u00f3ja, Sz\u00e1ri Zsolt is besz\u00e9det mondott. Sz\u00e1ri Zsolt annyit k\u00e9rt a [&hellip;]\" \/>\n<meta property=\"og:url\" content=\"https:\/\/balatonneked.com\/en\/2023\/09\/29\/horgaszverseny-revfulopon\/\" \/>\n<meta property=\"og:site_name\" content=\"BALATON NEKED\" \/>\n<meta property=\"article:publisher\" content=\"https:\/\/www.facebook.com\/BalatonNeked\" \/>\n<meta property=\"article:published_time\" content=\"2023-09-29T17:31:24+00:00\" \/>\n<meta property=\"article:modified_time\" content=\"2023-09-29T17:31:27+00:00\" \/>\n<meta property=\"og:image\" content=\"https:\/\/balatonneked.com\/wp-content\/uploads\/2023\/09\/hirgasz.jpg\" \/>\n<meta name=\"author\" content=\"Csilla\" \/>\n<meta name=\"twitter:card\" content=\"summary_large_image\" \/>\n<meta name=\"twitter:label1\" content=\"Written by\" \/>\n\t<meta name=\"twitter:data1\" content=\"Csilla\" \/>\n\t<meta name=\"twitter:label2\" content=\"Estimated reading time\" \/>\n\t<meta name=\"twitter:data2\" content=\"2 minutes\" \/>\n<script type=\"application\/ld+json\" class=\"yoast-schema-graph\">{\"@context\":\"https:\/\/schema.org\",\"@graph\":[{\"@type\":\"Article\",\"@id\":\"https:\/\/balatonneked.com\/2023\/09\/29\/horgaszverseny-revfulopon\/#article\",\"isPartOf\":{\"@id\":\"https:\/\/balatonneked.com\/2023\/09\/29\/horgaszverseny-revfulopon\/\"},\"author\":{\"name\":\"Csilla\",\"@id\":\"https:\/\/balatonneked.com\/#\/schema\/person\/e872a2bb920e6daab47d667be3035245\"},\"headline\":\"Horg\u00e1szverseny R\u00e9vf\u00fcl\u00f6p\u00f6n\",\"datePublished\":\"2023-09-29T17:31:24+00:00\",\"dateModified\":\"2023-09-29T17:31:27+00:00\",\"mainEntityOfPage\":{\"@id\":\"https:\/\/balatonneked.com\/2023\/09\/29\/horgaszverseny-revfulopon\/\"},\"wordCount\":280,\"commentCount\":0,\"publisher\":{\"@id\":\"https:\/\/balatonneked.com\/#organization\"},\"image\":{\"@id\":\"https:\/\/balatonneked.com\/2023\/09\/29\/horgaszverseny-revfulopon\/#primaryimage\"},\"thumbnailUrl\":\"https:\/\/balatonneked.com\/wp-content\/uploads\/2023\/09\/hirgasz.jpg\",\"articleSection\":[\"Balaton\"],\"inLanguage\":\"en-GB\",\"potentialAction\":[{\"@type\":\"CommentAction\",\"name\":\"Comment\",\"target\":[\"https:\/\/balatonneked.com\/2023\/09\/29\/horgaszverseny-revfulopon\/#respond\"]}]},{\"@type\":\"WebPage\",\"@id\":\"https:\/\/balatonneked.com\/2023\/09\/29\/horgaszverseny-revfulopon\/\",\"url\":\"https:\/\/balatonneked.com\/2023\/09\/29\/horgaszverseny-revfulopon\/\",\"name\":\"Horg\u00e1szverseny R\u00e9vf\u00fcl\u00f6p\u00f6n - BALATON NEKED\",\"isPartOf\":{\"@id\":\"https:\/\/balatonneked.com\/#website\"},\"primaryImageOfPage\":{\"@id\":\"https:\/\/balatonneked.com\/2023\/09\/29\/horgaszverseny-revfulopon\/#primaryimage\"},\"image\":{\"@id\":\"https:\/\/balatonneked.com\/2023\/09\/29\/horgaszverseny-revfulopon\/#primaryimage\"},\"thumbnailUrl\":\"https:\/\/balatonneked.com\/wp-content\/uploads\/2023\/09\/hirgasz.jpg\",\"datePublished\":\"2023-09-29T17:31:24+00:00\",\"dateModified\":\"2023-09-29T17:31:27+00:00\",\"breadcrumb\":{\"@id\":\"https:\/\/balatonneked.com\/2023\/09\/29\/horgaszverseny-revfulopon\/#breadcrumb\"},\"inLanguage\":\"en-GB\",\"potentialAction\":[{\"@type\":\"ReadAction\",\"target\":[\"https:\/\/balatonneked.com\/2023\/09\/29\/horgaszverseny-revfulopon\/\"]}]},{\"@type\":\"ImageObject\",\"inLanguage\":\"en-GB\",\"@id\":\"https:\/\/balatonneked.com\/2023\/09\/29\/horgaszverseny-revfulopon\/#primaryimage\",\"url\":\"https:\/\/balatonneked.com\/wp-content\/uploads\/2023\/09\/hirgasz.jpg\",\"contentUrl\":\"https:\/\/balatonneked.com\/wp-content\/uploads\/2023\/09\/hirgasz.jpg\"},{\"@type\":\"BreadcrumbList\",\"@id\":\"https:\/\/balatonneked.com\/2023\/09\/29\/horgaszverseny-revfulopon\/#breadcrumb\",\"itemListElement\":[{\"@type\":\"ListItem\",\"position\":1,\"name\":\"Kezd\u0151lap\",\"item\":\"https:\/\/balatonneked.com\/\"},{\"@type\":\"ListItem\",\"position\":2,\"name\":\"Horg\u00e1szverseny R\u00e9vf\u00fcl\u00f6p\u00f6n\"}]},{\"@type\":\"WebSite\",\"@id\":\"https:\/\/balatonneked.com\/#website\",\"url\":\"https:\/\/balatonneked.com\/\",\"name\":\"BALATON NEKED\",\"description\":\"A Balaton leginformat\u00edvabb magazinja\",\"publisher\":{\"@id\":\"https:\/\/balatonneked.com\/#organization\"},\"potentialAction\":[{\"@type\":\"SearchAction\",\"target\":{\"@type\":\"EntryPoint\",\"urlTemplate\":\"https:\/\/balatonneked.com\/?s={search_term_string}\"},\"query-input\":{\"@type\":\"PropertyValueSpecification\",\"valueRequired\":true,\"valueName\":\"search_term_string\"}}],\"inLanguage\":\"en-GB\"},{\"@type\":\"Organization\",\"@id\":\"https:\/\/balatonneked.com\/#organization\",\"name\":\"BalatonNeked\",\"url\":\"https:\/\/balatonneked.com\/\",\"logo\":{\"@type\":\"ImageObject\",\"inLanguage\":\"en-GB\",\"@id\":\"https:\/\/balatonneked.com\/#\/schema\/logo\/image\/\",\"url\":\"https:\/\/balatonneked.com\/wp-content\/uploads\/2019\/05\/bnekedlogo.png\",\"contentUrl\":\"https:\/\/balatonneked.com\/wp-content\/uploads\/2019\/05\/bnekedlogo.png\",\"width\":750,\"height\":750,\"caption\":\"BalatonNeked\"},\"image\":{\"@id\":\"https:\/\/balatonneked.com\/#\/schema\/logo\/image\/\"},\"sameAs\":[\"https:\/\/www.facebook.com\/BalatonNeked\"]},{\"@type\":\"Person\",\"@id\":\"https:\/\/balatonneked.com\/#\/schema\/person\/e872a2bb920e6daab47d667be3035245\",\"name\":\"Csilla\",\"image\":{\"@type\":\"ImageObject\",\"inLanguage\":\"en-GB\",\"@id\":\"https:\/\/balatonneked.com\/#\/schema\/person\/image\/\",\"url\":\"https:\/\/balatonneked.com\/wp-content\/uploads\/2022\/05\/Feher-Csilla-Balaton-Neked-100x100.png\",\"contentUrl\":\"https:\/\/balatonneked.com\/wp-content\/uploads\/2022\/05\/Feher-Csilla-Balaton-Neked-100x100.png\",\"caption\":\"Csilla\"},\"description\":\"A BalatonNeked Magazin meg\u00e1lmod\u00f3ja \u00e9s tulajdonosa.\",\"url\":\"https:\/\/balatonneked.com\/en\/author\/admin\/\"}]}<\/script>\n<!-- \/ Yoast SEO plugin. -->","yoast_head_json":{"title":"Horg\u00e1szverseny R\u00e9vf\u00fcl\u00f6p\u00f6n - BALATON NEKED","robots":{"index":"index","follow":"follow","max-snippet":"max-snippet:-1","max-image-preview":"max-image-preview:large","max-video-preview":"max-video-preview:-1"},"canonical":"https:\/\/balatonneked.com\/en\/2023\/09\/29\/horgaszverseny-revfulopon\/","og_locale":"en_GB","og_type":"article","og_title":"Horg\u00e1szverseny R\u00e9vf\u00fcl\u00f6p\u00f6n - BALATON NEKED","og_description":"151 csapattal indult el a XI. Nemzeti Balatoni Bojlis Horg\u00e1szverseny Szeptember 28-\u00e1n, cs\u00fct\u00f6rt\u00f6k\u00f6n a csapatok regisztr\u00e1ci\u00f3ja ut\u00e1n sor ker\u00fclt a 186 \u00f3r\u00e1ig tart\u00f3 XI. Nemzeti Balatoni Bojlis Horg\u00e1szverseny (NBBH) \u00fcnnep\u00e9lyes megnyit\u00f3j\u00e1ra, ahol R\u00e9vf\u00fcl\u00f6p polg\u00e1rmestere, Kondor G\u00e9za \u00e9s a Balatoni Halgazd\u00e1lkod\u00e1si Nonprofit Zrt. (BHNp Zrt.) vez\u00e9rigazgat\u00f3ja, Sz\u00e1ri Zsolt is besz\u00e9det mondott. Sz\u00e1ri Zsolt annyit k\u00e9rt a [&hellip;]","og_url":"https:\/\/balatonneked.com\/en\/2023\/09\/29\/horgaszverseny-revfulopon\/","og_site_name":"BALATON NEKED","article_publisher":"https:\/\/www.facebook.com\/BalatonNeked","article_published_time":"2023-09-29T17:31:24+00:00","article_modified_time":"2023-09-29T17:31:27+00:00","og_image":[{"url":"https:\/\/balatonneked.com\/wp-content\/uploads\/2023\/09\/hirgasz.jpg","type":"","width":"","height":""}],"author":"Csilla","twitter_card":"summary_large_image","twitter_misc":{"Written by":"Csilla","Estimated reading time":"2 minutes"},"schema":{"@context":"https:\/\/schema.org","@graph":[{"@type":"Article","@id":"https:\/\/balatonneked.com\/2023\/09\/29\/horgaszverseny-revfulopon\/#article","isPartOf":{"@id":"https:\/\/balatonneked.com\/2023\/09\/29\/horgaszverseny-revfulopon\/"},"author":{"name":"Csilla","@id":"https:\/\/balatonneked.com\/#\/schema\/person\/e872a2bb920e6daab47d667be3035245"},"headline":"Horg\u00e1szverseny R\u00e9vf\u00fcl\u00f6p\u00f6n","datePublished":"2023-09-29T17:31:24+00:00","dateModified":"2023-09-29T17:31:27+00:00","mainEntityOfPage":{"@id":"https:\/\/balatonneked.com\/2023\/09\/29\/horgaszverseny-revfulopon\/"},"wordCount":280,"commentCount":0,"publisher":{"@id":"https:\/\/balatonneked.com\/#organization"},"image":{"@id":"https:\/\/balatonneked.com\/2023\/09\/29\/horgaszverseny-revfulopon\/#primaryimage"},"thumbnailUrl":"https:\/\/balatonneked.com\/wp-content\/uploads\/2023\/09\/hirgasz.jpg","articleSection":["Balaton"],"inLanguage":"en-GB","potentialAction":[{"@type":"CommentAction","name":"Comment","target":["https:\/\/balatonneked.com\/2023\/09\/29\/horgaszverseny-revfulopon\/#respond"]}]},{"@type":"WebPage","@id":"https:\/\/balatonneked.com\/2023\/09\/29\/horgaszverseny-revfulopon\/","url":"https:\/\/balatonneked.com\/2023\/09\/29\/horgaszverseny-revfulopon\/","name":"Horg\u00e1szverseny R\u00e9vf\u00fcl\u00f6p\u00f6n - BALATON NEKED","isPartOf":{"@id":"https:\/\/balatonneked.com\/#website"},"primaryImageOfPage":{"@id":"https:\/\/balatonneked.com\/2023\/09\/29\/horgaszverseny-revfulopon\/#primaryimage"},"image":{"@id":"https:\/\/balatonneked.com\/2023\/09\/29\/horgaszverseny-revfulopon\/#primaryimage"},"thumbnailUrl":"https:\/\/balatonneked.com\/wp-content\/uploads\/2023\/09\/hirgasz.jpg","datePublished":"2023-09-29T17:31:24+00:00","dateModified":"2023-09-29T17:31:27+00:00","breadcrumb":{"@id":"https:\/\/balatonneked.com\/2023\/09\/29\/horgaszverseny-revfulopon\/#breadcrumb"},"inLanguage":"en-GB","potentialAction":[{"@type":"ReadAction","target":["https:\/\/balatonneked.com\/2023\/09\/29\/horgaszverseny-revfulopon\/"]}]},{"@type":"ImageObject","inLanguage":"en-GB","@id":"https:\/\/balatonneked.com\/2023\/09\/29\/horgaszverseny-revfulopon\/#primaryimage","url":"https:\/\/balatonneked.com\/wp-content\/uploads\/2023\/09\/hirgasz.jpg","contentUrl":"https:\/\/balatonneked.com\/wp-content\/uploads\/2023\/09\/hirgasz.jpg"},{"@type":"BreadcrumbList","@id":"https:\/\/balatonneked.com\/2023\/09\/29\/horgaszverseny-revfulopon\/#breadcrumb","itemListElement":[{"@type":"ListItem","position":1,"name":"Kezd\u0151lap","item":"https:\/\/balatonneked.com\/"},{"@type":"ListItem","position":2,"name":"Horg\u00e1szverseny R\u00e9vf\u00fcl\u00f6p\u00f6n"}]},{"@type":"WebSite","@id":"https:\/\/balatonneked.com\/#website","url":"https:\/\/balatonneked.com\/","name":"BALATON NEKED","description":"A Balaton leginformat\u00edvabb magazinja","publisher":{"@id":"https:\/\/balatonneked.com\/#organization"},"potentialAction":[{"@type":"SearchAction","target":{"@type":"EntryPoint","urlTemplate":"https:\/\/balatonneked.com\/?s={search_term_string}"},"query-input":{"@type":"PropertyValueSpecification","valueRequired":true,"valueName":"search_term_string"}}],"inLanguage":"en-GB"},{"@type":"Organization","@id":"https:\/\/balatonneked.com\/#organization","name":"BalatonNeked","url":"https:\/\/balatonneked.com\/","logo":{"@type":"ImageObject","inLanguage":"en-GB","@id":"https:\/\/balatonneked.com\/#\/schema\/logo\/image\/","url":"https:\/\/balatonneked.com\/wp-content\/uploads\/2019\/05\/bnekedlogo.png","contentUrl":"https:\/\/balatonneked.com\/wp-content\/uploads\/2019\/05\/bnekedlogo.png","width":750,"height":750,"caption":"BalatonNeked"},"image":{"@id":"https:\/\/balatonneked.com\/#\/schema\/logo\/image\/"},"sameAs":["https:\/\/www.facebook.com\/BalatonNeked"]},{"@type":"Person","@id":"https:\/\/balatonneked.com\/#\/schema\/person\/e872a2bb920e6daab47d667be3035245","name":"Csilla","image":{"@type":"ImageObject","inLanguage":"en-GB","@id":"https:\/\/balatonneked.com\/#\/schema\/person\/image\/","url":"https:\/\/balatonneked.com\/wp-content\/uploads\/2022\/05\/Feher-Csilla-Balaton-Neked-100x100.png","contentUrl":"https:\/\/balatonneked.com\/wp-content\/uploads\/2022\/05\/Feher-Csilla-Balaton-Neked-100x100.png","caption":"Csilla"},"description":"A BalatonNeked Magazin meg\u00e1lmod\u00f3ja \u00e9s tulajdonosa.","url":"https:\/\/balatonneked.com\/en\/author\/admin\/"}]}},"_links":{"self":[{"href":"https:\/\/balatonneked.com\/en\/wp-json\/wp\/v2\/posts\/5331","targetHints":{"allow":["GET"]}}],"collection":[{"href":"https:\/\/balatonneked.com\/en\/wp-json\/wp\/v2\/posts"}],"about":[{"href":"https:\/\/balatonneked.com\/en\/wp-json\/wp\/v2\/types\/post"}],"author":[{"embeddable":true,"href":"https:\/\/balatonneked.com\/en\/wp-json\/wp\/v2\/users\/1"}],"replies":[{"embeddable":true,"href":"https:\/\/balatonneked.com\/en\/wp-json\/wp\/v2\/comments?post=5331"}],"version-history":[{"count":1,"href":"https:\/\/balatonneked.com\/en\/wp-json\/wp\/v2\/posts\/5331\/revisions"}],"predecessor-version":[{"id":5333,"href":"https:\/\/balatonneked.com\/en\/wp-json\/wp\/v2\/posts\/5331\/revisions\/5333"}],"wp:attachment":[{"href":"https:\/\/balatonneked.com\/en\/wp-json\/wp\/v2\/media?parent=5331"}],"wp:term":[{"taxonomy":"category","embeddable":true,"href":"https:\/\/balatonneked.com\/en\/wp-json\/wp\/v2\/categories?post=5331"},{"taxonomy":"post_tag","embeddable":true,"href":"https:\/\/balatonneked.com\/en\/wp-json\/wp\/v2\/tags?post=5331"}],"curies":[{"name":"wp","href":"https:\/\/api.w.org\/{rel}","templated":true}]}}