{"id":5271,"date":"2023-09-21T09:54:56","date_gmt":"2023-09-21T08:54:56","guid":{"rendered":"https:\/\/balatonneked.com\/?p=5271"},"modified":"2023-09-21T09:54:58","modified_gmt":"2023-09-21T08:54:58","slug":"kulthalo-szines-falu-szines-haz","status":"publish","type":"post","link":"https:\/\/balatonneked.com\/en\/2023\/09\/21\/kulthalo-szines-falu-szines-haz\/","title":{"rendered":"KULTH\u00c1L\u00d3\/\/Sz\u00ednes falu, sz\u00ednes h\u00e1z"},"content":{"rendered":"<p> <\/p><p>ZENE + K\u00c9PZ\u0150M\u0170V\u00c9SZET<\/p><p>Kort\u00e1rs m\u0171v\u00e9sz: Jak\u00f3cs Dorottya \u00e9s Void \u2022 Zene: Cs\u00e9ry Zolt\u00e1n + P\u00e1kai Petra, Balatoni Gospel K\u00f3rus <img decoding=\"async\" height=\"16\" width=\"16\" alt=\"\ud83c\udfb6\" src=\"https:\/\/static.xx.fbcdn.net\/images\/emoji.php\/v9\/t78\/1.5\/16\/1f3b6.png\"><img decoding=\"async\" height=\"16\" width=\"16\" alt=\"\ud83c\udfb6\" src=\"https:\/\/static.xx.fbcdn.net\/images\/emoji.php\/v9\/t78\/1.5\/16\/1f3b6.png\"><\/p><p>Egy esem\u00e9nyd\u00fas d\u00e9lut\u00e1n koncerttel, szakmai besz\u00e9lget\u00e9ssel, improviz\u00e1ci\u00f3val, m\u0171v\u00e9szetekkel.<\/p><p>Egy soksz\u00edn\u0171 \u00f6sszkultur\u00e1lis m\u0171v\u00e9szeti projekt, melyben a street art, a kort\u00e1rs k\u00e9pz\u0151m\u0171v\u00e9szet, az improviz\u00e1ci\u00f3s zene \u00e9s a hagyom\u00e1nyok egy\u00fctt teremtenek k\u00f6z\u00f6s \u00e9s k\u00f6z\u00f6ss\u00e9gi <a><\/a>\u00e9lm\u00e9nyt.<\/p><p>Tarts vel\u00fcnk \u00e9s fedezd fel, hogyan sz\u00ednezik ki a vizu\u00e1lis \u00f6tletek a falut \u00e9s a h\u00e9tk\u00f6znapjainkat, \u00e9ld \u00e1t, hogyan fon\u00f3dik \u00f6ssze a hagyom\u00e1ny \u00e9s a kort\u00e1rs m\u0171v\u00e9szet, hallgasd meg, mi sz\u00fcletik az ismert zen\u00e9szek \u00e9s a helyi tehets\u00e9gek tal\u00e1lkoz\u00e1s\u00e1b\u00f3l.<\/p><figure class=\"wp-block-gallery has-nested-images columns-default is-cropped wp-block-gallery-1 is-layout-flex wp-block-gallery-is-layout-flex\"><figure class=\"wp-block-image size-large\"><img fetchpriority=\"high\" decoding=\"async\" width=\"1024\" height=\"576\" data-id=\"5272\" src=\"https:\/\/balatonneked.com\/wp-content\/uploads\/2023\/09\/376803045_724815959658237_6849599007897985148_n-1024x576.jpg\" alt=\"\" class=\"wp-image-5272\" srcset=\"https:\/\/balatonneked.com\/wp-content\/uploads\/2023\/09\/376803045_724815959658237_6849599007897985148_n-1024x576.jpg 1024w, https:\/\/balatonneked.com\/wp-content\/uploads\/2023\/09\/376803045_724815959658237_6849599007897985148_n-300x169.jpg 300w, https:\/\/balatonneked.com\/wp-content\/uploads\/2023\/09\/376803045_724815959658237_6849599007897985148_n-768x432.jpg 768w, https:\/\/balatonneked.com\/wp-content\/uploads\/2023\/09\/376803045_724815959658237_6849599007897985148_n-1536x864.jpg 1536w, https:\/\/balatonneked.com\/wp-content\/uploads\/2023\/09\/376803045_724815959658237_6849599007897985148_n-150x85.jpg 150w, https:\/\/balatonneked.com\/wp-content\/uploads\/2023\/09\/376803045_724815959658237_6849599007897985148_n-600x337.jpg 600w, https:\/\/balatonneked.com\/wp-content\/uploads\/2023\/09\/376803045_724815959658237_6849599007897985148_n.jpg 1707w\" sizes=\"(max-width: 1024px) 100vw, 1024px\" \/><\/figure><\/figure>","protected":false},"excerpt":{"rendered":"<p>ZENE + K\u00c9PZ\u0150M\u0170V\u00c9SZET Kort\u00e1rs m\u0171v\u00e9sz: Jak\u00f3cs Dorottya \u00e9s Void \u2022 Zene: Cs\u00e9ry Zolt\u00e1n + P\u00e1kai Petra, Balatoni Gospel K\u00f3rus Egy esem\u00e9nyd\u00fas d\u00e9lut\u00e1n koncerttel, szakmai besz\u00e9lget\u00e9ssel, improviz\u00e1ci\u00f3val, m\u0171v\u00e9szetekkel. Egy soksz\u00edn\u0171 \u00f6sszkultur\u00e1lis m\u0171v\u00e9szeti projekt, melyben a street art, a kort\u00e1rs k\u00e9pz\u0151m\u0171v\u00e9szet, az improviz\u00e1ci\u00f3s zene \u00e9s a hagyom\u00e1nyok egy\u00fctt teremtenek k\u00f6z\u00f6s \u00e9s k\u00f6z\u00f6ss\u00e9gi \u00e9lm\u00e9nyt. Tarts vel\u00fcnk \u00e9s fedezd [&hellip;]<\/p>","protected":false},"author":1,"featured_media":0,"comment_status":"open","ping_status":"open","sticky":false,"template":"","format":"standard","meta":{"_acf_changed":false,"footnotes":""},"categories":[255],"tags":[],"class_list":["post-5271","post","type-post","status-publish","format-standard","hentry","category-balaton"],"acf":[],"yoast_head":"<!-- This site is optimized with the Yoast SEO plugin v25.1 - https:\/\/yoast.com\/wordpress\/plugins\/seo\/ -->\n<title>KULTH\u00c1L\u00d3\/\/Sz\u00ednes falu, sz\u00ednes h\u00e1z - BALATON NEKED<\/title>\n<meta name=\"robots\" content=\"index, follow, max-snippet:-1, max-image-preview:large, max-video-preview:-1\" \/>\n<link rel=\"canonical\" href=\"https:\/\/balatonneked.com\/en\/2023\/09\/21\/kulthalo-szines-falu-szines-haz\/\" \/>\n<meta property=\"og:locale\" content=\"en_GB\" \/>\n<meta property=\"og:type\" content=\"article\" \/>\n<meta property=\"og:title\" content=\"KULTH\u00c1L\u00d3\/\/Sz\u00ednes falu, sz\u00ednes h\u00e1z - BALATON NEKED\" \/>\n<meta property=\"og:description\" content=\"ZENE + K\u00c9PZ\u0150M\u0170V\u00c9SZET Kort\u00e1rs m\u0171v\u00e9sz: Jak\u00f3cs Dorottya \u00e9s Void \u2022 Zene: Cs\u00e9ry Zolt\u00e1n + P\u00e1kai Petra, Balatoni Gospel K\u00f3rus Egy esem\u00e9nyd\u00fas d\u00e9lut\u00e1n koncerttel, szakmai besz\u00e9lget\u00e9ssel, improviz\u00e1ci\u00f3val, m\u0171v\u00e9szetekkel. Egy soksz\u00edn\u0171 \u00f6sszkultur\u00e1lis m\u0171v\u00e9szeti projekt, melyben a street art, a kort\u00e1rs k\u00e9pz\u0151m\u0171v\u00e9szet, az improviz\u00e1ci\u00f3s zene \u00e9s a hagyom\u00e1nyok egy\u00fctt teremtenek k\u00f6z\u00f6s \u00e9s k\u00f6z\u00f6ss\u00e9gi \u00e9lm\u00e9nyt. Tarts vel\u00fcnk \u00e9s fedezd [&hellip;]\" \/>\n<meta property=\"og:url\" content=\"https:\/\/balatonneked.com\/en\/2023\/09\/21\/kulthalo-szines-falu-szines-haz\/\" \/>\n<meta property=\"og:site_name\" content=\"BALATON NEKED\" \/>\n<meta property=\"article:publisher\" content=\"https:\/\/www.facebook.com\/BalatonNeked\" \/>\n<meta property=\"article:published_time\" content=\"2023-09-21T08:54:56+00:00\" \/>\n<meta property=\"article:modified_time\" content=\"2023-09-21T08:54:58+00:00\" \/>\n<meta property=\"og:image\" content=\"https:\/\/static.xx.fbcdn.net\/images\/emoji.php\/v9\/t78\/1.5\/16\/1f3b6.png\" \/>\n<meta name=\"author\" content=\"Csilla\" \/>\n<meta name=\"twitter:card\" content=\"summary_large_image\" \/>\n<meta name=\"twitter:label1\" content=\"Written by\" \/>\n\t<meta name=\"twitter:data1\" content=\"Csilla\" \/>\n\t<meta name=\"twitter:label2\" content=\"Estimated reading time\" \/>\n\t<meta name=\"twitter:data2\" content=\"2 minutes\" \/>\n<script type=\"application\/ld+json\" class=\"yoast-schema-graph\">{\"@context\":\"https:\/\/schema.org\",\"@graph\":[{\"@type\":\"Article\",\"@id\":\"https:\/\/balatonneked.com\/2023\/09\/21\/kulthalo-szines-falu-szines-haz\/#article\",\"isPartOf\":{\"@id\":\"https:\/\/balatonneked.com\/2023\/09\/21\/kulthalo-szines-falu-szines-haz\/\"},\"author\":{\"name\":\"Csilla\",\"@id\":\"https:\/\/balatonneked.com\/#\/schema\/person\/e872a2bb920e6daab47d667be3035245\"},\"headline\":\"KULTH\u00c1L\u00d3\/\/Sz\u00ednes falu, sz\u00ednes h\u00e1z\",\"datePublished\":\"2023-09-21T08:54:56+00:00\",\"dateModified\":\"2023-09-21T08:54:58+00:00\",\"mainEntityOfPage\":{\"@id\":\"https:\/\/balatonneked.com\/2023\/09\/21\/kulthalo-szines-falu-szines-haz\/\"},\"wordCount\":154,\"commentCount\":0,\"publisher\":{\"@id\":\"https:\/\/balatonneked.com\/#organization\"},\"image\":{\"@id\":\"https:\/\/balatonneked.com\/2023\/09\/21\/kulthalo-szines-falu-szines-haz\/#primaryimage\"},\"thumbnailUrl\":\"https:\/\/static.xx.fbcdn.net\/images\/emoji.php\/v9\/t78\/1.5\/16\/1f3b6.png\",\"articleSection\":[\"Balaton\"],\"inLanguage\":\"en-GB\",\"potentialAction\":[{\"@type\":\"CommentAction\",\"name\":\"Comment\",\"target\":[\"https:\/\/balatonneked.com\/2023\/09\/21\/kulthalo-szines-falu-szines-haz\/#respond\"]}]},{\"@type\":\"WebPage\",\"@id\":\"https:\/\/balatonneked.com\/2023\/09\/21\/kulthalo-szines-falu-szines-haz\/\",\"url\":\"https:\/\/balatonneked.com\/2023\/09\/21\/kulthalo-szines-falu-szines-haz\/\",\"name\":\"KULTH\u00c1L\u00d3\/\/Sz\u00ednes falu, sz\u00ednes h\u00e1z - BALATON NEKED\",\"isPartOf\":{\"@id\":\"https:\/\/balatonneked.com\/#website\"},\"primaryImageOfPage\":{\"@id\":\"https:\/\/balatonneked.com\/2023\/09\/21\/kulthalo-szines-falu-szines-haz\/#primaryimage\"},\"image\":{\"@id\":\"https:\/\/balatonneked.com\/2023\/09\/21\/kulthalo-szines-falu-szines-haz\/#primaryimage\"},\"thumbnailUrl\":\"https:\/\/static.xx.fbcdn.net\/images\/emoji.php\/v9\/t78\/1.5\/16\/1f3b6.png\",\"datePublished\":\"2023-09-21T08:54:56+00:00\",\"dateModified\":\"2023-09-21T08:54:58+00:00\",\"breadcrumb\":{\"@id\":\"https:\/\/balatonneked.com\/2023\/09\/21\/kulthalo-szines-falu-szines-haz\/#breadcrumb\"},\"inLanguage\":\"en-GB\",\"potentialAction\":[{\"@type\":\"ReadAction\",\"target\":[\"https:\/\/balatonneked.com\/2023\/09\/21\/kulthalo-szines-falu-szines-haz\/\"]}]},{\"@type\":\"ImageObject\",\"inLanguage\":\"en-GB\",\"@id\":\"https:\/\/balatonneked.com\/2023\/09\/21\/kulthalo-szines-falu-szines-haz\/#primaryimage\",\"url\":\"https:\/\/static.xx.fbcdn.net\/images\/emoji.php\/v9\/t78\/1.5\/16\/1f3b6.png\",\"contentUrl\":\"https:\/\/static.xx.fbcdn.net\/images\/emoji.php\/v9\/t78\/1.5\/16\/1f3b6.png\"},{\"@type\":\"BreadcrumbList\",\"@id\":\"https:\/\/balatonneked.com\/2023\/09\/21\/kulthalo-szines-falu-szines-haz\/#breadcrumb\",\"itemListElement\":[{\"@type\":\"ListItem\",\"position\":1,\"name\":\"Kezd\u0151lap\",\"item\":\"https:\/\/balatonneked.com\/\"},{\"@type\":\"ListItem\",\"position\":2,\"name\":\"KULTH\u00c1L\u00d3\/\/Sz\u00ednes falu, sz\u00ednes h\u00e1z\"}]},{\"@type\":\"WebSite\",\"@id\":\"https:\/\/balatonneked.com\/#website\",\"url\":\"https:\/\/balatonneked.com\/\",\"name\":\"BALATON NEKED\",\"description\":\"A Balaton leginformat\u00edvabb magazinja\",\"publisher\":{\"@id\":\"https:\/\/balatonneked.com\/#organization\"},\"potentialAction\":[{\"@type\":\"SearchAction\",\"target\":{\"@type\":\"EntryPoint\",\"urlTemplate\":\"https:\/\/balatonneked.com\/?s={search_term_string}\"},\"query-input\":{\"@type\":\"PropertyValueSpecification\",\"valueRequired\":true,\"valueName\":\"search_term_string\"}}],\"inLanguage\":\"en-GB\"},{\"@type\":\"Organization\",\"@id\":\"https:\/\/balatonneked.com\/#organization\",\"name\":\"BalatonNeked\",\"url\":\"https:\/\/balatonneked.com\/\",\"logo\":{\"@type\":\"ImageObject\",\"inLanguage\":\"en-GB\",\"@id\":\"https:\/\/balatonneked.com\/#\/schema\/logo\/image\/\",\"url\":\"https:\/\/balatonneked.com\/wp-content\/uploads\/2019\/05\/bnekedlogo.png\",\"contentUrl\":\"https:\/\/balatonneked.com\/wp-content\/uploads\/2019\/05\/bnekedlogo.png\",\"width\":750,\"height\":750,\"caption\":\"BalatonNeked\"},\"image\":{\"@id\":\"https:\/\/balatonneked.com\/#\/schema\/logo\/image\/\"},\"sameAs\":[\"https:\/\/www.facebook.com\/BalatonNeked\"]},{\"@type\":\"Person\",\"@id\":\"https:\/\/balatonneked.com\/#\/schema\/person\/e872a2bb920e6daab47d667be3035245\",\"name\":\"Csilla\",\"image\":{\"@type\":\"ImageObject\",\"inLanguage\":\"en-GB\",\"@id\":\"https:\/\/balatonneked.com\/#\/schema\/person\/image\/\",\"url\":\"https:\/\/balatonneked.com\/wp-content\/uploads\/2022\/05\/Feher-Csilla-Balaton-Neked-100x100.png\",\"contentUrl\":\"https:\/\/balatonneked.com\/wp-content\/uploads\/2022\/05\/Feher-Csilla-Balaton-Neked-100x100.png\",\"caption\":\"Csilla\"},\"description\":\"A BalatonNeked Magazin meg\u00e1lmod\u00f3ja \u00e9s tulajdonosa.\",\"url\":\"https:\/\/balatonneked.com\/en\/author\/admin\/\"}]}<\/script>\n<!-- \/ Yoast SEO plugin. -->","yoast_head_json":{"title":"KULTH\u00c1L\u00d3\/\/Sz\u00ednes falu, sz\u00ednes h\u00e1z - BALATON NEKED","robots":{"index":"index","follow":"follow","max-snippet":"max-snippet:-1","max-image-preview":"max-image-preview:large","max-video-preview":"max-video-preview:-1"},"canonical":"https:\/\/balatonneked.com\/en\/2023\/09\/21\/kulthalo-szines-falu-szines-haz\/","og_locale":"en_GB","og_type":"article","og_title":"KULTH\u00c1L\u00d3\/\/Sz\u00ednes falu, sz\u00ednes h\u00e1z - BALATON NEKED","og_description":"ZENE + K\u00c9PZ\u0150M\u0170V\u00c9SZET Kort\u00e1rs m\u0171v\u00e9sz: Jak\u00f3cs Dorottya \u00e9s Void \u2022 Zene: Cs\u00e9ry Zolt\u00e1n + P\u00e1kai Petra, Balatoni Gospel K\u00f3rus Egy esem\u00e9nyd\u00fas d\u00e9lut\u00e1n koncerttel, szakmai besz\u00e9lget\u00e9ssel, improviz\u00e1ci\u00f3val, m\u0171v\u00e9szetekkel. Egy soksz\u00edn\u0171 \u00f6sszkultur\u00e1lis m\u0171v\u00e9szeti projekt, melyben a street art, a kort\u00e1rs k\u00e9pz\u0151m\u0171v\u00e9szet, az improviz\u00e1ci\u00f3s zene \u00e9s a hagyom\u00e1nyok egy\u00fctt teremtenek k\u00f6z\u00f6s \u00e9s k\u00f6z\u00f6ss\u00e9gi \u00e9lm\u00e9nyt. Tarts vel\u00fcnk \u00e9s fedezd [&hellip;]","og_url":"https:\/\/balatonneked.com\/en\/2023\/09\/21\/kulthalo-szines-falu-szines-haz\/","og_site_name":"BALATON NEKED","article_publisher":"https:\/\/www.facebook.com\/BalatonNeked","article_published_time":"2023-09-21T08:54:56+00:00","article_modified_time":"2023-09-21T08:54:58+00:00","og_image":[{"url":"https:\/\/static.xx.fbcdn.net\/images\/emoji.php\/v9\/t78\/1.5\/16\/1f3b6.png","type":"","width":"","height":""}],"author":"Csilla","twitter_card":"summary_large_image","twitter_misc":{"Written by":"Csilla","Estimated reading time":"2 minutes"},"schema":{"@context":"https:\/\/schema.org","@graph":[{"@type":"Article","@id":"https:\/\/balatonneked.com\/2023\/09\/21\/kulthalo-szines-falu-szines-haz\/#article","isPartOf":{"@id":"https:\/\/balatonneked.com\/2023\/09\/21\/kulthalo-szines-falu-szines-haz\/"},"author":{"name":"Csilla","@id":"https:\/\/balatonneked.com\/#\/schema\/person\/e872a2bb920e6daab47d667be3035245"},"headline":"KULTH\u00c1L\u00d3\/\/Sz\u00ednes falu, sz\u00ednes h\u00e1z","datePublished":"2023-09-21T08:54:56+00:00","dateModified":"2023-09-21T08:54:58+00:00","mainEntityOfPage":{"@id":"https:\/\/balatonneked.com\/2023\/09\/21\/kulthalo-szines-falu-szines-haz\/"},"wordCount":154,"commentCount":0,"publisher":{"@id":"https:\/\/balatonneked.com\/#organization"},"image":{"@id":"https:\/\/balatonneked.com\/2023\/09\/21\/kulthalo-szines-falu-szines-haz\/#primaryimage"},"thumbnailUrl":"https:\/\/static.xx.fbcdn.net\/images\/emoji.php\/v9\/t78\/1.5\/16\/1f3b6.png","articleSection":["Balaton"],"inLanguage":"en-GB","potentialAction":[{"@type":"CommentAction","name":"Comment","target":["https:\/\/balatonneked.com\/2023\/09\/21\/kulthalo-szines-falu-szines-haz\/#respond"]}]},{"@type":"WebPage","@id":"https:\/\/balatonneked.com\/2023\/09\/21\/kulthalo-szines-falu-szines-haz\/","url":"https:\/\/balatonneked.com\/2023\/09\/21\/kulthalo-szines-falu-szines-haz\/","name":"KULTH\u00c1L\u00d3\/\/Sz\u00ednes falu, sz\u00ednes h\u00e1z - BALATON NEKED","isPartOf":{"@id":"https:\/\/balatonneked.com\/#website"},"primaryImageOfPage":{"@id":"https:\/\/balatonneked.com\/2023\/09\/21\/kulthalo-szines-falu-szines-haz\/#primaryimage"},"image":{"@id":"https:\/\/balatonneked.com\/2023\/09\/21\/kulthalo-szines-falu-szines-haz\/#primaryimage"},"thumbnailUrl":"https:\/\/static.xx.fbcdn.net\/images\/emoji.php\/v9\/t78\/1.5\/16\/1f3b6.png","datePublished":"2023-09-21T08:54:56+00:00","dateModified":"2023-09-21T08:54:58+00:00","breadcrumb":{"@id":"https:\/\/balatonneked.com\/2023\/09\/21\/kulthalo-szines-falu-szines-haz\/#breadcrumb"},"inLanguage":"en-GB","potentialAction":[{"@type":"ReadAction","target":["https:\/\/balatonneked.com\/2023\/09\/21\/kulthalo-szines-falu-szines-haz\/"]}]},{"@type":"ImageObject","inLanguage":"en-GB","@id":"https:\/\/balatonneked.com\/2023\/09\/21\/kulthalo-szines-falu-szines-haz\/#primaryimage","url":"https:\/\/static.xx.fbcdn.net\/images\/emoji.php\/v9\/t78\/1.5\/16\/1f3b6.png","contentUrl":"https:\/\/static.xx.fbcdn.net\/images\/emoji.php\/v9\/t78\/1.5\/16\/1f3b6.png"},{"@type":"BreadcrumbList","@id":"https:\/\/balatonneked.com\/2023\/09\/21\/kulthalo-szines-falu-szines-haz\/#breadcrumb","itemListElement":[{"@type":"ListItem","position":1,"name":"Kezd\u0151lap","item":"https:\/\/balatonneked.com\/"},{"@type":"ListItem","position":2,"name":"KULTH\u00c1L\u00d3\/\/Sz\u00ednes falu, sz\u00ednes h\u00e1z"}]},{"@type":"WebSite","@id":"https:\/\/balatonneked.com\/#website","url":"https:\/\/balatonneked.com\/","name":"BALATON NEKED","description":"A Balaton leginformat\u00edvabb magazinja","publisher":{"@id":"https:\/\/balatonneked.com\/#organization"},"potentialAction":[{"@type":"SearchAction","target":{"@type":"EntryPoint","urlTemplate":"https:\/\/balatonneked.com\/?s={search_term_string}"},"query-input":{"@type":"PropertyValueSpecification","valueRequired":true,"valueName":"search_term_string"}}],"inLanguage":"en-GB"},{"@type":"Organization","@id":"https:\/\/balatonneked.com\/#organization","name":"BalatonNeked","url":"https:\/\/balatonneked.com\/","logo":{"@type":"ImageObject","inLanguage":"en-GB","@id":"https:\/\/balatonneked.com\/#\/schema\/logo\/image\/","url":"https:\/\/balatonneked.com\/wp-content\/uploads\/2019\/05\/bnekedlogo.png","contentUrl":"https:\/\/balatonneked.com\/wp-content\/uploads\/2019\/05\/bnekedlogo.png","width":750,"height":750,"caption":"BalatonNeked"},"image":{"@id":"https:\/\/balatonneked.com\/#\/schema\/logo\/image\/"},"sameAs":["https:\/\/www.facebook.com\/BalatonNeked"]},{"@type":"Person","@id":"https:\/\/balatonneked.com\/#\/schema\/person\/e872a2bb920e6daab47d667be3035245","name":"Csilla","image":{"@type":"ImageObject","inLanguage":"en-GB","@id":"https:\/\/balatonneked.com\/#\/schema\/person\/image\/","url":"https:\/\/balatonneked.com\/wp-content\/uploads\/2022\/05\/Feher-Csilla-Balaton-Neked-100x100.png","contentUrl":"https:\/\/balatonneked.com\/wp-content\/uploads\/2022\/05\/Feher-Csilla-Balaton-Neked-100x100.png","caption":"Csilla"},"description":"A BalatonNeked Magazin meg\u00e1lmod\u00f3ja \u00e9s tulajdonosa.","url":"https:\/\/balatonneked.com\/en\/author\/admin\/"}]}},"_links":{"self":[{"href":"https:\/\/balatonneked.com\/en\/wp-json\/wp\/v2\/posts\/5271","targetHints":{"allow":["GET"]}}],"collection":[{"href":"https:\/\/balatonneked.com\/en\/wp-json\/wp\/v2\/posts"}],"about":[{"href":"https:\/\/balatonneked.com\/en\/wp-json\/wp\/v2\/types\/post"}],"author":[{"embeddable":true,"href":"https:\/\/balatonneked.com\/en\/wp-json\/wp\/v2\/users\/1"}],"replies":[{"embeddable":true,"href":"https:\/\/balatonneked.com\/en\/wp-json\/wp\/v2\/comments?post=5271"}],"version-history":[{"count":1,"href":"https:\/\/balatonneked.com\/en\/wp-json\/wp\/v2\/posts\/5271\/revisions"}],"predecessor-version":[{"id":5273,"href":"https:\/\/balatonneked.com\/en\/wp-json\/wp\/v2\/posts\/5271\/revisions\/5273"}],"wp:attachment":[{"href":"https:\/\/balatonneked.com\/en\/wp-json\/wp\/v2\/media?parent=5271"}],"wp:term":[{"taxonomy":"category","embeddable":true,"href":"https:\/\/balatonneked.com\/en\/wp-json\/wp\/v2\/categories?post=5271"},{"taxonomy":"post_tag","embeddable":true,"href":"https:\/\/balatonneked.com\/en\/wp-json\/wp\/v2\/tags?post=5271"}],"curies":[{"name":"wp","href":"https:\/\/api.w.org\/{rel}","templated":true}]}}