{"id":5253,"date":"2023-08-09T12:51:33","date_gmt":"2023-08-09T11:51:33","guid":{"rendered":"https:\/\/balatonneked.com\/?p=5253"},"modified":"2023-08-09T12:51:35","modified_gmt":"2023-08-09T11:51:35","slug":"augusztus-borkorzo-balatongyorokon","status":"publish","type":"post","link":"https:\/\/balatonneked.com\/en\/2023\/08\/09\/augusztus-borkorzo-balatongyorokon\/","title":{"rendered":"Augusztus BorKorz\u00f3 Balatongy\u00f6r\u00f6k\u00f6n"},"content":{"rendered":"<p>A&nbsp;<strong>Modern Art Orchestra&nbsp;<\/strong>nagyszab\u00e1s\u00fa zen\u00e9s &#8211; t\u00e1ncos produkci\u00f3j\u00e1val&nbsp; &#8211;&nbsp;<strong>Bart\u00f3k B\u00e9la: 15 magyar parasztdal &#8211;&nbsp;<\/strong>veszi kezdet\u00e9t<strong>&nbsp;Balatongy\u00f6r\u00f6k\u00f6n&nbsp;augusztus 11-\u00e9n, p\u00e9nteken 19.30 \u00f3r\u00e1t\u00f3l&nbsp;<\/strong>az idei&nbsp;<strong>Augusztusi BorKorz\u00f3.&nbsp;<\/strong><\/p><p>Klasszikus zene, n\u00e9pzene n\u00e9pt\u00e1nc, kort\u00e1rs t\u00e1nc \u00e9s jazz tal\u00e1lkoz\u00e1sa egy el\u0151ad\u00e1sban! A&nbsp;<em>Fitos Dezs\u0151 T\u00e1nct\u00e1rsulat&nbsp;<\/em>\u00e9s veszpr\u00e9mi n\u00e9pt\u00e1ncosok k\u00f6zrem\u0171k\u00f6d\u00e9s\u00e9vel!<br>K\u00f6zrem\u0171k\u00f6d\u0151 sz\u00f3list\u00e1k:<br><strong>Harcsa Veronika<\/strong>&nbsp;&#8211; \u00e9nek<br><strong>Dresch Mih\u00e1ly<\/strong>&nbsp;&#8211; fuhun<br><strong>G\u0151z L\u00e1szl\u00f3<\/strong>&nbsp;&#8211; basszustrombita<br><strong>Luk\u00e1cs Mikl\u00f3s<\/strong>&nbsp;&#8211; cimbalom<br>A 19 tag\u00fa Modern Art Orchestra (m\u0171v\u00e9szeti vezet\u0151: Fekete-Kov\u00e1cs Korn\u00e9l)<br>A m\u0171sor A koncert a Veszpr\u00e9m-Balaton 2023 Eur\u00f3pa Kultur\u00e1lis F\u0151v\u00e1ros Program r\u00e9szek\u00e9nt val\u00f3sul meg.<\/p><p><em>helysz\u00edn: Balatongy\u00f6r\u00f6k, m\u00f3l\u00f3 melletti s\u00e9t\u00e1ny<\/em><\/p><p>De nem csak a jazzrajong\u00f3knak&nbsp;k\u00edn\u00e1lunk remek programokat, a h\u00e1rom nap sor\u00e1n (<strong>augusztus 11-13.<\/strong>) minden nap v\u00e1rjuk a csal\u00e1dokat a&nbsp;<strong>Var\u00e1zshangok J\u00e1tsz\u00f3h\u00e1zba,<\/strong>&nbsp;illetve lesznek egy\u00e9b gyermekprogramok is, valamint est\u00e9nk\u00e9nt&nbsp;<strong>k\u00f6nny\u0171zenei koncertek<\/strong>&nbsp;\u00e9s t\u00e1ncos bulik is. Term\u00e9szetesen&nbsp;a legjobb helyi \u00e9s r\u00e9gi\u00f3s borokat is \u00e9rdemes megk\u00f3stolni a borh\u00e1zakn\u00e1l!&nbsp;&nbsp;<\/p><figure class=\"wp-block-gallery has-nested-images columns-default is-cropped wp-block-gallery-1 is-layout-flex wp-block-gallery-is-layout-flex\"><figure class=\"wp-block-image size-large\"><img fetchpriority=\"high\" decoding=\"async\" width=\"1024\" height=\"683\" data-id=\"5254\" src=\"https:\/\/balatonneked.com\/wp-content\/uploads\/2023\/08\/gy1-1024x683.jpg\" alt=\"\" class=\"wp-image-5254\" srcset=\"https:\/\/balatonneked.com\/wp-content\/uploads\/2023\/08\/gy1-1024x683.jpg 1024w, https:\/\/balatonneked.com\/wp-content\/uploads\/2023\/08\/gy1-300x200.jpg 300w, https:\/\/balatonneked.com\/wp-content\/uploads\/2023\/08\/gy1-768x512.jpg 768w, https:\/\/balatonneked.com\/wp-content\/uploads\/2023\/08\/gy1-1536x1024.jpg 1536w, https:\/\/balatonneked.com\/wp-content\/uploads\/2023\/08\/gy1-2048x1365.jpg 2048w, https:\/\/balatonneked.com\/wp-content\/uploads\/2023\/08\/gy1-600x400.jpg 600w\" sizes=\"(max-width: 1024px) 100vw, 1024px\" \/><\/figure>\n\n<figure class=\"wp-block-image size-large\"><img decoding=\"async\" width=\"1024\" height=\"683\" data-id=\"5255\" src=\"https:\/\/balatonneked.com\/wp-content\/uploads\/2023\/08\/gy2-1024x683.jpg\" alt=\"\" class=\"wp-image-5255\" srcset=\"https:\/\/balatonneked.com\/wp-content\/uploads\/2023\/08\/gy2-1024x683.jpg 1024w, https:\/\/balatonneked.com\/wp-content\/uploads\/2023\/08\/gy2-300x200.jpg 300w, https:\/\/balatonneked.com\/wp-content\/uploads\/2023\/08\/gy2-768x512.jpg 768w, https:\/\/balatonneked.com\/wp-content\/uploads\/2023\/08\/gy2-1536x1024.jpg 1536w, https:\/\/balatonneked.com\/wp-content\/uploads\/2023\/08\/gy2-2048x1365.jpg 2048w, https:\/\/balatonneked.com\/wp-content\/uploads\/2023\/08\/gy2-600x400.jpg 600w\" sizes=\"(max-width: 1024px) 100vw, 1024px\" \/><\/figure><\/figure>","protected":false},"excerpt":{"rendered":"<p>A&nbsp;Modern Art Orchestra&nbsp;nagyszab\u00e1s\u00fa zen\u00e9s &#8211; t\u00e1ncos produkci\u00f3j\u00e1val&nbsp; &#8211;&nbsp;Bart\u00f3k B\u00e9la: 15 magyar parasztdal &#8211;&nbsp;veszi kezdet\u00e9t&nbsp;Balatongy\u00f6r\u00f6k\u00f6n&nbsp;augusztus 11-\u00e9n, p\u00e9nteken 19.30 \u00f3r\u00e1t\u00f3l&nbsp;az idei&nbsp;Augusztusi BorKorz\u00f3.&nbsp; Klasszikus zene, n\u00e9pzene n\u00e9pt\u00e1nc, kort\u00e1rs t\u00e1nc \u00e9s jazz tal\u00e1lkoz\u00e1sa egy el\u0151ad\u00e1sban! A&nbsp;Fitos Dezs\u0151 T\u00e1nct\u00e1rsulat&nbsp;\u00e9s veszpr\u00e9mi n\u00e9pt\u00e1ncosok k\u00f6zrem\u0171k\u00f6d\u00e9s\u00e9vel!K\u00f6zrem\u0171k\u00f6d\u0151 sz\u00f3list\u00e1k:Harcsa Veronika&nbsp;&#8211; \u00e9nekDresch Mih\u00e1ly&nbsp;&#8211; fuhunG\u0151z L\u00e1szl\u00f3&nbsp;&#8211; basszustrombitaLuk\u00e1cs Mikl\u00f3s&nbsp;&#8211; cimbalomA 19 tag\u00fa Modern Art Orchestra (m\u0171v\u00e9szeti vezet\u0151: Fekete-Kov\u00e1cs Korn\u00e9l)A [&hellip;]<\/p>","protected":false},"author":1,"featured_media":0,"comment_status":"open","ping_status":"open","sticky":false,"template":"","format":"standard","meta":{"_acf_changed":false,"footnotes":""},"categories":[255],"tags":[],"class_list":["post-5253","post","type-post","status-publish","format-standard","hentry","category-balaton"],"acf":[],"yoast_head":"<!-- This site is optimized with the Yoast SEO plugin v25.1 - https:\/\/yoast.com\/wordpress\/plugins\/seo\/ -->\n<title>Augusztus BorKorz\u00f3 Balatongy\u00f6r\u00f6k\u00f6n - BALATON NEKED<\/title>\n<meta name=\"robots\" content=\"index, follow, max-snippet:-1, max-image-preview:large, max-video-preview:-1\" \/>\n<link rel=\"canonical\" href=\"https:\/\/balatonneked.com\/en\/2023\/08\/09\/augusztus-borkorzo-balatongyorokon\/\" \/>\n<meta property=\"og:locale\" content=\"en_GB\" \/>\n<meta property=\"og:type\" content=\"article\" \/>\n<meta property=\"og:title\" content=\"Augusztus BorKorz\u00f3 Balatongy\u00f6r\u00f6k\u00f6n - BALATON NEKED\" \/>\n<meta property=\"og:description\" content=\"A&nbsp;Modern Art Orchestra&nbsp;nagyszab\u00e1s\u00fa zen\u00e9s &#8211; t\u00e1ncos produkci\u00f3j\u00e1val&nbsp; &#8211;&nbsp;Bart\u00f3k B\u00e9la: 15 magyar parasztdal &#8211;&nbsp;veszi kezdet\u00e9t&nbsp;Balatongy\u00f6r\u00f6k\u00f6n&nbsp;augusztus 11-\u00e9n, p\u00e9nteken 19.30 \u00f3r\u00e1t\u00f3l&nbsp;az idei&nbsp;Augusztusi BorKorz\u00f3.&nbsp; Klasszikus zene, n\u00e9pzene n\u00e9pt\u00e1nc, kort\u00e1rs t\u00e1nc \u00e9s jazz tal\u00e1lkoz\u00e1sa egy el\u0151ad\u00e1sban! A&nbsp;Fitos Dezs\u0151 T\u00e1nct\u00e1rsulat&nbsp;\u00e9s veszpr\u00e9mi n\u00e9pt\u00e1ncosok k\u00f6zrem\u0171k\u00f6d\u00e9s\u00e9vel!K\u00f6zrem\u0171k\u00f6d\u0151 sz\u00f3list\u00e1k:Harcsa Veronika&nbsp;&#8211; \u00e9nekDresch Mih\u00e1ly&nbsp;&#8211; fuhunG\u0151z L\u00e1szl\u00f3&nbsp;&#8211; basszustrombitaLuk\u00e1cs Mikl\u00f3s&nbsp;&#8211; cimbalomA 19 tag\u00fa Modern Art Orchestra (m\u0171v\u00e9szeti vezet\u0151: Fekete-Kov\u00e1cs Korn\u00e9l)A [&hellip;]\" \/>\n<meta property=\"og:url\" content=\"https:\/\/balatonneked.com\/en\/2023\/08\/09\/augusztus-borkorzo-balatongyorokon\/\" \/>\n<meta property=\"og:site_name\" content=\"BALATON NEKED\" \/>\n<meta property=\"article:publisher\" content=\"https:\/\/www.facebook.com\/BalatonNeked\" \/>\n<meta property=\"article:published_time\" content=\"2023-08-09T11:51:33+00:00\" \/>\n<meta property=\"article:modified_time\" content=\"2023-08-09T11:51:35+00:00\" \/>\n<meta property=\"og:image\" content=\"https:\/\/balatonneked.com\/wp-content\/uploads\/2023\/08\/gy1-1024x683.jpg\" \/>\n<meta name=\"author\" content=\"Csilla\" \/>\n<meta name=\"twitter:card\" content=\"summary_large_image\" \/>\n<meta name=\"twitter:label1\" content=\"Written by\" \/>\n\t<meta name=\"twitter:data1\" content=\"Csilla\" \/>\n\t<meta name=\"twitter:label2\" content=\"Estimated reading time\" \/>\n\t<meta name=\"twitter:data2\" content=\"2 minutes\" \/>\n<script type=\"application\/ld+json\" class=\"yoast-schema-graph\">{\"@context\":\"https:\/\/schema.org\",\"@graph\":[{\"@type\":\"Article\",\"@id\":\"https:\/\/balatonneked.com\/2023\/08\/09\/augusztus-borkorzo-balatongyorokon\/#article\",\"isPartOf\":{\"@id\":\"https:\/\/balatonneked.com\/2023\/08\/09\/augusztus-borkorzo-balatongyorokon\/\"},\"author\":{\"name\":\"Csilla\",\"@id\":\"https:\/\/balatonneked.com\/#\/schema\/person\/e872a2bb920e6daab47d667be3035245\"},\"headline\":\"Augusztus BorKorz\u00f3 Balatongy\u00f6r\u00f6k\u00f6n\",\"datePublished\":\"2023-08-09T11:51:33+00:00\",\"dateModified\":\"2023-08-09T11:51:35+00:00\",\"mainEntityOfPage\":{\"@id\":\"https:\/\/balatonneked.com\/2023\/08\/09\/augusztus-borkorzo-balatongyorokon\/\"},\"wordCount\":252,\"commentCount\":0,\"publisher\":{\"@id\":\"https:\/\/balatonneked.com\/#organization\"},\"image\":{\"@id\":\"https:\/\/balatonneked.com\/2023\/08\/09\/augusztus-borkorzo-balatongyorokon\/#primaryimage\"},\"thumbnailUrl\":\"https:\/\/balatonneked.com\/wp-content\/uploads\/2023\/08\/gy1-1024x683.jpg\",\"articleSection\":[\"Balaton\"],\"inLanguage\":\"en-GB\",\"potentialAction\":[{\"@type\":\"CommentAction\",\"name\":\"Comment\",\"target\":[\"https:\/\/balatonneked.com\/2023\/08\/09\/augusztus-borkorzo-balatongyorokon\/#respond\"]}]},{\"@type\":\"WebPage\",\"@id\":\"https:\/\/balatonneked.com\/2023\/08\/09\/augusztus-borkorzo-balatongyorokon\/\",\"url\":\"https:\/\/balatonneked.com\/2023\/08\/09\/augusztus-borkorzo-balatongyorokon\/\",\"name\":\"Augusztus BorKorz\u00f3 Balatongy\u00f6r\u00f6k\u00f6n - BALATON NEKED\",\"isPartOf\":{\"@id\":\"https:\/\/balatonneked.com\/#website\"},\"primaryImageOfPage\":{\"@id\":\"https:\/\/balatonneked.com\/2023\/08\/09\/augusztus-borkorzo-balatongyorokon\/#primaryimage\"},\"image\":{\"@id\":\"https:\/\/balatonneked.com\/2023\/08\/09\/augusztus-borkorzo-balatongyorokon\/#primaryimage\"},\"thumbnailUrl\":\"https:\/\/balatonneked.com\/wp-content\/uploads\/2023\/08\/gy1-1024x683.jpg\",\"datePublished\":\"2023-08-09T11:51:33+00:00\",\"dateModified\":\"2023-08-09T11:51:35+00:00\",\"breadcrumb\":{\"@id\":\"https:\/\/balatonneked.com\/2023\/08\/09\/augusztus-borkorzo-balatongyorokon\/#breadcrumb\"},\"inLanguage\":\"en-GB\",\"potentialAction\":[{\"@type\":\"ReadAction\",\"target\":[\"https:\/\/balatonneked.com\/2023\/08\/09\/augusztus-borkorzo-balatongyorokon\/\"]}]},{\"@type\":\"ImageObject\",\"inLanguage\":\"en-GB\",\"@id\":\"https:\/\/balatonneked.com\/2023\/08\/09\/augusztus-borkorzo-balatongyorokon\/#primaryimage\",\"url\":\"https:\/\/balatonneked.com\/wp-content\/uploads\/2023\/08\/gy1-1024x683.jpg\",\"contentUrl\":\"https:\/\/balatonneked.com\/wp-content\/uploads\/2023\/08\/gy1-1024x683.jpg\"},{\"@type\":\"BreadcrumbList\",\"@id\":\"https:\/\/balatonneked.com\/2023\/08\/09\/augusztus-borkorzo-balatongyorokon\/#breadcrumb\",\"itemListElement\":[{\"@type\":\"ListItem\",\"position\":1,\"name\":\"Kezd\u0151lap\",\"item\":\"https:\/\/balatonneked.com\/\"},{\"@type\":\"ListItem\",\"position\":2,\"name\":\"Augusztus BorKorz\u00f3 Balatongy\u00f6r\u00f6k\u00f6n\"}]},{\"@type\":\"WebSite\",\"@id\":\"https:\/\/balatonneked.com\/#website\",\"url\":\"https:\/\/balatonneked.com\/\",\"name\":\"BALATON NEKED\",\"description\":\"A Balaton leginformat\u00edvabb magazinja\",\"publisher\":{\"@id\":\"https:\/\/balatonneked.com\/#organization\"},\"potentialAction\":[{\"@type\":\"SearchAction\",\"target\":{\"@type\":\"EntryPoint\",\"urlTemplate\":\"https:\/\/balatonneked.com\/?s={search_term_string}\"},\"query-input\":{\"@type\":\"PropertyValueSpecification\",\"valueRequired\":true,\"valueName\":\"search_term_string\"}}],\"inLanguage\":\"en-GB\"},{\"@type\":\"Organization\",\"@id\":\"https:\/\/balatonneked.com\/#organization\",\"name\":\"BalatonNeked\",\"url\":\"https:\/\/balatonneked.com\/\",\"logo\":{\"@type\":\"ImageObject\",\"inLanguage\":\"en-GB\",\"@id\":\"https:\/\/balatonneked.com\/#\/schema\/logo\/image\/\",\"url\":\"https:\/\/balatonneked.com\/wp-content\/uploads\/2019\/05\/bnekedlogo.png\",\"contentUrl\":\"https:\/\/balatonneked.com\/wp-content\/uploads\/2019\/05\/bnekedlogo.png\",\"width\":750,\"height\":750,\"caption\":\"BalatonNeked\"},\"image\":{\"@id\":\"https:\/\/balatonneked.com\/#\/schema\/logo\/image\/\"},\"sameAs\":[\"https:\/\/www.facebook.com\/BalatonNeked\"]},{\"@type\":\"Person\",\"@id\":\"https:\/\/balatonneked.com\/#\/schema\/person\/e872a2bb920e6daab47d667be3035245\",\"name\":\"Csilla\",\"image\":{\"@type\":\"ImageObject\",\"inLanguage\":\"en-GB\",\"@id\":\"https:\/\/balatonneked.com\/#\/schema\/person\/image\/\",\"url\":\"https:\/\/balatonneked.com\/wp-content\/uploads\/2022\/05\/Feher-Csilla-Balaton-Neked-100x100.png\",\"contentUrl\":\"https:\/\/balatonneked.com\/wp-content\/uploads\/2022\/05\/Feher-Csilla-Balaton-Neked-100x100.png\",\"caption\":\"Csilla\"},\"description\":\"A BalatonNeked Magazin meg\u00e1lmod\u00f3ja \u00e9s tulajdonosa.\",\"url\":\"https:\/\/balatonneked.com\/en\/author\/admin\/\"}]}<\/script>\n<!-- \/ Yoast SEO plugin. -->","yoast_head_json":{"title":"Augusztus BorKorz\u00f3 Balatongy\u00f6r\u00f6k\u00f6n - BALATON NEKED","robots":{"index":"index","follow":"follow","max-snippet":"max-snippet:-1","max-image-preview":"max-image-preview:large","max-video-preview":"max-video-preview:-1"},"canonical":"https:\/\/balatonneked.com\/en\/2023\/08\/09\/augusztus-borkorzo-balatongyorokon\/","og_locale":"en_GB","og_type":"article","og_title":"Augusztus BorKorz\u00f3 Balatongy\u00f6r\u00f6k\u00f6n - BALATON NEKED","og_description":"A&nbsp;Modern Art Orchestra&nbsp;nagyszab\u00e1s\u00fa zen\u00e9s &#8211; t\u00e1ncos produkci\u00f3j\u00e1val&nbsp; &#8211;&nbsp;Bart\u00f3k B\u00e9la: 15 magyar parasztdal &#8211;&nbsp;veszi kezdet\u00e9t&nbsp;Balatongy\u00f6r\u00f6k\u00f6n&nbsp;augusztus 11-\u00e9n, p\u00e9nteken 19.30 \u00f3r\u00e1t\u00f3l&nbsp;az idei&nbsp;Augusztusi BorKorz\u00f3.&nbsp; Klasszikus zene, n\u00e9pzene n\u00e9pt\u00e1nc, kort\u00e1rs t\u00e1nc \u00e9s jazz tal\u00e1lkoz\u00e1sa egy el\u0151ad\u00e1sban! A&nbsp;Fitos Dezs\u0151 T\u00e1nct\u00e1rsulat&nbsp;\u00e9s veszpr\u00e9mi n\u00e9pt\u00e1ncosok k\u00f6zrem\u0171k\u00f6d\u00e9s\u00e9vel!K\u00f6zrem\u0171k\u00f6d\u0151 sz\u00f3list\u00e1k:Harcsa Veronika&nbsp;&#8211; \u00e9nekDresch Mih\u00e1ly&nbsp;&#8211; fuhunG\u0151z L\u00e1szl\u00f3&nbsp;&#8211; basszustrombitaLuk\u00e1cs Mikl\u00f3s&nbsp;&#8211; cimbalomA 19 tag\u00fa Modern Art Orchestra (m\u0171v\u00e9szeti vezet\u0151: Fekete-Kov\u00e1cs Korn\u00e9l)A [&hellip;]","og_url":"https:\/\/balatonneked.com\/en\/2023\/08\/09\/augusztus-borkorzo-balatongyorokon\/","og_site_name":"BALATON NEKED","article_publisher":"https:\/\/www.facebook.com\/BalatonNeked","article_published_time":"2023-08-09T11:51:33+00:00","article_modified_time":"2023-08-09T11:51:35+00:00","og_image":[{"url":"https:\/\/balatonneked.com\/wp-content\/uploads\/2023\/08\/gy1-1024x683.jpg","type":"","width":"","height":""}],"author":"Csilla","twitter_card":"summary_large_image","twitter_misc":{"Written by":"Csilla","Estimated reading time":"2 minutes"},"schema":{"@context":"https:\/\/schema.org","@graph":[{"@type":"Article","@id":"https:\/\/balatonneked.com\/2023\/08\/09\/augusztus-borkorzo-balatongyorokon\/#article","isPartOf":{"@id":"https:\/\/balatonneked.com\/2023\/08\/09\/augusztus-borkorzo-balatongyorokon\/"},"author":{"name":"Csilla","@id":"https:\/\/balatonneked.com\/#\/schema\/person\/e872a2bb920e6daab47d667be3035245"},"headline":"Augusztus BorKorz\u00f3 Balatongy\u00f6r\u00f6k\u00f6n","datePublished":"2023-08-09T11:51:33+00:00","dateModified":"2023-08-09T11:51:35+00:00","mainEntityOfPage":{"@id":"https:\/\/balatonneked.com\/2023\/08\/09\/augusztus-borkorzo-balatongyorokon\/"},"wordCount":252,"commentCount":0,"publisher":{"@id":"https:\/\/balatonneked.com\/#organization"},"image":{"@id":"https:\/\/balatonneked.com\/2023\/08\/09\/augusztus-borkorzo-balatongyorokon\/#primaryimage"},"thumbnailUrl":"https:\/\/balatonneked.com\/wp-content\/uploads\/2023\/08\/gy1-1024x683.jpg","articleSection":["Balaton"],"inLanguage":"en-GB","potentialAction":[{"@type":"CommentAction","name":"Comment","target":["https:\/\/balatonneked.com\/2023\/08\/09\/augusztus-borkorzo-balatongyorokon\/#respond"]}]},{"@type":"WebPage","@id":"https:\/\/balatonneked.com\/2023\/08\/09\/augusztus-borkorzo-balatongyorokon\/","url":"https:\/\/balatonneked.com\/2023\/08\/09\/augusztus-borkorzo-balatongyorokon\/","name":"Augusztus BorKorz\u00f3 Balatongy\u00f6r\u00f6k\u00f6n - BALATON NEKED","isPartOf":{"@id":"https:\/\/balatonneked.com\/#website"},"primaryImageOfPage":{"@id":"https:\/\/balatonneked.com\/2023\/08\/09\/augusztus-borkorzo-balatongyorokon\/#primaryimage"},"image":{"@id":"https:\/\/balatonneked.com\/2023\/08\/09\/augusztus-borkorzo-balatongyorokon\/#primaryimage"},"thumbnailUrl":"https:\/\/balatonneked.com\/wp-content\/uploads\/2023\/08\/gy1-1024x683.jpg","datePublished":"2023-08-09T11:51:33+00:00","dateModified":"2023-08-09T11:51:35+00:00","breadcrumb":{"@id":"https:\/\/balatonneked.com\/2023\/08\/09\/augusztus-borkorzo-balatongyorokon\/#breadcrumb"},"inLanguage":"en-GB","potentialAction":[{"@type":"ReadAction","target":["https:\/\/balatonneked.com\/2023\/08\/09\/augusztus-borkorzo-balatongyorokon\/"]}]},{"@type":"ImageObject","inLanguage":"en-GB","@id":"https:\/\/balatonneked.com\/2023\/08\/09\/augusztus-borkorzo-balatongyorokon\/#primaryimage","url":"https:\/\/balatonneked.com\/wp-content\/uploads\/2023\/08\/gy1-1024x683.jpg","contentUrl":"https:\/\/balatonneked.com\/wp-content\/uploads\/2023\/08\/gy1-1024x683.jpg"},{"@type":"BreadcrumbList","@id":"https:\/\/balatonneked.com\/2023\/08\/09\/augusztus-borkorzo-balatongyorokon\/#breadcrumb","itemListElement":[{"@type":"ListItem","position":1,"name":"Kezd\u0151lap","item":"https:\/\/balatonneked.com\/"},{"@type":"ListItem","position":2,"name":"Augusztus BorKorz\u00f3 Balatongy\u00f6r\u00f6k\u00f6n"}]},{"@type":"WebSite","@id":"https:\/\/balatonneked.com\/#website","url":"https:\/\/balatonneked.com\/","name":"BALATON NEKED","description":"A Balaton leginformat\u00edvabb magazinja","publisher":{"@id":"https:\/\/balatonneked.com\/#organization"},"potentialAction":[{"@type":"SearchAction","target":{"@type":"EntryPoint","urlTemplate":"https:\/\/balatonneked.com\/?s={search_term_string}"},"query-input":{"@type":"PropertyValueSpecification","valueRequired":true,"valueName":"search_term_string"}}],"inLanguage":"en-GB"},{"@type":"Organization","@id":"https:\/\/balatonneked.com\/#organization","name":"BalatonNeked","url":"https:\/\/balatonneked.com\/","logo":{"@type":"ImageObject","inLanguage":"en-GB","@id":"https:\/\/balatonneked.com\/#\/schema\/logo\/image\/","url":"https:\/\/balatonneked.com\/wp-content\/uploads\/2019\/05\/bnekedlogo.png","contentUrl":"https:\/\/balatonneked.com\/wp-content\/uploads\/2019\/05\/bnekedlogo.png","width":750,"height":750,"caption":"BalatonNeked"},"image":{"@id":"https:\/\/balatonneked.com\/#\/schema\/logo\/image\/"},"sameAs":["https:\/\/www.facebook.com\/BalatonNeked"]},{"@type":"Person","@id":"https:\/\/balatonneked.com\/#\/schema\/person\/e872a2bb920e6daab47d667be3035245","name":"Csilla","image":{"@type":"ImageObject","inLanguage":"en-GB","@id":"https:\/\/balatonneked.com\/#\/schema\/person\/image\/","url":"https:\/\/balatonneked.com\/wp-content\/uploads\/2022\/05\/Feher-Csilla-Balaton-Neked-100x100.png","contentUrl":"https:\/\/balatonneked.com\/wp-content\/uploads\/2022\/05\/Feher-Csilla-Balaton-Neked-100x100.png","caption":"Csilla"},"description":"A BalatonNeked Magazin meg\u00e1lmod\u00f3ja \u00e9s tulajdonosa.","url":"https:\/\/balatonneked.com\/en\/author\/admin\/"}]}},"_links":{"self":[{"href":"https:\/\/balatonneked.com\/en\/wp-json\/wp\/v2\/posts\/5253","targetHints":{"allow":["GET"]}}],"collection":[{"href":"https:\/\/balatonneked.com\/en\/wp-json\/wp\/v2\/posts"}],"about":[{"href":"https:\/\/balatonneked.com\/en\/wp-json\/wp\/v2\/types\/post"}],"author":[{"embeddable":true,"href":"https:\/\/balatonneked.com\/en\/wp-json\/wp\/v2\/users\/1"}],"replies":[{"embeddable":true,"href":"https:\/\/balatonneked.com\/en\/wp-json\/wp\/v2\/comments?post=5253"}],"version-history":[{"count":1,"href":"https:\/\/balatonneked.com\/en\/wp-json\/wp\/v2\/posts\/5253\/revisions"}],"predecessor-version":[{"id":5256,"href":"https:\/\/balatonneked.com\/en\/wp-json\/wp\/v2\/posts\/5253\/revisions\/5256"}],"wp:attachment":[{"href":"https:\/\/balatonneked.com\/en\/wp-json\/wp\/v2\/media?parent=5253"}],"wp:term":[{"taxonomy":"category","embeddable":true,"href":"https:\/\/balatonneked.com\/en\/wp-json\/wp\/v2\/categories?post=5253"},{"taxonomy":"post_tag","embeddable":true,"href":"https:\/\/balatonneked.com\/en\/wp-json\/wp\/v2\/tags?post=5253"}],"curies":[{"name":"wp","href":"https:\/\/api.w.org\/{rel}","templated":true}]}}