{"id":4987,"date":"2022-08-10T20:28:45","date_gmt":"2022-08-10T19:28:45","guid":{"rendered":"https:\/\/balatonneked.com\/?p=4987"},"modified":"2022-08-10T20:29:17","modified_gmt":"2022-08-10T19:29:17","slug":"intermezzo-latin-club-koncert-szent-istvan-unnepe","status":"publish","type":"post","link":"https:\/\/balatonneked.com\/en\/2022\/08\/10\/intermezzo-latin-club-koncert-szent-istvan-unnepe\/","title":{"rendered":"Intermezzo Latin Club koncert \/\/ Szent Istv\u00e1n \u00dcnnepe"},"content":{"rendered":"<p><a href=\"https:\/\/www.facebook.com\/intermezzolatinclub\">Intermezzo Latin Club<\/a> koncert Fekete Lind\u00e1val Keszthelyen a Zenepavilonban <br>L\u00fcktet\u0151 Ritmusok &#8211; V\u00e9rpezsd\u00edt\u0151 Dallamok &#8211; Latin Karnev\u00e1l<\/p><p>Fekete Linda orsz\u00e1gszerte ismert \u00e9s kedvelt sz\u00edn\u00e9sz\/\u00e9nekesn\u0151, az RTL Klub n\u00e9pszer\u0171 sorozat\u00e1nak a Dr\u00e1ga \u00d6r\u00f6k\u00f6s\u00f6k, valamint sz\u00e1mos sz\u00ednh\u00e1zi darab mellett az Anyatigrisek musical szt\u00e1rja.<br>Magyarorsz\u00e1g els\u0151 sz\u00e1m\u00fa latin d\u00edv\u00e1ja zenekar\u00e1val igazi fiesta hangulatot var\u00e1zsol a sz\u00ednpadra \u00e9s a k\u00f6z\u00f6ns\u00e9g soraiba.<\/p><p>Gyere \u00e9s \u00e9ld \u00e1t a fiest\u00e1t!<\/p><p>Facebook esem\u00e9ny : <\/p><p><a href=\"https:\/\/www.facebook.com\/events\/468231334814013\/?acontext=%7B%22source%22%3A%2229%22%2C%22ref_notif_type%22%3A%22event_calendar_create%22%2C%22action_history%22%3A%22null%22%7D&amp;notif_id=1660154325730690&amp;notif_t=event_calendar_create&amp;ref=notif\">https:\/\/www.facebook.com\/events\/468231334814013\/?acontext=%7B%22source%22%3A%2229%22%2C%22ref_notif_type%22%3A%22event_calendar_create%22%2C%22action_history%22%3A%22null%22%7D&amp;notif_id=1660154325730690&amp;notif_t=event_calendar_create&amp;ref=notif<\/a><\/p><figure class=\"wp-block-embed is-type-video is-provider-youtube wp-block-embed-youtube wp-embed-aspect-16-9 wp-has-aspect-ratio\"><div class=\"wp-block-embed__wrapper\">\n<iframe title=\"Intermezzo Latin Club - Medley 2018\" width=\"1200\" height=\"675\" src=\"https:\/\/www.youtube.com\/embed\/VngzRV3-HmI?feature=oembed\" frameborder=\"0\" allow=\"accelerometer; autoplay; clipboard-write; encrypted-media; gyroscope; picture-in-picture\" allowfullscreen><\/iframe>\n<\/div><\/figure>","protected":false},"excerpt":{"rendered":"<p>Intermezzo Latin Club koncert Fekete Lind\u00e1val Keszthelyen a Zenepavilonban L\u00fcktet\u0151 Ritmusok &#8211; V\u00e9rpezsd\u00edt\u0151 Dallamok &#8211; Latin Karnev\u00e1l Fekete Linda orsz\u00e1gszerte ismert \u00e9s kedvelt sz\u00edn\u00e9sz\/\u00e9nekesn\u0151, az RTL Klub n\u00e9pszer\u0171 sorozat\u00e1nak a Dr\u00e1ga \u00d6r\u00f6k\u00f6s\u00f6k, valamint sz\u00e1mos sz\u00ednh\u00e1zi darab mellett az Anyatigrisek musical szt\u00e1rja.Magyarorsz\u00e1g els\u0151 sz\u00e1m\u00fa latin d\u00edv\u00e1ja zenekar\u00e1val igazi fiesta hangulatot var\u00e1zsol a sz\u00ednpadra \u00e9s a k\u00f6z\u00f6ns\u00e9g [&hellip;]<\/p>","protected":false},"author":1,"featured_media":0,"comment_status":"open","ping_status":"open","sticky":false,"template":"","format":"standard","meta":{"_acf_changed":false,"footnotes":""},"categories":[38,515],"tags":[72,520,519,172],"class_list":["post-4987","post","type-post","status-publish","format-standard","hentry","category-keszthely","category-koncert","tag-balaton","tag-karneval","tag-latin","tag-programajanlo"],"acf":[],"yoast_head":"<!-- This site is optimized with the Yoast SEO plugin v25.1 - https:\/\/yoast.com\/wordpress\/plugins\/seo\/ -->\n<title>Intermezzo Latin Club koncert \/\/ Szent Istv\u00e1n \u00dcnnepe - BALATON NEKED<\/title>\n<meta name=\"robots\" content=\"index, follow, max-snippet:-1, max-image-preview:large, max-video-preview:-1\" \/>\n<link rel=\"canonical\" href=\"https:\/\/balatonneked.com\/en\/2022\/08\/10\/intermezzo-latin-club-koncert-szent-istvan-unnepe\/\" \/>\n<meta property=\"og:locale\" content=\"en_GB\" \/>\n<meta property=\"og:type\" content=\"article\" \/>\n<meta property=\"og:title\" content=\"Intermezzo Latin Club koncert \/\/ Szent Istv\u00e1n \u00dcnnepe - BALATON NEKED\" \/>\n<meta property=\"og:description\" content=\"Intermezzo Latin Club koncert Fekete Lind\u00e1val Keszthelyen a Zenepavilonban L\u00fcktet\u0151 Ritmusok &#8211; V\u00e9rpezsd\u00edt\u0151 Dallamok &#8211; Latin Karnev\u00e1l Fekete Linda orsz\u00e1gszerte ismert \u00e9s kedvelt sz\u00edn\u00e9sz\/\u00e9nekesn\u0151, az RTL Klub n\u00e9pszer\u0171 sorozat\u00e1nak a Dr\u00e1ga \u00d6r\u00f6k\u00f6s\u00f6k, valamint sz\u00e1mos sz\u00ednh\u00e1zi darab mellett az Anyatigrisek musical szt\u00e1rja.Magyarorsz\u00e1g els\u0151 sz\u00e1m\u00fa latin d\u00edv\u00e1ja zenekar\u00e1val igazi fiesta hangulatot var\u00e1zsol a sz\u00ednpadra \u00e9s a k\u00f6z\u00f6ns\u00e9g [&hellip;]\" \/>\n<meta property=\"og:url\" content=\"https:\/\/balatonneked.com\/en\/2022\/08\/10\/intermezzo-latin-club-koncert-szent-istvan-unnepe\/\" \/>\n<meta property=\"og:site_name\" content=\"BALATON NEKED\" \/>\n<meta property=\"article:publisher\" content=\"https:\/\/www.facebook.com\/BalatonNeked\" \/>\n<meta property=\"article:published_time\" content=\"2022-08-10T19:28:45+00:00\" \/>\n<meta property=\"article:modified_time\" content=\"2022-08-10T19:29:17+00:00\" \/>\n<meta name=\"author\" content=\"Csilla\" \/>\n<meta name=\"twitter:card\" content=\"summary_large_image\" \/>\n<meta name=\"twitter:label1\" content=\"Written by\" \/>\n\t<meta name=\"twitter:data1\" content=\"Csilla\" \/>\n\t<meta name=\"twitter:label2\" content=\"Estimated reading time\" \/>\n\t<meta name=\"twitter:data2\" content=\"1 minute\" \/>\n<script type=\"application\/ld+json\" class=\"yoast-schema-graph\">{\"@context\":\"https:\/\/schema.org\",\"@graph\":[{\"@type\":\"Article\",\"@id\":\"https:\/\/balatonneked.com\/2022\/08\/10\/intermezzo-latin-club-koncert-szent-istvan-unnepe\/#article\",\"isPartOf\":{\"@id\":\"https:\/\/balatonneked.com\/2022\/08\/10\/intermezzo-latin-club-koncert-szent-istvan-unnepe\/\"},\"author\":{\"name\":\"Csilla\",\"@id\":\"https:\/\/balatonneked.com\/#\/schema\/person\/e872a2bb920e6daab47d667be3035245\"},\"headline\":\"Intermezzo Latin Club koncert \/\/ Szent Istv\u00e1n \u00dcnnepe\",\"datePublished\":\"2022-08-10T19:28:45+00:00\",\"dateModified\":\"2022-08-10T19:29:17+00:00\",\"mainEntityOfPage\":{\"@id\":\"https:\/\/balatonneked.com\/2022\/08\/10\/intermezzo-latin-club-koncert-szent-istvan-unnepe\/\"},\"wordCount\":147,\"commentCount\":0,\"publisher\":{\"@id\":\"https:\/\/balatonneked.com\/#organization\"},\"keywords\":[\"Balaton\",\"karnev\u00e1l\",\"latin\",\"Programaj\u00e1nl\u00f3\"],\"articleSection\":[\"Keszthely\",\"Koncert\"],\"inLanguage\":\"en-GB\",\"potentialAction\":[{\"@type\":\"CommentAction\",\"name\":\"Comment\",\"target\":[\"https:\/\/balatonneked.com\/2022\/08\/10\/intermezzo-latin-club-koncert-szent-istvan-unnepe\/#respond\"]}]},{\"@type\":\"WebPage\",\"@id\":\"https:\/\/balatonneked.com\/2022\/08\/10\/intermezzo-latin-club-koncert-szent-istvan-unnepe\/\",\"url\":\"https:\/\/balatonneked.com\/2022\/08\/10\/intermezzo-latin-club-koncert-szent-istvan-unnepe\/\",\"name\":\"Intermezzo Latin Club koncert \/\/ Szent Istv\u00e1n \u00dcnnepe - BALATON NEKED\",\"isPartOf\":{\"@id\":\"https:\/\/balatonneked.com\/#website\"},\"datePublished\":\"2022-08-10T19:28:45+00:00\",\"dateModified\":\"2022-08-10T19:29:17+00:00\",\"breadcrumb\":{\"@id\":\"https:\/\/balatonneked.com\/2022\/08\/10\/intermezzo-latin-club-koncert-szent-istvan-unnepe\/#breadcrumb\"},\"inLanguage\":\"en-GB\",\"potentialAction\":[{\"@type\":\"ReadAction\",\"target\":[\"https:\/\/balatonneked.com\/2022\/08\/10\/intermezzo-latin-club-koncert-szent-istvan-unnepe\/\"]}]},{\"@type\":\"BreadcrumbList\",\"@id\":\"https:\/\/balatonneked.com\/2022\/08\/10\/intermezzo-latin-club-koncert-szent-istvan-unnepe\/#breadcrumb\",\"itemListElement\":[{\"@type\":\"ListItem\",\"position\":1,\"name\":\"Kezd\u0151lap\",\"item\":\"https:\/\/balatonneked.com\/\"},{\"@type\":\"ListItem\",\"position\":2,\"name\":\"Intermezzo Latin Club koncert \/\/ Szent Istv\u00e1n \u00dcnnepe\"}]},{\"@type\":\"WebSite\",\"@id\":\"https:\/\/balatonneked.com\/#website\",\"url\":\"https:\/\/balatonneked.com\/\",\"name\":\"BALATON NEKED\",\"description\":\"A Balaton leginformat\u00edvabb magazinja\",\"publisher\":{\"@id\":\"https:\/\/balatonneked.com\/#organization\"},\"potentialAction\":[{\"@type\":\"SearchAction\",\"target\":{\"@type\":\"EntryPoint\",\"urlTemplate\":\"https:\/\/balatonneked.com\/?s={search_term_string}\"},\"query-input\":{\"@type\":\"PropertyValueSpecification\",\"valueRequired\":true,\"valueName\":\"search_term_string\"}}],\"inLanguage\":\"en-GB\"},{\"@type\":\"Organization\",\"@id\":\"https:\/\/balatonneked.com\/#organization\",\"name\":\"BalatonNeked\",\"url\":\"https:\/\/balatonneked.com\/\",\"logo\":{\"@type\":\"ImageObject\",\"inLanguage\":\"en-GB\",\"@id\":\"https:\/\/balatonneked.com\/#\/schema\/logo\/image\/\",\"url\":\"https:\/\/balatonneked.com\/wp-content\/uploads\/2019\/05\/bnekedlogo.png\",\"contentUrl\":\"https:\/\/balatonneked.com\/wp-content\/uploads\/2019\/05\/bnekedlogo.png\",\"width\":750,\"height\":750,\"caption\":\"BalatonNeked\"},\"image\":{\"@id\":\"https:\/\/balatonneked.com\/#\/schema\/logo\/image\/\"},\"sameAs\":[\"https:\/\/www.facebook.com\/BalatonNeked\"]},{\"@type\":\"Person\",\"@id\":\"https:\/\/balatonneked.com\/#\/schema\/person\/e872a2bb920e6daab47d667be3035245\",\"name\":\"Csilla\",\"image\":{\"@type\":\"ImageObject\",\"inLanguage\":\"en-GB\",\"@id\":\"https:\/\/balatonneked.com\/#\/schema\/person\/image\/\",\"url\":\"https:\/\/balatonneked.com\/wp-content\/uploads\/2022\/05\/Feher-Csilla-Balaton-Neked-100x100.png\",\"contentUrl\":\"https:\/\/balatonneked.com\/wp-content\/uploads\/2022\/05\/Feher-Csilla-Balaton-Neked-100x100.png\",\"caption\":\"Csilla\"},\"description\":\"A BalatonNeked Magazin meg\u00e1lmod\u00f3ja \u00e9s tulajdonosa.\",\"url\":\"https:\/\/balatonneked.com\/en\/author\/admin\/\"}]}<\/script>\n<!-- \/ Yoast SEO plugin. -->","yoast_head_json":{"title":"Intermezzo Latin Club koncert \/\/ Szent Istv\u00e1n \u00dcnnepe - BALATON NEKED","robots":{"index":"index","follow":"follow","max-snippet":"max-snippet:-1","max-image-preview":"max-image-preview:large","max-video-preview":"max-video-preview:-1"},"canonical":"https:\/\/balatonneked.com\/en\/2022\/08\/10\/intermezzo-latin-club-koncert-szent-istvan-unnepe\/","og_locale":"en_GB","og_type":"article","og_title":"Intermezzo Latin Club koncert \/\/ Szent Istv\u00e1n \u00dcnnepe - BALATON NEKED","og_description":"Intermezzo Latin Club koncert Fekete Lind\u00e1val Keszthelyen a Zenepavilonban L\u00fcktet\u0151 Ritmusok &#8211; V\u00e9rpezsd\u00edt\u0151 Dallamok &#8211; Latin Karnev\u00e1l Fekete Linda orsz\u00e1gszerte ismert \u00e9s kedvelt sz\u00edn\u00e9sz\/\u00e9nekesn\u0151, az RTL Klub n\u00e9pszer\u0171 sorozat\u00e1nak a Dr\u00e1ga \u00d6r\u00f6k\u00f6s\u00f6k, valamint sz\u00e1mos sz\u00ednh\u00e1zi darab mellett az Anyatigrisek musical szt\u00e1rja.Magyarorsz\u00e1g els\u0151 sz\u00e1m\u00fa latin d\u00edv\u00e1ja zenekar\u00e1val igazi fiesta hangulatot var\u00e1zsol a sz\u00ednpadra \u00e9s a k\u00f6z\u00f6ns\u00e9g [&hellip;]","og_url":"https:\/\/balatonneked.com\/en\/2022\/08\/10\/intermezzo-latin-club-koncert-szent-istvan-unnepe\/","og_site_name":"BALATON NEKED","article_publisher":"https:\/\/www.facebook.com\/BalatonNeked","article_published_time":"2022-08-10T19:28:45+00:00","article_modified_time":"2022-08-10T19:29:17+00:00","author":"Csilla","twitter_card":"summary_large_image","twitter_misc":{"Written by":"Csilla","Estimated reading time":"1 minute"},"schema":{"@context":"https:\/\/schema.org","@graph":[{"@type":"Article","@id":"https:\/\/balatonneked.com\/2022\/08\/10\/intermezzo-latin-club-koncert-szent-istvan-unnepe\/#article","isPartOf":{"@id":"https:\/\/balatonneked.com\/2022\/08\/10\/intermezzo-latin-club-koncert-szent-istvan-unnepe\/"},"author":{"name":"Csilla","@id":"https:\/\/balatonneked.com\/#\/schema\/person\/e872a2bb920e6daab47d667be3035245"},"headline":"Intermezzo Latin Club koncert \/\/ Szent Istv\u00e1n \u00dcnnepe","datePublished":"2022-08-10T19:28:45+00:00","dateModified":"2022-08-10T19:29:17+00:00","mainEntityOfPage":{"@id":"https:\/\/balatonneked.com\/2022\/08\/10\/intermezzo-latin-club-koncert-szent-istvan-unnepe\/"},"wordCount":147,"commentCount":0,"publisher":{"@id":"https:\/\/balatonneked.com\/#organization"},"keywords":["Balaton","karnev\u00e1l","latin","Programaj\u00e1nl\u00f3"],"articleSection":["Keszthely","Koncert"],"inLanguage":"en-GB","potentialAction":[{"@type":"CommentAction","name":"Comment","target":["https:\/\/balatonneked.com\/2022\/08\/10\/intermezzo-latin-club-koncert-szent-istvan-unnepe\/#respond"]}]},{"@type":"WebPage","@id":"https:\/\/balatonneked.com\/2022\/08\/10\/intermezzo-latin-club-koncert-szent-istvan-unnepe\/","url":"https:\/\/balatonneked.com\/2022\/08\/10\/intermezzo-latin-club-koncert-szent-istvan-unnepe\/","name":"Intermezzo Latin Club koncert \/\/ Szent Istv\u00e1n \u00dcnnepe - BALATON NEKED","isPartOf":{"@id":"https:\/\/balatonneked.com\/#website"},"datePublished":"2022-08-10T19:28:45+00:00","dateModified":"2022-08-10T19:29:17+00:00","breadcrumb":{"@id":"https:\/\/balatonneked.com\/2022\/08\/10\/intermezzo-latin-club-koncert-szent-istvan-unnepe\/#breadcrumb"},"inLanguage":"en-GB","potentialAction":[{"@type":"ReadAction","target":["https:\/\/balatonneked.com\/2022\/08\/10\/intermezzo-latin-club-koncert-szent-istvan-unnepe\/"]}]},{"@type":"BreadcrumbList","@id":"https:\/\/balatonneked.com\/2022\/08\/10\/intermezzo-latin-club-koncert-szent-istvan-unnepe\/#breadcrumb","itemListElement":[{"@type":"ListItem","position":1,"name":"Kezd\u0151lap","item":"https:\/\/balatonneked.com\/"},{"@type":"ListItem","position":2,"name":"Intermezzo Latin Club koncert \/\/ Szent Istv\u00e1n \u00dcnnepe"}]},{"@type":"WebSite","@id":"https:\/\/balatonneked.com\/#website","url":"https:\/\/balatonneked.com\/","name":"BALATON NEKED","description":"A Balaton leginformat\u00edvabb magazinja","publisher":{"@id":"https:\/\/balatonneked.com\/#organization"},"potentialAction":[{"@type":"SearchAction","target":{"@type":"EntryPoint","urlTemplate":"https:\/\/balatonneked.com\/?s={search_term_string}"},"query-input":{"@type":"PropertyValueSpecification","valueRequired":true,"valueName":"search_term_string"}}],"inLanguage":"en-GB"},{"@type":"Organization","@id":"https:\/\/balatonneked.com\/#organization","name":"BalatonNeked","url":"https:\/\/balatonneked.com\/","logo":{"@type":"ImageObject","inLanguage":"en-GB","@id":"https:\/\/balatonneked.com\/#\/schema\/logo\/image\/","url":"https:\/\/balatonneked.com\/wp-content\/uploads\/2019\/05\/bnekedlogo.png","contentUrl":"https:\/\/balatonneked.com\/wp-content\/uploads\/2019\/05\/bnekedlogo.png","width":750,"height":750,"caption":"BalatonNeked"},"image":{"@id":"https:\/\/balatonneked.com\/#\/schema\/logo\/image\/"},"sameAs":["https:\/\/www.facebook.com\/BalatonNeked"]},{"@type":"Person","@id":"https:\/\/balatonneked.com\/#\/schema\/person\/e872a2bb920e6daab47d667be3035245","name":"Csilla","image":{"@type":"ImageObject","inLanguage":"en-GB","@id":"https:\/\/balatonneked.com\/#\/schema\/person\/image\/","url":"https:\/\/balatonneked.com\/wp-content\/uploads\/2022\/05\/Feher-Csilla-Balaton-Neked-100x100.png","contentUrl":"https:\/\/balatonneked.com\/wp-content\/uploads\/2022\/05\/Feher-Csilla-Balaton-Neked-100x100.png","caption":"Csilla"},"description":"A BalatonNeked Magazin meg\u00e1lmod\u00f3ja \u00e9s tulajdonosa.","url":"https:\/\/balatonneked.com\/en\/author\/admin\/"}]}},"_links":{"self":[{"href":"https:\/\/balatonneked.com\/en\/wp-json\/wp\/v2\/posts\/4987","targetHints":{"allow":["GET"]}}],"collection":[{"href":"https:\/\/balatonneked.com\/en\/wp-json\/wp\/v2\/posts"}],"about":[{"href":"https:\/\/balatonneked.com\/en\/wp-json\/wp\/v2\/types\/post"}],"author":[{"embeddable":true,"href":"https:\/\/balatonneked.com\/en\/wp-json\/wp\/v2\/users\/1"}],"replies":[{"embeddable":true,"href":"https:\/\/balatonneked.com\/en\/wp-json\/wp\/v2\/comments?post=4987"}],"version-history":[{"count":1,"href":"https:\/\/balatonneked.com\/en\/wp-json\/wp\/v2\/posts\/4987\/revisions"}],"predecessor-version":[{"id":4988,"href":"https:\/\/balatonneked.com\/en\/wp-json\/wp\/v2\/posts\/4987\/revisions\/4988"}],"wp:attachment":[{"href":"https:\/\/balatonneked.com\/en\/wp-json\/wp\/v2\/media?parent=4987"}],"wp:term":[{"taxonomy":"category","embeddable":true,"href":"https:\/\/balatonneked.com\/en\/wp-json\/wp\/v2\/categories?post=4987"},{"taxonomy":"post_tag","embeddable":true,"href":"https:\/\/balatonneked.com\/en\/wp-json\/wp\/v2\/tags?post=4987"}],"curies":[{"name":"wp","href":"https:\/\/api.w.org\/{rel}","templated":true}]}}