{"id":3059,"date":"2021-05-17T18:25:45","date_gmt":"2021-05-17T17:25:45","guid":{"rendered":"https:\/\/balatonneked.com\/?p=3059"},"modified":"2021-05-17T18:25:47","modified_gmt":"2021-05-17T17:25:47","slug":"suriti-balatoni-jaratait-a-mav","status":"publish","type":"post","link":"https:\/\/balatonneked.com\/en\/2021\/05\/17\/suriti-balatoni-jaratait-a-mav\/","title":{"rendered":"S\u0171r\u00edti balatoni j\u00e1ratait a M\u00c1V"},"content":{"rendered":"<p>A M\u00c1V-Start m\u00e1r nemcsak a vak\u00e1ci\u00f3 idej\u00e9n, hanem el\u0151tte egy h\u00f3nappal s\u0171r\u00edti a Balaton partj\u00e1ra tart\u00f3 j\u00e1ratokat &#8211; irja az <a href=\"https:\/\/index.hu\/belfold\/2021\/05\/17\/mav-balaton-jaratsurites-vonat-vasut-turisztikai-szezon\/\">index.hu<\/a>.<\/p><p>M\u00e1t\u00f3l a ny\u00e1ri menetrend kezdet\u00e9ig, j\u00fanius 19-ig el\u0151szezoni menetrend szerint k\u00f6zlekednek a vonatok Budapest \u00e9s a Balaton k\u00f6z\u00f6tt.<\/p><figure class=\"wp-block-image is-resized\"><img fetchpriority=\"high\" decoding=\"async\" src=\"https:\/\/kep.cdn.indexvas.hu\/1\/0\/3806\/38061\/380618\/38061893_3645dc107c1691f62e17b549173f3560_wm.jpg\" alt=\"BJASZ20200817001\" width=\"580\" height=\"426\"\/><figcaption>Fot\u00f3: J\u00e1szai Csaba \/ MTI<\/figcaption><\/figure><p>Az el\u0151szezonban a Si\u00f3fok \u00e9s Balatonm\u00e1riaf\u00fcrd\u0151 k\u00f6rny\u00e9ki \u00fcd\u00fcl\u0151\u00f6vezetek kisebb forgalm\u00fa meg\u00e1ll\u00f3iban is s\u0171r\u0171bben \u00e1llnak meg a vonatok.<\/p><p>K\u00f6zvetlen\u00fcl el\u00e9rhet\u0151v\u00e9 v\u00e1lik Budapestr\u0151l<\/p><ul class=\"wp-block-list\"><li>Balatonaliga,<\/li><li>Balatonvil\u00e1gos,<\/li><li>Szabadis\u00f3st\u00f3,<\/li><li>Szabadif\u00fcrd\u0151,<\/li><li>Balatonsz\u00e9plak als\u00f3,<\/li><li>Balatonsz\u00e9plak fels\u0151,<\/li><li>Zam\u00e1rdi fels\u0151,<\/li><li>Sz\u00e1nt\u00f3d,<\/li><li>Balatonlelle fels\u0151,<\/li><li>Fony\u00f3dliget,<\/li><li>B\u00e9latelep,<\/li><li>Als\u00f3b\u00e9latelep,<\/li><li>Balatonfenyves als\u00f3,<\/li><li>M\u00e1riahull\u00e1mtelep \u00e9s<\/li><li>M\u00e1riasz\u0151l\u0151telep.<\/li><\/ul><p>Az utasokat a kor\u00e1bbihoz k\u00e9pest s\u0171r\u0171bb k\u00f6zleked\u00e9ssel, InterCity-kocsikkal \u00e9s a d\u00e9li parton m\u00e1r az el\u0151szezonban is \u00e9tkez\u0151kocsival v\u00e1rja a vas\u00fatt\u00e1rsas\u00e1g. A <a href=\"https:\/\/dex.hu\/x.php?id=index_belfold_cikklink&amp;url=https%3A%2F%2Findex.hu%2Fbelfold%2F2021%2F05%2F15%2Fmav-volan-balaton%2F\" target=\"_blank\" rel=\"noreferrer noopener\">Lake Balaton<\/a> \u00e9szaki partj\u00e1n a vas\u00fati k\u00f6zleked\u00e9s m\u00e1jus 30-ig a villamos\u00edt\u00e1s miatt sz\u00fcnetel, Sz\u00e9kesfeh\u00e9rv\u00e1r \u00e9s Balatonf\u00fcred k\u00f6z\u00f6tt p\u00f3tl\u00f3busz sz\u00e1ll\u00edtja az utasokat\u00a0\u2013 t\u00e1j\u00e9koztat az MTI.<br><br>Forr\u00e1s: index.hu<br>Kiemelt k\u00e9p: Unsplash.com \/ Bitter Tamara<\/p>","protected":false},"excerpt":{"rendered":"<p>A M\u00c1V-Start m\u00e1r nemcsak a vak\u00e1ci\u00f3 idej\u00e9n, hanem el\u0151tte egy h\u00f3nappal s\u0171r\u00edti a Balaton partj\u00e1ra tart\u00f3 j\u00e1ratokat &#8211; irja az index.hu. M\u00e1t\u00f3l a ny\u00e1ri menetrend kezdet\u00e9ig, j\u00fanius 19-ig el\u0151szezoni menetrend szerint k\u00f6zlekednek a vonatok Budapest \u00e9s a Balaton k\u00f6z\u00f6tt. Az el\u0151szezonban a Si\u00f3fok \u00e9s Balatonm\u00e1riaf\u00fcrd\u0151 k\u00f6rny\u00e9ki \u00fcd\u00fcl\u0151\u00f6vezetek kisebb forgalm\u00fa meg\u00e1ll\u00f3iban is s\u0171r\u0171bben \u00e1llnak meg a [&hellip;]<\/p>","protected":false},"author":2,"featured_media":3060,"comment_status":"closed","ping_status":"open","sticky":false,"template":"","format":"standard","meta":{"_acf_changed":false,"footnotes":""},"categories":[255,155],"tags":[72,222,290],"class_list":["post-3059","post","type-post","status-publish","format-standard","has-post-thumbnail","hentry","category-balaton","category-hirek","tag-balaton","tag-kozlekedes","tag-vonat"],"acf":[],"yoast_head":"<!-- This site is optimized with the Yoast SEO plugin v25.1 - https:\/\/yoast.com\/wordpress\/plugins\/seo\/ -->\n<title>S\u0171r\u00edti balatoni j\u00e1ratait a M\u00c1V - BALATON NEKED<\/title>\n<meta name=\"robots\" content=\"index, follow, max-snippet:-1, max-image-preview:large, max-video-preview:-1\" \/>\n<link rel=\"canonical\" href=\"https:\/\/balatonneked.com\/en\/2021\/05\/17\/suriti-balatoni-jaratait-a-mav\/\" \/>\n<meta property=\"og:locale\" content=\"en_GB\" \/>\n<meta property=\"og:type\" content=\"article\" \/>\n<meta property=\"og:title\" content=\"S\u0171r\u00edti balatoni j\u00e1ratait a M\u00c1V - BALATON NEKED\" \/>\n<meta property=\"og:description\" content=\"A M\u00c1V-Start m\u00e1r nemcsak a vak\u00e1ci\u00f3 idej\u00e9n, hanem el\u0151tte egy h\u00f3nappal s\u0171r\u00edti a Balaton partj\u00e1ra tart\u00f3 j\u00e1ratokat &#8211; irja az index.hu. M\u00e1t\u00f3l a ny\u00e1ri menetrend kezdet\u00e9ig, j\u00fanius 19-ig el\u0151szezoni menetrend szerint k\u00f6zlekednek a vonatok Budapest \u00e9s a Balaton k\u00f6z\u00f6tt. Az el\u0151szezonban a Si\u00f3fok \u00e9s Balatonm\u00e1riaf\u00fcrd\u0151 k\u00f6rny\u00e9ki \u00fcd\u00fcl\u0151\u00f6vezetek kisebb forgalm\u00fa meg\u00e1ll\u00f3iban is s\u0171r\u0171bben \u00e1llnak meg a [&hellip;]\" \/>\n<meta property=\"og:url\" content=\"https:\/\/balatonneked.com\/en\/2021\/05\/17\/suriti-balatoni-jaratait-a-mav\/\" \/>\n<meta property=\"og:site_name\" content=\"BALATON NEKED\" \/>\n<meta property=\"article:publisher\" content=\"https:\/\/www.facebook.com\/BalatonNeked\" \/>\n<meta property=\"article:published_time\" content=\"2021-05-17T17:25:45+00:00\" \/>\n<meta property=\"article:modified_time\" content=\"2021-05-17T17:25:47+00:00\" \/>\n<meta property=\"og:image\" content=\"https:\/\/balatonneked.com\/wp-content\/uploads\/2021\/05\/tamara-bitter-BYelNdCLmx0-unsplash-scaled.jpg\" \/>\n\t<meta property=\"og:image:width\" content=\"2560\" \/>\n\t<meta property=\"og:image:height\" content=\"1707\" \/>\n\t<meta property=\"og:image:type\" content=\"image\/jpeg\" \/>\n<meta name=\"author\" content=\"-\" \/>\n<meta name=\"twitter:card\" content=\"summary_large_image\" \/>\n<meta name=\"twitter:label1\" content=\"Written by\" \/>\n\t<meta name=\"twitter:data1\" content=\"-\" \/>\n\t<meta name=\"twitter:label2\" content=\"Estimated reading time\" \/>\n\t<meta name=\"twitter:data2\" content=\"1 minute\" \/>\n<script type=\"application\/ld+json\" class=\"yoast-schema-graph\">{\"@context\":\"https:\/\/schema.org\",\"@graph\":[{\"@type\":\"Article\",\"@id\":\"https:\/\/balatonneked.com\/2021\/05\/17\/suriti-balatoni-jaratait-a-mav\/#article\",\"isPartOf\":{\"@id\":\"https:\/\/balatonneked.com\/2021\/05\/17\/suriti-balatoni-jaratait-a-mav\/\"},\"author\":{\"name\":\"-\",\"@id\":\"https:\/\/balatonneked.com\/#\/schema\/person\/6abf551dbe3d5531af60e216ef9b16aa\"},\"headline\":\"S\u0171r\u00edti balatoni j\u00e1ratait a M\u00c1V\",\"datePublished\":\"2021-05-17T17:25:45+00:00\",\"dateModified\":\"2021-05-17T17:25:47+00:00\",\"mainEntityOfPage\":{\"@id\":\"https:\/\/balatonneked.com\/2021\/05\/17\/suriti-balatoni-jaratait-a-mav\/\"},\"wordCount\":238,\"publisher\":{\"@id\":\"https:\/\/balatonneked.com\/#organization\"},\"image\":{\"@id\":\"https:\/\/balatonneked.com\/2021\/05\/17\/suriti-balatoni-jaratait-a-mav\/#primaryimage\"},\"thumbnailUrl\":\"https:\/\/balatonneked.com\/wp-content\/uploads\/2021\/05\/tamara-bitter-BYelNdCLmx0-unsplash-scaled.jpg\",\"keywords\":[\"Balaton\",\"k\u00f6zleked\u00e9s\",\"vonat\"],\"articleSection\":[\"Balaton\",\"H\u00edrek\"],\"inLanguage\":\"en-GB\"},{\"@type\":\"WebPage\",\"@id\":\"https:\/\/balatonneked.com\/2021\/05\/17\/suriti-balatoni-jaratait-a-mav\/\",\"url\":\"https:\/\/balatonneked.com\/2021\/05\/17\/suriti-balatoni-jaratait-a-mav\/\",\"name\":\"S\u0171r\u00edti balatoni j\u00e1ratait a M\u00c1V - BALATON NEKED\",\"isPartOf\":{\"@id\":\"https:\/\/balatonneked.com\/#website\"},\"primaryImageOfPage\":{\"@id\":\"https:\/\/balatonneked.com\/2021\/05\/17\/suriti-balatoni-jaratait-a-mav\/#primaryimage\"},\"image\":{\"@id\":\"https:\/\/balatonneked.com\/2021\/05\/17\/suriti-balatoni-jaratait-a-mav\/#primaryimage\"},\"thumbnailUrl\":\"https:\/\/balatonneked.com\/wp-content\/uploads\/2021\/05\/tamara-bitter-BYelNdCLmx0-unsplash-scaled.jpg\",\"datePublished\":\"2021-05-17T17:25:45+00:00\",\"dateModified\":\"2021-05-17T17:25:47+00:00\",\"breadcrumb\":{\"@id\":\"https:\/\/balatonneked.com\/2021\/05\/17\/suriti-balatoni-jaratait-a-mav\/#breadcrumb\"},\"inLanguage\":\"en-GB\",\"potentialAction\":[{\"@type\":\"ReadAction\",\"target\":[\"https:\/\/balatonneked.com\/2021\/05\/17\/suriti-balatoni-jaratait-a-mav\/\"]}]},{\"@type\":\"ImageObject\",\"inLanguage\":\"en-GB\",\"@id\":\"https:\/\/balatonneked.com\/2021\/05\/17\/suriti-balatoni-jaratait-a-mav\/#primaryimage\",\"url\":\"https:\/\/balatonneked.com\/wp-content\/uploads\/2021\/05\/tamara-bitter-BYelNdCLmx0-unsplash-scaled.jpg\",\"contentUrl\":\"https:\/\/balatonneked.com\/wp-content\/uploads\/2021\/05\/tamara-bitter-BYelNdCLmx0-unsplash-scaled.jpg\",\"width\":2560,\"height\":1707},{\"@type\":\"BreadcrumbList\",\"@id\":\"https:\/\/balatonneked.com\/2021\/05\/17\/suriti-balatoni-jaratait-a-mav\/#breadcrumb\",\"itemListElement\":[{\"@type\":\"ListItem\",\"position\":1,\"name\":\"Kezd\u0151lap\",\"item\":\"https:\/\/balatonneked.com\/\"},{\"@type\":\"ListItem\",\"position\":2,\"name\":\"S\u0171r\u00edti balatoni j\u00e1ratait a M\u00c1V\"}]},{\"@type\":\"WebSite\",\"@id\":\"https:\/\/balatonneked.com\/#website\",\"url\":\"https:\/\/balatonneked.com\/\",\"name\":\"BALATON NEKED\",\"description\":\"A Balaton leginformat\u00edvabb magazinja\",\"publisher\":{\"@id\":\"https:\/\/balatonneked.com\/#organization\"},\"potentialAction\":[{\"@type\":\"SearchAction\",\"target\":{\"@type\":\"EntryPoint\",\"urlTemplate\":\"https:\/\/balatonneked.com\/?s={search_term_string}\"},\"query-input\":{\"@type\":\"PropertyValueSpecification\",\"valueRequired\":true,\"valueName\":\"search_term_string\"}}],\"inLanguage\":\"en-GB\"},{\"@type\":\"Organization\",\"@id\":\"https:\/\/balatonneked.com\/#organization\",\"name\":\"BalatonNeked\",\"url\":\"https:\/\/balatonneked.com\/\",\"logo\":{\"@type\":\"ImageObject\",\"inLanguage\":\"en-GB\",\"@id\":\"https:\/\/balatonneked.com\/#\/schema\/logo\/image\/\",\"url\":\"https:\/\/balatonneked.com\/wp-content\/uploads\/2019\/05\/bnekedlogo.png\",\"contentUrl\":\"https:\/\/balatonneked.com\/wp-content\/uploads\/2019\/05\/bnekedlogo.png\",\"width\":750,\"height\":750,\"caption\":\"BalatonNeked\"},\"image\":{\"@id\":\"https:\/\/balatonneked.com\/#\/schema\/logo\/image\/\"},\"sameAs\":[\"https:\/\/www.facebook.com\/BalatonNeked\"]},{\"@type\":\"Person\",\"@id\":\"https:\/\/balatonneked.com\/#\/schema\/person\/6abf551dbe3d5531af60e216ef9b16aa\",\"name\":\"-\",\"image\":{\"@type\":\"ImageObject\",\"inLanguage\":\"en-GB\",\"@id\":\"https:\/\/balatonneked.com\/#\/schema\/person\/image\/\",\"url\":\"https:\/\/secure.gravatar.com\/avatar\/7bcf602c35eea1fdd5dcb5698f42149adc1fb65510ae8b284cdf111a453a6c37?s=96&d=mm&r=g\",\"contentUrl\":\"https:\/\/secure.gravatar.com\/avatar\/7bcf602c35eea1fdd5dcb5698f42149adc1fb65510ae8b284cdf111a453a6c37?s=96&d=mm&r=g\",\"caption\":\"-\"},\"url\":\"https:\/\/balatonneked.com\/en\/author\/tamasildiko\/\"}]}<\/script>\n<!-- \/ Yoast SEO plugin. -->","yoast_head_json":{"title":"S\u0171r\u00edti balatoni j\u00e1ratait a M\u00c1V - BALATON NEKED","robots":{"index":"index","follow":"follow","max-snippet":"max-snippet:-1","max-image-preview":"max-image-preview:large","max-video-preview":"max-video-preview:-1"},"canonical":"https:\/\/balatonneked.com\/en\/2021\/05\/17\/suriti-balatoni-jaratait-a-mav\/","og_locale":"en_GB","og_type":"article","og_title":"S\u0171r\u00edti balatoni j\u00e1ratait a M\u00c1V - BALATON NEKED","og_description":"A M\u00c1V-Start m\u00e1r nemcsak a vak\u00e1ci\u00f3 idej\u00e9n, hanem el\u0151tte egy h\u00f3nappal s\u0171r\u00edti a Balaton partj\u00e1ra tart\u00f3 j\u00e1ratokat &#8211; irja az index.hu. M\u00e1t\u00f3l a ny\u00e1ri menetrend kezdet\u00e9ig, j\u00fanius 19-ig el\u0151szezoni menetrend szerint k\u00f6zlekednek a vonatok Budapest \u00e9s a Balaton k\u00f6z\u00f6tt. Az el\u0151szezonban a Si\u00f3fok \u00e9s Balatonm\u00e1riaf\u00fcrd\u0151 k\u00f6rny\u00e9ki \u00fcd\u00fcl\u0151\u00f6vezetek kisebb forgalm\u00fa meg\u00e1ll\u00f3iban is s\u0171r\u0171bben \u00e1llnak meg a [&hellip;]","og_url":"https:\/\/balatonneked.com\/en\/2021\/05\/17\/suriti-balatoni-jaratait-a-mav\/","og_site_name":"BALATON NEKED","article_publisher":"https:\/\/www.facebook.com\/BalatonNeked","article_published_time":"2021-05-17T17:25:45+00:00","article_modified_time":"2021-05-17T17:25:47+00:00","og_image":[{"width":2560,"height":1707,"url":"https:\/\/balatonneked.com\/wp-content\/uploads\/2021\/05\/tamara-bitter-BYelNdCLmx0-unsplash-scaled.jpg","type":"image\/jpeg"}],"author":"-","twitter_card":"summary_large_image","twitter_misc":{"Written by":"-","Estimated reading time":"1 minute"},"schema":{"@context":"https:\/\/schema.org","@graph":[{"@type":"Article","@id":"https:\/\/balatonneked.com\/2021\/05\/17\/suriti-balatoni-jaratait-a-mav\/#article","isPartOf":{"@id":"https:\/\/balatonneked.com\/2021\/05\/17\/suriti-balatoni-jaratait-a-mav\/"},"author":{"name":"-","@id":"https:\/\/balatonneked.com\/#\/schema\/person\/6abf551dbe3d5531af60e216ef9b16aa"},"headline":"S\u0171r\u00edti balatoni j\u00e1ratait a M\u00c1V","datePublished":"2021-05-17T17:25:45+00:00","dateModified":"2021-05-17T17:25:47+00:00","mainEntityOfPage":{"@id":"https:\/\/balatonneked.com\/2021\/05\/17\/suriti-balatoni-jaratait-a-mav\/"},"wordCount":238,"publisher":{"@id":"https:\/\/balatonneked.com\/#organization"},"image":{"@id":"https:\/\/balatonneked.com\/2021\/05\/17\/suriti-balatoni-jaratait-a-mav\/#primaryimage"},"thumbnailUrl":"https:\/\/balatonneked.com\/wp-content\/uploads\/2021\/05\/tamara-bitter-BYelNdCLmx0-unsplash-scaled.jpg","keywords":["Balaton","k\u00f6zleked\u00e9s","vonat"],"articleSection":["Balaton","H\u00edrek"],"inLanguage":"en-GB"},{"@type":"WebPage","@id":"https:\/\/balatonneked.com\/2021\/05\/17\/suriti-balatoni-jaratait-a-mav\/","url":"https:\/\/balatonneked.com\/2021\/05\/17\/suriti-balatoni-jaratait-a-mav\/","name":"S\u0171r\u00edti balatoni j\u00e1ratait a M\u00c1V - BALATON NEKED","isPartOf":{"@id":"https:\/\/balatonneked.com\/#website"},"primaryImageOfPage":{"@id":"https:\/\/balatonneked.com\/2021\/05\/17\/suriti-balatoni-jaratait-a-mav\/#primaryimage"},"image":{"@id":"https:\/\/balatonneked.com\/2021\/05\/17\/suriti-balatoni-jaratait-a-mav\/#primaryimage"},"thumbnailUrl":"https:\/\/balatonneked.com\/wp-content\/uploads\/2021\/05\/tamara-bitter-BYelNdCLmx0-unsplash-scaled.jpg","datePublished":"2021-05-17T17:25:45+00:00","dateModified":"2021-05-17T17:25:47+00:00","breadcrumb":{"@id":"https:\/\/balatonneked.com\/2021\/05\/17\/suriti-balatoni-jaratait-a-mav\/#breadcrumb"},"inLanguage":"en-GB","potentialAction":[{"@type":"ReadAction","target":["https:\/\/balatonneked.com\/2021\/05\/17\/suriti-balatoni-jaratait-a-mav\/"]}]},{"@type":"ImageObject","inLanguage":"en-GB","@id":"https:\/\/balatonneked.com\/2021\/05\/17\/suriti-balatoni-jaratait-a-mav\/#primaryimage","url":"https:\/\/balatonneked.com\/wp-content\/uploads\/2021\/05\/tamara-bitter-BYelNdCLmx0-unsplash-scaled.jpg","contentUrl":"https:\/\/balatonneked.com\/wp-content\/uploads\/2021\/05\/tamara-bitter-BYelNdCLmx0-unsplash-scaled.jpg","width":2560,"height":1707},{"@type":"BreadcrumbList","@id":"https:\/\/balatonneked.com\/2021\/05\/17\/suriti-balatoni-jaratait-a-mav\/#breadcrumb","itemListElement":[{"@type":"ListItem","position":1,"name":"Kezd\u0151lap","item":"https:\/\/balatonneked.com\/"},{"@type":"ListItem","position":2,"name":"S\u0171r\u00edti balatoni j\u00e1ratait a M\u00c1V"}]},{"@type":"WebSite","@id":"https:\/\/balatonneked.com\/#website","url":"https:\/\/balatonneked.com\/","name":"BALATON NEKED","description":"A Balaton leginformat\u00edvabb magazinja","publisher":{"@id":"https:\/\/balatonneked.com\/#organization"},"potentialAction":[{"@type":"SearchAction","target":{"@type":"EntryPoint","urlTemplate":"https:\/\/balatonneked.com\/?s={search_term_string}"},"query-input":{"@type":"PropertyValueSpecification","valueRequired":true,"valueName":"search_term_string"}}],"inLanguage":"en-GB"},{"@type":"Organization","@id":"https:\/\/balatonneked.com\/#organization","name":"BalatonNeked","url":"https:\/\/balatonneked.com\/","logo":{"@type":"ImageObject","inLanguage":"en-GB","@id":"https:\/\/balatonneked.com\/#\/schema\/logo\/image\/","url":"https:\/\/balatonneked.com\/wp-content\/uploads\/2019\/05\/bnekedlogo.png","contentUrl":"https:\/\/balatonneked.com\/wp-content\/uploads\/2019\/05\/bnekedlogo.png","width":750,"height":750,"caption":"BalatonNeked"},"image":{"@id":"https:\/\/balatonneked.com\/#\/schema\/logo\/image\/"},"sameAs":["https:\/\/www.facebook.com\/BalatonNeked"]},{"@type":"Person","@id":"https:\/\/balatonneked.com\/#\/schema\/person\/6abf551dbe3d5531af60e216ef9b16aa","name":"-","image":{"@type":"ImageObject","inLanguage":"en-GB","@id":"https:\/\/balatonneked.com\/#\/schema\/person\/image\/","url":"https:\/\/secure.gravatar.com\/avatar\/7bcf602c35eea1fdd5dcb5698f42149adc1fb65510ae8b284cdf111a453a6c37?s=96&d=mm&r=g","contentUrl":"https:\/\/secure.gravatar.com\/avatar\/7bcf602c35eea1fdd5dcb5698f42149adc1fb65510ae8b284cdf111a453a6c37?s=96&d=mm&r=g","caption":"-"},"url":"https:\/\/balatonneked.com\/en\/author\/tamasildiko\/"}]}},"_links":{"self":[{"href":"https:\/\/balatonneked.com\/en\/wp-json\/wp\/v2\/posts\/3059","targetHints":{"allow":["GET"]}}],"collection":[{"href":"https:\/\/balatonneked.com\/en\/wp-json\/wp\/v2\/posts"}],"about":[{"href":"https:\/\/balatonneked.com\/en\/wp-json\/wp\/v2\/types\/post"}],"author":[{"embeddable":true,"href":"https:\/\/balatonneked.com\/en\/wp-json\/wp\/v2\/users\/2"}],"replies":[{"embeddable":true,"href":"https:\/\/balatonneked.com\/en\/wp-json\/wp\/v2\/comments?post=3059"}],"version-history":[{"count":1,"href":"https:\/\/balatonneked.com\/en\/wp-json\/wp\/v2\/posts\/3059\/revisions"}],"predecessor-version":[{"id":3061,"href":"https:\/\/balatonneked.com\/en\/wp-json\/wp\/v2\/posts\/3059\/revisions\/3061"}],"wp:featuredmedia":[{"embeddable":true,"href":"https:\/\/balatonneked.com\/en\/wp-json\/wp\/v2\/media\/3060"}],"wp:attachment":[{"href":"https:\/\/balatonneked.com\/en\/wp-json\/wp\/v2\/media?parent=3059"}],"wp:term":[{"taxonomy":"category","embeddable":true,"href":"https:\/\/balatonneked.com\/en\/wp-json\/wp\/v2\/categories?post=3059"},{"taxonomy":"post_tag","embeddable":true,"href":"https:\/\/balatonneked.com\/en\/wp-json\/wp\/v2\/tags?post=3059"}],"curies":[{"name":"wp","href":"https:\/\/api.w.org\/{rel}","templated":true}]}}