{"id":2930,"date":"2021-04-12T08:41:48","date_gmt":"2021-04-12T07:41:48","guid":{"rendered":"https:\/\/balatonneked.com\/?p=2930"},"modified":"2021-04-12T08:41:50","modified_gmt":"2021-04-12T07:41:50","slug":"tulipanszuret-koroshegyen","status":"publish","type":"post","link":"https:\/\/balatonneked.com\/en\/2021\/04\/12\/tulipanszuret-koroshegyen\/","title":{"rendered":"Tulip\u00e1nsz\u00fcret K\u0151r\u00f6shegyen"},"content":{"rendered":"<p>Id\u00e9n is lesz tulip\u00e1nsz\u00fcret a K\u00f6r\u00f6shegyi Levendul\u00e1sban, ahol k\u00f6r\u00fclbel\u00fcl 258.000 tulip\u00e1n bont szirmot.<br><br>A tulip\u00e1nv\u00e1s\u00e1r id\u0151pontja: 2021. \u00e1prilis 15-25. (minden nap) 9:00-17:00 \u00f3ra k\u00f6z\u00f6tt. Ez v\u00e1ltozhat az id\u0151j\u00e1r\u00e1s \u00e9s a vir\u00e1gz\u00e1s f\u00fcggv\u00e9ny\u00e9ben.<br><br>Id\u00e9n a szok\u00e1sos programok (k\u00e9zm\u0171ves foglalkoz\u00e1s, csokork\u00f6t\u0151 s\u00e1tor, kis\u00e1llat simogat\u00f3) sajnos elmaradnak, csak vir\u00e1g szedhet\u0151.<br><br>A levendul\u00e1s a hat\u00e1lyos jogszab\u00e1lyok mellett l\u00e1togathat\u00f3, az \u00e9rdekl\u0151d\u0151knek biztos\u00edtanak k\u00e9zfert\u0151tlen\u00edt\u0151t, k\u00e9zmos\u00f3pontot, maszk visel\u00e9se k\u00f6telez\u0151. A ter\u00fclet hatalmas, \u00edgy a t\u00e1vols\u00e1got k\u00f6nny\u0171 tartani.<br><strong><br>FONTOS TUDNIVAL\u00d3K<\/strong><\/p><p><img decoding=\"async\" width=\"16\" height=\"16\" alt=\"\ud83c\udf37\" src=\"https:\/\/static.xx.fbcdn.net\/images\/emoji.php\/v9\/t6f\/1\/16\/1f337.png\"> H\u00e1zirend szerint csak maszkban lehet ter\u00fcletre bel\u00e9pni. Akinek nincs, az a helysz\u00ednen is be tudja szerezni! A bej\u00e1ratn\u00e1l k\u00e9zmos\u00f3 pont, az asztalokon pump\u00e1s k\u00e9zfert\u0151tlen\u00edt\u0151 is rendelkez\u00e9sre \u00e1ll. <br><img decoding=\"async\" width=\"16\" height=\"16\" alt=\"\ud83d\ude97\" src=\"https:\/\/static.xx.fbcdn.net\/images\/emoji.php\/v9\/tec\/1\/16\/1f697.png\"> PARKOL\u00d3 VAN A BEJ\u00c1RATN\u00c1L! A bevezet\u0151 \u00fat k\u00e9t hatalmas, \u00f6sszesen kb. 600 f\u00e9r\u0151helyes parkol\u00f3hoz vezet, melyek \u00e9pp a bej\u00e1ratn\u00e1l tal\u00e1lhat\u00f3k. KIEMELTEN K\u00c9RNEK MINDENKIT arra, hogy NE parkoljon a D\u00f3zsa Gy\u00f6rgy \u00fat\/K\u0151r\u00f6shegyi \u00fat ment\u00e9n! Ez nagyon fontos a helyi lak\u00f3k nyugalma, a balesetek elker\u00fcl\u00e9se \u00e9s a forgalom zavartalan \u00e1raml\u00e1sa miatt!<br><img decoding=\"async\" width=\"16\" height=\"16\" alt=\"\ud83c\udf37\" src=\"https:\/\/static.xx.fbcdn.net\/images\/emoji.php\/v9\/t6f\/1\/16\/1f337.png\">A helysz\u00edn egy autentikus gazdas\u00e1g, sok-sok t\u00e1gas z\u00f6ldter\u00fclettel. Aj\u00e1nlott v\u00e1lt\u00f3cip\u0151vel felszerelkezve \u00e9rkezni, es\u0151s napokon gumicsizm\u00e1val k\u00e9sz\u00fclni.<br><img decoding=\"async\" width=\"16\" height=\"16\" alt=\"\ud83c\udf37\" src=\"https:\/\/static.xx.fbcdn.net\/images\/emoji.php\/v9\/t6f\/1\/16\/1f337.png\">Kutyabar\u00e1t birtok, p\u00f3r\u00e1zon sok szeretettel v\u00e1rj\u00e1k a n\u00e9gyl\u00e1b\u00fa vend\u00e9geket is!<br><img decoding=\"async\" width=\"16\" height=\"16\" alt=\"\ud83c\udf37\" src=\"https:\/\/static.xx.fbcdn.net\/images\/emoji.php\/v9\/t6f\/1\/16\/1f337.png\">Pal\u00e1ntav\u00e1s\u00e1rral \u00e9s 100%-ban helyi, k\u0151r\u00f6shegyi levendul\u00e1b\u00f3l k\u00e9sz\u00fclt k\u00e9zm\u0171ves term\u00e9kek az aj\u00e1nd\u00e9kboltban v\u00e1s\u00e1rolhat\u00f3k.<br><img decoding=\"async\" width=\"16\" height=\"16\" alt=\"\ud83c\udf37\" src=\"https:\/\/static.xx.fbcdn.net\/images\/emoji.php\/v9\/t6f\/1\/16\/1f337.png\">Megk\u00f6zel\u00edt\u00e9s: Budapest ~125 km | Si\u00f3fok ~25 km | Balatonf\u00f6ldv\u00e1r ~2,5 km<br>K\u0151r\u00f6shegyen, a D\u00f3zsa Gy\u00f6rgy \u00fatr\u00f3l a Flekken cs\u00e1rda mellett bekanyarodva egy keskeny murv\u00e1s \u00fat v\u00e9g\u00e9n tal\u00e1lj\u00e1tok a gazdas\u00e1got \u00e9s a parkol\u00f3kat. Az \u00fat ki van t\u00e1bl\u00e1zva, parkol\u00f3 van a bej\u00e1ratn\u00e1l, buszmeg\u00e1ll\u00f3 k\u00f6zvetlen\u00fcl a murv\u00e1s \u00fat elej\u00e9n tal\u00e1lhat\u00f3!<\/p><p>Tov\u00e1bbi, pontos inform\u00e1ci\u00f3k a <a href=\"https:\/\/www.facebook.com\/groups\/551912285179484\/\">Tulip\u00e1nsz\u00fcret K\u0151r\u00f6shegyen<\/a> facebook csoportban!<\/p><p>Forr\u00e1s, kiemelt k\u00e9p: <a href=\"https:\/\/www.facebook.com\/koroshegyilevendulas\">K\u0151r\u00f6shegyi levendul\u00e1s<\/a> facebook oldal<\/p><p><br><\/p>","protected":false},"excerpt":{"rendered":"<p>Id\u00e9n is lesz tulip\u00e1nsz\u00fcret a K\u00f6r\u00f6shegyi Levendul\u00e1sban, ahol k\u00f6r\u00fclbel\u00fcl 258.000 tulip\u00e1n bont szirmot. A tulip\u00e1nv\u00e1s\u00e1r id\u0151pontja: 2021. \u00e1prilis 15-25. (minden nap) 9:00-17:00 \u00f3ra k\u00f6z\u00f6tt. Ez v\u00e1ltozhat az id\u0151j\u00e1r\u00e1s \u00e9s a vir\u00e1gz\u00e1s f\u00fcggv\u00e9ny\u00e9ben. Id\u00e9n a szok\u00e1sos programok (k\u00e9zm\u0171ves foglalkoz\u00e1s, csokork\u00f6t\u0151 s\u00e1tor, kis\u00e1llat simogat\u00f3) sajnos elmaradnak, csak vir\u00e1g szedhet\u0151. A levendul\u00e1s a hat\u00e1lyos jogszab\u00e1lyok mellett l\u00e1togathat\u00f3, az [&hellip;]<\/p>","protected":false},"author":2,"featured_media":2931,"comment_status":"closed","ping_status":"open","sticky":false,"template":"","format":"standard","meta":{"_acf_changed":false,"footnotes":""},"categories":[255,161,155],"tags":[72,164,219,305],"class_list":["post-2930","post","type-post","status-publish","format-standard","has-post-thumbnail","hentry","category-balaton","category-deli-part","category-hirek","tag-balaton","tag-deli-part","tag-koroshegy","tag-tulipan"],"acf":[],"yoast_head":"<!-- This site is optimized with the Yoast SEO plugin v25.1 - https:\/\/yoast.com\/wordpress\/plugins\/seo\/ -->\n<title>Tulip\u00e1nsz\u00fcret K\u0151r\u00f6shegyen - BALATON NEKED<\/title>\n<meta name=\"robots\" content=\"index, follow, max-snippet:-1, max-image-preview:large, max-video-preview:-1\" \/>\n<link rel=\"canonical\" href=\"https:\/\/balatonneked.com\/en\/2021\/04\/12\/tulipanszuret-koroshegyen\/\" \/>\n<meta property=\"og:locale\" content=\"en_GB\" \/>\n<meta property=\"og:type\" content=\"article\" \/>\n<meta property=\"og:title\" content=\"Tulip\u00e1nsz\u00fcret K\u0151r\u00f6shegyen - BALATON NEKED\" \/>\n<meta property=\"og:description\" content=\"Id\u00e9n is lesz tulip\u00e1nsz\u00fcret a K\u00f6r\u00f6shegyi Levendul\u00e1sban, ahol k\u00f6r\u00fclbel\u00fcl 258.000 tulip\u00e1n bont szirmot. A tulip\u00e1nv\u00e1s\u00e1r id\u0151pontja: 2021. \u00e1prilis 15-25. (minden nap) 9:00-17:00 \u00f3ra k\u00f6z\u00f6tt. Ez v\u00e1ltozhat az id\u0151j\u00e1r\u00e1s \u00e9s a vir\u00e1gz\u00e1s f\u00fcggv\u00e9ny\u00e9ben. Id\u00e9n a szok\u00e1sos programok (k\u00e9zm\u0171ves foglalkoz\u00e1s, csokork\u00f6t\u0151 s\u00e1tor, kis\u00e1llat simogat\u00f3) sajnos elmaradnak, csak vir\u00e1g szedhet\u0151. A levendul\u00e1s a hat\u00e1lyos jogszab\u00e1lyok mellett l\u00e1togathat\u00f3, az [&hellip;]\" \/>\n<meta property=\"og:url\" content=\"https:\/\/balatonneked.com\/en\/2021\/04\/12\/tulipanszuret-koroshegyen\/\" \/>\n<meta property=\"og:site_name\" content=\"BALATON NEKED\" \/>\n<meta property=\"article:publisher\" content=\"https:\/\/www.facebook.com\/BalatonNeked\" \/>\n<meta property=\"article:published_time\" content=\"2021-04-12T07:41:48+00:00\" \/>\n<meta property=\"article:modified_time\" content=\"2021-04-12T07:41:50+00:00\" \/>\n<meta property=\"og:image\" content=\"https:\/\/balatonneked.com\/wp-content\/uploads\/2021\/04\/tulipanszuret.jpg\" \/>\n\t<meta property=\"og:image:width\" content=\"1920\" \/>\n\t<meta property=\"og:image:height\" content=\"1080\" \/>\n\t<meta property=\"og:image:type\" content=\"image\/jpeg\" \/>\n<meta name=\"author\" content=\"-\" \/>\n<meta name=\"twitter:card\" content=\"summary_large_image\" \/>\n<meta name=\"twitter:label1\" content=\"Written by\" \/>\n\t<meta name=\"twitter:data1\" content=\"-\" \/>\n\t<meta name=\"twitter:label2\" content=\"Estimated reading time\" \/>\n\t<meta name=\"twitter:data2\" content=\"3 minutes\" \/>\n<script type=\"application\/ld+json\" class=\"yoast-schema-graph\">{\"@context\":\"https:\/\/schema.org\",\"@graph\":[{\"@type\":\"Article\",\"@id\":\"https:\/\/balatonneked.com\/2021\/04\/12\/tulipanszuret-koroshegyen\/#article\",\"isPartOf\":{\"@id\":\"https:\/\/balatonneked.com\/2021\/04\/12\/tulipanszuret-koroshegyen\/\"},\"author\":{\"name\":\"-\",\"@id\":\"https:\/\/balatonneked.com\/#\/schema\/person\/6abf551dbe3d5531af60e216ef9b16aa\"},\"headline\":\"Tulip\u00e1nsz\u00fcret K\u0151r\u00f6shegyen\",\"datePublished\":\"2021-04-12T07:41:48+00:00\",\"dateModified\":\"2021-04-12T07:41:50+00:00\",\"mainEntityOfPage\":{\"@id\":\"https:\/\/balatonneked.com\/2021\/04\/12\/tulipanszuret-koroshegyen\/\"},\"wordCount\":413,\"publisher\":{\"@id\":\"https:\/\/balatonneked.com\/#organization\"},\"image\":{\"@id\":\"https:\/\/balatonneked.com\/2021\/04\/12\/tulipanszuret-koroshegyen\/#primaryimage\"},\"thumbnailUrl\":\"https:\/\/balatonneked.com\/wp-content\/uploads\/2021\/04\/tulipanszuret.jpg\",\"keywords\":[\"Balaton\",\"D\u00e9li part\",\"K\u0151r\u00f6shegy\",\"tulip\u00e1n\"],\"articleSection\":[\"Balaton\",\"D\u00e9li part\",\"H\u00edrek\"],\"inLanguage\":\"en-GB\"},{\"@type\":\"WebPage\",\"@id\":\"https:\/\/balatonneked.com\/2021\/04\/12\/tulipanszuret-koroshegyen\/\",\"url\":\"https:\/\/balatonneked.com\/2021\/04\/12\/tulipanszuret-koroshegyen\/\",\"name\":\"Tulip\u00e1nsz\u00fcret K\u0151r\u00f6shegyen - BALATON NEKED\",\"isPartOf\":{\"@id\":\"https:\/\/balatonneked.com\/#website\"},\"primaryImageOfPage\":{\"@id\":\"https:\/\/balatonneked.com\/2021\/04\/12\/tulipanszuret-koroshegyen\/#primaryimage\"},\"image\":{\"@id\":\"https:\/\/balatonneked.com\/2021\/04\/12\/tulipanszuret-koroshegyen\/#primaryimage\"},\"thumbnailUrl\":\"https:\/\/balatonneked.com\/wp-content\/uploads\/2021\/04\/tulipanszuret.jpg\",\"datePublished\":\"2021-04-12T07:41:48+00:00\",\"dateModified\":\"2021-04-12T07:41:50+00:00\",\"breadcrumb\":{\"@id\":\"https:\/\/balatonneked.com\/2021\/04\/12\/tulipanszuret-koroshegyen\/#breadcrumb\"},\"inLanguage\":\"en-GB\",\"potentialAction\":[{\"@type\":\"ReadAction\",\"target\":[\"https:\/\/balatonneked.com\/2021\/04\/12\/tulipanszuret-koroshegyen\/\"]}]},{\"@type\":\"ImageObject\",\"inLanguage\":\"en-GB\",\"@id\":\"https:\/\/balatonneked.com\/2021\/04\/12\/tulipanszuret-koroshegyen\/#primaryimage\",\"url\":\"https:\/\/balatonneked.com\/wp-content\/uploads\/2021\/04\/tulipanszuret.jpg\",\"contentUrl\":\"https:\/\/balatonneked.com\/wp-content\/uploads\/2021\/04\/tulipanszuret.jpg\",\"width\":1920,\"height\":1080},{\"@type\":\"BreadcrumbList\",\"@id\":\"https:\/\/balatonneked.com\/2021\/04\/12\/tulipanszuret-koroshegyen\/#breadcrumb\",\"itemListElement\":[{\"@type\":\"ListItem\",\"position\":1,\"name\":\"Kezd\u0151lap\",\"item\":\"https:\/\/balatonneked.com\/\"},{\"@type\":\"ListItem\",\"position\":2,\"name\":\"Tulip\u00e1nsz\u00fcret K\u0151r\u00f6shegyen\"}]},{\"@type\":\"WebSite\",\"@id\":\"https:\/\/balatonneked.com\/#website\",\"url\":\"https:\/\/balatonneked.com\/\",\"name\":\"BALATON NEKED\",\"description\":\"A Balaton leginformat\u00edvabb magazinja\",\"publisher\":{\"@id\":\"https:\/\/balatonneked.com\/#organization\"},\"potentialAction\":[{\"@type\":\"SearchAction\",\"target\":{\"@type\":\"EntryPoint\",\"urlTemplate\":\"https:\/\/balatonneked.com\/?s={search_term_string}\"},\"query-input\":{\"@type\":\"PropertyValueSpecification\",\"valueRequired\":true,\"valueName\":\"search_term_string\"}}],\"inLanguage\":\"en-GB\"},{\"@type\":\"Organization\",\"@id\":\"https:\/\/balatonneked.com\/#organization\",\"name\":\"BalatonNeked\",\"url\":\"https:\/\/balatonneked.com\/\",\"logo\":{\"@type\":\"ImageObject\",\"inLanguage\":\"en-GB\",\"@id\":\"https:\/\/balatonneked.com\/#\/schema\/logo\/image\/\",\"url\":\"https:\/\/balatonneked.com\/wp-content\/uploads\/2019\/05\/bnekedlogo.png\",\"contentUrl\":\"https:\/\/balatonneked.com\/wp-content\/uploads\/2019\/05\/bnekedlogo.png\",\"width\":750,\"height\":750,\"caption\":\"BalatonNeked\"},\"image\":{\"@id\":\"https:\/\/balatonneked.com\/#\/schema\/logo\/image\/\"},\"sameAs\":[\"https:\/\/www.facebook.com\/BalatonNeked\"]},{\"@type\":\"Person\",\"@id\":\"https:\/\/balatonneked.com\/#\/schema\/person\/6abf551dbe3d5531af60e216ef9b16aa\",\"name\":\"-\",\"image\":{\"@type\":\"ImageObject\",\"inLanguage\":\"en-GB\",\"@id\":\"https:\/\/balatonneked.com\/#\/schema\/person\/image\/\",\"url\":\"https:\/\/secure.gravatar.com\/avatar\/7bcf602c35eea1fdd5dcb5698f42149adc1fb65510ae8b284cdf111a453a6c37?s=96&d=mm&r=g\",\"contentUrl\":\"https:\/\/secure.gravatar.com\/avatar\/7bcf602c35eea1fdd5dcb5698f42149adc1fb65510ae8b284cdf111a453a6c37?s=96&d=mm&r=g\",\"caption\":\"-\"},\"url\":\"https:\/\/balatonneked.com\/en\/author\/tamasildiko\/\"}]}<\/script>\n<!-- \/ Yoast SEO plugin. -->","yoast_head_json":{"title":"Tulip\u00e1nsz\u00fcret K\u0151r\u00f6shegyen - BALATON NEKED","robots":{"index":"index","follow":"follow","max-snippet":"max-snippet:-1","max-image-preview":"max-image-preview:large","max-video-preview":"max-video-preview:-1"},"canonical":"https:\/\/balatonneked.com\/en\/2021\/04\/12\/tulipanszuret-koroshegyen\/","og_locale":"en_GB","og_type":"article","og_title":"Tulip\u00e1nsz\u00fcret K\u0151r\u00f6shegyen - BALATON NEKED","og_description":"Id\u00e9n is lesz tulip\u00e1nsz\u00fcret a K\u00f6r\u00f6shegyi Levendul\u00e1sban, ahol k\u00f6r\u00fclbel\u00fcl 258.000 tulip\u00e1n bont szirmot. A tulip\u00e1nv\u00e1s\u00e1r id\u0151pontja: 2021. \u00e1prilis 15-25. (minden nap) 9:00-17:00 \u00f3ra k\u00f6z\u00f6tt. Ez v\u00e1ltozhat az id\u0151j\u00e1r\u00e1s \u00e9s a vir\u00e1gz\u00e1s f\u00fcggv\u00e9ny\u00e9ben. Id\u00e9n a szok\u00e1sos programok (k\u00e9zm\u0171ves foglalkoz\u00e1s, csokork\u00f6t\u0151 s\u00e1tor, kis\u00e1llat simogat\u00f3) sajnos elmaradnak, csak vir\u00e1g szedhet\u0151. A levendul\u00e1s a hat\u00e1lyos jogszab\u00e1lyok mellett l\u00e1togathat\u00f3, az [&hellip;]","og_url":"https:\/\/balatonneked.com\/en\/2021\/04\/12\/tulipanszuret-koroshegyen\/","og_site_name":"BALATON NEKED","article_publisher":"https:\/\/www.facebook.com\/BalatonNeked","article_published_time":"2021-04-12T07:41:48+00:00","article_modified_time":"2021-04-12T07:41:50+00:00","og_image":[{"width":1920,"height":1080,"url":"https:\/\/balatonneked.com\/wp-content\/uploads\/2021\/04\/tulipanszuret.jpg","type":"image\/jpeg"}],"author":"-","twitter_card":"summary_large_image","twitter_misc":{"Written by":"-","Estimated reading time":"3 minutes"},"schema":{"@context":"https:\/\/schema.org","@graph":[{"@type":"Article","@id":"https:\/\/balatonneked.com\/2021\/04\/12\/tulipanszuret-koroshegyen\/#article","isPartOf":{"@id":"https:\/\/balatonneked.com\/2021\/04\/12\/tulipanszuret-koroshegyen\/"},"author":{"name":"-","@id":"https:\/\/balatonneked.com\/#\/schema\/person\/6abf551dbe3d5531af60e216ef9b16aa"},"headline":"Tulip\u00e1nsz\u00fcret K\u0151r\u00f6shegyen","datePublished":"2021-04-12T07:41:48+00:00","dateModified":"2021-04-12T07:41:50+00:00","mainEntityOfPage":{"@id":"https:\/\/balatonneked.com\/2021\/04\/12\/tulipanszuret-koroshegyen\/"},"wordCount":413,"publisher":{"@id":"https:\/\/balatonneked.com\/#organization"},"image":{"@id":"https:\/\/balatonneked.com\/2021\/04\/12\/tulipanszuret-koroshegyen\/#primaryimage"},"thumbnailUrl":"https:\/\/balatonneked.com\/wp-content\/uploads\/2021\/04\/tulipanszuret.jpg","keywords":["Balaton","D\u00e9li part","K\u0151r\u00f6shegy","tulip\u00e1n"],"articleSection":["Balaton","D\u00e9li part","H\u00edrek"],"inLanguage":"en-GB"},{"@type":"WebPage","@id":"https:\/\/balatonneked.com\/2021\/04\/12\/tulipanszuret-koroshegyen\/","url":"https:\/\/balatonneked.com\/2021\/04\/12\/tulipanszuret-koroshegyen\/","name":"Tulip\u00e1nsz\u00fcret K\u0151r\u00f6shegyen - BALATON NEKED","isPartOf":{"@id":"https:\/\/balatonneked.com\/#website"},"primaryImageOfPage":{"@id":"https:\/\/balatonneked.com\/2021\/04\/12\/tulipanszuret-koroshegyen\/#primaryimage"},"image":{"@id":"https:\/\/balatonneked.com\/2021\/04\/12\/tulipanszuret-koroshegyen\/#primaryimage"},"thumbnailUrl":"https:\/\/balatonneked.com\/wp-content\/uploads\/2021\/04\/tulipanszuret.jpg","datePublished":"2021-04-12T07:41:48+00:00","dateModified":"2021-04-12T07:41:50+00:00","breadcrumb":{"@id":"https:\/\/balatonneked.com\/2021\/04\/12\/tulipanszuret-koroshegyen\/#breadcrumb"},"inLanguage":"en-GB","potentialAction":[{"@type":"ReadAction","target":["https:\/\/balatonneked.com\/2021\/04\/12\/tulipanszuret-koroshegyen\/"]}]},{"@type":"ImageObject","inLanguage":"en-GB","@id":"https:\/\/balatonneked.com\/2021\/04\/12\/tulipanszuret-koroshegyen\/#primaryimage","url":"https:\/\/balatonneked.com\/wp-content\/uploads\/2021\/04\/tulipanszuret.jpg","contentUrl":"https:\/\/balatonneked.com\/wp-content\/uploads\/2021\/04\/tulipanszuret.jpg","width":1920,"height":1080},{"@type":"BreadcrumbList","@id":"https:\/\/balatonneked.com\/2021\/04\/12\/tulipanszuret-koroshegyen\/#breadcrumb","itemListElement":[{"@type":"ListItem","position":1,"name":"Kezd\u0151lap","item":"https:\/\/balatonneked.com\/"},{"@type":"ListItem","position":2,"name":"Tulip\u00e1nsz\u00fcret K\u0151r\u00f6shegyen"}]},{"@type":"WebSite","@id":"https:\/\/balatonneked.com\/#website","url":"https:\/\/balatonneked.com\/","name":"BALATON NEKED","description":"A Balaton leginformat\u00edvabb magazinja","publisher":{"@id":"https:\/\/balatonneked.com\/#organization"},"potentialAction":[{"@type":"SearchAction","target":{"@type":"EntryPoint","urlTemplate":"https:\/\/balatonneked.com\/?s={search_term_string}"},"query-input":{"@type":"PropertyValueSpecification","valueRequired":true,"valueName":"search_term_string"}}],"inLanguage":"en-GB"},{"@type":"Organization","@id":"https:\/\/balatonneked.com\/#organization","name":"BalatonNeked","url":"https:\/\/balatonneked.com\/","logo":{"@type":"ImageObject","inLanguage":"en-GB","@id":"https:\/\/balatonneked.com\/#\/schema\/logo\/image\/","url":"https:\/\/balatonneked.com\/wp-content\/uploads\/2019\/05\/bnekedlogo.png","contentUrl":"https:\/\/balatonneked.com\/wp-content\/uploads\/2019\/05\/bnekedlogo.png","width":750,"height":750,"caption":"BalatonNeked"},"image":{"@id":"https:\/\/balatonneked.com\/#\/schema\/logo\/image\/"},"sameAs":["https:\/\/www.facebook.com\/BalatonNeked"]},{"@type":"Person","@id":"https:\/\/balatonneked.com\/#\/schema\/person\/6abf551dbe3d5531af60e216ef9b16aa","name":"-","image":{"@type":"ImageObject","inLanguage":"en-GB","@id":"https:\/\/balatonneked.com\/#\/schema\/person\/image\/","url":"https:\/\/secure.gravatar.com\/avatar\/7bcf602c35eea1fdd5dcb5698f42149adc1fb65510ae8b284cdf111a453a6c37?s=96&d=mm&r=g","contentUrl":"https:\/\/secure.gravatar.com\/avatar\/7bcf602c35eea1fdd5dcb5698f42149adc1fb65510ae8b284cdf111a453a6c37?s=96&d=mm&r=g","caption":"-"},"url":"https:\/\/balatonneked.com\/en\/author\/tamasildiko\/"}]}},"_links":{"self":[{"href":"https:\/\/balatonneked.com\/en\/wp-json\/wp\/v2\/posts\/2930","targetHints":{"allow":["GET"]}}],"collection":[{"href":"https:\/\/balatonneked.com\/en\/wp-json\/wp\/v2\/posts"}],"about":[{"href":"https:\/\/balatonneked.com\/en\/wp-json\/wp\/v2\/types\/post"}],"author":[{"embeddable":true,"href":"https:\/\/balatonneked.com\/en\/wp-json\/wp\/v2\/users\/2"}],"replies":[{"embeddable":true,"href":"https:\/\/balatonneked.com\/en\/wp-json\/wp\/v2\/comments?post=2930"}],"version-history":[{"count":1,"href":"https:\/\/balatonneked.com\/en\/wp-json\/wp\/v2\/posts\/2930\/revisions"}],"predecessor-version":[{"id":2932,"href":"https:\/\/balatonneked.com\/en\/wp-json\/wp\/v2\/posts\/2930\/revisions\/2932"}],"wp:featuredmedia":[{"embeddable":true,"href":"https:\/\/balatonneked.com\/en\/wp-json\/wp\/v2\/media\/2931"}],"wp:attachment":[{"href":"https:\/\/balatonneked.com\/en\/wp-json\/wp\/v2\/media?parent=2930"}],"wp:term":[{"taxonomy":"category","embeddable":true,"href":"https:\/\/balatonneked.com\/en\/wp-json\/wp\/v2\/categories?post=2930"},{"taxonomy":"post_tag","embeddable":true,"href":"https:\/\/balatonneked.com\/en\/wp-json\/wp\/v2\/tags?post=2930"}],"curies":[{"name":"wp","href":"https:\/\/api.w.org\/{rel}","templated":true}]}}