{"id":2883,"date":"2021-04-05T09:06:39","date_gmt":"2021-04-05T08:06:39","guid":{"rendered":"https:\/\/balatonneked.com\/?p=2883"},"modified":"2021-04-05T09:06:41","modified_gmt":"2021-04-05T08:06:41","slug":"hamarosan-ujraindulhat-a-vasuti-forgalom-a-balaton-eszaki-partjan","status":"publish","type":"post","link":"https:\/\/balatonneked.com\/en\/2021\/04\/05\/hamarosan-ujraindulhat-a-vasuti-forgalom-a-balaton-eszaki-partjan\/","title":{"rendered":"Hamarosan \u00fajraindulhat a vas\u00fati forgalom a Balaton \u00e9szaki partj\u00e1n"},"content":{"rendered":"<p><strong>\u00dctemtervnek megfelel\u0151en haladnak a munk\u00e1latok a Szabadbatty\u00e1n-Balatonf\u00fcred vas\u00fati vonalszakaszon. A jelenlegi v\u00e1g\u00e1nyz\u00e1r m\u00e1jus 30-ig tart, a vas\u00fati forgalom ezt k\u00f6vet\u0151en egyel\u0151re a megszokott, d\u00edzeles vontat\u00e1ssal indulhat meg, majd az idei ny\u00e1ri menetrend m\u00e1r a villamos \u00fczemmel indulhat. Az \u00a0utaz\u00f3k\u00f6z\u00f6ns\u00e9g az \u00e1t\u00e9p\u00edtett vas\u00fat\u00e1llom\u00e1sokat is haszn\u00e1lhatja majd Polg\u00e1rdiban, Balatonkenes\u00e9n, Balatonf\u0171zf\u0151n \u00e9s Als\u00f3\u00f6rs\u00f6n.<\/strong><\/p><p>A fels\u0151vezet\u00e9k-h\u00e1l\u00f3zat jelent\u0151s r\u00e9sze m\u00e1r elk\u00e9sz\u00fclt, valamint megt\u00f6rt\u00e9nt a vas\u00fati p\u00e1lya fenntart\u00e1si v\u00e1g\u00e1nyszab\u00e1lyoz\u00e1sa is. Jelenleg Balatonkenes\u00e9n \u00e9s Als\u00f3\u00f6rs\u00f6n zajlanak nagyobb volumen\u0171 munk\u00e1latok, melynek r\u00e9szek\u00e9nt a m\u00e1r lefektetett v\u00e1g\u00e1nyok szab\u00e1lyoz\u00e1sa t\u00f6rt\u00e9nik, ami ut\u00e1n a s\u00ednek a v\u00e9gleges hely\u00fckre ker\u00fclnek. Ezzel p\u00e1rhuzamosan folyamatban van az \u00faj, akad\u00e1lymentes peronok burkol\u00e1sa, illetve az es\u0151be\u00e1ll\u00f3k \u00e9s egy\u00e9b peronb\u00fatorok kivitelez\u00e9se is- sz\u00e1molt be a&nbsp;<a href=\"https:\/\/nif.hu\/2021\/03\/utemterv-szerint-zajlik-a-vasuti-fejlesztesi-munka-a-balaton-eszaki-partjan\/\">Nemzeti Infrastrukt\u00fara Fejleszt\u0151 Zrt<\/a>.<\/p><p>A 2020. \u00e9v v\u00e9g\u00e9n elk\u00e9sz\u00fclt als\u00f3\u00f6rsi \u00e1llom\u00e1son l\u00e9tes\u00edtett \u00faj fels\u0151vezet\u00e9ki j\u00e1rm\u0171t\u00e1rol\u00f3 \u00e9p\u00fcletnek id\u0151k\u00f6zben m\u00e1r a birtokbaad\u00e1sa is megt\u00f6rt\u00e9nt. Ebben az \u00e9p\u00fcletben fog \u00e1llom\u00e1sozni a vas\u00fatvonal karbantart\u00e1si munk\u00e1ihoz haszn\u00e1latos fels\u0151vezet\u00e9k szerel\u0151-karbantart\u00f3 j\u00e1rm\u0171. Az \u00e9p\u00fclet v\u00e1g\u00e1nykapcsolata az \u00e1llom\u00e1si v\u00e1g\u00e1nyok ki\u00e9p\u00edt\u00e9s\u00e9vel egy\u00fctt val\u00f3sul meg.<\/p><p>A vas\u00fati munk\u00e1k mellett a szabadbatty\u00e1ni vontat\u00e1si transzform\u00e1tor al\u00e1llom\u00e1s fejleszt\u00e9si munk\u00e1latai is folyamatban vannak. A projekt r\u00e9szek\u00e9nt Szabadbatty\u00e1n megl\u00e9v\u0151 120\/25 kV villamos vontat\u00e1si al\u00e1llom\u00e1s\u00e1nak b\u0151v\u00edt\u00e9se t\u00f6rt\u00e9nik, egy 132\/2\u00d727,5 kV-os, 16 MVA-es transzform\u00e1torral, k\u00fcl\u00f6n Balatonf\u00fcred ir\u00e1ny\u00fa kit\u00e1pl\u00e1l\u00f3 mez\u0151 l\u00e9tes\u00edt\u00e9s\u00e9vel. A vontat\u00e1si energia biztos\u00edt\u00e1s\u00e1hoz \u00faj t\u00e1pvezet\u00e9k lesz ki\u00e9p\u00edtve a bet\u00e1pl\u00e1l\u00f3 f\u00e1zishat\u00e1rig, ezzel a vas\u00fatvonal 2\u00d725 kV-os t\u00e1pl\u00e1l\u00e1si rendszere biztos\u00edthat\u00f3v\u00e1 v\u00e1lik Balatonf\u00fcredig.<\/p><p>A kivitelez\u00e9si projekt mellett a Nemzeti Infrastrukt\u00fara Fejleszt\u0151 Zrt. megind\u00edtotta a fejleszt\u00e9s m\u00e1sodik \u00fctem\u00e9nek (Balatonf\u00fcred-Tapolca-Keszthely \u00e9s Tapolca-Ukk) el\u0151k\u00e9sz\u00edt\u00e9s\u00e9re vonatkoz\u00f3 k\u00f6zbeszerz\u00e9si elj\u00e1r\u00e1st is.<\/p><p>A fejleszt\u00e9si program a Balaton \u00e9szaki partj\u00e1n fekv\u0151 29. \u00e9s 26. sz. vas\u00fatvonal-szakaszok villamos\u00edt\u00e1s\u00e1val a k\u00f6z\u00f6ss\u00e9gi k\u00f6zleked\u00e9s sz\u00ednvonal\u00e1nak jav\u00edt\u00e1s\u00e1t, az ig\u00e9nyeknek megfelel\u0151, megb\u00edzhat\u00f3 szolg\u00e1ltat\u00e1s biztos\u00edt\u00e1s\u00e1t hivatott szolg\u00e1lni.<\/p><p>Forr\u00e1s:<strong> <\/strong><a href=\"https:\/\/www.hirbalaton.hu\/hamarosan-ujraindulhat-a-vasuti-forgalom-a-balaton-eszaki-partjan\/\" target=\"_blank\" rel=\"noreferrer noopener\">hirbalaton.hu<\/a><br>Kiemelt k\u00e9p: Gy\u00f6rk\u0151 Zsombor<\/p>","protected":false},"excerpt":{"rendered":"<p>\u00dctemtervnek megfelel\u0151en haladnak a munk\u00e1latok a Szabadbatty\u00e1n-Balatonf\u00fcred vas\u00fati vonalszakaszon. A jelenlegi v\u00e1g\u00e1nyz\u00e1r m\u00e1jus 30-ig tart, a vas\u00fati forgalom ezt k\u00f6vet\u0151en egyel\u0151re a megszokott, d\u00edzeles vontat\u00e1ssal indulhat meg, majd az idei ny\u00e1ri menetrend m\u00e1r a villamos \u00fczemmel indulhat. Az \u00a0utaz\u00f3k\u00f6z\u00f6ns\u00e9g az \u00e1t\u00e9p\u00edtett vas\u00fat\u00e1llom\u00e1sokat is haszn\u00e1lhatja majd Polg\u00e1rdiban, Balatonkenes\u00e9n, Balatonf\u0171zf\u0151n \u00e9s Als\u00f3\u00f6rs\u00f6n. A fels\u0151vezet\u00e9k-h\u00e1l\u00f3zat jelent\u0151s r\u00e9sze m\u00e1r [&hellip;]<\/p>","protected":false},"author":2,"featured_media":2884,"comment_status":"closed","ping_status":"open","sticky":false,"template":"","format":"standard","meta":{"_acf_changed":false,"footnotes":""},"categories":[255,289,155],"tags":[72,292,290],"class_list":["post-2883","post","type-post","status-publish","format-standard","has-post-thumbnail","hentry","category-balaton","category-eszaki-part","category-hirek","tag-balaton","tag-eszaki-part","tag-vonat"],"acf":[],"yoast_head":"<!-- This site is optimized with the Yoast SEO plugin v25.1 - https:\/\/yoast.com\/wordpress\/plugins\/seo\/ -->\n<title>Hamarosan \u00fajraindulhat a vas\u00fati forgalom a Balaton \u00e9szaki partj\u00e1n - BALATON NEKED<\/title>\n<meta name=\"robots\" content=\"index, follow, max-snippet:-1, max-image-preview:large, max-video-preview:-1\" \/>\n<link rel=\"canonical\" href=\"https:\/\/balatonneked.com\/en\/2021\/04\/05\/hamarosan-ujraindulhat-a-vasuti-forgalom-a-balaton-eszaki-partjan\/\" \/>\n<meta property=\"og:locale\" content=\"en_GB\" \/>\n<meta property=\"og:type\" content=\"article\" \/>\n<meta property=\"og:title\" content=\"Hamarosan \u00fajraindulhat a vas\u00fati forgalom a Balaton \u00e9szaki partj\u00e1n - BALATON NEKED\" \/>\n<meta property=\"og:description\" content=\"\u00dctemtervnek megfelel\u0151en haladnak a munk\u00e1latok a Szabadbatty\u00e1n-Balatonf\u00fcred vas\u00fati vonalszakaszon. A jelenlegi v\u00e1g\u00e1nyz\u00e1r m\u00e1jus 30-ig tart, a vas\u00fati forgalom ezt k\u00f6vet\u0151en egyel\u0151re a megszokott, d\u00edzeles vontat\u00e1ssal indulhat meg, majd az idei ny\u00e1ri menetrend m\u00e1r a villamos \u00fczemmel indulhat. Az \u00a0utaz\u00f3k\u00f6z\u00f6ns\u00e9g az \u00e1t\u00e9p\u00edtett vas\u00fat\u00e1llom\u00e1sokat is haszn\u00e1lhatja majd Polg\u00e1rdiban, Balatonkenes\u00e9n, Balatonf\u0171zf\u0151n \u00e9s Als\u00f3\u00f6rs\u00f6n. A fels\u0151vezet\u00e9k-h\u00e1l\u00f3zat jelent\u0151s r\u00e9sze m\u00e1r [&hellip;]\" \/>\n<meta property=\"og:url\" content=\"https:\/\/balatonneked.com\/en\/2021\/04\/05\/hamarosan-ujraindulhat-a-vasuti-forgalom-a-balaton-eszaki-partjan\/\" \/>\n<meta property=\"og:site_name\" content=\"BALATON NEKED\" \/>\n<meta property=\"article:publisher\" content=\"https:\/\/www.facebook.com\/BalatonNeked\" \/>\n<meta property=\"article:published_time\" content=\"2021-04-05T08:06:39+00:00\" \/>\n<meta property=\"article:modified_time\" content=\"2021-04-05T08:06:41+00:00\" \/>\n<meta property=\"og:image\" content=\"https:\/\/balatonneked.com\/wp-content\/uploads\/2021\/04\/bz-motorvonat-barcson-gyorko-zsombor.jpg\" \/>\n\t<meta property=\"og:image:width\" content=\"1440\" \/>\n\t<meta property=\"og:image:height\" content=\"900\" \/>\n\t<meta property=\"og:image:type\" content=\"image\/jpeg\" \/>\n<meta name=\"author\" content=\"-\" \/>\n<meta name=\"twitter:card\" content=\"summary_large_image\" \/>\n<meta name=\"twitter:label1\" content=\"Written by\" \/>\n\t<meta name=\"twitter:data1\" content=\"-\" \/>\n\t<meta name=\"twitter:label2\" content=\"Estimated reading time\" \/>\n\t<meta name=\"twitter:data2\" content=\"2 minutes\" \/>\n<script type=\"application\/ld+json\" class=\"yoast-schema-graph\">{\"@context\":\"https:\/\/schema.org\",\"@graph\":[{\"@type\":\"Article\",\"@id\":\"https:\/\/balatonneked.com\/2021\/04\/05\/hamarosan-ujraindulhat-a-vasuti-forgalom-a-balaton-eszaki-partjan\/#article\",\"isPartOf\":{\"@id\":\"https:\/\/balatonneked.com\/2021\/04\/05\/hamarosan-ujraindulhat-a-vasuti-forgalom-a-balaton-eszaki-partjan\/\"},\"author\":{\"name\":\"-\",\"@id\":\"https:\/\/balatonneked.com\/#\/schema\/person\/6abf551dbe3d5531af60e216ef9b16aa\"},\"headline\":\"Hamarosan \u00fajraindulhat a vas\u00fati forgalom a Balaton \u00e9szaki partj\u00e1n\",\"datePublished\":\"2021-04-05T08:06:39+00:00\",\"dateModified\":\"2021-04-05T08:06:41+00:00\",\"mainEntityOfPage\":{\"@id\":\"https:\/\/balatonneked.com\/2021\/04\/05\/hamarosan-ujraindulhat-a-vasuti-forgalom-a-balaton-eszaki-partjan\/\"},\"wordCount\":491,\"publisher\":{\"@id\":\"https:\/\/balatonneked.com\/#organization\"},\"image\":{\"@id\":\"https:\/\/balatonneked.com\/2021\/04\/05\/hamarosan-ujraindulhat-a-vasuti-forgalom-a-balaton-eszaki-partjan\/#primaryimage\"},\"thumbnailUrl\":\"https:\/\/balatonneked.com\/wp-content\/uploads\/2021\/04\/bz-motorvonat-barcson-gyorko-zsombor.jpg\",\"keywords\":[\"Balaton\",\"\u00c9szaki Part\",\"vonat\"],\"articleSection\":[\"Balaton\",\"\u00c9szaki Part\",\"H\u00edrek\"],\"inLanguage\":\"en-GB\"},{\"@type\":\"WebPage\",\"@id\":\"https:\/\/balatonneked.com\/2021\/04\/05\/hamarosan-ujraindulhat-a-vasuti-forgalom-a-balaton-eszaki-partjan\/\",\"url\":\"https:\/\/balatonneked.com\/2021\/04\/05\/hamarosan-ujraindulhat-a-vasuti-forgalom-a-balaton-eszaki-partjan\/\",\"name\":\"Hamarosan \u00fajraindulhat a vas\u00fati forgalom a Balaton \u00e9szaki partj\u00e1n - BALATON NEKED\",\"isPartOf\":{\"@id\":\"https:\/\/balatonneked.com\/#website\"},\"primaryImageOfPage\":{\"@id\":\"https:\/\/balatonneked.com\/2021\/04\/05\/hamarosan-ujraindulhat-a-vasuti-forgalom-a-balaton-eszaki-partjan\/#primaryimage\"},\"image\":{\"@id\":\"https:\/\/balatonneked.com\/2021\/04\/05\/hamarosan-ujraindulhat-a-vasuti-forgalom-a-balaton-eszaki-partjan\/#primaryimage\"},\"thumbnailUrl\":\"https:\/\/balatonneked.com\/wp-content\/uploads\/2021\/04\/bz-motorvonat-barcson-gyorko-zsombor.jpg\",\"datePublished\":\"2021-04-05T08:06:39+00:00\",\"dateModified\":\"2021-04-05T08:06:41+00:00\",\"breadcrumb\":{\"@id\":\"https:\/\/balatonneked.com\/2021\/04\/05\/hamarosan-ujraindulhat-a-vasuti-forgalom-a-balaton-eszaki-partjan\/#breadcrumb\"},\"inLanguage\":\"en-GB\",\"potentialAction\":[{\"@type\":\"ReadAction\",\"target\":[\"https:\/\/balatonneked.com\/2021\/04\/05\/hamarosan-ujraindulhat-a-vasuti-forgalom-a-balaton-eszaki-partjan\/\"]}]},{\"@type\":\"ImageObject\",\"inLanguage\":\"en-GB\",\"@id\":\"https:\/\/balatonneked.com\/2021\/04\/05\/hamarosan-ujraindulhat-a-vasuti-forgalom-a-balaton-eszaki-partjan\/#primaryimage\",\"url\":\"https:\/\/balatonneked.com\/wp-content\/uploads\/2021\/04\/bz-motorvonat-barcson-gyorko-zsombor.jpg\",\"contentUrl\":\"https:\/\/balatonneked.com\/wp-content\/uploads\/2021\/04\/bz-motorvonat-barcson-gyorko-zsombor.jpg\",\"width\":1440,\"height\":900},{\"@type\":\"BreadcrumbList\",\"@id\":\"https:\/\/balatonneked.com\/2021\/04\/05\/hamarosan-ujraindulhat-a-vasuti-forgalom-a-balaton-eszaki-partjan\/#breadcrumb\",\"itemListElement\":[{\"@type\":\"ListItem\",\"position\":1,\"name\":\"Kezd\u0151lap\",\"item\":\"https:\/\/balatonneked.com\/\"},{\"@type\":\"ListItem\",\"position\":2,\"name\":\"Hamarosan \u00fajraindulhat a vas\u00fati forgalom a Balaton \u00e9szaki partj\u00e1n\"}]},{\"@type\":\"WebSite\",\"@id\":\"https:\/\/balatonneked.com\/#website\",\"url\":\"https:\/\/balatonneked.com\/\",\"name\":\"BALATON NEKED\",\"description\":\"A Balaton leginformat\u00edvabb magazinja\",\"publisher\":{\"@id\":\"https:\/\/balatonneked.com\/#organization\"},\"potentialAction\":[{\"@type\":\"SearchAction\",\"target\":{\"@type\":\"EntryPoint\",\"urlTemplate\":\"https:\/\/balatonneked.com\/?s={search_term_string}\"},\"query-input\":{\"@type\":\"PropertyValueSpecification\",\"valueRequired\":true,\"valueName\":\"search_term_string\"}}],\"inLanguage\":\"en-GB\"},{\"@type\":\"Organization\",\"@id\":\"https:\/\/balatonneked.com\/#organization\",\"name\":\"BalatonNeked\",\"url\":\"https:\/\/balatonneked.com\/\",\"logo\":{\"@type\":\"ImageObject\",\"inLanguage\":\"en-GB\",\"@id\":\"https:\/\/balatonneked.com\/#\/schema\/logo\/image\/\",\"url\":\"https:\/\/balatonneked.com\/wp-content\/uploads\/2019\/05\/bnekedlogo.png\",\"contentUrl\":\"https:\/\/balatonneked.com\/wp-content\/uploads\/2019\/05\/bnekedlogo.png\",\"width\":750,\"height\":750,\"caption\":\"BalatonNeked\"},\"image\":{\"@id\":\"https:\/\/balatonneked.com\/#\/schema\/logo\/image\/\"},\"sameAs\":[\"https:\/\/www.facebook.com\/BalatonNeked\"]},{\"@type\":\"Person\",\"@id\":\"https:\/\/balatonneked.com\/#\/schema\/person\/6abf551dbe3d5531af60e216ef9b16aa\",\"name\":\"-\",\"image\":{\"@type\":\"ImageObject\",\"inLanguage\":\"en-GB\",\"@id\":\"https:\/\/balatonneked.com\/#\/schema\/person\/image\/\",\"url\":\"https:\/\/secure.gravatar.com\/avatar\/7bcf602c35eea1fdd5dcb5698f42149adc1fb65510ae8b284cdf111a453a6c37?s=96&d=mm&r=g\",\"contentUrl\":\"https:\/\/secure.gravatar.com\/avatar\/7bcf602c35eea1fdd5dcb5698f42149adc1fb65510ae8b284cdf111a453a6c37?s=96&d=mm&r=g\",\"caption\":\"-\"},\"url\":\"https:\/\/balatonneked.com\/en\/author\/tamasildiko\/\"}]}<\/script>\n<!-- \/ Yoast SEO plugin. -->","yoast_head_json":{"title":"Hamarosan \u00fajraindulhat a vas\u00fati forgalom a Balaton \u00e9szaki partj\u00e1n - BALATON NEKED","robots":{"index":"index","follow":"follow","max-snippet":"max-snippet:-1","max-image-preview":"max-image-preview:large","max-video-preview":"max-video-preview:-1"},"canonical":"https:\/\/balatonneked.com\/en\/2021\/04\/05\/hamarosan-ujraindulhat-a-vasuti-forgalom-a-balaton-eszaki-partjan\/","og_locale":"en_GB","og_type":"article","og_title":"Hamarosan \u00fajraindulhat a vas\u00fati forgalom a Balaton \u00e9szaki partj\u00e1n - BALATON NEKED","og_description":"\u00dctemtervnek megfelel\u0151en haladnak a munk\u00e1latok a Szabadbatty\u00e1n-Balatonf\u00fcred vas\u00fati vonalszakaszon. A jelenlegi v\u00e1g\u00e1nyz\u00e1r m\u00e1jus 30-ig tart, a vas\u00fati forgalom ezt k\u00f6vet\u0151en egyel\u0151re a megszokott, d\u00edzeles vontat\u00e1ssal indulhat meg, majd az idei ny\u00e1ri menetrend m\u00e1r a villamos \u00fczemmel indulhat. Az \u00a0utaz\u00f3k\u00f6z\u00f6ns\u00e9g az \u00e1t\u00e9p\u00edtett vas\u00fat\u00e1llom\u00e1sokat is haszn\u00e1lhatja majd Polg\u00e1rdiban, Balatonkenes\u00e9n, Balatonf\u0171zf\u0151n \u00e9s Als\u00f3\u00f6rs\u00f6n. A fels\u0151vezet\u00e9k-h\u00e1l\u00f3zat jelent\u0151s r\u00e9sze m\u00e1r [&hellip;]","og_url":"https:\/\/balatonneked.com\/en\/2021\/04\/05\/hamarosan-ujraindulhat-a-vasuti-forgalom-a-balaton-eszaki-partjan\/","og_site_name":"BALATON NEKED","article_publisher":"https:\/\/www.facebook.com\/BalatonNeked","article_published_time":"2021-04-05T08:06:39+00:00","article_modified_time":"2021-04-05T08:06:41+00:00","og_image":[{"width":1440,"height":900,"url":"https:\/\/balatonneked.com\/wp-content\/uploads\/2021\/04\/bz-motorvonat-barcson-gyorko-zsombor.jpg","type":"image\/jpeg"}],"author":"-","twitter_card":"summary_large_image","twitter_misc":{"Written by":"-","Estimated reading time":"2 minutes"},"schema":{"@context":"https:\/\/schema.org","@graph":[{"@type":"Article","@id":"https:\/\/balatonneked.com\/2021\/04\/05\/hamarosan-ujraindulhat-a-vasuti-forgalom-a-balaton-eszaki-partjan\/#article","isPartOf":{"@id":"https:\/\/balatonneked.com\/2021\/04\/05\/hamarosan-ujraindulhat-a-vasuti-forgalom-a-balaton-eszaki-partjan\/"},"author":{"name":"-","@id":"https:\/\/balatonneked.com\/#\/schema\/person\/6abf551dbe3d5531af60e216ef9b16aa"},"headline":"Hamarosan \u00fajraindulhat a vas\u00fati forgalom a Balaton \u00e9szaki partj\u00e1n","datePublished":"2021-04-05T08:06:39+00:00","dateModified":"2021-04-05T08:06:41+00:00","mainEntityOfPage":{"@id":"https:\/\/balatonneked.com\/2021\/04\/05\/hamarosan-ujraindulhat-a-vasuti-forgalom-a-balaton-eszaki-partjan\/"},"wordCount":491,"publisher":{"@id":"https:\/\/balatonneked.com\/#organization"},"image":{"@id":"https:\/\/balatonneked.com\/2021\/04\/05\/hamarosan-ujraindulhat-a-vasuti-forgalom-a-balaton-eszaki-partjan\/#primaryimage"},"thumbnailUrl":"https:\/\/balatonneked.com\/wp-content\/uploads\/2021\/04\/bz-motorvonat-barcson-gyorko-zsombor.jpg","keywords":["Balaton","\u00c9szaki Part","vonat"],"articleSection":["Balaton","\u00c9szaki Part","H\u00edrek"],"inLanguage":"en-GB"},{"@type":"WebPage","@id":"https:\/\/balatonneked.com\/2021\/04\/05\/hamarosan-ujraindulhat-a-vasuti-forgalom-a-balaton-eszaki-partjan\/","url":"https:\/\/balatonneked.com\/2021\/04\/05\/hamarosan-ujraindulhat-a-vasuti-forgalom-a-balaton-eszaki-partjan\/","name":"Hamarosan \u00fajraindulhat a vas\u00fati forgalom a Balaton \u00e9szaki partj\u00e1n - BALATON NEKED","isPartOf":{"@id":"https:\/\/balatonneked.com\/#website"},"primaryImageOfPage":{"@id":"https:\/\/balatonneked.com\/2021\/04\/05\/hamarosan-ujraindulhat-a-vasuti-forgalom-a-balaton-eszaki-partjan\/#primaryimage"},"image":{"@id":"https:\/\/balatonneked.com\/2021\/04\/05\/hamarosan-ujraindulhat-a-vasuti-forgalom-a-balaton-eszaki-partjan\/#primaryimage"},"thumbnailUrl":"https:\/\/balatonneked.com\/wp-content\/uploads\/2021\/04\/bz-motorvonat-barcson-gyorko-zsombor.jpg","datePublished":"2021-04-05T08:06:39+00:00","dateModified":"2021-04-05T08:06:41+00:00","breadcrumb":{"@id":"https:\/\/balatonneked.com\/2021\/04\/05\/hamarosan-ujraindulhat-a-vasuti-forgalom-a-balaton-eszaki-partjan\/#breadcrumb"},"inLanguage":"en-GB","potentialAction":[{"@type":"ReadAction","target":["https:\/\/balatonneked.com\/2021\/04\/05\/hamarosan-ujraindulhat-a-vasuti-forgalom-a-balaton-eszaki-partjan\/"]}]},{"@type":"ImageObject","inLanguage":"en-GB","@id":"https:\/\/balatonneked.com\/2021\/04\/05\/hamarosan-ujraindulhat-a-vasuti-forgalom-a-balaton-eszaki-partjan\/#primaryimage","url":"https:\/\/balatonneked.com\/wp-content\/uploads\/2021\/04\/bz-motorvonat-barcson-gyorko-zsombor.jpg","contentUrl":"https:\/\/balatonneked.com\/wp-content\/uploads\/2021\/04\/bz-motorvonat-barcson-gyorko-zsombor.jpg","width":1440,"height":900},{"@type":"BreadcrumbList","@id":"https:\/\/balatonneked.com\/2021\/04\/05\/hamarosan-ujraindulhat-a-vasuti-forgalom-a-balaton-eszaki-partjan\/#breadcrumb","itemListElement":[{"@type":"ListItem","position":1,"name":"Kezd\u0151lap","item":"https:\/\/balatonneked.com\/"},{"@type":"ListItem","position":2,"name":"Hamarosan \u00fajraindulhat a vas\u00fati forgalom a Balaton \u00e9szaki partj\u00e1n"}]},{"@type":"WebSite","@id":"https:\/\/balatonneked.com\/#website","url":"https:\/\/balatonneked.com\/","name":"BALATON NEKED","description":"A Balaton leginformat\u00edvabb magazinja","publisher":{"@id":"https:\/\/balatonneked.com\/#organization"},"potentialAction":[{"@type":"SearchAction","target":{"@type":"EntryPoint","urlTemplate":"https:\/\/balatonneked.com\/?s={search_term_string}"},"query-input":{"@type":"PropertyValueSpecification","valueRequired":true,"valueName":"search_term_string"}}],"inLanguage":"en-GB"},{"@type":"Organization","@id":"https:\/\/balatonneked.com\/#organization","name":"BalatonNeked","url":"https:\/\/balatonneked.com\/","logo":{"@type":"ImageObject","inLanguage":"en-GB","@id":"https:\/\/balatonneked.com\/#\/schema\/logo\/image\/","url":"https:\/\/balatonneked.com\/wp-content\/uploads\/2019\/05\/bnekedlogo.png","contentUrl":"https:\/\/balatonneked.com\/wp-content\/uploads\/2019\/05\/bnekedlogo.png","width":750,"height":750,"caption":"BalatonNeked"},"image":{"@id":"https:\/\/balatonneked.com\/#\/schema\/logo\/image\/"},"sameAs":["https:\/\/www.facebook.com\/BalatonNeked"]},{"@type":"Person","@id":"https:\/\/balatonneked.com\/#\/schema\/person\/6abf551dbe3d5531af60e216ef9b16aa","name":"-","image":{"@type":"ImageObject","inLanguage":"en-GB","@id":"https:\/\/balatonneked.com\/#\/schema\/person\/image\/","url":"https:\/\/secure.gravatar.com\/avatar\/7bcf602c35eea1fdd5dcb5698f42149adc1fb65510ae8b284cdf111a453a6c37?s=96&d=mm&r=g","contentUrl":"https:\/\/secure.gravatar.com\/avatar\/7bcf602c35eea1fdd5dcb5698f42149adc1fb65510ae8b284cdf111a453a6c37?s=96&d=mm&r=g","caption":"-"},"url":"https:\/\/balatonneked.com\/en\/author\/tamasildiko\/"}]}},"_links":{"self":[{"href":"https:\/\/balatonneked.com\/en\/wp-json\/wp\/v2\/posts\/2883","targetHints":{"allow":["GET"]}}],"collection":[{"href":"https:\/\/balatonneked.com\/en\/wp-json\/wp\/v2\/posts"}],"about":[{"href":"https:\/\/balatonneked.com\/en\/wp-json\/wp\/v2\/types\/post"}],"author":[{"embeddable":true,"href":"https:\/\/balatonneked.com\/en\/wp-json\/wp\/v2\/users\/2"}],"replies":[{"embeddable":true,"href":"https:\/\/balatonneked.com\/en\/wp-json\/wp\/v2\/comments?post=2883"}],"version-history":[{"count":1,"href":"https:\/\/balatonneked.com\/en\/wp-json\/wp\/v2\/posts\/2883\/revisions"}],"predecessor-version":[{"id":2885,"href":"https:\/\/balatonneked.com\/en\/wp-json\/wp\/v2\/posts\/2883\/revisions\/2885"}],"wp:featuredmedia":[{"embeddable":true,"href":"https:\/\/balatonneked.com\/en\/wp-json\/wp\/v2\/media\/2884"}],"wp:attachment":[{"href":"https:\/\/balatonneked.com\/en\/wp-json\/wp\/v2\/media?parent=2883"}],"wp:term":[{"taxonomy":"category","embeddable":true,"href":"https:\/\/balatonneked.com\/en\/wp-json\/wp\/v2\/categories?post=2883"},{"taxonomy":"post_tag","embeddable":true,"href":"https:\/\/balatonneked.com\/en\/wp-json\/wp\/v2\/tags?post=2883"}],"curies":[{"name":"wp","href":"https:\/\/api.w.org\/{rel}","templated":true}]}}