{"id":2867,"date":"2021-03-31T08:40:00","date_gmt":"2021-03-31T07:40:00","guid":{"rendered":"https:\/\/balatonneked.com\/?p=2867"},"modified":"2021-03-31T08:41:40","modified_gmt":"2021-03-31T07:41:40","slug":"ujjaszuletik-a-balaton-egyik-kiemelkedo-kulturalis-oroksege","status":"publish","type":"post","link":"https:\/\/balatonneked.com\/en\/2021\/03\/31\/ujjaszuletik-a-balaton-egyik-kiemelkedo-kulturalis-oroksege\/","title":{"rendered":"\u00dajj\u00e1sz\u00fcletik a Balaton egyik kiemelked\u0151 kultur\u00e1lis \u00f6r\u00f6ks\u00e9ge"},"content":{"rendered":"<h3 class=\"wp-block-heading\">A fejleszt\u00e9s f\u0151 c\u00e9lja a p\u00e1ratlan m\u0171eml\u00e9kegy\u00fcttes hossz\u00fa t\u00e1v\u00fa megv\u00e9d\u00e9se \u00e9s \u00fajabb attrakci\u00f3k l\u00e9trehoz\u00e1sa.<\/h3><p>A Possibuild \u00c9p\u00edt\u0151ipari \u00e9s Szolg\u00e1ltat\u00f3 Kft. \u00e9s a Dun\u00e1nt\u00fali Magas\u00e9p\u00edt\u0151 Kft. kivitelezi a sz\u00e1nt\u00f3dpusztai majors\u00e1g fejleszt\u00e9s\u00e9nek&nbsp;els\u0151&nbsp;\u00fctem\u00e9t. A k\u00f6zbeszerz\u00e9si adatok szerint a&nbsp;nyertesek 1,5 milli\u00e1rd forintos szerz\u0151d\u00e9ses \u00e9rt\u00e9ken v\u00e9gzik el a beruh\u00e1z\u00e1st.<\/p><p>Az MTI kor\u00e1bbi h\u00edre szerint a sz\u00e1nt\u00f3dpuszati majors\u00e1g mintegy 30 \u00e9p\u00fcletb\u0151l \u00e1ll\u00f3, kimagasl\u00f3 \u00e9p\u00edtett \u00f6r\u00f6ks\u00e9ge haz\u00e1nknak.A 18. sz\u00e1zadban l\u00e9trej\u00f6tt, eredeti \u00e1llapotban meg\u0151rz\u00f6tt, majors\u00e1gi&nbsp;m\u0171eml\u00e9kegy\u00fcttes 1986-ban \u00e9p\u00edt\u00e9szeti n\u00edv\u00f3d\u00edjat, 1994-ben Europa Nostra d\u00edjat nyert, \u00e9s j\u00f3 ideje fel\u00faj\u00edt\u00e1sra szorul.<\/p><h3 class=\"wp-block-heading\">Termel\u0151i piac, j\u00e1tsz\u00f3t\u00e9r \u00e9s te\u00e1z\u00f3kert is l\u00e9tes\u00fcl<\/h3><p>A fejleszt\u00e9sek f\u0151 c\u00e9lja a p\u00e1ratlan kultur\u00e1lis \u00f6r\u00f6ks\u00e9g hossz\u00fa t\u00e1v\u00fa megv\u00e9d\u00e9se, illetve&nbsp;\u00fajabb attrakci\u00f3k l\u00e9trehoz\u00e1sa, f\u00e9l-egynapos programlehet\u0151s\u00e9get ny\u00fajtva a d\u00e9l-balatoni t\u00e9rs\u00e9gben.<\/p><blockquote class=\"wp-block-quote is-layout-flow wp-block-quote-is-layout-flow\"><p>A projektben m\u00fazeumi ki\u00e1ll\u00edt\u00f3t\u00e9r \u00e9s \u00e9lm\u00e9nypark l\u00e9tes\u00fcl modern digit\u00e1lis technol\u00f3gi\u00e1k alkalmaz\u00e1s\u00e1val. Lehet\u0151s\u00e9g ny\u00edlik egyes bemutatott tev\u00e9kenys\u00e9gek kipr\u00f3b\u00e1l\u00e1s\u00e1ra \u00e9s az \u00edgy el\u0151\u00e1ll\u00edtott term\u00e9keket megv\u00e1s\u00e1rl\u00e1s\u00e1ra.<\/p><\/blockquote><p>A fejleszt\u00e9sek lehet\u0151v\u00e9 teszik kisebb fesztiv\u00e1lok, tematikus rendezv\u00e9nyek, egyebek k\u00f6zt lovas programok lebonyol\u00edt\u00e1s\u00e1t is.<\/p><p>A most megjelent k\u00f6zbeszerz\u00e9s szerint a&nbsp;projekt 31 alr\u00e9szb\u0151l \u00e1ll, a<a href=\"https:\/\/www.kozbeszerzes.hu\/adatbazis\/megtekint\/hirdetmeny\/portal_3670_2021\/\"> ki\u00edr\u00e1s r\u00e9szletezi az egyes \u00e9p\u00fcletek \u00e9s \u00e9p\u00edtm\u00e9nyek fel\u00faj\u00edt\u00e1s\u00e1t<\/a>. A sz\u00f6vegb\u0151l kider\u00fcl,&nbsp;a r\u00e9gi cs\u00e1rda \u00e9p\u00fclet \u00faj funkci\u00f3kat kap, \u00e9s el\u0151tte lesz kialak\u00edtva a termel\u0151i piac. Fel\u00faj\u00edt\u00e1sra ker\u00fcl a lovas p\u00e1lya kiszolg\u00e1l\u00f3 r\u00e9szeivel egy\u00fctt, \u00e9s a&nbsp;kar\u00e1m \u00e9p\u00edtm\u00e9ny is. Mindezek mellett egy tematikus j\u00e1tsz\u00f3t\u00e9r is k\u00e9sz\u00fcl \u00e9s egy te\u00e1z\u00f3kert is.<br><br>Forr\u00e1s: <a href=\"https:\/\/magyarepitok.hu\/mi-epul\/2021\/03\/ebben-a-projektben-ujul-meg-a-balaton-egyik-kiemelkedo-kulturalis-oroksege\">magyarepitok.hu<\/a> &#8211; Heged\u0171s Gergely <br>Kiemelt k\u00e9p: szallas.hu<\/p>","protected":false},"excerpt":{"rendered":"<p>A fejleszt\u00e9s f\u0151 c\u00e9lja a p\u00e1ratlan m\u0171eml\u00e9kegy\u00fcttes hossz\u00fa t\u00e1v\u00fa megv\u00e9d\u00e9se \u00e9s \u00fajabb attrakci\u00f3k l\u00e9trehoz\u00e1sa. A Possibuild \u00c9p\u00edt\u0151ipari \u00e9s Szolg\u00e1ltat\u00f3 Kft. \u00e9s a Dun\u00e1nt\u00fali Magas\u00e9p\u00edt\u0151 Kft. kivitelezi a sz\u00e1nt\u00f3dpusztai majors\u00e1g fejleszt\u00e9s\u00e9nek&nbsp;els\u0151&nbsp;\u00fctem\u00e9t. A k\u00f6zbeszerz\u00e9si adatok szerint a&nbsp;nyertesek 1,5 milli\u00e1rd forintos szerz\u0151d\u00e9ses \u00e9rt\u00e9ken v\u00e9gzik el a beruh\u00e1z\u00e1st. Az MTI kor\u00e1bbi h\u00edre szerint a sz\u00e1nt\u00f3dpuszati majors\u00e1g mintegy 30 \u00e9p\u00fcletb\u0151l [&hellip;]<\/p>","protected":false},"author":2,"featured_media":2868,"comment_status":"closed","ping_status":"open","sticky":false,"template":"","format":"standard","meta":{"_acf_changed":false,"footnotes":""},"categories":[161,155],"tags":[164,286,179,285],"class_list":["post-2867","post","type-post","status-publish","format-standard","has-post-thumbnail","hentry","category-deli-part","category-hirek","tag-deli-part","tag-muemlekfelujitas","tag-szantod","tag-szantodpuszta"],"acf":[],"yoast_head":"<!-- This site is optimized with the Yoast SEO plugin v25.1 - https:\/\/yoast.com\/wordpress\/plugins\/seo\/ -->\n<title>\u00dajj\u00e1sz\u00fcletik a Balaton egyik kiemelked\u0151 kultur\u00e1lis \u00f6r\u00f6ks\u00e9ge - BALATON NEKED<\/title>\n<meta name=\"robots\" content=\"index, follow, max-snippet:-1, max-image-preview:large, max-video-preview:-1\" \/>\n<link rel=\"canonical\" href=\"https:\/\/balatonneked.com\/en\/2021\/03\/31\/ujjaszuletik-a-balaton-egyik-kiemelkedo-kulturalis-oroksege\/\" \/>\n<meta property=\"og:locale\" content=\"en_GB\" \/>\n<meta property=\"og:type\" content=\"article\" \/>\n<meta property=\"og:title\" content=\"\u00dajj\u00e1sz\u00fcletik a Balaton egyik kiemelked\u0151 kultur\u00e1lis \u00f6r\u00f6ks\u00e9ge - BALATON NEKED\" \/>\n<meta property=\"og:description\" content=\"A fejleszt\u00e9s f\u0151 c\u00e9lja a p\u00e1ratlan m\u0171eml\u00e9kegy\u00fcttes hossz\u00fa t\u00e1v\u00fa megv\u00e9d\u00e9se \u00e9s \u00fajabb attrakci\u00f3k l\u00e9trehoz\u00e1sa. A Possibuild \u00c9p\u00edt\u0151ipari \u00e9s Szolg\u00e1ltat\u00f3 Kft. \u00e9s a Dun\u00e1nt\u00fali Magas\u00e9p\u00edt\u0151 Kft. kivitelezi a sz\u00e1nt\u00f3dpusztai majors\u00e1g fejleszt\u00e9s\u00e9nek&nbsp;els\u0151&nbsp;\u00fctem\u00e9t. A k\u00f6zbeszerz\u00e9si adatok szerint a&nbsp;nyertesek 1,5 milli\u00e1rd forintos szerz\u0151d\u00e9ses \u00e9rt\u00e9ken v\u00e9gzik el a beruh\u00e1z\u00e1st. Az MTI kor\u00e1bbi h\u00edre szerint a sz\u00e1nt\u00f3dpuszati majors\u00e1g mintegy 30 \u00e9p\u00fcletb\u0151l [&hellip;]\" \/>\n<meta property=\"og:url\" content=\"https:\/\/balatonneked.com\/en\/2021\/03\/31\/ujjaszuletik-a-balaton-egyik-kiemelkedo-kulturalis-oroksege\/\" \/>\n<meta property=\"og:site_name\" content=\"BALATON NEKED\" \/>\n<meta property=\"article:publisher\" content=\"https:\/\/www.facebook.com\/BalatonNeked\" \/>\n<meta property=\"article:published_time\" content=\"2021-03-31T07:40:00+00:00\" \/>\n<meta property=\"article:modified_time\" content=\"2021-03-31T07:41:40+00:00\" \/>\n<meta property=\"og:image\" content=\"https:\/\/balatonneked.com\/wp-content\/uploads\/2021\/03\/tn4-szantodp.jpg\" \/>\n\t<meta property=\"og:image:width\" content=\"750\" \/>\n\t<meta property=\"og:image:height\" content=\"562\" \/>\n\t<meta property=\"og:image:type\" content=\"image\/jpeg\" \/>\n<meta name=\"author\" content=\"-\" \/>\n<meta name=\"twitter:card\" content=\"summary_large_image\" \/>\n<meta name=\"twitter:label1\" content=\"Written by\" \/>\n\t<meta name=\"twitter:data1\" content=\"-\" \/>\n\t<meta name=\"twitter:label2\" content=\"Estimated reading time\" \/>\n\t<meta name=\"twitter:data2\" content=\"1 minute\" \/>\n<script type=\"application\/ld+json\" class=\"yoast-schema-graph\">{\"@context\":\"https:\/\/schema.org\",\"@graph\":[{\"@type\":\"Article\",\"@id\":\"https:\/\/balatonneked.com\/2021\/03\/31\/ujjaszuletik-a-balaton-egyik-kiemelkedo-kulturalis-oroksege\/#article\",\"isPartOf\":{\"@id\":\"https:\/\/balatonneked.com\/2021\/03\/31\/ujjaszuletik-a-balaton-egyik-kiemelkedo-kulturalis-oroksege\/\"},\"author\":{\"name\":\"-\",\"@id\":\"https:\/\/balatonneked.com\/#\/schema\/person\/6abf551dbe3d5531af60e216ef9b16aa\"},\"headline\":\"\u00dajj\u00e1sz\u00fcletik a Balaton egyik kiemelked\u0151 kultur\u00e1lis \u00f6r\u00f6ks\u00e9ge\",\"datePublished\":\"2021-03-31T07:40:00+00:00\",\"dateModified\":\"2021-03-31T07:41:40+00:00\",\"mainEntityOfPage\":{\"@id\":\"https:\/\/balatonneked.com\/2021\/03\/31\/ujjaszuletik-a-balaton-egyik-kiemelkedo-kulturalis-oroksege\/\"},\"wordCount\":408,\"publisher\":{\"@id\":\"https:\/\/balatonneked.com\/#organization\"},\"image\":{\"@id\":\"https:\/\/balatonneked.com\/2021\/03\/31\/ujjaszuletik-a-balaton-egyik-kiemelkedo-kulturalis-oroksege\/#primaryimage\"},\"thumbnailUrl\":\"https:\/\/balatonneked.com\/wp-content\/uploads\/2021\/03\/tn4-szantodp.jpg\",\"keywords\":[\"D\u00e9li part\",\"M\u0171eml\u00e9kfel\u00faj\u00edt\u00e1s\",\"Sz\u00e1nt\u00f3d\",\"Sz\u00e1nt\u00f3dpuszta\"],\"articleSection\":[\"D\u00e9li part\",\"H\u00edrek\"],\"inLanguage\":\"en-GB\"},{\"@type\":\"WebPage\",\"@id\":\"https:\/\/balatonneked.com\/2021\/03\/31\/ujjaszuletik-a-balaton-egyik-kiemelkedo-kulturalis-oroksege\/\",\"url\":\"https:\/\/balatonneked.com\/2021\/03\/31\/ujjaszuletik-a-balaton-egyik-kiemelkedo-kulturalis-oroksege\/\",\"name\":\"\u00dajj\u00e1sz\u00fcletik a Balaton egyik kiemelked\u0151 kultur\u00e1lis \u00f6r\u00f6ks\u00e9ge - BALATON NEKED\",\"isPartOf\":{\"@id\":\"https:\/\/balatonneked.com\/#website\"},\"primaryImageOfPage\":{\"@id\":\"https:\/\/balatonneked.com\/2021\/03\/31\/ujjaszuletik-a-balaton-egyik-kiemelkedo-kulturalis-oroksege\/#primaryimage\"},\"image\":{\"@id\":\"https:\/\/balatonneked.com\/2021\/03\/31\/ujjaszuletik-a-balaton-egyik-kiemelkedo-kulturalis-oroksege\/#primaryimage\"},\"thumbnailUrl\":\"https:\/\/balatonneked.com\/wp-content\/uploads\/2021\/03\/tn4-szantodp.jpg\",\"datePublished\":\"2021-03-31T07:40:00+00:00\",\"dateModified\":\"2021-03-31T07:41:40+00:00\",\"breadcrumb\":{\"@id\":\"https:\/\/balatonneked.com\/2021\/03\/31\/ujjaszuletik-a-balaton-egyik-kiemelkedo-kulturalis-oroksege\/#breadcrumb\"},\"inLanguage\":\"en-GB\",\"potentialAction\":[{\"@type\":\"ReadAction\",\"target\":[\"https:\/\/balatonneked.com\/2021\/03\/31\/ujjaszuletik-a-balaton-egyik-kiemelkedo-kulturalis-oroksege\/\"]}]},{\"@type\":\"ImageObject\",\"inLanguage\":\"en-GB\",\"@id\":\"https:\/\/balatonneked.com\/2021\/03\/31\/ujjaszuletik-a-balaton-egyik-kiemelkedo-kulturalis-oroksege\/#primaryimage\",\"url\":\"https:\/\/balatonneked.com\/wp-content\/uploads\/2021\/03\/tn4-szantodp.jpg\",\"contentUrl\":\"https:\/\/balatonneked.com\/wp-content\/uploads\/2021\/03\/tn4-szantodp.jpg\",\"width\":750,\"height\":562},{\"@type\":\"BreadcrumbList\",\"@id\":\"https:\/\/balatonneked.com\/2021\/03\/31\/ujjaszuletik-a-balaton-egyik-kiemelkedo-kulturalis-oroksege\/#breadcrumb\",\"itemListElement\":[{\"@type\":\"ListItem\",\"position\":1,\"name\":\"Kezd\u0151lap\",\"item\":\"https:\/\/balatonneked.com\/\"},{\"@type\":\"ListItem\",\"position\":2,\"name\":\"\u00dajj\u00e1sz\u00fcletik a Balaton egyik kiemelked\u0151 kultur\u00e1lis \u00f6r\u00f6ks\u00e9ge\"}]},{\"@type\":\"WebSite\",\"@id\":\"https:\/\/balatonneked.com\/#website\",\"url\":\"https:\/\/balatonneked.com\/\",\"name\":\"BALATON NEKED\",\"description\":\"A Balaton leginformat\u00edvabb magazinja\",\"publisher\":{\"@id\":\"https:\/\/balatonneked.com\/#organization\"},\"potentialAction\":[{\"@type\":\"SearchAction\",\"target\":{\"@type\":\"EntryPoint\",\"urlTemplate\":\"https:\/\/balatonneked.com\/?s={search_term_string}\"},\"query-input\":{\"@type\":\"PropertyValueSpecification\",\"valueRequired\":true,\"valueName\":\"search_term_string\"}}],\"inLanguage\":\"en-GB\"},{\"@type\":\"Organization\",\"@id\":\"https:\/\/balatonneked.com\/#organization\",\"name\":\"BalatonNeked\",\"url\":\"https:\/\/balatonneked.com\/\",\"logo\":{\"@type\":\"ImageObject\",\"inLanguage\":\"en-GB\",\"@id\":\"https:\/\/balatonneked.com\/#\/schema\/logo\/image\/\",\"url\":\"https:\/\/balatonneked.com\/wp-content\/uploads\/2019\/05\/bnekedlogo.png\",\"contentUrl\":\"https:\/\/balatonneked.com\/wp-content\/uploads\/2019\/05\/bnekedlogo.png\",\"width\":750,\"height\":750,\"caption\":\"BalatonNeked\"},\"image\":{\"@id\":\"https:\/\/balatonneked.com\/#\/schema\/logo\/image\/\"},\"sameAs\":[\"https:\/\/www.facebook.com\/BalatonNeked\"]},{\"@type\":\"Person\",\"@id\":\"https:\/\/balatonneked.com\/#\/schema\/person\/6abf551dbe3d5531af60e216ef9b16aa\",\"name\":\"-\",\"image\":{\"@type\":\"ImageObject\",\"inLanguage\":\"en-GB\",\"@id\":\"https:\/\/balatonneked.com\/#\/schema\/person\/image\/\",\"url\":\"https:\/\/secure.gravatar.com\/avatar\/7bcf602c35eea1fdd5dcb5698f42149adc1fb65510ae8b284cdf111a453a6c37?s=96&d=mm&r=g\",\"contentUrl\":\"https:\/\/secure.gravatar.com\/avatar\/7bcf602c35eea1fdd5dcb5698f42149adc1fb65510ae8b284cdf111a453a6c37?s=96&d=mm&r=g\",\"caption\":\"-\"},\"url\":\"https:\/\/balatonneked.com\/en\/author\/tamasildiko\/\"}]}<\/script>\n<!-- \/ Yoast SEO plugin. -->","yoast_head_json":{"title":"\u00dajj\u00e1sz\u00fcletik a Balaton egyik kiemelked\u0151 kultur\u00e1lis \u00f6r\u00f6ks\u00e9ge - BALATON NEKED","robots":{"index":"index","follow":"follow","max-snippet":"max-snippet:-1","max-image-preview":"max-image-preview:large","max-video-preview":"max-video-preview:-1"},"canonical":"https:\/\/balatonneked.com\/en\/2021\/03\/31\/ujjaszuletik-a-balaton-egyik-kiemelkedo-kulturalis-oroksege\/","og_locale":"en_GB","og_type":"article","og_title":"\u00dajj\u00e1sz\u00fcletik a Balaton egyik kiemelked\u0151 kultur\u00e1lis \u00f6r\u00f6ks\u00e9ge - BALATON NEKED","og_description":"A fejleszt\u00e9s f\u0151 c\u00e9lja a p\u00e1ratlan m\u0171eml\u00e9kegy\u00fcttes hossz\u00fa t\u00e1v\u00fa megv\u00e9d\u00e9se \u00e9s \u00fajabb attrakci\u00f3k l\u00e9trehoz\u00e1sa. A Possibuild \u00c9p\u00edt\u0151ipari \u00e9s Szolg\u00e1ltat\u00f3 Kft. \u00e9s a Dun\u00e1nt\u00fali Magas\u00e9p\u00edt\u0151 Kft. kivitelezi a sz\u00e1nt\u00f3dpusztai majors\u00e1g fejleszt\u00e9s\u00e9nek&nbsp;els\u0151&nbsp;\u00fctem\u00e9t. A k\u00f6zbeszerz\u00e9si adatok szerint a&nbsp;nyertesek 1,5 milli\u00e1rd forintos szerz\u0151d\u00e9ses \u00e9rt\u00e9ken v\u00e9gzik el a beruh\u00e1z\u00e1st. Az MTI kor\u00e1bbi h\u00edre szerint a sz\u00e1nt\u00f3dpuszati majors\u00e1g mintegy 30 \u00e9p\u00fcletb\u0151l [&hellip;]","og_url":"https:\/\/balatonneked.com\/en\/2021\/03\/31\/ujjaszuletik-a-balaton-egyik-kiemelkedo-kulturalis-oroksege\/","og_site_name":"BALATON NEKED","article_publisher":"https:\/\/www.facebook.com\/BalatonNeked","article_published_time":"2021-03-31T07:40:00+00:00","article_modified_time":"2021-03-31T07:41:40+00:00","og_image":[{"width":750,"height":562,"url":"https:\/\/balatonneked.com\/wp-content\/uploads\/2021\/03\/tn4-szantodp.jpg","type":"image\/jpeg"}],"author":"-","twitter_card":"summary_large_image","twitter_misc":{"Written by":"-","Estimated reading time":"1 minute"},"schema":{"@context":"https:\/\/schema.org","@graph":[{"@type":"Article","@id":"https:\/\/balatonneked.com\/2021\/03\/31\/ujjaszuletik-a-balaton-egyik-kiemelkedo-kulturalis-oroksege\/#article","isPartOf":{"@id":"https:\/\/balatonneked.com\/2021\/03\/31\/ujjaszuletik-a-balaton-egyik-kiemelkedo-kulturalis-oroksege\/"},"author":{"name":"-","@id":"https:\/\/balatonneked.com\/#\/schema\/person\/6abf551dbe3d5531af60e216ef9b16aa"},"headline":"\u00dajj\u00e1sz\u00fcletik a Balaton egyik kiemelked\u0151 kultur\u00e1lis \u00f6r\u00f6ks\u00e9ge","datePublished":"2021-03-31T07:40:00+00:00","dateModified":"2021-03-31T07:41:40+00:00","mainEntityOfPage":{"@id":"https:\/\/balatonneked.com\/2021\/03\/31\/ujjaszuletik-a-balaton-egyik-kiemelkedo-kulturalis-oroksege\/"},"wordCount":408,"publisher":{"@id":"https:\/\/balatonneked.com\/#organization"},"image":{"@id":"https:\/\/balatonneked.com\/2021\/03\/31\/ujjaszuletik-a-balaton-egyik-kiemelkedo-kulturalis-oroksege\/#primaryimage"},"thumbnailUrl":"https:\/\/balatonneked.com\/wp-content\/uploads\/2021\/03\/tn4-szantodp.jpg","keywords":["D\u00e9li part","M\u0171eml\u00e9kfel\u00faj\u00edt\u00e1s","Sz\u00e1nt\u00f3d","Sz\u00e1nt\u00f3dpuszta"],"articleSection":["D\u00e9li part","H\u00edrek"],"inLanguage":"en-GB"},{"@type":"WebPage","@id":"https:\/\/balatonneked.com\/2021\/03\/31\/ujjaszuletik-a-balaton-egyik-kiemelkedo-kulturalis-oroksege\/","url":"https:\/\/balatonneked.com\/2021\/03\/31\/ujjaszuletik-a-balaton-egyik-kiemelkedo-kulturalis-oroksege\/","name":"\u00dajj\u00e1sz\u00fcletik a Balaton egyik kiemelked\u0151 kultur\u00e1lis \u00f6r\u00f6ks\u00e9ge - BALATON NEKED","isPartOf":{"@id":"https:\/\/balatonneked.com\/#website"},"primaryImageOfPage":{"@id":"https:\/\/balatonneked.com\/2021\/03\/31\/ujjaszuletik-a-balaton-egyik-kiemelkedo-kulturalis-oroksege\/#primaryimage"},"image":{"@id":"https:\/\/balatonneked.com\/2021\/03\/31\/ujjaszuletik-a-balaton-egyik-kiemelkedo-kulturalis-oroksege\/#primaryimage"},"thumbnailUrl":"https:\/\/balatonneked.com\/wp-content\/uploads\/2021\/03\/tn4-szantodp.jpg","datePublished":"2021-03-31T07:40:00+00:00","dateModified":"2021-03-31T07:41:40+00:00","breadcrumb":{"@id":"https:\/\/balatonneked.com\/2021\/03\/31\/ujjaszuletik-a-balaton-egyik-kiemelkedo-kulturalis-oroksege\/#breadcrumb"},"inLanguage":"en-GB","potentialAction":[{"@type":"ReadAction","target":["https:\/\/balatonneked.com\/2021\/03\/31\/ujjaszuletik-a-balaton-egyik-kiemelkedo-kulturalis-oroksege\/"]}]},{"@type":"ImageObject","inLanguage":"en-GB","@id":"https:\/\/balatonneked.com\/2021\/03\/31\/ujjaszuletik-a-balaton-egyik-kiemelkedo-kulturalis-oroksege\/#primaryimage","url":"https:\/\/balatonneked.com\/wp-content\/uploads\/2021\/03\/tn4-szantodp.jpg","contentUrl":"https:\/\/balatonneked.com\/wp-content\/uploads\/2021\/03\/tn4-szantodp.jpg","width":750,"height":562},{"@type":"BreadcrumbList","@id":"https:\/\/balatonneked.com\/2021\/03\/31\/ujjaszuletik-a-balaton-egyik-kiemelkedo-kulturalis-oroksege\/#breadcrumb","itemListElement":[{"@type":"ListItem","position":1,"name":"Kezd\u0151lap","item":"https:\/\/balatonneked.com\/"},{"@type":"ListItem","position":2,"name":"\u00dajj\u00e1sz\u00fcletik a Balaton egyik kiemelked\u0151 kultur\u00e1lis \u00f6r\u00f6ks\u00e9ge"}]},{"@type":"WebSite","@id":"https:\/\/balatonneked.com\/#website","url":"https:\/\/balatonneked.com\/","name":"BALATON NEKED","description":"A Balaton leginformat\u00edvabb magazinja","publisher":{"@id":"https:\/\/balatonneked.com\/#organization"},"potentialAction":[{"@type":"SearchAction","target":{"@type":"EntryPoint","urlTemplate":"https:\/\/balatonneked.com\/?s={search_term_string}"},"query-input":{"@type":"PropertyValueSpecification","valueRequired":true,"valueName":"search_term_string"}}],"inLanguage":"en-GB"},{"@type":"Organization","@id":"https:\/\/balatonneked.com\/#organization","name":"BalatonNeked","url":"https:\/\/balatonneked.com\/","logo":{"@type":"ImageObject","inLanguage":"en-GB","@id":"https:\/\/balatonneked.com\/#\/schema\/logo\/image\/","url":"https:\/\/balatonneked.com\/wp-content\/uploads\/2019\/05\/bnekedlogo.png","contentUrl":"https:\/\/balatonneked.com\/wp-content\/uploads\/2019\/05\/bnekedlogo.png","width":750,"height":750,"caption":"BalatonNeked"},"image":{"@id":"https:\/\/balatonneked.com\/#\/schema\/logo\/image\/"},"sameAs":["https:\/\/www.facebook.com\/BalatonNeked"]},{"@type":"Person","@id":"https:\/\/balatonneked.com\/#\/schema\/person\/6abf551dbe3d5531af60e216ef9b16aa","name":"-","image":{"@type":"ImageObject","inLanguage":"en-GB","@id":"https:\/\/balatonneked.com\/#\/schema\/person\/image\/","url":"https:\/\/secure.gravatar.com\/avatar\/7bcf602c35eea1fdd5dcb5698f42149adc1fb65510ae8b284cdf111a453a6c37?s=96&d=mm&r=g","contentUrl":"https:\/\/secure.gravatar.com\/avatar\/7bcf602c35eea1fdd5dcb5698f42149adc1fb65510ae8b284cdf111a453a6c37?s=96&d=mm&r=g","caption":"-"},"url":"https:\/\/balatonneked.com\/en\/author\/tamasildiko\/"}]}},"_links":{"self":[{"href":"https:\/\/balatonneked.com\/en\/wp-json\/wp\/v2\/posts\/2867","targetHints":{"allow":["GET"]}}],"collection":[{"href":"https:\/\/balatonneked.com\/en\/wp-json\/wp\/v2\/posts"}],"about":[{"href":"https:\/\/balatonneked.com\/en\/wp-json\/wp\/v2\/types\/post"}],"author":[{"embeddable":true,"href":"https:\/\/balatonneked.com\/en\/wp-json\/wp\/v2\/users\/2"}],"replies":[{"embeddable":true,"href":"https:\/\/balatonneked.com\/en\/wp-json\/wp\/v2\/comments?post=2867"}],"version-history":[{"count":2,"href":"https:\/\/balatonneked.com\/en\/wp-json\/wp\/v2\/posts\/2867\/revisions"}],"predecessor-version":[{"id":2870,"href":"https:\/\/balatonneked.com\/en\/wp-json\/wp\/v2\/posts\/2867\/revisions\/2870"}],"wp:featuredmedia":[{"embeddable":true,"href":"https:\/\/balatonneked.com\/en\/wp-json\/wp\/v2\/media\/2868"}],"wp:attachment":[{"href":"https:\/\/balatonneked.com\/en\/wp-json\/wp\/v2\/media?parent=2867"}],"wp:term":[{"taxonomy":"category","embeddable":true,"href":"https:\/\/balatonneked.com\/en\/wp-json\/wp\/v2\/categories?post=2867"},{"taxonomy":"post_tag","embeddable":true,"href":"https:\/\/balatonneked.com\/en\/wp-json\/wp\/v2\/tags?post=2867"}],"curies":[{"name":"wp","href":"https:\/\/api.w.org\/{rel}","templated":true}]}}