{"id":2837,"date":"2021-03-25T19:21:25","date_gmt":"2021-03-25T18:21:25","guid":{"rendered":"https:\/\/balatonneked.com\/?p=2837"},"modified":"2021-03-25T19:21:26","modified_gmt":"2021-03-25T18:21:26","slug":"szemetszedes-abrahamhegyen","status":"publish","type":"post","link":"https:\/\/balatonneked.com\/en\/2021\/03\/25\/szemetszedes-abrahamhegyen\/","title":{"rendered":"Szem\u00e9tszed\u00e9s \u00c1brah\u00e1mhegyen"},"content":{"rendered":"<p><strong>Szem\u00e9tszed\u00e9s \u00c1brah\u00e1mhegyen! <\/strong><br>2021 m\u00e1rcius 27.-\u00e9n szombaton 10 \u00f3r\u00e1t\u00f3l.<br>Tal\u00e1lkoz\u00f3 a vas\u00fat\u00e1llom\u00e1s parkol\u00f3j\u00e1ban.<br>Takar\u00edtsuk ki \u00c1brah\u00e1mhegyet!<br>Mutassunk p\u00e9ld\u00e1t, v\u00e1runk minden seg\u00edt\u0151 kezet.<\/p><figure class=\"wp-block-image size-large\"><img fetchpriority=\"high\" decoding=\"async\" width=\"1024\" height=\"661\" src=\"https:\/\/balatonneked.com\/wp-content\/uploads\/2021\/03\/szemetszedes-abrahamhegy-1024x661.jpg\" alt=\"\" class=\"wp-image-2838\" srcset=\"https:\/\/balatonneked.com\/wp-content\/uploads\/2021\/03\/szemetszedes-abrahamhegy-1024x661.jpg 1024w, https:\/\/balatonneked.com\/wp-content\/uploads\/2021\/03\/szemetszedes-abrahamhegy-600x387.jpg 600w, https:\/\/balatonneked.com\/wp-content\/uploads\/2021\/03\/szemetszedes-abrahamhegy-300x194.jpg 300w, https:\/\/balatonneked.com\/wp-content\/uploads\/2021\/03\/szemetszedes-abrahamhegy-768x496.jpg 768w, https:\/\/balatonneked.com\/wp-content\/uploads\/2021\/03\/szemetszedes-abrahamhegy-1536x991.jpg 1536w, https:\/\/balatonneked.com\/wp-content\/uploads\/2021\/03\/szemetszedes-abrahamhegy.jpg 1863w\" sizes=\"(max-width: 1024px) 100vw, 1024px\" \/><\/figure>","protected":false},"excerpt":{"rendered":"<p>Szem\u00e9tszed\u00e9s \u00c1brah\u00e1mhegyen! 2021 m\u00e1rcius 27.-\u00e9n szombaton 10 \u00f3r\u00e1t\u00f3l.Tal\u00e1lkoz\u00f3 a vas\u00fat\u00e1llom\u00e1s parkol\u00f3j\u00e1ban.Takar\u00edtsuk ki \u00c1brah\u00e1mhegyet!Mutassunk p\u00e9ld\u00e1t, v\u00e1runk minden seg\u00edt\u0151 kezet.<\/p>","protected":false},"author":2,"featured_media":2743,"comment_status":"closed","ping_status":"open","sticky":false,"template":"","format":"standard","meta":{"_acf_changed":false,"footnotes":""},"categories":[26,155],"tags":[28,234,253],"class_list":["post-2837","post","type-post","status-publish","format-standard","has-post-thumbnail","hentry","category-abrahamhegy","category-hirek","tag-abrahamhegy","tag-kornyezetvedelem","tag-szemetszedes"],"acf":[],"yoast_head":"<!-- This site is optimized with the Yoast SEO plugin v25.1 - https:\/\/yoast.com\/wordpress\/plugins\/seo\/ -->\n<title>Szem\u00e9tszed\u00e9s \u00c1brah\u00e1mhegyen - BALATON NEKED<\/title>\n<meta name=\"robots\" content=\"index, follow, max-snippet:-1, max-image-preview:large, max-video-preview:-1\" \/>\n<link rel=\"canonical\" href=\"https:\/\/balatonneked.com\/en\/2021\/03\/25\/szemetszedes-abrahamhegyen\/\" \/>\n<meta property=\"og:locale\" content=\"en_GB\" \/>\n<meta property=\"og:type\" content=\"article\" \/>\n<meta property=\"og:title\" content=\"Szem\u00e9tszed\u00e9s \u00c1brah\u00e1mhegyen - BALATON NEKED\" \/>\n<meta property=\"og:description\" content=\"Szem\u00e9tszed\u00e9s \u00c1brah\u00e1mhegyen! 2021 m\u00e1rcius 27.-\u00e9n szombaton 10 \u00f3r\u00e1t\u00f3l.Tal\u00e1lkoz\u00f3 a vas\u00fat\u00e1llom\u00e1s parkol\u00f3j\u00e1ban.Takar\u00edtsuk ki \u00c1brah\u00e1mhegyet!Mutassunk p\u00e9ld\u00e1t, v\u00e1runk minden seg\u00edt\u0151 kezet.\" \/>\n<meta property=\"og:url\" content=\"https:\/\/balatonneked.com\/en\/2021\/03\/25\/szemetszedes-abrahamhegyen\/\" \/>\n<meta property=\"og:site_name\" content=\"BALATON NEKED\" \/>\n<meta property=\"article:publisher\" content=\"https:\/\/www.facebook.com\/BalatonNeked\" \/>\n<meta property=\"article:published_time\" content=\"2021-03-25T18:21:25+00:00\" \/>\n<meta property=\"article:modified_time\" content=\"2021-03-25T18:21:26+00:00\" \/>\n<meta property=\"og:image\" content=\"https:\/\/balatonneked.com\/wp-content\/uploads\/2021\/03\/waste.jpg\" \/>\n\t<meta property=\"og:image:width\" content=\"600\" \/>\n\t<meta property=\"og:image:height\" content=\"400\" \/>\n\t<meta property=\"og:image:type\" content=\"image\/jpeg\" \/>\n<meta name=\"author\" content=\"-\" \/>\n<meta name=\"twitter:card\" content=\"summary_large_image\" \/>\n<meta name=\"twitter:label1\" content=\"Written by\" \/>\n\t<meta name=\"twitter:data1\" content=\"-\" \/>\n\t<meta name=\"twitter:label2\" content=\"Estimated reading time\" \/>\n\t<meta name=\"twitter:data2\" content=\"1 minute\" \/>\n<script type=\"application\/ld+json\" class=\"yoast-schema-graph\">{\"@context\":\"https:\/\/schema.org\",\"@graph\":[{\"@type\":\"Article\",\"@id\":\"https:\/\/balatonneked.com\/2021\/03\/25\/szemetszedes-abrahamhegyen\/#article\",\"isPartOf\":{\"@id\":\"https:\/\/balatonneked.com\/2021\/03\/25\/szemetszedes-abrahamhegyen\/\"},\"author\":{\"name\":\"-\",\"@id\":\"https:\/\/balatonneked.com\/#\/schema\/person\/6abf551dbe3d5531af60e216ef9b16aa\"},\"headline\":\"Szem\u00e9tszed\u00e9s \u00c1brah\u00e1mhegyen\",\"datePublished\":\"2021-03-25T18:21:25+00:00\",\"dateModified\":\"2021-03-25T18:21:26+00:00\",\"mainEntityOfPage\":{\"@id\":\"https:\/\/balatonneked.com\/2021\/03\/25\/szemetszedes-abrahamhegyen\/\"},\"wordCount\":43,\"publisher\":{\"@id\":\"https:\/\/balatonneked.com\/#organization\"},\"image\":{\"@id\":\"https:\/\/balatonneked.com\/2021\/03\/25\/szemetszedes-abrahamhegyen\/#primaryimage\"},\"thumbnailUrl\":\"https:\/\/balatonneked.com\/wp-content\/uploads\/2021\/03\/waste.jpg\",\"keywords\":[\"\u00c1brah\u00e1mhegy\",\"k\u00f6rnyezetv\u00e9delem\",\"szem\u00e9tszed\u00e9s\"],\"articleSection\":[\"\u00c1brah\u00e1mhegy\",\"H\u00edrek\"],\"inLanguage\":\"en-GB\"},{\"@type\":\"WebPage\",\"@id\":\"https:\/\/balatonneked.com\/2021\/03\/25\/szemetszedes-abrahamhegyen\/\",\"url\":\"https:\/\/balatonneked.com\/2021\/03\/25\/szemetszedes-abrahamhegyen\/\",\"name\":\"Szem\u00e9tszed\u00e9s \u00c1brah\u00e1mhegyen - BALATON NEKED\",\"isPartOf\":{\"@id\":\"https:\/\/balatonneked.com\/#website\"},\"primaryImageOfPage\":{\"@id\":\"https:\/\/balatonneked.com\/2021\/03\/25\/szemetszedes-abrahamhegyen\/#primaryimage\"},\"image\":{\"@id\":\"https:\/\/balatonneked.com\/2021\/03\/25\/szemetszedes-abrahamhegyen\/#primaryimage\"},\"thumbnailUrl\":\"https:\/\/balatonneked.com\/wp-content\/uploads\/2021\/03\/waste.jpg\",\"datePublished\":\"2021-03-25T18:21:25+00:00\",\"dateModified\":\"2021-03-25T18:21:26+00:00\",\"breadcrumb\":{\"@id\":\"https:\/\/balatonneked.com\/2021\/03\/25\/szemetszedes-abrahamhegyen\/#breadcrumb\"},\"inLanguage\":\"en-GB\",\"potentialAction\":[{\"@type\":\"ReadAction\",\"target\":[\"https:\/\/balatonneked.com\/2021\/03\/25\/szemetszedes-abrahamhegyen\/\"]}]},{\"@type\":\"ImageObject\",\"inLanguage\":\"en-GB\",\"@id\":\"https:\/\/balatonneked.com\/2021\/03\/25\/szemetszedes-abrahamhegyen\/#primaryimage\",\"url\":\"https:\/\/balatonneked.com\/wp-content\/uploads\/2021\/03\/waste.jpg\",\"contentUrl\":\"https:\/\/balatonneked.com\/wp-content\/uploads\/2021\/03\/waste.jpg\",\"width\":600,\"height\":400,\"caption\":\"Group of activists friends collecting plastic waste on the beach. People cleaning the beach up, with bags.\"},{\"@type\":\"BreadcrumbList\",\"@id\":\"https:\/\/balatonneked.com\/2021\/03\/25\/szemetszedes-abrahamhegyen\/#breadcrumb\",\"itemListElement\":[{\"@type\":\"ListItem\",\"position\":1,\"name\":\"Kezd\u0151lap\",\"item\":\"https:\/\/balatonneked.com\/\"},{\"@type\":\"ListItem\",\"position\":2,\"name\":\"Szem\u00e9tszed\u00e9s \u00c1brah\u00e1mhegyen\"}]},{\"@type\":\"WebSite\",\"@id\":\"https:\/\/balatonneked.com\/#website\",\"url\":\"https:\/\/balatonneked.com\/\",\"name\":\"BALATON NEKED\",\"description\":\"A Balaton leginformat\u00edvabb magazinja\",\"publisher\":{\"@id\":\"https:\/\/balatonneked.com\/#organization\"},\"potentialAction\":[{\"@type\":\"SearchAction\",\"target\":{\"@type\":\"EntryPoint\",\"urlTemplate\":\"https:\/\/balatonneked.com\/?s={search_term_string}\"},\"query-input\":{\"@type\":\"PropertyValueSpecification\",\"valueRequired\":true,\"valueName\":\"search_term_string\"}}],\"inLanguage\":\"en-GB\"},{\"@type\":\"Organization\",\"@id\":\"https:\/\/balatonneked.com\/#organization\",\"name\":\"BalatonNeked\",\"url\":\"https:\/\/balatonneked.com\/\",\"logo\":{\"@type\":\"ImageObject\",\"inLanguage\":\"en-GB\",\"@id\":\"https:\/\/balatonneked.com\/#\/schema\/logo\/image\/\",\"url\":\"https:\/\/balatonneked.com\/wp-content\/uploads\/2019\/05\/bnekedlogo.png\",\"contentUrl\":\"https:\/\/balatonneked.com\/wp-content\/uploads\/2019\/05\/bnekedlogo.png\",\"width\":750,\"height\":750,\"caption\":\"BalatonNeked\"},\"image\":{\"@id\":\"https:\/\/balatonneked.com\/#\/schema\/logo\/image\/\"},\"sameAs\":[\"https:\/\/www.facebook.com\/BalatonNeked\"]},{\"@type\":\"Person\",\"@id\":\"https:\/\/balatonneked.com\/#\/schema\/person\/6abf551dbe3d5531af60e216ef9b16aa\",\"name\":\"-\",\"image\":{\"@type\":\"ImageObject\",\"inLanguage\":\"en-GB\",\"@id\":\"https:\/\/balatonneked.com\/#\/schema\/person\/image\/\",\"url\":\"https:\/\/secure.gravatar.com\/avatar\/7bcf602c35eea1fdd5dcb5698f42149adc1fb65510ae8b284cdf111a453a6c37?s=96&d=mm&r=g\",\"contentUrl\":\"https:\/\/secure.gravatar.com\/avatar\/7bcf602c35eea1fdd5dcb5698f42149adc1fb65510ae8b284cdf111a453a6c37?s=96&d=mm&r=g\",\"caption\":\"-\"},\"url\":\"https:\/\/balatonneked.com\/en\/author\/tamasildiko\/\"}]}<\/script>\n<!-- \/ Yoast SEO plugin. -->","yoast_head_json":{"title":"Szem\u00e9tszed\u00e9s \u00c1brah\u00e1mhegyen - BALATON NEKED","robots":{"index":"index","follow":"follow","max-snippet":"max-snippet:-1","max-image-preview":"max-image-preview:large","max-video-preview":"max-video-preview:-1"},"canonical":"https:\/\/balatonneked.com\/en\/2021\/03\/25\/szemetszedes-abrahamhegyen\/","og_locale":"en_GB","og_type":"article","og_title":"Szem\u00e9tszed\u00e9s \u00c1brah\u00e1mhegyen - BALATON NEKED","og_description":"Szem\u00e9tszed\u00e9s \u00c1brah\u00e1mhegyen! 2021 m\u00e1rcius 27.-\u00e9n szombaton 10 \u00f3r\u00e1t\u00f3l.Tal\u00e1lkoz\u00f3 a vas\u00fat\u00e1llom\u00e1s parkol\u00f3j\u00e1ban.Takar\u00edtsuk ki \u00c1brah\u00e1mhegyet!Mutassunk p\u00e9ld\u00e1t, v\u00e1runk minden seg\u00edt\u0151 kezet.","og_url":"https:\/\/balatonneked.com\/en\/2021\/03\/25\/szemetszedes-abrahamhegyen\/","og_site_name":"BALATON NEKED","article_publisher":"https:\/\/www.facebook.com\/BalatonNeked","article_published_time":"2021-03-25T18:21:25+00:00","article_modified_time":"2021-03-25T18:21:26+00:00","og_image":[{"width":600,"height":400,"url":"https:\/\/balatonneked.com\/wp-content\/uploads\/2021\/03\/waste.jpg","type":"image\/jpeg"}],"author":"-","twitter_card":"summary_large_image","twitter_misc":{"Written by":"-","Estimated reading time":"1 minute"},"schema":{"@context":"https:\/\/schema.org","@graph":[{"@type":"Article","@id":"https:\/\/balatonneked.com\/2021\/03\/25\/szemetszedes-abrahamhegyen\/#article","isPartOf":{"@id":"https:\/\/balatonneked.com\/2021\/03\/25\/szemetszedes-abrahamhegyen\/"},"author":{"name":"-","@id":"https:\/\/balatonneked.com\/#\/schema\/person\/6abf551dbe3d5531af60e216ef9b16aa"},"headline":"Szem\u00e9tszed\u00e9s \u00c1brah\u00e1mhegyen","datePublished":"2021-03-25T18:21:25+00:00","dateModified":"2021-03-25T18:21:26+00:00","mainEntityOfPage":{"@id":"https:\/\/balatonneked.com\/2021\/03\/25\/szemetszedes-abrahamhegyen\/"},"wordCount":43,"publisher":{"@id":"https:\/\/balatonneked.com\/#organization"},"image":{"@id":"https:\/\/balatonneked.com\/2021\/03\/25\/szemetszedes-abrahamhegyen\/#primaryimage"},"thumbnailUrl":"https:\/\/balatonneked.com\/wp-content\/uploads\/2021\/03\/waste.jpg","keywords":["\u00c1brah\u00e1mhegy","k\u00f6rnyezetv\u00e9delem","szem\u00e9tszed\u00e9s"],"articleSection":["\u00c1brah\u00e1mhegy","H\u00edrek"],"inLanguage":"en-GB"},{"@type":"WebPage","@id":"https:\/\/balatonneked.com\/2021\/03\/25\/szemetszedes-abrahamhegyen\/","url":"https:\/\/balatonneked.com\/2021\/03\/25\/szemetszedes-abrahamhegyen\/","name":"Szem\u00e9tszed\u00e9s \u00c1brah\u00e1mhegyen - BALATON NEKED","isPartOf":{"@id":"https:\/\/balatonneked.com\/#website"},"primaryImageOfPage":{"@id":"https:\/\/balatonneked.com\/2021\/03\/25\/szemetszedes-abrahamhegyen\/#primaryimage"},"image":{"@id":"https:\/\/balatonneked.com\/2021\/03\/25\/szemetszedes-abrahamhegyen\/#primaryimage"},"thumbnailUrl":"https:\/\/balatonneked.com\/wp-content\/uploads\/2021\/03\/waste.jpg","datePublished":"2021-03-25T18:21:25+00:00","dateModified":"2021-03-25T18:21:26+00:00","breadcrumb":{"@id":"https:\/\/balatonneked.com\/2021\/03\/25\/szemetszedes-abrahamhegyen\/#breadcrumb"},"inLanguage":"en-GB","potentialAction":[{"@type":"ReadAction","target":["https:\/\/balatonneked.com\/2021\/03\/25\/szemetszedes-abrahamhegyen\/"]}]},{"@type":"ImageObject","inLanguage":"en-GB","@id":"https:\/\/balatonneked.com\/2021\/03\/25\/szemetszedes-abrahamhegyen\/#primaryimage","url":"https:\/\/balatonneked.com\/wp-content\/uploads\/2021\/03\/waste.jpg","contentUrl":"https:\/\/balatonneked.com\/wp-content\/uploads\/2021\/03\/waste.jpg","width":600,"height":400,"caption":"Group of activists friends collecting plastic waste on the beach. People cleaning the beach up, with bags."},{"@type":"BreadcrumbList","@id":"https:\/\/balatonneked.com\/2021\/03\/25\/szemetszedes-abrahamhegyen\/#breadcrumb","itemListElement":[{"@type":"ListItem","position":1,"name":"Kezd\u0151lap","item":"https:\/\/balatonneked.com\/"},{"@type":"ListItem","position":2,"name":"Szem\u00e9tszed\u00e9s \u00c1brah\u00e1mhegyen"}]},{"@type":"WebSite","@id":"https:\/\/balatonneked.com\/#website","url":"https:\/\/balatonneked.com\/","name":"BALATON NEKED","description":"A Balaton leginformat\u00edvabb magazinja","publisher":{"@id":"https:\/\/balatonneked.com\/#organization"},"potentialAction":[{"@type":"SearchAction","target":{"@type":"EntryPoint","urlTemplate":"https:\/\/balatonneked.com\/?s={search_term_string}"},"query-input":{"@type":"PropertyValueSpecification","valueRequired":true,"valueName":"search_term_string"}}],"inLanguage":"en-GB"},{"@type":"Organization","@id":"https:\/\/balatonneked.com\/#organization","name":"BalatonNeked","url":"https:\/\/balatonneked.com\/","logo":{"@type":"ImageObject","inLanguage":"en-GB","@id":"https:\/\/balatonneked.com\/#\/schema\/logo\/image\/","url":"https:\/\/balatonneked.com\/wp-content\/uploads\/2019\/05\/bnekedlogo.png","contentUrl":"https:\/\/balatonneked.com\/wp-content\/uploads\/2019\/05\/bnekedlogo.png","width":750,"height":750,"caption":"BalatonNeked"},"image":{"@id":"https:\/\/balatonneked.com\/#\/schema\/logo\/image\/"},"sameAs":["https:\/\/www.facebook.com\/BalatonNeked"]},{"@type":"Person","@id":"https:\/\/balatonneked.com\/#\/schema\/person\/6abf551dbe3d5531af60e216ef9b16aa","name":"-","image":{"@type":"ImageObject","inLanguage":"en-GB","@id":"https:\/\/balatonneked.com\/#\/schema\/person\/image\/","url":"https:\/\/secure.gravatar.com\/avatar\/7bcf602c35eea1fdd5dcb5698f42149adc1fb65510ae8b284cdf111a453a6c37?s=96&d=mm&r=g","contentUrl":"https:\/\/secure.gravatar.com\/avatar\/7bcf602c35eea1fdd5dcb5698f42149adc1fb65510ae8b284cdf111a453a6c37?s=96&d=mm&r=g","caption":"-"},"url":"https:\/\/balatonneked.com\/en\/author\/tamasildiko\/"}]}},"_links":{"self":[{"href":"https:\/\/balatonneked.com\/en\/wp-json\/wp\/v2\/posts\/2837","targetHints":{"allow":["GET"]}}],"collection":[{"href":"https:\/\/balatonneked.com\/en\/wp-json\/wp\/v2\/posts"}],"about":[{"href":"https:\/\/balatonneked.com\/en\/wp-json\/wp\/v2\/types\/post"}],"author":[{"embeddable":true,"href":"https:\/\/balatonneked.com\/en\/wp-json\/wp\/v2\/users\/2"}],"replies":[{"embeddable":true,"href":"https:\/\/balatonneked.com\/en\/wp-json\/wp\/v2\/comments?post=2837"}],"version-history":[{"count":1,"href":"https:\/\/balatonneked.com\/en\/wp-json\/wp\/v2\/posts\/2837\/revisions"}],"predecessor-version":[{"id":2839,"href":"https:\/\/balatonneked.com\/en\/wp-json\/wp\/v2\/posts\/2837\/revisions\/2839"}],"wp:featuredmedia":[{"embeddable":true,"href":"https:\/\/balatonneked.com\/en\/wp-json\/wp\/v2\/media\/2743"}],"wp:attachment":[{"href":"https:\/\/balatonneked.com\/en\/wp-json\/wp\/v2\/media?parent=2837"}],"wp:term":[{"taxonomy":"category","embeddable":true,"href":"https:\/\/balatonneked.com\/en\/wp-json\/wp\/v2\/categories?post=2837"},{"taxonomy":"post_tag","embeddable":true,"href":"https:\/\/balatonneked.com\/en\/wp-json\/wp\/v2\/tags?post=2837"}],"curies":[{"name":"wp","href":"https:\/\/api.w.org\/{rel}","templated":true}]}}