{"id":2823,"date":"2021-03-22T11:42:39","date_gmt":"2021-03-22T10:42:39","guid":{"rendered":"https:\/\/balatonneked.com\/?p=2823"},"modified":"2021-03-22T11:42:41","modified_gmt":"2021-03-22T10:42:41","slug":"tojasfat-avattak-balatonalmadiban-es-balatonfuzfon","status":"publish","type":"post","link":"https:\/\/balatonneked.com\/en\/2021\/03\/22\/tojasfat-avattak-balatonalmadiban-es-balatonfuzfon\/","title":{"rendered":"Toj\u00e1sf\u00e1t avattak Balatonalm\u00e1diban \u00e9s Balatonf\u0171zf\u0151n"},"content":{"rendered":"<p>A toj\u00e1sfa \u00f6tlete 2013-ban indult Balatonf\u0171zf\u0151n civil kezdem\u00e9nyez\u00e9sk\u00e9nt \u00e9s t\u00f6bb telep\u00fcl\u00e9s, k\u00f6zt\u00fck Balatonalm\u00e1di is \u00e1tvette ezt a hagyom\u00e1nyt.<br>Mindk\u00e9t telep\u00fcl\u00e9sen k\u00f6zponti helyen tal\u00e1lhat\u00f3 fa, Balatonf\u0171zf\u0151n a Posta \u00e9p\u00fcletet mellett, m\u00edg Balatonalm\u00e1diban a Tourinform iroda mellett. A toj\u00e1sf\u00e1kra b\u00e1rki akaszthat sz\u00ednes h\u00fasv\u00e9ti toj\u00e1st, Balatonf\u0171zf\u0151n pedig geocachinges j\u00e1t\u00e9kkal is v\u00e1rj\u00e1k az emberereket, a f\u00e1n\u00e1l elhelyezett GPS koordin\u00e1t\u00e1k alapj\u00e1n esem\u00e9nyl\u00e1d\u00e1kat lehet majd keresni.<\/p><figure class=\"wp-block-image size-large is-resized\"><img fetchpriority=\"high\" decoding=\"async\" src=\"https:\/\/balatonneked.com\/wp-content\/uploads\/2021\/03\/Tojasfa_Balatonfuzfo-683x1024.jpg\" alt=\"\" class=\"wp-image-2824\" width=\"422\" height=\"632\" srcset=\"https:\/\/balatonneked.com\/wp-content\/uploads\/2021\/03\/Tojasfa_Balatonfuzfo-683x1024.jpg 683w, https:\/\/balatonneked.com\/wp-content\/uploads\/2021\/03\/Tojasfa_Balatonfuzfo-600x900.jpg 600w, https:\/\/balatonneked.com\/wp-content\/uploads\/2021\/03\/Tojasfa_Balatonfuzfo-200x300.jpg 200w, https:\/\/balatonneked.com\/wp-content\/uploads\/2021\/03\/Tojasfa_Balatonfuzfo-768x1152.jpg 768w, https:\/\/balatonneked.com\/wp-content\/uploads\/2021\/03\/Tojasfa_Balatonfuzfo-1024x1536.jpg 1024w, https:\/\/balatonneked.com\/wp-content\/uploads\/2021\/03\/Tojasfa_Balatonfuzfo.jpg 1365w\" sizes=\"(max-width: 422px) 100vw, 422px\" \/><\/figure><p>Forr\u00e1s \u00e9s k\u00e9pek: <a href=\"https:\/\/www.facebook.com\/BalatonalmadiVaros\">Balatonalm\u00e1di V\u00e1ros<\/a> \u00e9s <a href=\"https:\/\/www.facebook.com\/BalatonfuzfoLiterTurisztikaiEgyesulet\">Balatonf\u0171zf\u0151-Lit\u00e9r Turisztikai Egyes\u00fclet<\/a> facebook oldalak<\/p>","protected":false},"excerpt":{"rendered":"<p>A toj\u00e1sfa \u00f6tlete 2013-ban indult Balatonf\u0171zf\u0151n civil kezdem\u00e9nyez\u00e9sk\u00e9nt \u00e9s t\u00f6bb telep\u00fcl\u00e9s, k\u00f6zt\u00fck Balatonalm\u00e1di is \u00e1tvette ezt a hagyom\u00e1nyt.Mindk\u00e9t telep\u00fcl\u00e9sen k\u00f6zponti helyen tal\u00e1lhat\u00f3 fa, Balatonf\u0171zf\u0151n a Posta \u00e9p\u00fcletet mellett, m\u00edg Balatonalm\u00e1diban a Tourinform iroda mellett. A toj\u00e1sf\u00e1kra b\u00e1rki akaszthat sz\u00ednes h\u00fasv\u00e9ti toj\u00e1st, Balatonf\u0171zf\u0151n pedig geocachinges j\u00e1t\u00e9kkal is v\u00e1rj\u00e1k az emberereket, a f\u00e1n\u00e1l elhelyezett GPS koordin\u00e1t\u00e1k alapj\u00e1n [&hellip;]<\/p>","protected":false},"author":2,"featured_media":2829,"comment_status":"closed","ping_status":"open","sticky":false,"template":"","format":"standard","meta":{"_acf_changed":false,"footnotes":""},"categories":[78,273,155],"tags":[79,274,167,275],"class_list":["post-2823","post","type-post","status-publish","format-standard","has-post-thumbnail","hentry","category-balatonalmadi","category-balatonfuzfo","category-hirek","tag-balatonalmadi","tag-balatonfuzfo","tag-husvet","tag-tojasfa"],"acf":[],"yoast_head":"<!-- This site is optimized with the Yoast SEO plugin v25.1 - https:\/\/yoast.com\/wordpress\/plugins\/seo\/ -->\n<title>Toj\u00e1sf\u00e1t avattak Balatonalm\u00e1diban \u00e9s Balatonf\u0171zf\u0151n - BALATON NEKED<\/title>\n<meta name=\"robots\" content=\"index, follow, max-snippet:-1, max-image-preview:large, max-video-preview:-1\" \/>\n<link rel=\"canonical\" href=\"https:\/\/balatonneked.com\/en\/2021\/03\/22\/tojasfat-avattak-balatonalmadiban-es-balatonfuzfon\/\" \/>\n<meta property=\"og:locale\" content=\"en_GB\" \/>\n<meta property=\"og:type\" content=\"article\" \/>\n<meta property=\"og:title\" content=\"Toj\u00e1sf\u00e1t avattak Balatonalm\u00e1diban \u00e9s Balatonf\u0171zf\u0151n - BALATON NEKED\" \/>\n<meta property=\"og:description\" content=\"A toj\u00e1sfa \u00f6tlete 2013-ban indult Balatonf\u0171zf\u0151n civil kezdem\u00e9nyez\u00e9sk\u00e9nt \u00e9s t\u00f6bb telep\u00fcl\u00e9s, k\u00f6zt\u00fck Balatonalm\u00e1di is \u00e1tvette ezt a hagyom\u00e1nyt.Mindk\u00e9t telep\u00fcl\u00e9sen k\u00f6zponti helyen tal\u00e1lhat\u00f3 fa, Balatonf\u0171zf\u0151n a Posta \u00e9p\u00fcletet mellett, m\u00edg Balatonalm\u00e1diban a Tourinform iroda mellett. A toj\u00e1sf\u00e1kra b\u00e1rki akaszthat sz\u00ednes h\u00fasv\u00e9ti toj\u00e1st, Balatonf\u0171zf\u0151n pedig geocachinges j\u00e1t\u00e9kkal is v\u00e1rj\u00e1k az emberereket, a f\u00e1n\u00e1l elhelyezett GPS koordin\u00e1t\u00e1k alapj\u00e1n [&hellip;]\" \/>\n<meta property=\"og:url\" content=\"https:\/\/balatonneked.com\/en\/2021\/03\/22\/tojasfat-avattak-balatonalmadiban-es-balatonfuzfon\/\" \/>\n<meta property=\"og:site_name\" content=\"BALATON NEKED\" \/>\n<meta property=\"article:publisher\" content=\"https:\/\/www.facebook.com\/BalatonNeked\" \/>\n<meta property=\"article:published_time\" content=\"2021-03-22T10:42:39+00:00\" \/>\n<meta property=\"article:modified_time\" content=\"2021-03-22T10:42:41+00:00\" \/>\n<meta property=\"og:image\" content=\"https:\/\/balatonneked.com\/wp-content\/uploads\/2021\/03\/Tojasfa_Balmadi.jpg\" \/>\n\t<meta property=\"og:image:width\" content=\"1689\" \/>\n\t<meta property=\"og:image:height\" content=\"1126\" \/>\n\t<meta property=\"og:image:type\" content=\"image\/jpeg\" \/>\n<meta name=\"author\" content=\"-\" \/>\n<meta name=\"twitter:card\" content=\"summary_large_image\" \/>\n<meta name=\"twitter:label1\" content=\"Written by\" \/>\n\t<meta name=\"twitter:data1\" content=\"-\" \/>\n\t<meta name=\"twitter:label2\" content=\"Estimated reading time\" \/>\n\t<meta name=\"twitter:data2\" content=\"1 minute\" \/>\n<script type=\"application\/ld+json\" class=\"yoast-schema-graph\">{\"@context\":\"https:\/\/schema.org\",\"@graph\":[{\"@type\":\"Article\",\"@id\":\"https:\/\/balatonneked.com\/2021\/03\/22\/tojasfat-avattak-balatonalmadiban-es-balatonfuzfon\/#article\",\"isPartOf\":{\"@id\":\"https:\/\/balatonneked.com\/2021\/03\/22\/tojasfat-avattak-balatonalmadiban-es-balatonfuzfon\/\"},\"author\":{\"name\":\"-\",\"@id\":\"https:\/\/balatonneked.com\/#\/schema\/person\/6abf551dbe3d5531af60e216ef9b16aa\"},\"headline\":\"Toj\u00e1sf\u00e1t avattak Balatonalm\u00e1diban \u00e9s Balatonf\u0171zf\u0151n\",\"datePublished\":\"2021-03-22T10:42:39+00:00\",\"dateModified\":\"2021-03-22T10:42:41+00:00\",\"mainEntityOfPage\":{\"@id\":\"https:\/\/balatonneked.com\/2021\/03\/22\/tojasfat-avattak-balatonalmadiban-es-balatonfuzfon\/\"},\"wordCount\":133,\"publisher\":{\"@id\":\"https:\/\/balatonneked.com\/#organization\"},\"image\":{\"@id\":\"https:\/\/balatonneked.com\/2021\/03\/22\/tojasfat-avattak-balatonalmadiban-es-balatonfuzfon\/#primaryimage\"},\"thumbnailUrl\":\"https:\/\/balatonneked.com\/wp-content\/uploads\/2021\/03\/Tojasfa_Balmadi.jpg\",\"keywords\":[\"Balatonalm\u00e1di\",\"Balatonf\u0171zf\u0151\",\"h\u00fasv\u00e9t\",\"toj\u00e1sfa\"],\"articleSection\":[\"Balatonalm\u00e1di\",\"Balatonf\u0171zf\u0151\",\"H\u00edrek\"],\"inLanguage\":\"en-GB\"},{\"@type\":\"WebPage\",\"@id\":\"https:\/\/balatonneked.com\/2021\/03\/22\/tojasfat-avattak-balatonalmadiban-es-balatonfuzfon\/\",\"url\":\"https:\/\/balatonneked.com\/2021\/03\/22\/tojasfat-avattak-balatonalmadiban-es-balatonfuzfon\/\",\"name\":\"Toj\u00e1sf\u00e1t avattak Balatonalm\u00e1diban \u00e9s Balatonf\u0171zf\u0151n - BALATON NEKED\",\"isPartOf\":{\"@id\":\"https:\/\/balatonneked.com\/#website\"},\"primaryImageOfPage\":{\"@id\":\"https:\/\/balatonneked.com\/2021\/03\/22\/tojasfat-avattak-balatonalmadiban-es-balatonfuzfon\/#primaryimage\"},\"image\":{\"@id\":\"https:\/\/balatonneked.com\/2021\/03\/22\/tojasfat-avattak-balatonalmadiban-es-balatonfuzfon\/#primaryimage\"},\"thumbnailUrl\":\"https:\/\/balatonneked.com\/wp-content\/uploads\/2021\/03\/Tojasfa_Balmadi.jpg\",\"datePublished\":\"2021-03-22T10:42:39+00:00\",\"dateModified\":\"2021-03-22T10:42:41+00:00\",\"breadcrumb\":{\"@id\":\"https:\/\/balatonneked.com\/2021\/03\/22\/tojasfat-avattak-balatonalmadiban-es-balatonfuzfon\/#breadcrumb\"},\"inLanguage\":\"en-GB\",\"potentialAction\":[{\"@type\":\"ReadAction\",\"target\":[\"https:\/\/balatonneked.com\/2021\/03\/22\/tojasfat-avattak-balatonalmadiban-es-balatonfuzfon\/\"]}]},{\"@type\":\"ImageObject\",\"inLanguage\":\"en-GB\",\"@id\":\"https:\/\/balatonneked.com\/2021\/03\/22\/tojasfat-avattak-balatonalmadiban-es-balatonfuzfon\/#primaryimage\",\"url\":\"https:\/\/balatonneked.com\/wp-content\/uploads\/2021\/03\/Tojasfa_Balmadi.jpg\",\"contentUrl\":\"https:\/\/balatonneked.com\/wp-content\/uploads\/2021\/03\/Tojasfa_Balmadi.jpg\",\"width\":1689,\"height\":1126},{\"@type\":\"BreadcrumbList\",\"@id\":\"https:\/\/balatonneked.com\/2021\/03\/22\/tojasfat-avattak-balatonalmadiban-es-balatonfuzfon\/#breadcrumb\",\"itemListElement\":[{\"@type\":\"ListItem\",\"position\":1,\"name\":\"Kezd\u0151lap\",\"item\":\"https:\/\/balatonneked.com\/\"},{\"@type\":\"ListItem\",\"position\":2,\"name\":\"Toj\u00e1sf\u00e1t avattak Balatonalm\u00e1diban \u00e9s Balatonf\u0171zf\u0151n\"}]},{\"@type\":\"WebSite\",\"@id\":\"https:\/\/balatonneked.com\/#website\",\"url\":\"https:\/\/balatonneked.com\/\",\"name\":\"BALATON NEKED\",\"description\":\"A Balaton leginformat\u00edvabb magazinja\",\"publisher\":{\"@id\":\"https:\/\/balatonneked.com\/#organization\"},\"potentialAction\":[{\"@type\":\"SearchAction\",\"target\":{\"@type\":\"EntryPoint\",\"urlTemplate\":\"https:\/\/balatonneked.com\/?s={search_term_string}\"},\"query-input\":{\"@type\":\"PropertyValueSpecification\",\"valueRequired\":true,\"valueName\":\"search_term_string\"}}],\"inLanguage\":\"en-GB\"},{\"@type\":\"Organization\",\"@id\":\"https:\/\/balatonneked.com\/#organization\",\"name\":\"BalatonNeked\",\"url\":\"https:\/\/balatonneked.com\/\",\"logo\":{\"@type\":\"ImageObject\",\"inLanguage\":\"en-GB\",\"@id\":\"https:\/\/balatonneked.com\/#\/schema\/logo\/image\/\",\"url\":\"https:\/\/balatonneked.com\/wp-content\/uploads\/2019\/05\/bnekedlogo.png\",\"contentUrl\":\"https:\/\/balatonneked.com\/wp-content\/uploads\/2019\/05\/bnekedlogo.png\",\"width\":750,\"height\":750,\"caption\":\"BalatonNeked\"},\"image\":{\"@id\":\"https:\/\/balatonneked.com\/#\/schema\/logo\/image\/\"},\"sameAs\":[\"https:\/\/www.facebook.com\/BalatonNeked\"]},{\"@type\":\"Person\",\"@id\":\"https:\/\/balatonneked.com\/#\/schema\/person\/6abf551dbe3d5531af60e216ef9b16aa\",\"name\":\"-\",\"image\":{\"@type\":\"ImageObject\",\"inLanguage\":\"en-GB\",\"@id\":\"https:\/\/balatonneked.com\/#\/schema\/person\/image\/\",\"url\":\"https:\/\/secure.gravatar.com\/avatar\/7bcf602c35eea1fdd5dcb5698f42149adc1fb65510ae8b284cdf111a453a6c37?s=96&d=mm&r=g\",\"contentUrl\":\"https:\/\/secure.gravatar.com\/avatar\/7bcf602c35eea1fdd5dcb5698f42149adc1fb65510ae8b284cdf111a453a6c37?s=96&d=mm&r=g\",\"caption\":\"-\"},\"url\":\"https:\/\/balatonneked.com\/en\/author\/tamasildiko\/\"}]}<\/script>\n<!-- \/ Yoast SEO plugin. -->","yoast_head_json":{"title":"Toj\u00e1sf\u00e1t avattak Balatonalm\u00e1diban \u00e9s Balatonf\u0171zf\u0151n - BALATON NEKED","robots":{"index":"index","follow":"follow","max-snippet":"max-snippet:-1","max-image-preview":"max-image-preview:large","max-video-preview":"max-video-preview:-1"},"canonical":"https:\/\/balatonneked.com\/en\/2021\/03\/22\/tojasfat-avattak-balatonalmadiban-es-balatonfuzfon\/","og_locale":"en_GB","og_type":"article","og_title":"Toj\u00e1sf\u00e1t avattak Balatonalm\u00e1diban \u00e9s Balatonf\u0171zf\u0151n - BALATON NEKED","og_description":"A toj\u00e1sfa \u00f6tlete 2013-ban indult Balatonf\u0171zf\u0151n civil kezdem\u00e9nyez\u00e9sk\u00e9nt \u00e9s t\u00f6bb telep\u00fcl\u00e9s, k\u00f6zt\u00fck Balatonalm\u00e1di is \u00e1tvette ezt a hagyom\u00e1nyt.Mindk\u00e9t telep\u00fcl\u00e9sen k\u00f6zponti helyen tal\u00e1lhat\u00f3 fa, Balatonf\u0171zf\u0151n a Posta \u00e9p\u00fcletet mellett, m\u00edg Balatonalm\u00e1diban a Tourinform iroda mellett. A toj\u00e1sf\u00e1kra b\u00e1rki akaszthat sz\u00ednes h\u00fasv\u00e9ti toj\u00e1st, Balatonf\u0171zf\u0151n pedig geocachinges j\u00e1t\u00e9kkal is v\u00e1rj\u00e1k az emberereket, a f\u00e1n\u00e1l elhelyezett GPS koordin\u00e1t\u00e1k alapj\u00e1n [&hellip;]","og_url":"https:\/\/balatonneked.com\/en\/2021\/03\/22\/tojasfat-avattak-balatonalmadiban-es-balatonfuzfon\/","og_site_name":"BALATON NEKED","article_publisher":"https:\/\/www.facebook.com\/BalatonNeked","article_published_time":"2021-03-22T10:42:39+00:00","article_modified_time":"2021-03-22T10:42:41+00:00","og_image":[{"width":1689,"height":1126,"url":"https:\/\/balatonneked.com\/wp-content\/uploads\/2021\/03\/Tojasfa_Balmadi.jpg","type":"image\/jpeg"}],"author":"-","twitter_card":"summary_large_image","twitter_misc":{"Written by":"-","Estimated reading time":"1 minute"},"schema":{"@context":"https:\/\/schema.org","@graph":[{"@type":"Article","@id":"https:\/\/balatonneked.com\/2021\/03\/22\/tojasfat-avattak-balatonalmadiban-es-balatonfuzfon\/#article","isPartOf":{"@id":"https:\/\/balatonneked.com\/2021\/03\/22\/tojasfat-avattak-balatonalmadiban-es-balatonfuzfon\/"},"author":{"name":"-","@id":"https:\/\/balatonneked.com\/#\/schema\/person\/6abf551dbe3d5531af60e216ef9b16aa"},"headline":"Toj\u00e1sf\u00e1t avattak Balatonalm\u00e1diban \u00e9s Balatonf\u0171zf\u0151n","datePublished":"2021-03-22T10:42:39+00:00","dateModified":"2021-03-22T10:42:41+00:00","mainEntityOfPage":{"@id":"https:\/\/balatonneked.com\/2021\/03\/22\/tojasfat-avattak-balatonalmadiban-es-balatonfuzfon\/"},"wordCount":133,"publisher":{"@id":"https:\/\/balatonneked.com\/#organization"},"image":{"@id":"https:\/\/balatonneked.com\/2021\/03\/22\/tojasfat-avattak-balatonalmadiban-es-balatonfuzfon\/#primaryimage"},"thumbnailUrl":"https:\/\/balatonneked.com\/wp-content\/uploads\/2021\/03\/Tojasfa_Balmadi.jpg","keywords":["Balatonalm\u00e1di","Balatonf\u0171zf\u0151","h\u00fasv\u00e9t","toj\u00e1sfa"],"articleSection":["Balatonalm\u00e1di","Balatonf\u0171zf\u0151","H\u00edrek"],"inLanguage":"en-GB"},{"@type":"WebPage","@id":"https:\/\/balatonneked.com\/2021\/03\/22\/tojasfat-avattak-balatonalmadiban-es-balatonfuzfon\/","url":"https:\/\/balatonneked.com\/2021\/03\/22\/tojasfat-avattak-balatonalmadiban-es-balatonfuzfon\/","name":"Toj\u00e1sf\u00e1t avattak Balatonalm\u00e1diban \u00e9s Balatonf\u0171zf\u0151n - BALATON NEKED","isPartOf":{"@id":"https:\/\/balatonneked.com\/#website"},"primaryImageOfPage":{"@id":"https:\/\/balatonneked.com\/2021\/03\/22\/tojasfat-avattak-balatonalmadiban-es-balatonfuzfon\/#primaryimage"},"image":{"@id":"https:\/\/balatonneked.com\/2021\/03\/22\/tojasfat-avattak-balatonalmadiban-es-balatonfuzfon\/#primaryimage"},"thumbnailUrl":"https:\/\/balatonneked.com\/wp-content\/uploads\/2021\/03\/Tojasfa_Balmadi.jpg","datePublished":"2021-03-22T10:42:39+00:00","dateModified":"2021-03-22T10:42:41+00:00","breadcrumb":{"@id":"https:\/\/balatonneked.com\/2021\/03\/22\/tojasfat-avattak-balatonalmadiban-es-balatonfuzfon\/#breadcrumb"},"inLanguage":"en-GB","potentialAction":[{"@type":"ReadAction","target":["https:\/\/balatonneked.com\/2021\/03\/22\/tojasfat-avattak-balatonalmadiban-es-balatonfuzfon\/"]}]},{"@type":"ImageObject","inLanguage":"en-GB","@id":"https:\/\/balatonneked.com\/2021\/03\/22\/tojasfat-avattak-balatonalmadiban-es-balatonfuzfon\/#primaryimage","url":"https:\/\/balatonneked.com\/wp-content\/uploads\/2021\/03\/Tojasfa_Balmadi.jpg","contentUrl":"https:\/\/balatonneked.com\/wp-content\/uploads\/2021\/03\/Tojasfa_Balmadi.jpg","width":1689,"height":1126},{"@type":"BreadcrumbList","@id":"https:\/\/balatonneked.com\/2021\/03\/22\/tojasfat-avattak-balatonalmadiban-es-balatonfuzfon\/#breadcrumb","itemListElement":[{"@type":"ListItem","position":1,"name":"Kezd\u0151lap","item":"https:\/\/balatonneked.com\/"},{"@type":"ListItem","position":2,"name":"Toj\u00e1sf\u00e1t avattak Balatonalm\u00e1diban \u00e9s Balatonf\u0171zf\u0151n"}]},{"@type":"WebSite","@id":"https:\/\/balatonneked.com\/#website","url":"https:\/\/balatonneked.com\/","name":"BALATON NEKED","description":"A Balaton leginformat\u00edvabb magazinja","publisher":{"@id":"https:\/\/balatonneked.com\/#organization"},"potentialAction":[{"@type":"SearchAction","target":{"@type":"EntryPoint","urlTemplate":"https:\/\/balatonneked.com\/?s={search_term_string}"},"query-input":{"@type":"PropertyValueSpecification","valueRequired":true,"valueName":"search_term_string"}}],"inLanguage":"en-GB"},{"@type":"Organization","@id":"https:\/\/balatonneked.com\/#organization","name":"BalatonNeked","url":"https:\/\/balatonneked.com\/","logo":{"@type":"ImageObject","inLanguage":"en-GB","@id":"https:\/\/balatonneked.com\/#\/schema\/logo\/image\/","url":"https:\/\/balatonneked.com\/wp-content\/uploads\/2019\/05\/bnekedlogo.png","contentUrl":"https:\/\/balatonneked.com\/wp-content\/uploads\/2019\/05\/bnekedlogo.png","width":750,"height":750,"caption":"BalatonNeked"},"image":{"@id":"https:\/\/balatonneked.com\/#\/schema\/logo\/image\/"},"sameAs":["https:\/\/www.facebook.com\/BalatonNeked"]},{"@type":"Person","@id":"https:\/\/balatonneked.com\/#\/schema\/person\/6abf551dbe3d5531af60e216ef9b16aa","name":"-","image":{"@type":"ImageObject","inLanguage":"en-GB","@id":"https:\/\/balatonneked.com\/#\/schema\/person\/image\/","url":"https:\/\/secure.gravatar.com\/avatar\/7bcf602c35eea1fdd5dcb5698f42149adc1fb65510ae8b284cdf111a453a6c37?s=96&d=mm&r=g","contentUrl":"https:\/\/secure.gravatar.com\/avatar\/7bcf602c35eea1fdd5dcb5698f42149adc1fb65510ae8b284cdf111a453a6c37?s=96&d=mm&r=g","caption":"-"},"url":"https:\/\/balatonneked.com\/en\/author\/tamasildiko\/"}]}},"_links":{"self":[{"href":"https:\/\/balatonneked.com\/en\/wp-json\/wp\/v2\/posts\/2823","targetHints":{"allow":["GET"]}}],"collection":[{"href":"https:\/\/balatonneked.com\/en\/wp-json\/wp\/v2\/posts"}],"about":[{"href":"https:\/\/balatonneked.com\/en\/wp-json\/wp\/v2\/types\/post"}],"author":[{"embeddable":true,"href":"https:\/\/balatonneked.com\/en\/wp-json\/wp\/v2\/users\/2"}],"replies":[{"embeddable":true,"href":"https:\/\/balatonneked.com\/en\/wp-json\/wp\/v2\/comments?post=2823"}],"version-history":[{"count":1,"href":"https:\/\/balatonneked.com\/en\/wp-json\/wp\/v2\/posts\/2823\/revisions"}],"predecessor-version":[{"id":2830,"href":"https:\/\/balatonneked.com\/en\/wp-json\/wp\/v2\/posts\/2823\/revisions\/2830"}],"wp:featuredmedia":[{"embeddable":true,"href":"https:\/\/balatonneked.com\/en\/wp-json\/wp\/v2\/media\/2829"}],"wp:attachment":[{"href":"https:\/\/balatonneked.com\/en\/wp-json\/wp\/v2\/media?parent=2823"}],"wp:term":[{"taxonomy":"category","embeddable":true,"href":"https:\/\/balatonneked.com\/en\/wp-json\/wp\/v2\/categories?post=2823"},{"taxonomy":"post_tag","embeddable":true,"href":"https:\/\/balatonneked.com\/en\/wp-json\/wp\/v2\/tags?post=2823"}],"curies":[{"name":"wp","href":"https:\/\/api.w.org\/{rel}","templated":true}]}}