{"id":2571,"date":"2019-11-26T14:43:32","date_gmt":"2019-11-26T14:43:32","guid":{"rendered":"http:\/\/balatonneked.com\/?p=2571"},"modified":"2019-11-26T14:43:32","modified_gmt":"2019-11-26T14:43:32","slug":"kapd-el-te-is-a-mikulast","status":"publish","type":"post","link":"https:\/\/balatonneked.com\/en\/2019\/11\/26\/kapd-el-te-is-a-mikulast\/","title":{"rendered":"Kapd el Te is a Mikul\u00e1st!"},"content":{"rendered":"<p>2019. december 8. Veszpr\u00e9m<\/p>\n<p>Hagyom\u00e1nyteremt\u0151 c\u00e9llal id\u00e9n el\u0151sz\u00f6r ker\u00fcl megrendez\u00e9sre a Kapd el Te is a Mikul\u00e1st fut\u00f3verseny. A rendezv\u00e9ny Veszpr\u00e9m v\u00e1ros domborzat\u00e1nak kih\u00edv\u00e1ssal teli f\u00f6ld- \u00e9s beton\u00fatjain ker\u00fcl megrendez\u00e9sre, amely rengeteg emelked\u0151vel, \u00e9s nem utols\u00f3 sorban gy\u00f6ny\u00f6r\u0171 l\u00e1tv\u00e1nnyal kedveskedik a rendezv\u00e9nyen r\u00e9sztvev\u0151knek. Veszpr\u00e9m t\u00f6rt\u00e9nelmi belv\u00e1ros\u00e1nak sz\u00edv\u00e9b\u0151l az \u00d3v\u00e1ros t\u00e9rr\u0151l rajtolnak el \u00e9rintve a Betekints-v\u00f6lgyet \u00e9s a Gulya-dombot.<\/p>\n<p>L\u00e9gy r\u00e9szese Te is a kalandnak!<\/p>\n<p>Regisztr\u00e1ci\u00f3 \u00e9s tov\u00e1bbi inform\u00e1ci\u00f3:\u00a0<a href=\"https:\/\/docs.google.com\/forms\/d\/e\/1FAIpQLSdXqvEgKUJk2tXjULkgkVsFrZ60rzYssThPBsHkD5cVc73HGg\/viewform\">itt<\/a><\/p>\n<p>&nbsp;<\/p>\n<p>(forr\u00e1s: facebook)<\/p>","protected":false},"excerpt":{"rendered":"<p>2019. december 8. Veszpr\u00e9m Hagyom\u00e1nyteremt\u0151 c\u00e9llal id\u00e9n el\u0151sz\u00f6r ker\u00fcl megrendez\u00e9sre a Kapd el Te is a Mikul\u00e1st fut\u00f3verseny. A rendezv\u00e9ny Veszpr\u00e9m v\u00e1ros domborzat\u00e1nak kih\u00edv\u00e1ssal teli f\u00f6ld- \u00e9s beton\u00fatjain ker\u00fcl megrendez\u00e9sre, amely rengeteg emelked\u0151vel, \u00e9s nem utols\u00f3 sorban gy\u00f6ny\u00f6r\u0171 l\u00e1tv\u00e1nnyal kedveskedik a rendezv\u00e9nyen r\u00e9sztvev\u0151knek. Veszpr\u00e9m t\u00f6rt\u00e9nelmi belv\u00e1ros\u00e1nak sz\u00edv\u00e9b\u0151l az \u00d3v\u00e1ros t\u00e9rr\u0151l rajtolnak el \u00e9rintve a Betekints-v\u00f6lgyet [&hellip;]<\/p>","protected":false},"author":2,"featured_media":2572,"comment_status":"open","ping_status":"open","sticky":false,"template":"","format":"standard","meta":{"_acf_changed":false,"footnotes":""},"categories":[155],"tags":[227,92,177],"class_list":["post-2571","post","type-post","status-publish","format-standard","has-post-thumbnail","hentry","category-hirek","tag-jotekonysag","tag-sport","tag-veszprem"],"acf":[],"yoast_head":"<!-- This site is optimized with the Yoast SEO plugin v25.1 - https:\/\/yoast.com\/wordpress\/plugins\/seo\/ -->\n<title>Kapd el Te is a Mikul\u00e1st! - BALATON NEKED<\/title>\n<meta name=\"robots\" content=\"index, follow, max-snippet:-1, max-image-preview:large, max-video-preview:-1\" \/>\n<link rel=\"canonical\" href=\"https:\/\/balatonneked.com\/en\/2019\/11\/26\/kapd-el-te-is-a-mikulast\/\" \/>\n<meta property=\"og:locale\" content=\"en_GB\" \/>\n<meta property=\"og:type\" content=\"article\" \/>\n<meta property=\"og:title\" content=\"Kapd el Te is a Mikul\u00e1st! - BALATON NEKED\" \/>\n<meta property=\"og:description\" content=\"2019. december 8. Veszpr\u00e9m Hagyom\u00e1nyteremt\u0151 c\u00e9llal id\u00e9n el\u0151sz\u00f6r ker\u00fcl megrendez\u00e9sre a Kapd el Te is a Mikul\u00e1st fut\u00f3verseny. A rendezv\u00e9ny Veszpr\u00e9m v\u00e1ros domborzat\u00e1nak kih\u00edv\u00e1ssal teli f\u00f6ld- \u00e9s beton\u00fatjain ker\u00fcl megrendez\u00e9sre, amely rengeteg emelked\u0151vel, \u00e9s nem utols\u00f3 sorban gy\u00f6ny\u00f6r\u0171 l\u00e1tv\u00e1nnyal kedveskedik a rendezv\u00e9nyen r\u00e9sztvev\u0151knek. Veszpr\u00e9m t\u00f6rt\u00e9nelmi belv\u00e1ros\u00e1nak sz\u00edv\u00e9b\u0151l az \u00d3v\u00e1ros t\u00e9rr\u0151l rajtolnak el \u00e9rintve a Betekints-v\u00f6lgyet [&hellip;]\" \/>\n<meta property=\"og:url\" content=\"https:\/\/balatonneked.com\/en\/2019\/11\/26\/kapd-el-te-is-a-mikulast\/\" \/>\n<meta property=\"og:site_name\" content=\"BALATON NEKED\" \/>\n<meta property=\"article:publisher\" content=\"https:\/\/www.facebook.com\/BalatonNeked\" \/>\n<meta property=\"article:published_time\" content=\"2019-11-26T14:43:32+00:00\" \/>\n<meta property=\"og:image\" content=\"https:\/\/balatonneked.com\/wp-content\/uploads\/2019\/11\/kapd-el-te-is-a-mikul\u00e1st.jpg\" \/>\n\t<meta property=\"og:image:width\" content=\"3091\" \/>\n\t<meta property=\"og:image:height\" content=\"1356\" \/>\n\t<meta property=\"og:image:type\" content=\"image\/jpeg\" \/>\n<meta name=\"author\" content=\"-\" \/>\n<meta name=\"twitter:card\" content=\"summary_large_image\" \/>\n<meta name=\"twitter:label1\" content=\"Written by\" \/>\n\t<meta name=\"twitter:data1\" content=\"-\" \/>\n\t<meta name=\"twitter:label2\" content=\"Estimated reading time\" \/>\n\t<meta name=\"twitter:data2\" content=\"1 minute\" \/>\n<script type=\"application\/ld+json\" class=\"yoast-schema-graph\">{\"@context\":\"https:\/\/schema.org\",\"@graph\":[{\"@type\":\"Article\",\"@id\":\"https:\/\/balatonneked.com\/2019\/11\/26\/kapd-el-te-is-a-mikulast\/#article\",\"isPartOf\":{\"@id\":\"https:\/\/balatonneked.com\/2019\/11\/26\/kapd-el-te-is-a-mikulast\/\"},\"author\":{\"name\":\"-\",\"@id\":\"https:\/\/balatonneked.com\/#\/schema\/person\/6abf551dbe3d5531af60e216ef9b16aa\"},\"headline\":\"Kapd el Te is a Mikul\u00e1st!\",\"datePublished\":\"2019-11-26T14:43:32+00:00\",\"mainEntityOfPage\":{\"@id\":\"https:\/\/balatonneked.com\/2019\/11\/26\/kapd-el-te-is-a-mikulast\/\"},\"wordCount\":123,\"commentCount\":0,\"publisher\":{\"@id\":\"https:\/\/balatonneked.com\/#organization\"},\"image\":{\"@id\":\"https:\/\/balatonneked.com\/2019\/11\/26\/kapd-el-te-is-a-mikulast\/#primaryimage\"},\"thumbnailUrl\":\"https:\/\/balatonneked.com\/wp-content\/uploads\/2019\/11\/kapd-el-te-is-a-mikul\u00e1st-scaled.jpg\",\"keywords\":[\"j\u00f3t\u00e9konys\u00e1g\",\"sport\",\"Veszpr\u00e9m\"],\"articleSection\":[\"H\u00edrek\"],\"inLanguage\":\"en-GB\",\"potentialAction\":[{\"@type\":\"CommentAction\",\"name\":\"Comment\",\"target\":[\"https:\/\/balatonneked.com\/2019\/11\/26\/kapd-el-te-is-a-mikulast\/#respond\"]}]},{\"@type\":\"WebPage\",\"@id\":\"https:\/\/balatonneked.com\/2019\/11\/26\/kapd-el-te-is-a-mikulast\/\",\"url\":\"https:\/\/balatonneked.com\/2019\/11\/26\/kapd-el-te-is-a-mikulast\/\",\"name\":\"Kapd el Te is a Mikul\u00e1st! - BALATON NEKED\",\"isPartOf\":{\"@id\":\"https:\/\/balatonneked.com\/#website\"},\"primaryImageOfPage\":{\"@id\":\"https:\/\/balatonneked.com\/2019\/11\/26\/kapd-el-te-is-a-mikulast\/#primaryimage\"},\"image\":{\"@id\":\"https:\/\/balatonneked.com\/2019\/11\/26\/kapd-el-te-is-a-mikulast\/#primaryimage\"},\"thumbnailUrl\":\"https:\/\/balatonneked.com\/wp-content\/uploads\/2019\/11\/kapd-el-te-is-a-mikul\u00e1st-scaled.jpg\",\"datePublished\":\"2019-11-26T14:43:32+00:00\",\"breadcrumb\":{\"@id\":\"https:\/\/balatonneked.com\/2019\/11\/26\/kapd-el-te-is-a-mikulast\/#breadcrumb\"},\"inLanguage\":\"en-GB\",\"potentialAction\":[{\"@type\":\"ReadAction\",\"target\":[\"https:\/\/balatonneked.com\/2019\/11\/26\/kapd-el-te-is-a-mikulast\/\"]}]},{\"@type\":\"ImageObject\",\"inLanguage\":\"en-GB\",\"@id\":\"https:\/\/balatonneked.com\/2019\/11\/26\/kapd-el-te-is-a-mikulast\/#primaryimage\",\"url\":\"https:\/\/balatonneked.com\/wp-content\/uploads\/2019\/11\/kapd-el-te-is-a-mikul\u00e1st-scaled.jpg\",\"contentUrl\":\"https:\/\/balatonneked.com\/wp-content\/uploads\/2019\/11\/kapd-el-te-is-a-mikul\u00e1st-scaled.jpg\",\"width\":2560,\"height\":1123},{\"@type\":\"BreadcrumbList\",\"@id\":\"https:\/\/balatonneked.com\/2019\/11\/26\/kapd-el-te-is-a-mikulast\/#breadcrumb\",\"itemListElement\":[{\"@type\":\"ListItem\",\"position\":1,\"name\":\"Kezd\u0151lap\",\"item\":\"https:\/\/balatonneked.com\/\"},{\"@type\":\"ListItem\",\"position\":2,\"name\":\"Kapd el Te is a Mikul\u00e1st!\"}]},{\"@type\":\"WebSite\",\"@id\":\"https:\/\/balatonneked.com\/#website\",\"url\":\"https:\/\/balatonneked.com\/\",\"name\":\"BALATON NEKED\",\"description\":\"A Balaton leginformat\u00edvabb magazinja\",\"publisher\":{\"@id\":\"https:\/\/balatonneked.com\/#organization\"},\"potentialAction\":[{\"@type\":\"SearchAction\",\"target\":{\"@type\":\"EntryPoint\",\"urlTemplate\":\"https:\/\/balatonneked.com\/?s={search_term_string}\"},\"query-input\":{\"@type\":\"PropertyValueSpecification\",\"valueRequired\":true,\"valueName\":\"search_term_string\"}}],\"inLanguage\":\"en-GB\"},{\"@type\":\"Organization\",\"@id\":\"https:\/\/balatonneked.com\/#organization\",\"name\":\"BalatonNeked\",\"url\":\"https:\/\/balatonneked.com\/\",\"logo\":{\"@type\":\"ImageObject\",\"inLanguage\":\"en-GB\",\"@id\":\"https:\/\/balatonneked.com\/#\/schema\/logo\/image\/\",\"url\":\"https:\/\/balatonneked.com\/wp-content\/uploads\/2019\/05\/bnekedlogo.png\",\"contentUrl\":\"https:\/\/balatonneked.com\/wp-content\/uploads\/2019\/05\/bnekedlogo.png\",\"width\":750,\"height\":750,\"caption\":\"BalatonNeked\"},\"image\":{\"@id\":\"https:\/\/balatonneked.com\/#\/schema\/logo\/image\/\"},\"sameAs\":[\"https:\/\/www.facebook.com\/BalatonNeked\"]},{\"@type\":\"Person\",\"@id\":\"https:\/\/balatonneked.com\/#\/schema\/person\/6abf551dbe3d5531af60e216ef9b16aa\",\"name\":\"-\",\"image\":{\"@type\":\"ImageObject\",\"inLanguage\":\"en-GB\",\"@id\":\"https:\/\/balatonneked.com\/#\/schema\/person\/image\/\",\"url\":\"https:\/\/secure.gravatar.com\/avatar\/7bcf602c35eea1fdd5dcb5698f42149adc1fb65510ae8b284cdf111a453a6c37?s=96&d=mm&r=g\",\"contentUrl\":\"https:\/\/secure.gravatar.com\/avatar\/7bcf602c35eea1fdd5dcb5698f42149adc1fb65510ae8b284cdf111a453a6c37?s=96&d=mm&r=g\",\"caption\":\"-\"},\"url\":\"https:\/\/balatonneked.com\/en\/author\/tamasildiko\/\"}]}<\/script>\n<!-- \/ Yoast SEO plugin. -->","yoast_head_json":{"title":"Kapd el Te is a Mikul\u00e1st! - BALATON NEKED","robots":{"index":"index","follow":"follow","max-snippet":"max-snippet:-1","max-image-preview":"max-image-preview:large","max-video-preview":"max-video-preview:-1"},"canonical":"https:\/\/balatonneked.com\/en\/2019\/11\/26\/kapd-el-te-is-a-mikulast\/","og_locale":"en_GB","og_type":"article","og_title":"Kapd el Te is a Mikul\u00e1st! - BALATON NEKED","og_description":"2019. december 8. Veszpr\u00e9m Hagyom\u00e1nyteremt\u0151 c\u00e9llal id\u00e9n el\u0151sz\u00f6r ker\u00fcl megrendez\u00e9sre a Kapd el Te is a Mikul\u00e1st fut\u00f3verseny. A rendezv\u00e9ny Veszpr\u00e9m v\u00e1ros domborzat\u00e1nak kih\u00edv\u00e1ssal teli f\u00f6ld- \u00e9s beton\u00fatjain ker\u00fcl megrendez\u00e9sre, amely rengeteg emelked\u0151vel, \u00e9s nem utols\u00f3 sorban gy\u00f6ny\u00f6r\u0171 l\u00e1tv\u00e1nnyal kedveskedik a rendezv\u00e9nyen r\u00e9sztvev\u0151knek. Veszpr\u00e9m t\u00f6rt\u00e9nelmi belv\u00e1ros\u00e1nak sz\u00edv\u00e9b\u0151l az \u00d3v\u00e1ros t\u00e9rr\u0151l rajtolnak el \u00e9rintve a Betekints-v\u00f6lgyet [&hellip;]","og_url":"https:\/\/balatonneked.com\/en\/2019\/11\/26\/kapd-el-te-is-a-mikulast\/","og_site_name":"BALATON NEKED","article_publisher":"https:\/\/www.facebook.com\/BalatonNeked","article_published_time":"2019-11-26T14:43:32+00:00","og_image":[{"width":3091,"height":1356,"url":"https:\/\/balatonneked.com\/wp-content\/uploads\/2019\/11\/kapd-el-te-is-a-mikul\u00e1st.jpg","type":"image\/jpeg"}],"author":"-","twitter_card":"summary_large_image","twitter_misc":{"Written by":"-","Estimated reading time":"1 minute"},"schema":{"@context":"https:\/\/schema.org","@graph":[{"@type":"Article","@id":"https:\/\/balatonneked.com\/2019\/11\/26\/kapd-el-te-is-a-mikulast\/#article","isPartOf":{"@id":"https:\/\/balatonneked.com\/2019\/11\/26\/kapd-el-te-is-a-mikulast\/"},"author":{"name":"-","@id":"https:\/\/balatonneked.com\/#\/schema\/person\/6abf551dbe3d5531af60e216ef9b16aa"},"headline":"Kapd el Te is a Mikul\u00e1st!","datePublished":"2019-11-26T14:43:32+00:00","mainEntityOfPage":{"@id":"https:\/\/balatonneked.com\/2019\/11\/26\/kapd-el-te-is-a-mikulast\/"},"wordCount":123,"commentCount":0,"publisher":{"@id":"https:\/\/balatonneked.com\/#organization"},"image":{"@id":"https:\/\/balatonneked.com\/2019\/11\/26\/kapd-el-te-is-a-mikulast\/#primaryimage"},"thumbnailUrl":"https:\/\/balatonneked.com\/wp-content\/uploads\/2019\/11\/kapd-el-te-is-a-mikul\u00e1st-scaled.jpg","keywords":["j\u00f3t\u00e9konys\u00e1g","sport","Veszpr\u00e9m"],"articleSection":["H\u00edrek"],"inLanguage":"en-GB","potentialAction":[{"@type":"CommentAction","name":"Comment","target":["https:\/\/balatonneked.com\/2019\/11\/26\/kapd-el-te-is-a-mikulast\/#respond"]}]},{"@type":"WebPage","@id":"https:\/\/balatonneked.com\/2019\/11\/26\/kapd-el-te-is-a-mikulast\/","url":"https:\/\/balatonneked.com\/2019\/11\/26\/kapd-el-te-is-a-mikulast\/","name":"Kapd el Te is a Mikul\u00e1st! - BALATON NEKED","isPartOf":{"@id":"https:\/\/balatonneked.com\/#website"},"primaryImageOfPage":{"@id":"https:\/\/balatonneked.com\/2019\/11\/26\/kapd-el-te-is-a-mikulast\/#primaryimage"},"image":{"@id":"https:\/\/balatonneked.com\/2019\/11\/26\/kapd-el-te-is-a-mikulast\/#primaryimage"},"thumbnailUrl":"https:\/\/balatonneked.com\/wp-content\/uploads\/2019\/11\/kapd-el-te-is-a-mikul\u00e1st-scaled.jpg","datePublished":"2019-11-26T14:43:32+00:00","breadcrumb":{"@id":"https:\/\/balatonneked.com\/2019\/11\/26\/kapd-el-te-is-a-mikulast\/#breadcrumb"},"inLanguage":"en-GB","potentialAction":[{"@type":"ReadAction","target":["https:\/\/balatonneked.com\/2019\/11\/26\/kapd-el-te-is-a-mikulast\/"]}]},{"@type":"ImageObject","inLanguage":"en-GB","@id":"https:\/\/balatonneked.com\/2019\/11\/26\/kapd-el-te-is-a-mikulast\/#primaryimage","url":"https:\/\/balatonneked.com\/wp-content\/uploads\/2019\/11\/kapd-el-te-is-a-mikul\u00e1st-scaled.jpg","contentUrl":"https:\/\/balatonneked.com\/wp-content\/uploads\/2019\/11\/kapd-el-te-is-a-mikul\u00e1st-scaled.jpg","width":2560,"height":1123},{"@type":"BreadcrumbList","@id":"https:\/\/balatonneked.com\/2019\/11\/26\/kapd-el-te-is-a-mikulast\/#breadcrumb","itemListElement":[{"@type":"ListItem","position":1,"name":"Kezd\u0151lap","item":"https:\/\/balatonneked.com\/"},{"@type":"ListItem","position":2,"name":"Kapd el Te is a Mikul\u00e1st!"}]},{"@type":"WebSite","@id":"https:\/\/balatonneked.com\/#website","url":"https:\/\/balatonneked.com\/","name":"BALATON NEKED","description":"A Balaton leginformat\u00edvabb magazinja","publisher":{"@id":"https:\/\/balatonneked.com\/#organization"},"potentialAction":[{"@type":"SearchAction","target":{"@type":"EntryPoint","urlTemplate":"https:\/\/balatonneked.com\/?s={search_term_string}"},"query-input":{"@type":"PropertyValueSpecification","valueRequired":true,"valueName":"search_term_string"}}],"inLanguage":"en-GB"},{"@type":"Organization","@id":"https:\/\/balatonneked.com\/#organization","name":"BalatonNeked","url":"https:\/\/balatonneked.com\/","logo":{"@type":"ImageObject","inLanguage":"en-GB","@id":"https:\/\/balatonneked.com\/#\/schema\/logo\/image\/","url":"https:\/\/balatonneked.com\/wp-content\/uploads\/2019\/05\/bnekedlogo.png","contentUrl":"https:\/\/balatonneked.com\/wp-content\/uploads\/2019\/05\/bnekedlogo.png","width":750,"height":750,"caption":"BalatonNeked"},"image":{"@id":"https:\/\/balatonneked.com\/#\/schema\/logo\/image\/"},"sameAs":["https:\/\/www.facebook.com\/BalatonNeked"]},{"@type":"Person","@id":"https:\/\/balatonneked.com\/#\/schema\/person\/6abf551dbe3d5531af60e216ef9b16aa","name":"-","image":{"@type":"ImageObject","inLanguage":"en-GB","@id":"https:\/\/balatonneked.com\/#\/schema\/person\/image\/","url":"https:\/\/secure.gravatar.com\/avatar\/7bcf602c35eea1fdd5dcb5698f42149adc1fb65510ae8b284cdf111a453a6c37?s=96&d=mm&r=g","contentUrl":"https:\/\/secure.gravatar.com\/avatar\/7bcf602c35eea1fdd5dcb5698f42149adc1fb65510ae8b284cdf111a453a6c37?s=96&d=mm&r=g","caption":"-"},"url":"https:\/\/balatonneked.com\/en\/author\/tamasildiko\/"}]}},"_links":{"self":[{"href":"https:\/\/balatonneked.com\/en\/wp-json\/wp\/v2\/posts\/2571","targetHints":{"allow":["GET"]}}],"collection":[{"href":"https:\/\/balatonneked.com\/en\/wp-json\/wp\/v2\/posts"}],"about":[{"href":"https:\/\/balatonneked.com\/en\/wp-json\/wp\/v2\/types\/post"}],"author":[{"embeddable":true,"href":"https:\/\/balatonneked.com\/en\/wp-json\/wp\/v2\/users\/2"}],"replies":[{"embeddable":true,"href":"https:\/\/balatonneked.com\/en\/wp-json\/wp\/v2\/comments?post=2571"}],"version-history":[{"count":1,"href":"https:\/\/balatonneked.com\/en\/wp-json\/wp\/v2\/posts\/2571\/revisions"}],"predecessor-version":[{"id":2573,"href":"https:\/\/balatonneked.com\/en\/wp-json\/wp\/v2\/posts\/2571\/revisions\/2573"}],"wp:featuredmedia":[{"embeddable":true,"href":"https:\/\/balatonneked.com\/en\/wp-json\/wp\/v2\/media\/2572"}],"wp:attachment":[{"href":"https:\/\/balatonneked.com\/en\/wp-json\/wp\/v2\/media?parent=2571"}],"wp:term":[{"taxonomy":"category","embeddable":true,"href":"https:\/\/balatonneked.com\/en\/wp-json\/wp\/v2\/categories?post=2571"},{"taxonomy":"post_tag","embeddable":true,"href":"https:\/\/balatonneked.com\/en\/wp-json\/wp\/v2\/tags?post=2571"}],"curies":[{"name":"wp","href":"https:\/\/api.w.org\/{rel}","templated":true}]}}