{"id":2522,"date":"2019-10-27T19:57:46","date_gmt":"2019-10-27T19:57:46","guid":{"rendered":"http:\/\/balatonneked.com\/?p=2522"},"modified":"2019-10-27T19:57:46","modified_gmt":"2019-10-27T19:57:46","slug":"fured-gastro","status":"publish","type":"post","link":"https:\/\/balatonneked.com\/en\/2019\/10\/27\/fured-gastro\/","title":{"rendered":"F\u00fcred Gastro"},"content":{"rendered":"<p class=\"bs-padding-0-1\">M\u00e1sodik alkalommal rendezik meg Balatonf\u00fcred tematikus Gastro fesztiv\u00e1lj\u00e1t, melynek id\u00e9n a k\u00f6zeli Szent M\u00e1rton-napi libahagyom\u00e1ny megid\u00e9z\u00e9se, a liba- \u00e9s libabels\u0151s\u00e9gekb\u0151l k\u00e9sz\u00fcl\u0151 \u00e9telek \u00e1llnak a f\u00f3kusz\u00e1ban. Az \u00e9telek mell\u00e9 a balatoni r\u00e9gi\u00f3 fiatal bor\u00e1szait t\u00f6m\u00f6r\u00edt\u0151 Rizling Gener\u00e1ci\u00f3 Egyes\u00fclet aj\u00e1nl\u00e1s\u00e1val kiv\u00e1lasztott borok is a Szent M\u00e1rton-nap saj\u00e1tos magyar gasztron\u00f3miai hagyom\u00e1ny\u00e1t, az \u00fajbor els\u0151 k\u00f3stol\u00e1s\u00e1t k\u00edn\u00e1lj\u00e1k az \u00ednyenceknek a kreat\u00edv liba-\u00e9telek mell\u00e9.<br \/>\nA Vitorl\u00e1s t\u00e9r nagysz\u00ednpad\u00e1n egym\u00e1st v\u00e1ltj\u00e1k majd a jobbn\u00e1l jobb zenei produkci\u00f3k.<\/p>\n<p>Nyitvatart\u00e1s:<br \/>\nNovember 9. szombat: 10.00\u201322.00<br \/>\nNovember 10. vas\u00e1rnap: 10.00\u201316.00<\/p>\n<p><strong>Koncertek:<\/strong><\/p>\n<p><strong>November 9., szombat<\/strong><br \/>\n10.00 \u2013 Belv\u00e1rosi Bety\u00e1rok<br \/>\n11.30 \u2013 Hang\u00e1csi M\u00e1rton<br \/>\n13.00 \u2013 Szeder<br \/>\n17.00 \u2013 Charlie Winston (UK)<br \/>\n18.15 \u2013 Gabin (I)<br \/>\n20.15 \u2013 Che Sudaka (ES)<\/p>\n<p><strong>November 10., vas\u00e1rnap<\/strong><br \/>\n10.00 \u2013 Kab\u00f3ca b\u00e1bel\u0151ad\u00e1s<br \/>\n13.00 \u2013 Random Trip<\/p>\n<p class=\"bs-padding-0-1\">A lemezeket mindk\u00e9t napon DJ INFRAGANDHI p\u00f6rgeti, a gyerekeket pedig k\u00e9zm\u0171ves program \u00e9s boh\u00f3c j\u00e1t\u00e9k v\u00e1rja.<\/p>\n<p><strong>Ki\u00e1ll\u00edt\u00f3 \u00e9ttermek:<\/strong><br \/>\nA Konyh\u00e1m\/Balatonfenyves<br \/>\nBalaton Borgal\u00e9ria\/Balatonf\u00fcred<br \/>\nBistro Sparhelt\/Balatonf\u00fcred<br \/>\nD\u00e9li Part BBQ\/Si\u00f3fok<br \/>\nGusto13 Bistro&amp;Delicate\/Veszpr\u00e9m<br \/>\nHable\u00e1ny Bisztr\u00f3\/Badacsonytomaj<br \/>\nKarolina K\u00e1v\u00e9h\u00e1z\/Balatonf\u00fcred<br \/>\nKist\u00fccs\u00f6k \u00c9tterem \/ Balatonszemes<br \/>\nNeked F\u0151ztem \/ Balatonf\u00fcred, Z\u00e1nka<br \/>\nOliva \u00c9tterem\/Veszpr\u00e9m<br \/>\nP\u00e9kl\u00e1ny K\u00e9zm\u0171ves P\u00e9ks\u00e9g\/Balatonf\u00fcred<br \/>\nP\u00f6rc Bisztr\u00f3 \u00e9s Delik\u00e1t\/Balatonkenese<br \/>\nS\u00f6ptei \u00c9tterem \/ Csopak<br \/>\nSzent Don\u00e1t Bork\u00faria\/ Csopak<br \/>\nVitorl\u00e1s \u00c9tterem\/Balatonf\u00fcred<\/p>\n<p class=\"bs-padding-0-1\">Szombati jegy: 3500 Ft\/f\u0151, balatonf\u00fcredi \u00e1lland\u00f3 lakc\u00edmmel rendelkez\u0151knek 2500 Ft\/f\u0151<br \/>\nVas\u00e1rnapi jegy: 3000 Ft\/f\u0151, balatonf\u00fcredi \u00e1lland\u00f3 lakc\u00edmmel rendelkez\u0151knek 2500 Ft\/f\u0151<br \/>\n2 napos b\u00e9rlet: 5500 Ft\/f\u0151<br \/>\nA jegy\u00e1rakb\u00f3l 1500 forint lefogyaszthat\u00f3.<\/p>\n<p class=\"bs-padding-0-1\">Balatonf\u00fcrediek a kedvezm\u00e9nyes jegyeiket majd a helysz\u00ednen vagy el\u0151zetesen a Tourinform irod\u00e1ban, illetve a Vaszary Gal\u00e9ri\u00e1ban v\u00e1s\u00e1rolhatj\u00e1k meg.<\/p>\n<p>Jegyv\u00e1s\u00e1rl\u00e1s \u00e9s pontos inform\u00e1ci\u00f3k\u00a0<a href=\"https:\/\/gastrofured.hu\/\">itt tal\u00e1lhat\u00f3k.<\/a><\/p>\n<p>(forr\u00e1s: balatonfured.hu)<\/p>","protected":false},"excerpt":{"rendered":"<p>M\u00e1sodik alkalommal rendezik meg Balatonf\u00fcred tematikus Gastro fesztiv\u00e1lj\u00e1t, melynek id\u00e9n a k\u00f6zeli Szent M\u00e1rton-napi libahagyom\u00e1ny megid\u00e9z\u00e9se, a liba- \u00e9s libabels\u0151s\u00e9gekb\u0151l k\u00e9sz\u00fcl\u0151 \u00e9telek \u00e1llnak a f\u00f3kusz\u00e1ban. Az \u00e9telek mell\u00e9 a balatoni r\u00e9gi\u00f3 fiatal bor\u00e1szait t\u00f6m\u00f6r\u00edt\u0151 Rizling Gener\u00e1ci\u00f3 Egyes\u00fclet aj\u00e1nl\u00e1s\u00e1val kiv\u00e1lasztott borok is a Szent M\u00e1rton-nap saj\u00e1tos magyar gasztron\u00f3miai hagyom\u00e1ny\u00e1t, az \u00fajbor els\u0151 k\u00f3stol\u00e1s\u00e1t k\u00edn\u00e1lj\u00e1k az \u00ednyenceknek [&hellip;]<\/p>","protected":false},"author":2,"featured_media":2523,"comment_status":"open","ping_status":"open","sticky":false,"template":"","format":"standard","meta":{"_acf_changed":false,"footnotes":""},"categories":[155],"tags":[83,37],"class_list":["post-2522","post","type-post","status-publish","format-standard","has-post-thumbnail","hentry","category-hirek","tag-balatonfured","tag-gasztro"],"acf":[],"yoast_head":"<!-- This site is optimized with the Yoast SEO plugin v25.1 - https:\/\/yoast.com\/wordpress\/plugins\/seo\/ -->\n<title>F\u00fcred Gastro - BALATON NEKED<\/title>\n<meta name=\"robots\" content=\"index, follow, max-snippet:-1, max-image-preview:large, max-video-preview:-1\" \/>\n<link rel=\"canonical\" href=\"https:\/\/balatonneked.com\/en\/2019\/10\/27\/fured-gastro\/\" \/>\n<meta property=\"og:locale\" content=\"en_GB\" \/>\n<meta property=\"og:type\" content=\"article\" \/>\n<meta property=\"og:title\" content=\"F\u00fcred Gastro - BALATON NEKED\" \/>\n<meta property=\"og:description\" content=\"M\u00e1sodik alkalommal rendezik meg Balatonf\u00fcred tematikus Gastro fesztiv\u00e1lj\u00e1t, melynek id\u00e9n a k\u00f6zeli Szent M\u00e1rton-napi libahagyom\u00e1ny megid\u00e9z\u00e9se, a liba- \u00e9s libabels\u0151s\u00e9gekb\u0151l k\u00e9sz\u00fcl\u0151 \u00e9telek \u00e1llnak a f\u00f3kusz\u00e1ban. Az \u00e9telek mell\u00e9 a balatoni r\u00e9gi\u00f3 fiatal bor\u00e1szait t\u00f6m\u00f6r\u00edt\u0151 Rizling Gener\u00e1ci\u00f3 Egyes\u00fclet aj\u00e1nl\u00e1s\u00e1val kiv\u00e1lasztott borok is a Szent M\u00e1rton-nap saj\u00e1tos magyar gasztron\u00f3miai hagyom\u00e1ny\u00e1t, az \u00fajbor els\u0151 k\u00f3stol\u00e1s\u00e1t k\u00edn\u00e1lj\u00e1k az \u00ednyenceknek [&hellip;]\" \/>\n<meta property=\"og:url\" content=\"https:\/\/balatonneked.com\/en\/2019\/10\/27\/fured-gastro\/\" \/>\n<meta property=\"og:site_name\" content=\"BALATON NEKED\" \/>\n<meta property=\"article:publisher\" content=\"https:\/\/www.facebook.com\/BalatonNeked\" \/>\n<meta property=\"article:published_time\" content=\"2019-10-27T19:57:46+00:00\" \/>\n<meta property=\"og:image\" content=\"https:\/\/balatonneked.com\/wp-content\/uploads\/2019\/10\/f\u00fcred-gasztro.jpg\" \/>\n\t<meta property=\"og:image:width\" content=\"960\" \/>\n\t<meta property=\"og:image:height\" content=\"502\" \/>\n\t<meta property=\"og:image:type\" content=\"image\/jpeg\" \/>\n<meta name=\"author\" content=\"-\" \/>\n<meta name=\"twitter:card\" content=\"summary_large_image\" \/>\n<meta name=\"twitter:label1\" content=\"Written by\" \/>\n\t<meta name=\"twitter:data1\" content=\"-\" \/>\n\t<meta name=\"twitter:label2\" content=\"Estimated reading time\" \/>\n\t<meta name=\"twitter:data2\" content=\"2 minutes\" \/>\n<script type=\"application\/ld+json\" class=\"yoast-schema-graph\">{\"@context\":\"https:\/\/schema.org\",\"@graph\":[{\"@type\":\"Article\",\"@id\":\"https:\/\/balatonneked.com\/2019\/10\/27\/fured-gastro\/#article\",\"isPartOf\":{\"@id\":\"https:\/\/balatonneked.com\/2019\/10\/27\/fured-gastro\/\"},\"author\":{\"name\":\"-\",\"@id\":\"https:\/\/balatonneked.com\/#\/schema\/person\/6abf551dbe3d5531af60e216ef9b16aa\"},\"headline\":\"F\u00fcred Gastro\",\"datePublished\":\"2019-10-27T19:57:46+00:00\",\"mainEntityOfPage\":{\"@id\":\"https:\/\/balatonneked.com\/2019\/10\/27\/fured-gastro\/\"},\"wordCount\":358,\"commentCount\":0,\"publisher\":{\"@id\":\"https:\/\/balatonneked.com\/#organization\"},\"image\":{\"@id\":\"https:\/\/balatonneked.com\/2019\/10\/27\/fured-gastro\/#primaryimage\"},\"thumbnailUrl\":\"https:\/\/balatonneked.com\/wp-content\/uploads\/2019\/10\/f\u00fcred-gasztro.jpg\",\"keywords\":[\"Balatonf\u00fcred\",\"Gasztro\"],\"articleSection\":[\"H\u00edrek\"],\"inLanguage\":\"en-GB\",\"potentialAction\":[{\"@type\":\"CommentAction\",\"name\":\"Comment\",\"target\":[\"https:\/\/balatonneked.com\/2019\/10\/27\/fured-gastro\/#respond\"]}]},{\"@type\":\"WebPage\",\"@id\":\"https:\/\/balatonneked.com\/2019\/10\/27\/fured-gastro\/\",\"url\":\"https:\/\/balatonneked.com\/2019\/10\/27\/fured-gastro\/\",\"name\":\"F\u00fcred Gastro - BALATON NEKED\",\"isPartOf\":{\"@id\":\"https:\/\/balatonneked.com\/#website\"},\"primaryImageOfPage\":{\"@id\":\"https:\/\/balatonneked.com\/2019\/10\/27\/fured-gastro\/#primaryimage\"},\"image\":{\"@id\":\"https:\/\/balatonneked.com\/2019\/10\/27\/fured-gastro\/#primaryimage\"},\"thumbnailUrl\":\"https:\/\/balatonneked.com\/wp-content\/uploads\/2019\/10\/f\u00fcred-gasztro.jpg\",\"datePublished\":\"2019-10-27T19:57:46+00:00\",\"breadcrumb\":{\"@id\":\"https:\/\/balatonneked.com\/2019\/10\/27\/fured-gastro\/#breadcrumb\"},\"inLanguage\":\"en-GB\",\"potentialAction\":[{\"@type\":\"ReadAction\",\"target\":[\"https:\/\/balatonneked.com\/2019\/10\/27\/fured-gastro\/\"]}]},{\"@type\":\"ImageObject\",\"inLanguage\":\"en-GB\",\"@id\":\"https:\/\/balatonneked.com\/2019\/10\/27\/fured-gastro\/#primaryimage\",\"url\":\"https:\/\/balatonneked.com\/wp-content\/uploads\/2019\/10\/f\u00fcred-gasztro.jpg\",\"contentUrl\":\"https:\/\/balatonneked.com\/wp-content\/uploads\/2019\/10\/f\u00fcred-gasztro.jpg\",\"width\":960,\"height\":502},{\"@type\":\"BreadcrumbList\",\"@id\":\"https:\/\/balatonneked.com\/2019\/10\/27\/fured-gastro\/#breadcrumb\",\"itemListElement\":[{\"@type\":\"ListItem\",\"position\":1,\"name\":\"Kezd\u0151lap\",\"item\":\"https:\/\/balatonneked.com\/\"},{\"@type\":\"ListItem\",\"position\":2,\"name\":\"F\u00fcred Gastro\"}]},{\"@type\":\"WebSite\",\"@id\":\"https:\/\/balatonneked.com\/#website\",\"url\":\"https:\/\/balatonneked.com\/\",\"name\":\"BALATON NEKED\",\"description\":\"A Balaton leginformat\u00edvabb magazinja\",\"publisher\":{\"@id\":\"https:\/\/balatonneked.com\/#organization\"},\"potentialAction\":[{\"@type\":\"SearchAction\",\"target\":{\"@type\":\"EntryPoint\",\"urlTemplate\":\"https:\/\/balatonneked.com\/?s={search_term_string}\"},\"query-input\":{\"@type\":\"PropertyValueSpecification\",\"valueRequired\":true,\"valueName\":\"search_term_string\"}}],\"inLanguage\":\"en-GB\"},{\"@type\":\"Organization\",\"@id\":\"https:\/\/balatonneked.com\/#organization\",\"name\":\"BalatonNeked\",\"url\":\"https:\/\/balatonneked.com\/\",\"logo\":{\"@type\":\"ImageObject\",\"inLanguage\":\"en-GB\",\"@id\":\"https:\/\/balatonneked.com\/#\/schema\/logo\/image\/\",\"url\":\"https:\/\/balatonneked.com\/wp-content\/uploads\/2019\/05\/bnekedlogo.png\",\"contentUrl\":\"https:\/\/balatonneked.com\/wp-content\/uploads\/2019\/05\/bnekedlogo.png\",\"width\":750,\"height\":750,\"caption\":\"BalatonNeked\"},\"image\":{\"@id\":\"https:\/\/balatonneked.com\/#\/schema\/logo\/image\/\"},\"sameAs\":[\"https:\/\/www.facebook.com\/BalatonNeked\"]},{\"@type\":\"Person\",\"@id\":\"https:\/\/balatonneked.com\/#\/schema\/person\/6abf551dbe3d5531af60e216ef9b16aa\",\"name\":\"-\",\"image\":{\"@type\":\"ImageObject\",\"inLanguage\":\"en-GB\",\"@id\":\"https:\/\/balatonneked.com\/#\/schema\/person\/image\/\",\"url\":\"https:\/\/secure.gravatar.com\/avatar\/7bcf602c35eea1fdd5dcb5698f42149adc1fb65510ae8b284cdf111a453a6c37?s=96&d=mm&r=g\",\"contentUrl\":\"https:\/\/secure.gravatar.com\/avatar\/7bcf602c35eea1fdd5dcb5698f42149adc1fb65510ae8b284cdf111a453a6c37?s=96&d=mm&r=g\",\"caption\":\"-\"},\"url\":\"https:\/\/balatonneked.com\/en\/author\/tamasildiko\/\"}]}<\/script>\n<!-- \/ Yoast SEO plugin. -->","yoast_head_json":{"title":"F\u00fcred Gastro - BALATON NEKED","robots":{"index":"index","follow":"follow","max-snippet":"max-snippet:-1","max-image-preview":"max-image-preview:large","max-video-preview":"max-video-preview:-1"},"canonical":"https:\/\/balatonneked.com\/en\/2019\/10\/27\/fured-gastro\/","og_locale":"en_GB","og_type":"article","og_title":"F\u00fcred Gastro - BALATON NEKED","og_description":"M\u00e1sodik alkalommal rendezik meg Balatonf\u00fcred tematikus Gastro fesztiv\u00e1lj\u00e1t, melynek id\u00e9n a k\u00f6zeli Szent M\u00e1rton-napi libahagyom\u00e1ny megid\u00e9z\u00e9se, a liba- \u00e9s libabels\u0151s\u00e9gekb\u0151l k\u00e9sz\u00fcl\u0151 \u00e9telek \u00e1llnak a f\u00f3kusz\u00e1ban. Az \u00e9telek mell\u00e9 a balatoni r\u00e9gi\u00f3 fiatal bor\u00e1szait t\u00f6m\u00f6r\u00edt\u0151 Rizling Gener\u00e1ci\u00f3 Egyes\u00fclet aj\u00e1nl\u00e1s\u00e1val kiv\u00e1lasztott borok is a Szent M\u00e1rton-nap saj\u00e1tos magyar gasztron\u00f3miai hagyom\u00e1ny\u00e1t, az \u00fajbor els\u0151 k\u00f3stol\u00e1s\u00e1t k\u00edn\u00e1lj\u00e1k az \u00ednyenceknek [&hellip;]","og_url":"https:\/\/balatonneked.com\/en\/2019\/10\/27\/fured-gastro\/","og_site_name":"BALATON NEKED","article_publisher":"https:\/\/www.facebook.com\/BalatonNeked","article_published_time":"2019-10-27T19:57:46+00:00","og_image":[{"width":960,"height":502,"url":"https:\/\/balatonneked.com\/wp-content\/uploads\/2019\/10\/f\u00fcred-gasztro.jpg","type":"image\/jpeg"}],"author":"-","twitter_card":"summary_large_image","twitter_misc":{"Written by":"-","Estimated reading time":"2 minutes"},"schema":{"@context":"https:\/\/schema.org","@graph":[{"@type":"Article","@id":"https:\/\/balatonneked.com\/2019\/10\/27\/fured-gastro\/#article","isPartOf":{"@id":"https:\/\/balatonneked.com\/2019\/10\/27\/fured-gastro\/"},"author":{"name":"-","@id":"https:\/\/balatonneked.com\/#\/schema\/person\/6abf551dbe3d5531af60e216ef9b16aa"},"headline":"F\u00fcred Gastro","datePublished":"2019-10-27T19:57:46+00:00","mainEntityOfPage":{"@id":"https:\/\/balatonneked.com\/2019\/10\/27\/fured-gastro\/"},"wordCount":358,"commentCount":0,"publisher":{"@id":"https:\/\/balatonneked.com\/#organization"},"image":{"@id":"https:\/\/balatonneked.com\/2019\/10\/27\/fured-gastro\/#primaryimage"},"thumbnailUrl":"https:\/\/balatonneked.com\/wp-content\/uploads\/2019\/10\/f\u00fcred-gasztro.jpg","keywords":["Balatonf\u00fcred","Gasztro"],"articleSection":["H\u00edrek"],"inLanguage":"en-GB","potentialAction":[{"@type":"CommentAction","name":"Comment","target":["https:\/\/balatonneked.com\/2019\/10\/27\/fured-gastro\/#respond"]}]},{"@type":"WebPage","@id":"https:\/\/balatonneked.com\/2019\/10\/27\/fured-gastro\/","url":"https:\/\/balatonneked.com\/2019\/10\/27\/fured-gastro\/","name":"F\u00fcred Gastro - BALATON NEKED","isPartOf":{"@id":"https:\/\/balatonneked.com\/#website"},"primaryImageOfPage":{"@id":"https:\/\/balatonneked.com\/2019\/10\/27\/fured-gastro\/#primaryimage"},"image":{"@id":"https:\/\/balatonneked.com\/2019\/10\/27\/fured-gastro\/#primaryimage"},"thumbnailUrl":"https:\/\/balatonneked.com\/wp-content\/uploads\/2019\/10\/f\u00fcred-gasztro.jpg","datePublished":"2019-10-27T19:57:46+00:00","breadcrumb":{"@id":"https:\/\/balatonneked.com\/2019\/10\/27\/fured-gastro\/#breadcrumb"},"inLanguage":"en-GB","potentialAction":[{"@type":"ReadAction","target":["https:\/\/balatonneked.com\/2019\/10\/27\/fured-gastro\/"]}]},{"@type":"ImageObject","inLanguage":"en-GB","@id":"https:\/\/balatonneked.com\/2019\/10\/27\/fured-gastro\/#primaryimage","url":"https:\/\/balatonneked.com\/wp-content\/uploads\/2019\/10\/f\u00fcred-gasztro.jpg","contentUrl":"https:\/\/balatonneked.com\/wp-content\/uploads\/2019\/10\/f\u00fcred-gasztro.jpg","width":960,"height":502},{"@type":"BreadcrumbList","@id":"https:\/\/balatonneked.com\/2019\/10\/27\/fured-gastro\/#breadcrumb","itemListElement":[{"@type":"ListItem","position":1,"name":"Kezd\u0151lap","item":"https:\/\/balatonneked.com\/"},{"@type":"ListItem","position":2,"name":"F\u00fcred Gastro"}]},{"@type":"WebSite","@id":"https:\/\/balatonneked.com\/#website","url":"https:\/\/balatonneked.com\/","name":"BALATON NEKED","description":"A Balaton leginformat\u00edvabb magazinja","publisher":{"@id":"https:\/\/balatonneked.com\/#organization"},"potentialAction":[{"@type":"SearchAction","target":{"@type":"EntryPoint","urlTemplate":"https:\/\/balatonneked.com\/?s={search_term_string}"},"query-input":{"@type":"PropertyValueSpecification","valueRequired":true,"valueName":"search_term_string"}}],"inLanguage":"en-GB"},{"@type":"Organization","@id":"https:\/\/balatonneked.com\/#organization","name":"BalatonNeked","url":"https:\/\/balatonneked.com\/","logo":{"@type":"ImageObject","inLanguage":"en-GB","@id":"https:\/\/balatonneked.com\/#\/schema\/logo\/image\/","url":"https:\/\/balatonneked.com\/wp-content\/uploads\/2019\/05\/bnekedlogo.png","contentUrl":"https:\/\/balatonneked.com\/wp-content\/uploads\/2019\/05\/bnekedlogo.png","width":750,"height":750,"caption":"BalatonNeked"},"image":{"@id":"https:\/\/balatonneked.com\/#\/schema\/logo\/image\/"},"sameAs":["https:\/\/www.facebook.com\/BalatonNeked"]},{"@type":"Person","@id":"https:\/\/balatonneked.com\/#\/schema\/person\/6abf551dbe3d5531af60e216ef9b16aa","name":"-","image":{"@type":"ImageObject","inLanguage":"en-GB","@id":"https:\/\/balatonneked.com\/#\/schema\/person\/image\/","url":"https:\/\/secure.gravatar.com\/avatar\/7bcf602c35eea1fdd5dcb5698f42149adc1fb65510ae8b284cdf111a453a6c37?s=96&d=mm&r=g","contentUrl":"https:\/\/secure.gravatar.com\/avatar\/7bcf602c35eea1fdd5dcb5698f42149adc1fb65510ae8b284cdf111a453a6c37?s=96&d=mm&r=g","caption":"-"},"url":"https:\/\/balatonneked.com\/en\/author\/tamasildiko\/"}]}},"_links":{"self":[{"href":"https:\/\/balatonneked.com\/en\/wp-json\/wp\/v2\/posts\/2522","targetHints":{"allow":["GET"]}}],"collection":[{"href":"https:\/\/balatonneked.com\/en\/wp-json\/wp\/v2\/posts"}],"about":[{"href":"https:\/\/balatonneked.com\/en\/wp-json\/wp\/v2\/types\/post"}],"author":[{"embeddable":true,"href":"https:\/\/balatonneked.com\/en\/wp-json\/wp\/v2\/users\/2"}],"replies":[{"embeddable":true,"href":"https:\/\/balatonneked.com\/en\/wp-json\/wp\/v2\/comments?post=2522"}],"version-history":[{"count":1,"href":"https:\/\/balatonneked.com\/en\/wp-json\/wp\/v2\/posts\/2522\/revisions"}],"predecessor-version":[{"id":2524,"href":"https:\/\/balatonneked.com\/en\/wp-json\/wp\/v2\/posts\/2522\/revisions\/2524"}],"wp:featuredmedia":[{"embeddable":true,"href":"https:\/\/balatonneked.com\/en\/wp-json\/wp\/v2\/media\/2523"}],"wp:attachment":[{"href":"https:\/\/balatonneked.com\/en\/wp-json\/wp\/v2\/media?parent=2522"}],"wp:term":[{"taxonomy":"category","embeddable":true,"href":"https:\/\/balatonneked.com\/en\/wp-json\/wp\/v2\/categories?post=2522"},{"taxonomy":"post_tag","embeddable":true,"href":"https:\/\/balatonneked.com\/en\/wp-json\/wp\/v2\/tags?post=2522"}],"curies":[{"name":"wp","href":"https:\/\/api.w.org\/{rel}","templated":true}]}}