{"id":25,"date":"2018-08-03T01:39:19","date_gmt":"2018-08-03T01:39:19","guid":{"rendered":"https:\/\/demo.themesaga.com\/eximious-magazine\/?p=25"},"modified":"2018-10-28T19:18:35","modified_gmt":"2018-10-28T19:18:35","slug":"make-your-style-statement","status":"publish","type":"post","link":"https:\/\/balatonneked.com\/en\/2018\/08\/03\/make-your-style-statement\/","title":{"rendered":"Neked F\u0151ztem"},"content":{"rendered":"<p>Balaton-felvid\u00e9k \u0151stermel\u0151i \u00e1ltal, szezon\u00e1lis alapanyagokb\u00f3l frissen k\u00e9sz\u00edtett \u00e9telek, k\u00e9zm\u0171ves borok, h\u00e1zi sz\u00f6rp\u00f6k \u00e9s egy\u00e9b finoms\u00e1gok eb\u00e9dre \u00e9s vacsor\u00e1ra.<br \/>\nC\u00e9lunk, hogy min\u00e9l t\u00f6bb helyi termel\u0151vel tudjunk egy\u00fctt dolgozni, \u00e9s z\u00f6lds\u00e9geik, gy\u00fcm\u00f6lcseik, h\u00fasaik, tejterm\u00e9keik remek alapanyagai legyenek \u00e9teleinknek.<\/p>\n<p>Z\u00e1nka, F\u0151 utca 7.<\/p>\n<p><span id=\"wrfi\">+36 70 365-1003<\/span><\/p>\n<p>gasztrokocsma@gmail.com<\/p>\n<p>Nyitvatart\u00e1s<br \/>\nh\u00e9tf\u0151-vas\u00e1rnap<br \/>\n12:00-21:00<\/p>","protected":false},"excerpt":{"rendered":"<p>Balaton-felvid\u00e9k \u0151stermel\u0151i \u00e1ltal, szezon\u00e1lis alapanyagokb\u00f3l frissen k\u00e9sz\u00edtett \u00e9telek, k\u00e9zm\u0171ves borok, h\u00e1zi sz\u00f6rp\u00f6k \u00e9s egy\u00e9b finoms\u00e1gok eb\u00e9dre \u00e9s vacsor\u00e1ra. C\u00e9lunk, hogy min\u00e9l t\u00f6bb helyi termel\u0151vel tudjunk egy\u00fctt dolgozni, \u00e9s z\u00f6lds\u00e9geik, gy\u00fcm\u00f6lcseik, h\u00fasaik, tejterm\u00e9keik remek alapanyagai legyenek \u00e9teleinknek. Z\u00e1nka, F\u0151 utca 7. +36 70 365-1003 gasztrokocsma@gmail.com Nyitvatart\u00e1s h\u00e9tf\u0151-vas\u00e1rnap 12:00-21:00<\/p>","protected":false},"author":1,"featured_media":1260,"comment_status":"open","ping_status":"open","sticky":false,"template":"","format":"standard","meta":{"_acf_changed":false,"footnotes":""},"categories":[6,41],"tags":[43,37,42],"class_list":["post-25","post","type-post","status-publish","format-standard","has-post-thumbnail","hentry","category-gasztro","category-zanka","tag-egesz-evben-nyitva","tag-gasztro","tag-zanka"],"acf":[],"yoast_head":"<!-- This site is optimized with the Yoast SEO plugin v25.1 - https:\/\/yoast.com\/wordpress\/plugins\/seo\/ -->\n<title>Neked F\u0151ztem - BALATON NEKED<\/title>\n<meta name=\"robots\" content=\"index, follow, max-snippet:-1, max-image-preview:large, max-video-preview:-1\" \/>\n<link rel=\"canonical\" href=\"https:\/\/balatonneked.com\/en\/2018\/08\/03\/make-your-style-statement\/\" \/>\n<meta property=\"og:locale\" content=\"en_GB\" \/>\n<meta property=\"og:type\" content=\"article\" \/>\n<meta property=\"og:title\" content=\"Neked F\u0151ztem - BALATON NEKED\" \/>\n<meta property=\"og:description\" content=\"Balaton-felvid\u00e9k \u0151stermel\u0151i \u00e1ltal, szezon\u00e1lis alapanyagokb\u00f3l frissen k\u00e9sz\u00edtett \u00e9telek, k\u00e9zm\u0171ves borok, h\u00e1zi sz\u00f6rp\u00f6k \u00e9s egy\u00e9b finoms\u00e1gok eb\u00e9dre \u00e9s vacsor\u00e1ra. C\u00e9lunk, hogy min\u00e9l t\u00f6bb helyi termel\u0151vel tudjunk egy\u00fctt dolgozni, \u00e9s z\u00f6lds\u00e9geik, gy\u00fcm\u00f6lcseik, h\u00fasaik, tejterm\u00e9keik remek alapanyagai legyenek \u00e9teleinknek. Z\u00e1nka, F\u0151 utca 7. +36 70 365-1003 gasztrokocsma@gmail.com Nyitvatart\u00e1s h\u00e9tf\u0151-vas\u00e1rnap 12:00-21:00\" \/>\n<meta property=\"og:url\" content=\"https:\/\/balatonneked.com\/en\/2018\/08\/03\/make-your-style-statement\/\" \/>\n<meta property=\"og:site_name\" content=\"BALATON NEKED\" \/>\n<meta property=\"article:publisher\" content=\"https:\/\/www.facebook.com\/BalatonNeked\" \/>\n<meta property=\"article:published_time\" content=\"2018-08-03T01:39:19+00:00\" \/>\n<meta property=\"article:modified_time\" content=\"2018-10-28T19:18:35+00:00\" \/>\n<meta property=\"og:image\" content=\"https:\/\/balatonneked.com\/wp-content\/uploads\/2018\/08\/neked-f\u0151ztem2.jpg\" \/>\n\t<meta property=\"og:image:width\" content=\"500\" \/>\n\t<meta property=\"og:image:height\" content=\"500\" \/>\n\t<meta property=\"og:image:type\" content=\"image\/jpeg\" \/>\n<meta name=\"author\" content=\"Csilla\" \/>\n<meta name=\"twitter:card\" content=\"summary_large_image\" \/>\n<meta name=\"twitter:label1\" content=\"Written by\" \/>\n\t<meta name=\"twitter:data1\" content=\"Csilla\" \/>\n<script type=\"application\/ld+json\" class=\"yoast-schema-graph\">{\"@context\":\"https:\/\/schema.org\",\"@graph\":[{\"@type\":\"Article\",\"@id\":\"https:\/\/balatonneked.com\/2018\/08\/03\/make-your-style-statement\/#article\",\"isPartOf\":{\"@id\":\"https:\/\/balatonneked.com\/2018\/08\/03\/make-your-style-statement\/\"},\"author\":{\"name\":\"Csilla\",\"@id\":\"https:\/\/balatonneked.com\/#\/schema\/person\/e872a2bb920e6daab47d667be3035245\"},\"headline\":\"Neked F\u0151ztem\",\"datePublished\":\"2018-08-03T01:39:19+00:00\",\"dateModified\":\"2018-10-28T19:18:35+00:00\",\"mainEntityOfPage\":{\"@id\":\"https:\/\/balatonneked.com\/2018\/08\/03\/make-your-style-statement\/\"},\"wordCount\":80,\"commentCount\":0,\"publisher\":{\"@id\":\"https:\/\/balatonneked.com\/#organization\"},\"image\":{\"@id\":\"https:\/\/balatonneked.com\/2018\/08\/03\/make-your-style-statement\/#primaryimage\"},\"thumbnailUrl\":\"https:\/\/balatonneked.com\/wp-content\/uploads\/2018\/08\/neked-f\u0151ztem2.jpg\",\"keywords\":[\"Eg\u00e9sz \u00e9vben nyitva\",\"Gasztro\",\"Z\u00e1nka\"],\"articleSection\":[\"Gasztro\",\"Z\u00e1nka\"],\"inLanguage\":\"en-GB\",\"potentialAction\":[{\"@type\":\"CommentAction\",\"name\":\"Comment\",\"target\":[\"https:\/\/balatonneked.com\/2018\/08\/03\/make-your-style-statement\/#respond\"]}]},{\"@type\":\"WebPage\",\"@id\":\"https:\/\/balatonneked.com\/2018\/08\/03\/make-your-style-statement\/\",\"url\":\"https:\/\/balatonneked.com\/2018\/08\/03\/make-your-style-statement\/\",\"name\":\"Neked F\u0151ztem - BALATON NEKED\",\"isPartOf\":{\"@id\":\"https:\/\/balatonneked.com\/#website\"},\"primaryImageOfPage\":{\"@id\":\"https:\/\/balatonneked.com\/2018\/08\/03\/make-your-style-statement\/#primaryimage\"},\"image\":{\"@id\":\"https:\/\/balatonneked.com\/2018\/08\/03\/make-your-style-statement\/#primaryimage\"},\"thumbnailUrl\":\"https:\/\/balatonneked.com\/wp-content\/uploads\/2018\/08\/neked-f\u0151ztem2.jpg\",\"datePublished\":\"2018-08-03T01:39:19+00:00\",\"dateModified\":\"2018-10-28T19:18:35+00:00\",\"breadcrumb\":{\"@id\":\"https:\/\/balatonneked.com\/2018\/08\/03\/make-your-style-statement\/#breadcrumb\"},\"inLanguage\":\"en-GB\",\"potentialAction\":[{\"@type\":\"ReadAction\",\"target\":[\"https:\/\/balatonneked.com\/2018\/08\/03\/make-your-style-statement\/\"]}]},{\"@type\":\"ImageObject\",\"inLanguage\":\"en-GB\",\"@id\":\"https:\/\/balatonneked.com\/2018\/08\/03\/make-your-style-statement\/#primaryimage\",\"url\":\"https:\/\/balatonneked.com\/wp-content\/uploads\/2018\/08\/neked-f\u0151ztem2.jpg\",\"contentUrl\":\"https:\/\/balatonneked.com\/wp-content\/uploads\/2018\/08\/neked-f\u0151ztem2.jpg\",\"width\":500,\"height\":500},{\"@type\":\"BreadcrumbList\",\"@id\":\"https:\/\/balatonneked.com\/2018\/08\/03\/make-your-style-statement\/#breadcrumb\",\"itemListElement\":[{\"@type\":\"ListItem\",\"position\":1,\"name\":\"Kezd\u0151lap\",\"item\":\"https:\/\/balatonneked.com\/\"},{\"@type\":\"ListItem\",\"position\":2,\"name\":\"Neked F\u0151ztem\"}]},{\"@type\":\"WebSite\",\"@id\":\"https:\/\/balatonneked.com\/#website\",\"url\":\"https:\/\/balatonneked.com\/\",\"name\":\"BALATON NEKED\",\"description\":\"A Balaton leginformat\u00edvabb magazinja\",\"publisher\":{\"@id\":\"https:\/\/balatonneked.com\/#organization\"},\"potentialAction\":[{\"@type\":\"SearchAction\",\"target\":{\"@type\":\"EntryPoint\",\"urlTemplate\":\"https:\/\/balatonneked.com\/?s={search_term_string}\"},\"query-input\":{\"@type\":\"PropertyValueSpecification\",\"valueRequired\":true,\"valueName\":\"search_term_string\"}}],\"inLanguage\":\"en-GB\"},{\"@type\":\"Organization\",\"@id\":\"https:\/\/balatonneked.com\/#organization\",\"name\":\"BalatonNeked\",\"url\":\"https:\/\/balatonneked.com\/\",\"logo\":{\"@type\":\"ImageObject\",\"inLanguage\":\"en-GB\",\"@id\":\"https:\/\/balatonneked.com\/#\/schema\/logo\/image\/\",\"url\":\"https:\/\/balatonneked.com\/wp-content\/uploads\/2019\/05\/bnekedlogo.png\",\"contentUrl\":\"https:\/\/balatonneked.com\/wp-content\/uploads\/2019\/05\/bnekedlogo.png\",\"width\":750,\"height\":750,\"caption\":\"BalatonNeked\"},\"image\":{\"@id\":\"https:\/\/balatonneked.com\/#\/schema\/logo\/image\/\"},\"sameAs\":[\"https:\/\/www.facebook.com\/BalatonNeked\"]},{\"@type\":\"Person\",\"@id\":\"https:\/\/balatonneked.com\/#\/schema\/person\/e872a2bb920e6daab47d667be3035245\",\"name\":\"Csilla\",\"image\":{\"@type\":\"ImageObject\",\"inLanguage\":\"en-GB\",\"@id\":\"https:\/\/balatonneked.com\/#\/schema\/person\/image\/\",\"url\":\"https:\/\/balatonneked.com\/wp-content\/uploads\/2022\/05\/Feher-Csilla-Balaton-Neked-100x100.png\",\"contentUrl\":\"https:\/\/balatonneked.com\/wp-content\/uploads\/2022\/05\/Feher-Csilla-Balaton-Neked-100x100.png\",\"caption\":\"Csilla\"},\"description\":\"A BalatonNeked Magazin meg\u00e1lmod\u00f3ja \u00e9s tulajdonosa.\",\"url\":\"https:\/\/balatonneked.com\/en\/author\/admin\/\"}]}<\/script>\n<!-- \/ Yoast SEO plugin. -->","yoast_head_json":{"title":"Neked F\u0151ztem - BALATON NEKED","robots":{"index":"index","follow":"follow","max-snippet":"max-snippet:-1","max-image-preview":"max-image-preview:large","max-video-preview":"max-video-preview:-1"},"canonical":"https:\/\/balatonneked.com\/en\/2018\/08\/03\/make-your-style-statement\/","og_locale":"en_GB","og_type":"article","og_title":"Neked F\u0151ztem - BALATON NEKED","og_description":"Balaton-felvid\u00e9k \u0151stermel\u0151i \u00e1ltal, szezon\u00e1lis alapanyagokb\u00f3l frissen k\u00e9sz\u00edtett \u00e9telek, k\u00e9zm\u0171ves borok, h\u00e1zi sz\u00f6rp\u00f6k \u00e9s egy\u00e9b finoms\u00e1gok eb\u00e9dre \u00e9s vacsor\u00e1ra. C\u00e9lunk, hogy min\u00e9l t\u00f6bb helyi termel\u0151vel tudjunk egy\u00fctt dolgozni, \u00e9s z\u00f6lds\u00e9geik, gy\u00fcm\u00f6lcseik, h\u00fasaik, tejterm\u00e9keik remek alapanyagai legyenek \u00e9teleinknek. Z\u00e1nka, F\u0151 utca 7. +36 70 365-1003 gasztrokocsma@gmail.com Nyitvatart\u00e1s h\u00e9tf\u0151-vas\u00e1rnap 12:00-21:00","og_url":"https:\/\/balatonneked.com\/en\/2018\/08\/03\/make-your-style-statement\/","og_site_name":"BALATON NEKED","article_publisher":"https:\/\/www.facebook.com\/BalatonNeked","article_published_time":"2018-08-03T01:39:19+00:00","article_modified_time":"2018-10-28T19:18:35+00:00","og_image":[{"width":500,"height":500,"url":"https:\/\/balatonneked.com\/wp-content\/uploads\/2018\/08\/neked-f\u0151ztem2.jpg","type":"image\/jpeg"}],"author":"Csilla","twitter_card":"summary_large_image","twitter_misc":{"Written by":"Csilla"},"schema":{"@context":"https:\/\/schema.org","@graph":[{"@type":"Article","@id":"https:\/\/balatonneked.com\/2018\/08\/03\/make-your-style-statement\/#article","isPartOf":{"@id":"https:\/\/balatonneked.com\/2018\/08\/03\/make-your-style-statement\/"},"author":{"name":"Csilla","@id":"https:\/\/balatonneked.com\/#\/schema\/person\/e872a2bb920e6daab47d667be3035245"},"headline":"Neked F\u0151ztem","datePublished":"2018-08-03T01:39:19+00:00","dateModified":"2018-10-28T19:18:35+00:00","mainEntityOfPage":{"@id":"https:\/\/balatonneked.com\/2018\/08\/03\/make-your-style-statement\/"},"wordCount":80,"commentCount":0,"publisher":{"@id":"https:\/\/balatonneked.com\/#organization"},"image":{"@id":"https:\/\/balatonneked.com\/2018\/08\/03\/make-your-style-statement\/#primaryimage"},"thumbnailUrl":"https:\/\/balatonneked.com\/wp-content\/uploads\/2018\/08\/neked-f\u0151ztem2.jpg","keywords":["Eg\u00e9sz \u00e9vben nyitva","Gasztro","Z\u00e1nka"],"articleSection":["Gasztro","Z\u00e1nka"],"inLanguage":"en-GB","potentialAction":[{"@type":"CommentAction","name":"Comment","target":["https:\/\/balatonneked.com\/2018\/08\/03\/make-your-style-statement\/#respond"]}]},{"@type":"WebPage","@id":"https:\/\/balatonneked.com\/2018\/08\/03\/make-your-style-statement\/","url":"https:\/\/balatonneked.com\/2018\/08\/03\/make-your-style-statement\/","name":"Neked F\u0151ztem - BALATON NEKED","isPartOf":{"@id":"https:\/\/balatonneked.com\/#website"},"primaryImageOfPage":{"@id":"https:\/\/balatonneked.com\/2018\/08\/03\/make-your-style-statement\/#primaryimage"},"image":{"@id":"https:\/\/balatonneked.com\/2018\/08\/03\/make-your-style-statement\/#primaryimage"},"thumbnailUrl":"https:\/\/balatonneked.com\/wp-content\/uploads\/2018\/08\/neked-f\u0151ztem2.jpg","datePublished":"2018-08-03T01:39:19+00:00","dateModified":"2018-10-28T19:18:35+00:00","breadcrumb":{"@id":"https:\/\/balatonneked.com\/2018\/08\/03\/make-your-style-statement\/#breadcrumb"},"inLanguage":"en-GB","potentialAction":[{"@type":"ReadAction","target":["https:\/\/balatonneked.com\/2018\/08\/03\/make-your-style-statement\/"]}]},{"@type":"ImageObject","inLanguage":"en-GB","@id":"https:\/\/balatonneked.com\/2018\/08\/03\/make-your-style-statement\/#primaryimage","url":"https:\/\/balatonneked.com\/wp-content\/uploads\/2018\/08\/neked-f\u0151ztem2.jpg","contentUrl":"https:\/\/balatonneked.com\/wp-content\/uploads\/2018\/08\/neked-f\u0151ztem2.jpg","width":500,"height":500},{"@type":"BreadcrumbList","@id":"https:\/\/balatonneked.com\/2018\/08\/03\/make-your-style-statement\/#breadcrumb","itemListElement":[{"@type":"ListItem","position":1,"name":"Kezd\u0151lap","item":"https:\/\/balatonneked.com\/"},{"@type":"ListItem","position":2,"name":"Neked F\u0151ztem"}]},{"@type":"WebSite","@id":"https:\/\/balatonneked.com\/#website","url":"https:\/\/balatonneked.com\/","name":"BALATON NEKED","description":"A Balaton leginformat\u00edvabb magazinja","publisher":{"@id":"https:\/\/balatonneked.com\/#organization"},"potentialAction":[{"@type":"SearchAction","target":{"@type":"EntryPoint","urlTemplate":"https:\/\/balatonneked.com\/?s={search_term_string}"},"query-input":{"@type":"PropertyValueSpecification","valueRequired":true,"valueName":"search_term_string"}}],"inLanguage":"en-GB"},{"@type":"Organization","@id":"https:\/\/balatonneked.com\/#organization","name":"BalatonNeked","url":"https:\/\/balatonneked.com\/","logo":{"@type":"ImageObject","inLanguage":"en-GB","@id":"https:\/\/balatonneked.com\/#\/schema\/logo\/image\/","url":"https:\/\/balatonneked.com\/wp-content\/uploads\/2019\/05\/bnekedlogo.png","contentUrl":"https:\/\/balatonneked.com\/wp-content\/uploads\/2019\/05\/bnekedlogo.png","width":750,"height":750,"caption":"BalatonNeked"},"image":{"@id":"https:\/\/balatonneked.com\/#\/schema\/logo\/image\/"},"sameAs":["https:\/\/www.facebook.com\/BalatonNeked"]},{"@type":"Person","@id":"https:\/\/balatonneked.com\/#\/schema\/person\/e872a2bb920e6daab47d667be3035245","name":"Csilla","image":{"@type":"ImageObject","inLanguage":"en-GB","@id":"https:\/\/balatonneked.com\/#\/schema\/person\/image\/","url":"https:\/\/balatonneked.com\/wp-content\/uploads\/2022\/05\/Feher-Csilla-Balaton-Neked-100x100.png","contentUrl":"https:\/\/balatonneked.com\/wp-content\/uploads\/2022\/05\/Feher-Csilla-Balaton-Neked-100x100.png","caption":"Csilla"},"description":"A BalatonNeked Magazin meg\u00e1lmod\u00f3ja \u00e9s tulajdonosa.","url":"https:\/\/balatonneked.com\/en\/author\/admin\/"}]}},"_links":{"self":[{"href":"https:\/\/balatonneked.com\/en\/wp-json\/wp\/v2\/posts\/25","targetHints":{"allow":["GET"]}}],"collection":[{"href":"https:\/\/balatonneked.com\/en\/wp-json\/wp\/v2\/posts"}],"about":[{"href":"https:\/\/balatonneked.com\/en\/wp-json\/wp\/v2\/types\/post"}],"author":[{"embeddable":true,"href":"https:\/\/balatonneked.com\/en\/wp-json\/wp\/v2\/users\/1"}],"replies":[{"embeddable":true,"href":"https:\/\/balatonneked.com\/en\/wp-json\/wp\/v2\/comments?post=25"}],"version-history":[{"count":2,"href":"https:\/\/balatonneked.com\/en\/wp-json\/wp\/v2\/posts\/25\/revisions"}],"predecessor-version":[{"id":1261,"href":"https:\/\/balatonneked.com\/en\/wp-json\/wp\/v2\/posts\/25\/revisions\/1261"}],"wp:featuredmedia":[{"embeddable":true,"href":"https:\/\/balatonneked.com\/en\/wp-json\/wp\/v2\/media\/1260"}],"wp:attachment":[{"href":"https:\/\/balatonneked.com\/en\/wp-json\/wp\/v2\/media?parent=25"}],"wp:term":[{"taxonomy":"category","embeddable":true,"href":"https:\/\/balatonneked.com\/en\/wp-json\/wp\/v2\/categories?post=25"},{"taxonomy":"post_tag","embeddable":true,"href":"https:\/\/balatonneked.com\/en\/wp-json\/wp\/v2\/tags?post=25"}],"curies":[{"name":"wp","href":"https:\/\/api.w.org\/{rel}","templated":true}]}}