{"id":2415,"date":"2019-07-10T14:31:02","date_gmt":"2019-07-10T14:31:02","guid":{"rendered":"http:\/\/balatonneked.com\/?p=2415"},"modified":"2019-07-10T14:31:02","modified_gmt":"2019-07-10T14:31:02","slug":"red-bull-air-race-2019","status":"publish","type":"post","link":"https:\/\/balatonneked.com\/en\/2019\/07\/10\/red-bull-air-race-2019\/","title":{"rendered":"Red Bull Air Race 2019"},"content":{"rendered":"<p>Most h\u00e9tv\u00e9g\u00e9n Zam\u00e1rdiban rendezik meg a Red Bull Air Race 2019-es rep\u00fcl\u0151s vil\u00e1gkupa magyarorsz\u00e1gi futam\u00e1t, amihez persze kell egy rep\u00fcl\u0151t\u00e9r is, ahonnan a versenyz\u0151 g\u00e9pek felsz\u00e1llhatnak, \u00e9s ahol felk\u00e9sz\u00edthetik \u0151ket a versenyre.<\/p>\n<p>Ez a rep\u00fcl\u0151t\u00e9r nem m\u00e1s mint a Veszpr\u00e9m k\u00f6zeli szentkir\u00e1lyszabadjai egykori katonai rep\u00fcl\u0151t\u00e9r, ahol m\u00e1r kor\u00e1bban fel\u00e9p\u00edtett\u00e9k a rep\u00fcl\u0151g\u00e9pek kiszolg\u00e1l\u00e1s\u00e1ra alkalmas hang\u00e1rokat \u00e9s meg\u00e9rkeztek a versenyrep\u00fcl\u0151g\u00e9pek is.<\/p>\n<p>Kedden \u00e9s szerd\u00e1n pedig m\u00e1r m\u0171rep\u00fcl\u0151 elemeket v\u00e9grehajt\u00f3 rep\u00fcl\u0151g\u00e9pek zaj\u00e1t\u00f3l hangos a l\u00e9gt\u00e9r. Talabos G\u00e1bor a rep\u00fcl\u0151s rendezv\u00e9ny felel\u0151s vezet\u0151je \u00e9rdekl\u0151d\u00e9s\u00fcnkre elmondta, a rep\u00fcl\u0151g\u00e9pek sz\u00e9tszerelve, k\u00f6z\u00faton \u00e9rkeztek a rep\u00fcl\u0151t\u00e9rre, megt\u00f6rt\u00e9nt az \u00f6sszeszerel\u00e9s\u00fck \u00e9s a berep\u00fcl\u00e9sek zajlanak.<\/p>\n<p>A berep\u00fcl\u00e9sek mellett a rep\u00fcl\u0151g\u00e9pekbe szerelt olyan elektronikus, telemetriai eszk\u00f6z\u00f6ket is ellen\u0151rzik, melyekkel a verseny szab\u00e1lyoss\u00e1g\u00e1t tudj\u00e1k majd ellen\u0151rizni. &#8211; \u00edrja a veol.hu<\/p>\n<p>(bor\u00edt\u00f3k\u00e9p:\u00a0 Balogh \u00c1kos)<\/p>","protected":false},"excerpt":{"rendered":"<p>Most h\u00e9tv\u00e9g\u00e9n Zam\u00e1rdiban rendezik meg a Red Bull Air Race 2019-es rep\u00fcl\u0151s vil\u00e1gkupa magyarorsz\u00e1gi futam\u00e1t, amihez persze kell egy rep\u00fcl\u0151t\u00e9r is, ahonnan a versenyz\u0151 g\u00e9pek felsz\u00e1llhatnak, \u00e9s ahol felk\u00e9sz\u00edthetik \u0151ket a versenyre. Ez a rep\u00fcl\u0151t\u00e9r nem m\u00e1s mint a Veszpr\u00e9m k\u00f6zeli szentkir\u00e1lyszabadjai egykori katonai rep\u00fcl\u0151t\u00e9r, ahol m\u00e1r kor\u00e1bban fel\u00e9p\u00edtett\u00e9k a rep\u00fcl\u0151g\u00e9pek kiszolg\u00e1l\u00e1s\u00e1ra alkalmas hang\u00e1rokat \u00e9s [&hellip;]<\/p>","protected":false},"author":2,"featured_media":2416,"comment_status":"open","ping_status":"open","sticky":false,"template":"","format":"standard","meta":{"_acf_changed":false,"footnotes":""},"categories":[155],"tags":[172,92,230],"class_list":["post-2415","post","type-post","status-publish","format-standard","has-post-thumbnail","hentry","category-hirek","tag-programajanlo","tag-sport","tag-zamardi"],"acf":[],"yoast_head":"<!-- This site is optimized with the Yoast SEO plugin v25.1 - https:\/\/yoast.com\/wordpress\/plugins\/seo\/ -->\n<title>Red Bull Air Race 2019 - BALATON NEKED<\/title>\n<meta name=\"robots\" content=\"index, follow, max-snippet:-1, max-image-preview:large, max-video-preview:-1\" \/>\n<link rel=\"canonical\" href=\"https:\/\/balatonneked.com\/en\/2019\/07\/10\/red-bull-air-race-2019\/\" \/>\n<meta property=\"og:locale\" content=\"en_GB\" \/>\n<meta property=\"og:type\" content=\"article\" \/>\n<meta property=\"og:title\" content=\"Red Bull Air Race 2019 - BALATON NEKED\" \/>\n<meta property=\"og:description\" content=\"Most h\u00e9tv\u00e9g\u00e9n Zam\u00e1rdiban rendezik meg a Red Bull Air Race 2019-es rep\u00fcl\u0151s vil\u00e1gkupa magyarorsz\u00e1gi futam\u00e1t, amihez persze kell egy rep\u00fcl\u0151t\u00e9r is, ahonnan a versenyz\u0151 g\u00e9pek felsz\u00e1llhatnak, \u00e9s ahol felk\u00e9sz\u00edthetik \u0151ket a versenyre. Ez a rep\u00fcl\u0151t\u00e9r nem m\u00e1s mint a Veszpr\u00e9m k\u00f6zeli szentkir\u00e1lyszabadjai egykori katonai rep\u00fcl\u0151t\u00e9r, ahol m\u00e1r kor\u00e1bban fel\u00e9p\u00edtett\u00e9k a rep\u00fcl\u0151g\u00e9pek kiszolg\u00e1l\u00e1s\u00e1ra alkalmas hang\u00e1rokat \u00e9s [&hellip;]\" \/>\n<meta property=\"og:url\" content=\"https:\/\/balatonneked.com\/en\/2019\/07\/10\/red-bull-air-race-2019\/\" \/>\n<meta property=\"og:site_name\" content=\"BALATON NEKED\" \/>\n<meta property=\"article:publisher\" content=\"https:\/\/www.facebook.com\/BalatonNeked\" \/>\n<meta property=\"article:published_time\" content=\"2019-07-10T14:31:02+00:00\" \/>\n<meta property=\"og:image\" content=\"https:\/\/balatonneked.com\/wp-content\/uploads\/2019\/07\/red-bull.jpg\" \/>\n\t<meta property=\"og:image:width\" content=\"1470\" \/>\n\t<meta property=\"og:image:height\" content=\"600\" \/>\n\t<meta property=\"og:image:type\" content=\"image\/jpeg\" \/>\n<meta name=\"author\" content=\"-\" \/>\n<meta name=\"twitter:card\" content=\"summary_large_image\" \/>\n<meta name=\"twitter:label1\" content=\"Written by\" \/>\n\t<meta name=\"twitter:data1\" content=\"-\" \/>\n\t<meta name=\"twitter:label2\" content=\"Estimated reading time\" \/>\n\t<meta name=\"twitter:data2\" content=\"1 minute\" \/>\n<script type=\"application\/ld+json\" class=\"yoast-schema-graph\">{\"@context\":\"https:\/\/schema.org\",\"@graph\":[{\"@type\":\"Article\",\"@id\":\"https:\/\/balatonneked.com\/2019\/07\/10\/red-bull-air-race-2019\/#article\",\"isPartOf\":{\"@id\":\"https:\/\/balatonneked.com\/2019\/07\/10\/red-bull-air-race-2019\/\"},\"author\":{\"name\":\"-\",\"@id\":\"https:\/\/balatonneked.com\/#\/schema\/person\/6abf551dbe3d5531af60e216ef9b16aa\"},\"headline\":\"Red Bull Air Race 2019\",\"datePublished\":\"2019-07-10T14:31:02+00:00\",\"mainEntityOfPage\":{\"@id\":\"https:\/\/balatonneked.com\/2019\/07\/10\/red-bull-air-race-2019\/\"},\"wordCount\":220,\"commentCount\":0,\"publisher\":{\"@id\":\"https:\/\/balatonneked.com\/#organization\"},\"image\":{\"@id\":\"https:\/\/balatonneked.com\/2019\/07\/10\/red-bull-air-race-2019\/#primaryimage\"},\"thumbnailUrl\":\"https:\/\/balatonneked.com\/wp-content\/uploads\/2019\/07\/red-bull.jpg\",\"keywords\":[\"Programaj\u00e1nl\u00f3\",\"sport\",\"Zam\u00e1rdi\"],\"articleSection\":[\"H\u00edrek\"],\"inLanguage\":\"en-GB\",\"potentialAction\":[{\"@type\":\"CommentAction\",\"name\":\"Comment\",\"target\":[\"https:\/\/balatonneked.com\/2019\/07\/10\/red-bull-air-race-2019\/#respond\"]}]},{\"@type\":\"WebPage\",\"@id\":\"https:\/\/balatonneked.com\/2019\/07\/10\/red-bull-air-race-2019\/\",\"url\":\"https:\/\/balatonneked.com\/2019\/07\/10\/red-bull-air-race-2019\/\",\"name\":\"Red Bull Air Race 2019 - BALATON NEKED\",\"isPartOf\":{\"@id\":\"https:\/\/balatonneked.com\/#website\"},\"primaryImageOfPage\":{\"@id\":\"https:\/\/balatonneked.com\/2019\/07\/10\/red-bull-air-race-2019\/#primaryimage\"},\"image\":{\"@id\":\"https:\/\/balatonneked.com\/2019\/07\/10\/red-bull-air-race-2019\/#primaryimage\"},\"thumbnailUrl\":\"https:\/\/balatonneked.com\/wp-content\/uploads\/2019\/07\/red-bull.jpg\",\"datePublished\":\"2019-07-10T14:31:02+00:00\",\"breadcrumb\":{\"@id\":\"https:\/\/balatonneked.com\/2019\/07\/10\/red-bull-air-race-2019\/#breadcrumb\"},\"inLanguage\":\"en-GB\",\"potentialAction\":[{\"@type\":\"ReadAction\",\"target\":[\"https:\/\/balatonneked.com\/2019\/07\/10\/red-bull-air-race-2019\/\"]}]},{\"@type\":\"ImageObject\",\"inLanguage\":\"en-GB\",\"@id\":\"https:\/\/balatonneked.com\/2019\/07\/10\/red-bull-air-race-2019\/#primaryimage\",\"url\":\"https:\/\/balatonneked.com\/wp-content\/uploads\/2019\/07\/red-bull.jpg\",\"contentUrl\":\"https:\/\/balatonneked.com\/wp-content\/uploads\/2019\/07\/red-bull.jpg\",\"width\":1470,\"height\":600},{\"@type\":\"BreadcrumbList\",\"@id\":\"https:\/\/balatonneked.com\/2019\/07\/10\/red-bull-air-race-2019\/#breadcrumb\",\"itemListElement\":[{\"@type\":\"ListItem\",\"position\":1,\"name\":\"Kezd\u0151lap\",\"item\":\"https:\/\/balatonneked.com\/\"},{\"@type\":\"ListItem\",\"position\":2,\"name\":\"Red Bull Air Race 2019\"}]},{\"@type\":\"WebSite\",\"@id\":\"https:\/\/balatonneked.com\/#website\",\"url\":\"https:\/\/balatonneked.com\/\",\"name\":\"BALATON NEKED\",\"description\":\"A Balaton leginformat\u00edvabb magazinja\",\"publisher\":{\"@id\":\"https:\/\/balatonneked.com\/#organization\"},\"potentialAction\":[{\"@type\":\"SearchAction\",\"target\":{\"@type\":\"EntryPoint\",\"urlTemplate\":\"https:\/\/balatonneked.com\/?s={search_term_string}\"},\"query-input\":{\"@type\":\"PropertyValueSpecification\",\"valueRequired\":true,\"valueName\":\"search_term_string\"}}],\"inLanguage\":\"en-GB\"},{\"@type\":\"Organization\",\"@id\":\"https:\/\/balatonneked.com\/#organization\",\"name\":\"BalatonNeked\",\"url\":\"https:\/\/balatonneked.com\/\",\"logo\":{\"@type\":\"ImageObject\",\"inLanguage\":\"en-GB\",\"@id\":\"https:\/\/balatonneked.com\/#\/schema\/logo\/image\/\",\"url\":\"https:\/\/balatonneked.com\/wp-content\/uploads\/2019\/05\/bnekedlogo.png\",\"contentUrl\":\"https:\/\/balatonneked.com\/wp-content\/uploads\/2019\/05\/bnekedlogo.png\",\"width\":750,\"height\":750,\"caption\":\"BalatonNeked\"},\"image\":{\"@id\":\"https:\/\/balatonneked.com\/#\/schema\/logo\/image\/\"},\"sameAs\":[\"https:\/\/www.facebook.com\/BalatonNeked\"]},{\"@type\":\"Person\",\"@id\":\"https:\/\/balatonneked.com\/#\/schema\/person\/6abf551dbe3d5531af60e216ef9b16aa\",\"name\":\"-\",\"image\":{\"@type\":\"ImageObject\",\"inLanguage\":\"en-GB\",\"@id\":\"https:\/\/balatonneked.com\/#\/schema\/person\/image\/\",\"url\":\"https:\/\/secure.gravatar.com\/avatar\/7bcf602c35eea1fdd5dcb5698f42149adc1fb65510ae8b284cdf111a453a6c37?s=96&d=mm&r=g\",\"contentUrl\":\"https:\/\/secure.gravatar.com\/avatar\/7bcf602c35eea1fdd5dcb5698f42149adc1fb65510ae8b284cdf111a453a6c37?s=96&d=mm&r=g\",\"caption\":\"-\"},\"url\":\"https:\/\/balatonneked.com\/en\/author\/tamasildiko\/\"}]}<\/script>\n<!-- \/ Yoast SEO plugin. -->","yoast_head_json":{"title":"Red Bull Air Race 2019 - BALATON NEKED","robots":{"index":"index","follow":"follow","max-snippet":"max-snippet:-1","max-image-preview":"max-image-preview:large","max-video-preview":"max-video-preview:-1"},"canonical":"https:\/\/balatonneked.com\/en\/2019\/07\/10\/red-bull-air-race-2019\/","og_locale":"en_GB","og_type":"article","og_title":"Red Bull Air Race 2019 - BALATON NEKED","og_description":"Most h\u00e9tv\u00e9g\u00e9n Zam\u00e1rdiban rendezik meg a Red Bull Air Race 2019-es rep\u00fcl\u0151s vil\u00e1gkupa magyarorsz\u00e1gi futam\u00e1t, amihez persze kell egy rep\u00fcl\u0151t\u00e9r is, ahonnan a versenyz\u0151 g\u00e9pek felsz\u00e1llhatnak, \u00e9s ahol felk\u00e9sz\u00edthetik \u0151ket a versenyre. Ez a rep\u00fcl\u0151t\u00e9r nem m\u00e1s mint a Veszpr\u00e9m k\u00f6zeli szentkir\u00e1lyszabadjai egykori katonai rep\u00fcl\u0151t\u00e9r, ahol m\u00e1r kor\u00e1bban fel\u00e9p\u00edtett\u00e9k a rep\u00fcl\u0151g\u00e9pek kiszolg\u00e1l\u00e1s\u00e1ra alkalmas hang\u00e1rokat \u00e9s [&hellip;]","og_url":"https:\/\/balatonneked.com\/en\/2019\/07\/10\/red-bull-air-race-2019\/","og_site_name":"BALATON NEKED","article_publisher":"https:\/\/www.facebook.com\/BalatonNeked","article_published_time":"2019-07-10T14:31:02+00:00","og_image":[{"width":1470,"height":600,"url":"https:\/\/balatonneked.com\/wp-content\/uploads\/2019\/07\/red-bull.jpg","type":"image\/jpeg"}],"author":"-","twitter_card":"summary_large_image","twitter_misc":{"Written by":"-","Estimated reading time":"1 minute"},"schema":{"@context":"https:\/\/schema.org","@graph":[{"@type":"Article","@id":"https:\/\/balatonneked.com\/2019\/07\/10\/red-bull-air-race-2019\/#article","isPartOf":{"@id":"https:\/\/balatonneked.com\/2019\/07\/10\/red-bull-air-race-2019\/"},"author":{"name":"-","@id":"https:\/\/balatonneked.com\/#\/schema\/person\/6abf551dbe3d5531af60e216ef9b16aa"},"headline":"Red Bull Air Race 2019","datePublished":"2019-07-10T14:31:02+00:00","mainEntityOfPage":{"@id":"https:\/\/balatonneked.com\/2019\/07\/10\/red-bull-air-race-2019\/"},"wordCount":220,"commentCount":0,"publisher":{"@id":"https:\/\/balatonneked.com\/#organization"},"image":{"@id":"https:\/\/balatonneked.com\/2019\/07\/10\/red-bull-air-race-2019\/#primaryimage"},"thumbnailUrl":"https:\/\/balatonneked.com\/wp-content\/uploads\/2019\/07\/red-bull.jpg","keywords":["Programaj\u00e1nl\u00f3","sport","Zam\u00e1rdi"],"articleSection":["H\u00edrek"],"inLanguage":"en-GB","potentialAction":[{"@type":"CommentAction","name":"Comment","target":["https:\/\/balatonneked.com\/2019\/07\/10\/red-bull-air-race-2019\/#respond"]}]},{"@type":"WebPage","@id":"https:\/\/balatonneked.com\/2019\/07\/10\/red-bull-air-race-2019\/","url":"https:\/\/balatonneked.com\/2019\/07\/10\/red-bull-air-race-2019\/","name":"Red Bull Air Race 2019 - BALATON NEKED","isPartOf":{"@id":"https:\/\/balatonneked.com\/#website"},"primaryImageOfPage":{"@id":"https:\/\/balatonneked.com\/2019\/07\/10\/red-bull-air-race-2019\/#primaryimage"},"image":{"@id":"https:\/\/balatonneked.com\/2019\/07\/10\/red-bull-air-race-2019\/#primaryimage"},"thumbnailUrl":"https:\/\/balatonneked.com\/wp-content\/uploads\/2019\/07\/red-bull.jpg","datePublished":"2019-07-10T14:31:02+00:00","breadcrumb":{"@id":"https:\/\/balatonneked.com\/2019\/07\/10\/red-bull-air-race-2019\/#breadcrumb"},"inLanguage":"en-GB","potentialAction":[{"@type":"ReadAction","target":["https:\/\/balatonneked.com\/2019\/07\/10\/red-bull-air-race-2019\/"]}]},{"@type":"ImageObject","inLanguage":"en-GB","@id":"https:\/\/balatonneked.com\/2019\/07\/10\/red-bull-air-race-2019\/#primaryimage","url":"https:\/\/balatonneked.com\/wp-content\/uploads\/2019\/07\/red-bull.jpg","contentUrl":"https:\/\/balatonneked.com\/wp-content\/uploads\/2019\/07\/red-bull.jpg","width":1470,"height":600},{"@type":"BreadcrumbList","@id":"https:\/\/balatonneked.com\/2019\/07\/10\/red-bull-air-race-2019\/#breadcrumb","itemListElement":[{"@type":"ListItem","position":1,"name":"Kezd\u0151lap","item":"https:\/\/balatonneked.com\/"},{"@type":"ListItem","position":2,"name":"Red Bull Air Race 2019"}]},{"@type":"WebSite","@id":"https:\/\/balatonneked.com\/#website","url":"https:\/\/balatonneked.com\/","name":"BALATON NEKED","description":"A Balaton leginformat\u00edvabb magazinja","publisher":{"@id":"https:\/\/balatonneked.com\/#organization"},"potentialAction":[{"@type":"SearchAction","target":{"@type":"EntryPoint","urlTemplate":"https:\/\/balatonneked.com\/?s={search_term_string}"},"query-input":{"@type":"PropertyValueSpecification","valueRequired":true,"valueName":"search_term_string"}}],"inLanguage":"en-GB"},{"@type":"Organization","@id":"https:\/\/balatonneked.com\/#organization","name":"BalatonNeked","url":"https:\/\/balatonneked.com\/","logo":{"@type":"ImageObject","inLanguage":"en-GB","@id":"https:\/\/balatonneked.com\/#\/schema\/logo\/image\/","url":"https:\/\/balatonneked.com\/wp-content\/uploads\/2019\/05\/bnekedlogo.png","contentUrl":"https:\/\/balatonneked.com\/wp-content\/uploads\/2019\/05\/bnekedlogo.png","width":750,"height":750,"caption":"BalatonNeked"},"image":{"@id":"https:\/\/balatonneked.com\/#\/schema\/logo\/image\/"},"sameAs":["https:\/\/www.facebook.com\/BalatonNeked"]},{"@type":"Person","@id":"https:\/\/balatonneked.com\/#\/schema\/person\/6abf551dbe3d5531af60e216ef9b16aa","name":"-","image":{"@type":"ImageObject","inLanguage":"en-GB","@id":"https:\/\/balatonneked.com\/#\/schema\/person\/image\/","url":"https:\/\/secure.gravatar.com\/avatar\/7bcf602c35eea1fdd5dcb5698f42149adc1fb65510ae8b284cdf111a453a6c37?s=96&d=mm&r=g","contentUrl":"https:\/\/secure.gravatar.com\/avatar\/7bcf602c35eea1fdd5dcb5698f42149adc1fb65510ae8b284cdf111a453a6c37?s=96&d=mm&r=g","caption":"-"},"url":"https:\/\/balatonneked.com\/en\/author\/tamasildiko\/"}]}},"_links":{"self":[{"href":"https:\/\/balatonneked.com\/en\/wp-json\/wp\/v2\/posts\/2415","targetHints":{"allow":["GET"]}}],"collection":[{"href":"https:\/\/balatonneked.com\/en\/wp-json\/wp\/v2\/posts"}],"about":[{"href":"https:\/\/balatonneked.com\/en\/wp-json\/wp\/v2\/types\/post"}],"author":[{"embeddable":true,"href":"https:\/\/balatonneked.com\/en\/wp-json\/wp\/v2\/users\/2"}],"replies":[{"embeddable":true,"href":"https:\/\/balatonneked.com\/en\/wp-json\/wp\/v2\/comments?post=2415"}],"version-history":[{"count":1,"href":"https:\/\/balatonneked.com\/en\/wp-json\/wp\/v2\/posts\/2415\/revisions"}],"predecessor-version":[{"id":2417,"href":"https:\/\/balatonneked.com\/en\/wp-json\/wp\/v2\/posts\/2415\/revisions\/2417"}],"wp:featuredmedia":[{"embeddable":true,"href":"https:\/\/balatonneked.com\/en\/wp-json\/wp\/v2\/media\/2416"}],"wp:attachment":[{"href":"https:\/\/balatonneked.com\/en\/wp-json\/wp\/v2\/media?parent=2415"}],"wp:term":[{"taxonomy":"category","embeddable":true,"href":"https:\/\/balatonneked.com\/en\/wp-json\/wp\/v2\/categories?post=2415"},{"taxonomy":"post_tag","embeddable":true,"href":"https:\/\/balatonneked.com\/en\/wp-json\/wp\/v2\/tags?post=2415"}],"curies":[{"name":"wp","href":"https:\/\/api.w.org\/{rel}","templated":true}]}}