{"id":2403,"date":"2019-07-02T20:36:33","date_gmt":"2019-07-02T20:36:33","guid":{"rendered":"http:\/\/balatonneked.com\/?p=2403"},"modified":"2019-07-02T20:36:58","modified_gmt":"2019-07-02T20:36:58","slug":"spirit-of-balaton-2019","status":"publish","type":"post","link":"https:\/\/balatonneked.com\/en\/2019\/07\/02\/spirit-of-balaton-2019\/","title":{"rendered":"Spirit of Balaton 2019"},"content":{"rendered":"<p><strong>A 2019-es Spirit of Balaton id\u0151pontja: 2019. j\u00falius 6. szombat 8:00 \u00f3ra.<\/strong><\/p>\n<p>A\u00a0<strong>Spirit of Balaton<\/strong>\u00a0minden \u00e9v j\u00falius\u00e1nak els\u0151 szombatj\u00e1n megrendezett, 24 \u00f3r\u00e1s Balaton k\u00f6r\u00fcli ker\u00e9kp\u00e1ros \u00e9lm\u00e9ny- \u00e9s teljes\u00edtm\u00e9nyt\u00fara, \u00fatvonala Balatonm\u00e1riaf\u00fcrd\u0151 f\u0151ter\u00e9r\u0151l indul az \u00e9szaki part ir\u00e1ny\u00e1ba, majd a t\u00f3 megker\u00fcl\u00e9s\u00e9vel a d\u00e9li parton t\u00e9r vissza kiindul\u00e1si pontj\u00e1ra. A t\u00fara \u00fatvonal\u00e1n a r\u00e9sztvev\u0151ket sz\u00e1mos helyen v\u00e1rja a polg\u00e1rmesteri hivatalok \u00e9s helyi egyes\u00fcletek \u00e1ltal m\u0171k\u00f6dtetett pecs\u00e9tel\u0151\u00e1llom\u00e1s, ahol a regisztr\u00e1lt r\u00e9sztvev\u0151k sz\u00e1m\u00e1ra kik\u00fcld\u00f6tt \u00e9s kinyomtathat\u00f3 pecs\u00e9tk\u00f6nyvbe \u00f6sszegy\u0171jthet\u0151k a t\u00fara sor\u00e1n \u00e9rintett Balaton-parti telep\u00fcl\u00e9sek pecs\u00e9tjei. Az \u00e1llom\u00e1sok egy r\u00e9sze a rendezv\u00e9ny teljes id\u0151tartama alatt, 24 \u00f3r\u00e1n kereszt\u00fcl m\u0171k\u00f6dik, kisebb r\u00e9sz\u00fck csak a nappali \u00f3r\u00e1kban.<\/p>\n<p>A Spirit of Balaton hivatalos rajtja Balatonm\u00e1riaf\u00fcrd\u0151n van, de a pecs\u00e9tek gy\u0171jt\u00e9s\u00e9t b\u00e1rmelyik pecs\u00e9tel\u0151\u00e1llom\u00e1son meg lehet kezdeni \u00e9s be lehet fejezni. A rendezv\u00e9nyhez a hivatalos rajtid\u0151pontn\u00e1l k\u00e9s\u0151bb is lehet csatlakozni, egy\u00e9nileg \u00e9s csapatban is. A t\u00fara hossza kb. 220 km, a tihanyi komppal r\u00f6vid\u00edtve kb. 150 km.<\/p>\n<p>(forr\u00e1s: Spirit of Balaton)<\/p>","protected":false},"excerpt":{"rendered":"<p>A 2019-es Spirit of Balaton id\u0151pontja: 2019. j\u00falius 6. szombat 8:00 \u00f3ra. A\u00a0Spirit of Balaton\u00a0minden \u00e9v j\u00falius\u00e1nak els\u0151 szombatj\u00e1n megrendezett, 24 \u00f3r\u00e1s Balaton k\u00f6r\u00fcli ker\u00e9kp\u00e1ros \u00e9lm\u00e9ny- \u00e9s teljes\u00edtm\u00e9nyt\u00fara, \u00fatvonala Balatonm\u00e1riaf\u00fcrd\u0151 f\u0151ter\u00e9r\u0151l indul az \u00e9szaki part ir\u00e1ny\u00e1ba, majd a t\u00f3 megker\u00fcl\u00e9s\u00e9vel a d\u00e9li parton t\u00e9r vissza kiindul\u00e1si pontj\u00e1ra. A t\u00fara \u00fatvonal\u00e1n a r\u00e9sztvev\u0151ket sz\u00e1mos helyen v\u00e1rja [&hellip;]<\/p>","protected":false},"author":2,"featured_media":2404,"comment_status":"open","ping_status":"open","sticky":false,"template":"","format":"standard","meta":{"_acf_changed":false,"footnotes":""},"categories":[155],"tags":[72,199,172,92],"class_list":["post-2403","post","type-post","status-publish","format-standard","has-post-thumbnail","hentry","category-hirek","tag-balaton","tag-ket-kereken","tag-programajanlo","tag-sport"],"acf":[],"yoast_head":"<!-- This site is optimized with the Yoast SEO plugin v25.1 - https:\/\/yoast.com\/wordpress\/plugins\/seo\/ -->\n<title>Spirit of Balaton 2019 - BALATON NEKED<\/title>\n<meta name=\"robots\" content=\"index, follow, max-snippet:-1, max-image-preview:large, max-video-preview:-1\" \/>\n<link rel=\"canonical\" href=\"https:\/\/balatonneked.com\/en\/2019\/07\/02\/spirit-of-balaton-2019\/\" \/>\n<meta property=\"og:locale\" content=\"en_GB\" \/>\n<meta property=\"og:type\" content=\"article\" \/>\n<meta property=\"og:title\" content=\"Spirit of Balaton 2019 - BALATON NEKED\" \/>\n<meta property=\"og:description\" content=\"A 2019-es Spirit of Balaton id\u0151pontja: 2019. j\u00falius 6. szombat 8:00 \u00f3ra. A\u00a0Spirit of Balaton\u00a0minden \u00e9v j\u00falius\u00e1nak els\u0151 szombatj\u00e1n megrendezett, 24 \u00f3r\u00e1s Balaton k\u00f6r\u00fcli ker\u00e9kp\u00e1ros \u00e9lm\u00e9ny- \u00e9s teljes\u00edtm\u00e9nyt\u00fara, \u00fatvonala Balatonm\u00e1riaf\u00fcrd\u0151 f\u0151ter\u00e9r\u0151l indul az \u00e9szaki part ir\u00e1ny\u00e1ba, majd a t\u00f3 megker\u00fcl\u00e9s\u00e9vel a d\u00e9li parton t\u00e9r vissza kiindul\u00e1si pontj\u00e1ra. A t\u00fara \u00fatvonal\u00e1n a r\u00e9sztvev\u0151ket sz\u00e1mos helyen v\u00e1rja [&hellip;]\" \/>\n<meta property=\"og:url\" content=\"https:\/\/balatonneked.com\/en\/2019\/07\/02\/spirit-of-balaton-2019\/\" \/>\n<meta property=\"og:site_name\" content=\"BALATON NEKED\" \/>\n<meta property=\"article:publisher\" content=\"https:\/\/www.facebook.com\/BalatonNeked\" \/>\n<meta property=\"article:published_time\" content=\"2019-07-02T20:36:33+00:00\" \/>\n<meta property=\"article:modified_time\" content=\"2019-07-02T20:36:58+00:00\" \/>\n<meta property=\"og:image\" content=\"https:\/\/balatonneked.com\/wp-content\/uploads\/2019\/07\/spiritofbalaton-logo-maxi.jpg\" \/>\n\t<meta property=\"og:image:width\" content=\"1653\" \/>\n\t<meta property=\"og:image:height\" content=\"2338\" \/>\n\t<meta property=\"og:image:type\" content=\"image\/jpeg\" \/>\n<meta name=\"author\" content=\"-\" \/>\n<meta name=\"twitter:card\" content=\"summary_large_image\" \/>\n<meta name=\"twitter:label1\" content=\"Written by\" \/>\n\t<meta name=\"twitter:data1\" content=\"-\" \/>\n\t<meta name=\"twitter:label2\" content=\"Estimated reading time\" \/>\n\t<meta name=\"twitter:data2\" content=\"1 minute\" \/>\n<script type=\"application\/ld+json\" class=\"yoast-schema-graph\">{\"@context\":\"https:\/\/schema.org\",\"@graph\":[{\"@type\":\"Article\",\"@id\":\"https:\/\/balatonneked.com\/2019\/07\/02\/spirit-of-balaton-2019\/#article\",\"isPartOf\":{\"@id\":\"https:\/\/balatonneked.com\/2019\/07\/02\/spirit-of-balaton-2019\/\"},\"author\":{\"name\":\"-\",\"@id\":\"https:\/\/balatonneked.com\/#\/schema\/person\/6abf551dbe3d5531af60e216ef9b16aa\"},\"headline\":\"Spirit of Balaton 2019\",\"datePublished\":\"2019-07-02T20:36:33+00:00\",\"dateModified\":\"2019-07-02T20:36:58+00:00\",\"mainEntityOfPage\":{\"@id\":\"https:\/\/balatonneked.com\/2019\/07\/02\/spirit-of-balaton-2019\/\"},\"wordCount\":238,\"commentCount\":0,\"publisher\":{\"@id\":\"https:\/\/balatonneked.com\/#organization\"},\"image\":{\"@id\":\"https:\/\/balatonneked.com\/2019\/07\/02\/spirit-of-balaton-2019\/#primaryimage\"},\"thumbnailUrl\":\"https:\/\/balatonneked.com\/wp-content\/uploads\/2019\/07\/spiritofbalaton-logo-maxi.jpg\",\"keywords\":[\"Balaton\",\"k\u00e9t ker\u00e9ken\",\"Programaj\u00e1nl\u00f3\",\"sport\"],\"articleSection\":[\"H\u00edrek\"],\"inLanguage\":\"en-GB\",\"potentialAction\":[{\"@type\":\"CommentAction\",\"name\":\"Comment\",\"target\":[\"https:\/\/balatonneked.com\/2019\/07\/02\/spirit-of-balaton-2019\/#respond\"]}]},{\"@type\":\"WebPage\",\"@id\":\"https:\/\/balatonneked.com\/2019\/07\/02\/spirit-of-balaton-2019\/\",\"url\":\"https:\/\/balatonneked.com\/2019\/07\/02\/spirit-of-balaton-2019\/\",\"name\":\"Spirit of Balaton 2019 - BALATON NEKED\",\"isPartOf\":{\"@id\":\"https:\/\/balatonneked.com\/#website\"},\"primaryImageOfPage\":{\"@id\":\"https:\/\/balatonneked.com\/2019\/07\/02\/spirit-of-balaton-2019\/#primaryimage\"},\"image\":{\"@id\":\"https:\/\/balatonneked.com\/2019\/07\/02\/spirit-of-balaton-2019\/#primaryimage\"},\"thumbnailUrl\":\"https:\/\/balatonneked.com\/wp-content\/uploads\/2019\/07\/spiritofbalaton-logo-maxi.jpg\",\"datePublished\":\"2019-07-02T20:36:33+00:00\",\"dateModified\":\"2019-07-02T20:36:58+00:00\",\"breadcrumb\":{\"@id\":\"https:\/\/balatonneked.com\/2019\/07\/02\/spirit-of-balaton-2019\/#breadcrumb\"},\"inLanguage\":\"en-GB\",\"potentialAction\":[{\"@type\":\"ReadAction\",\"target\":[\"https:\/\/balatonneked.com\/2019\/07\/02\/spirit-of-balaton-2019\/\"]}]},{\"@type\":\"ImageObject\",\"inLanguage\":\"en-GB\",\"@id\":\"https:\/\/balatonneked.com\/2019\/07\/02\/spirit-of-balaton-2019\/#primaryimage\",\"url\":\"https:\/\/balatonneked.com\/wp-content\/uploads\/2019\/07\/spiritofbalaton-logo-maxi.jpg\",\"contentUrl\":\"https:\/\/balatonneked.com\/wp-content\/uploads\/2019\/07\/spiritofbalaton-logo-maxi.jpg\",\"width\":1653,\"height\":2338},{\"@type\":\"BreadcrumbList\",\"@id\":\"https:\/\/balatonneked.com\/2019\/07\/02\/spirit-of-balaton-2019\/#breadcrumb\",\"itemListElement\":[{\"@type\":\"ListItem\",\"position\":1,\"name\":\"Kezd\u0151lap\",\"item\":\"https:\/\/balatonneked.com\/\"},{\"@type\":\"ListItem\",\"position\":2,\"name\":\"Spirit of Balaton 2019\"}]},{\"@type\":\"WebSite\",\"@id\":\"https:\/\/balatonneked.com\/#website\",\"url\":\"https:\/\/balatonneked.com\/\",\"name\":\"BALATON NEKED\",\"description\":\"A Balaton leginformat\u00edvabb magazinja\",\"publisher\":{\"@id\":\"https:\/\/balatonneked.com\/#organization\"},\"potentialAction\":[{\"@type\":\"SearchAction\",\"target\":{\"@type\":\"EntryPoint\",\"urlTemplate\":\"https:\/\/balatonneked.com\/?s={search_term_string}\"},\"query-input\":{\"@type\":\"PropertyValueSpecification\",\"valueRequired\":true,\"valueName\":\"search_term_string\"}}],\"inLanguage\":\"en-GB\"},{\"@type\":\"Organization\",\"@id\":\"https:\/\/balatonneked.com\/#organization\",\"name\":\"BalatonNeked\",\"url\":\"https:\/\/balatonneked.com\/\",\"logo\":{\"@type\":\"ImageObject\",\"inLanguage\":\"en-GB\",\"@id\":\"https:\/\/balatonneked.com\/#\/schema\/logo\/image\/\",\"url\":\"https:\/\/balatonneked.com\/wp-content\/uploads\/2019\/05\/bnekedlogo.png\",\"contentUrl\":\"https:\/\/balatonneked.com\/wp-content\/uploads\/2019\/05\/bnekedlogo.png\",\"width\":750,\"height\":750,\"caption\":\"BalatonNeked\"},\"image\":{\"@id\":\"https:\/\/balatonneked.com\/#\/schema\/logo\/image\/\"},\"sameAs\":[\"https:\/\/www.facebook.com\/BalatonNeked\"]},{\"@type\":\"Person\",\"@id\":\"https:\/\/balatonneked.com\/#\/schema\/person\/6abf551dbe3d5531af60e216ef9b16aa\",\"name\":\"-\",\"image\":{\"@type\":\"ImageObject\",\"inLanguage\":\"en-GB\",\"@id\":\"https:\/\/balatonneked.com\/#\/schema\/person\/image\/\",\"url\":\"https:\/\/secure.gravatar.com\/avatar\/7bcf602c35eea1fdd5dcb5698f42149adc1fb65510ae8b284cdf111a453a6c37?s=96&d=mm&r=g\",\"contentUrl\":\"https:\/\/secure.gravatar.com\/avatar\/7bcf602c35eea1fdd5dcb5698f42149adc1fb65510ae8b284cdf111a453a6c37?s=96&d=mm&r=g\",\"caption\":\"-\"},\"url\":\"https:\/\/balatonneked.com\/en\/author\/tamasildiko\/\"}]}<\/script>\n<!-- \/ Yoast SEO plugin. -->","yoast_head_json":{"title":"Spirit of Balaton 2019 - BALATON NEKED","robots":{"index":"index","follow":"follow","max-snippet":"max-snippet:-1","max-image-preview":"max-image-preview:large","max-video-preview":"max-video-preview:-1"},"canonical":"https:\/\/balatonneked.com\/en\/2019\/07\/02\/spirit-of-balaton-2019\/","og_locale":"en_GB","og_type":"article","og_title":"Spirit of Balaton 2019 - BALATON NEKED","og_description":"A 2019-es Spirit of Balaton id\u0151pontja: 2019. j\u00falius 6. szombat 8:00 \u00f3ra. A\u00a0Spirit of Balaton\u00a0minden \u00e9v j\u00falius\u00e1nak els\u0151 szombatj\u00e1n megrendezett, 24 \u00f3r\u00e1s Balaton k\u00f6r\u00fcli ker\u00e9kp\u00e1ros \u00e9lm\u00e9ny- \u00e9s teljes\u00edtm\u00e9nyt\u00fara, \u00fatvonala Balatonm\u00e1riaf\u00fcrd\u0151 f\u0151ter\u00e9r\u0151l indul az \u00e9szaki part ir\u00e1ny\u00e1ba, majd a t\u00f3 megker\u00fcl\u00e9s\u00e9vel a d\u00e9li parton t\u00e9r vissza kiindul\u00e1si pontj\u00e1ra. A t\u00fara \u00fatvonal\u00e1n a r\u00e9sztvev\u0151ket sz\u00e1mos helyen v\u00e1rja [&hellip;]","og_url":"https:\/\/balatonneked.com\/en\/2019\/07\/02\/spirit-of-balaton-2019\/","og_site_name":"BALATON NEKED","article_publisher":"https:\/\/www.facebook.com\/BalatonNeked","article_published_time":"2019-07-02T20:36:33+00:00","article_modified_time":"2019-07-02T20:36:58+00:00","og_image":[{"width":1653,"height":2338,"url":"https:\/\/balatonneked.com\/wp-content\/uploads\/2019\/07\/spiritofbalaton-logo-maxi.jpg","type":"image\/jpeg"}],"author":"-","twitter_card":"summary_large_image","twitter_misc":{"Written by":"-","Estimated reading time":"1 minute"},"schema":{"@context":"https:\/\/schema.org","@graph":[{"@type":"Article","@id":"https:\/\/balatonneked.com\/2019\/07\/02\/spirit-of-balaton-2019\/#article","isPartOf":{"@id":"https:\/\/balatonneked.com\/2019\/07\/02\/spirit-of-balaton-2019\/"},"author":{"name":"-","@id":"https:\/\/balatonneked.com\/#\/schema\/person\/6abf551dbe3d5531af60e216ef9b16aa"},"headline":"Spirit of Balaton 2019","datePublished":"2019-07-02T20:36:33+00:00","dateModified":"2019-07-02T20:36:58+00:00","mainEntityOfPage":{"@id":"https:\/\/balatonneked.com\/2019\/07\/02\/spirit-of-balaton-2019\/"},"wordCount":238,"commentCount":0,"publisher":{"@id":"https:\/\/balatonneked.com\/#organization"},"image":{"@id":"https:\/\/balatonneked.com\/2019\/07\/02\/spirit-of-balaton-2019\/#primaryimage"},"thumbnailUrl":"https:\/\/balatonneked.com\/wp-content\/uploads\/2019\/07\/spiritofbalaton-logo-maxi.jpg","keywords":["Balaton","k\u00e9t ker\u00e9ken","Programaj\u00e1nl\u00f3","sport"],"articleSection":["H\u00edrek"],"inLanguage":"en-GB","potentialAction":[{"@type":"CommentAction","name":"Comment","target":["https:\/\/balatonneked.com\/2019\/07\/02\/spirit-of-balaton-2019\/#respond"]}]},{"@type":"WebPage","@id":"https:\/\/balatonneked.com\/2019\/07\/02\/spirit-of-balaton-2019\/","url":"https:\/\/balatonneked.com\/2019\/07\/02\/spirit-of-balaton-2019\/","name":"Spirit of Balaton 2019 - BALATON NEKED","isPartOf":{"@id":"https:\/\/balatonneked.com\/#website"},"primaryImageOfPage":{"@id":"https:\/\/balatonneked.com\/2019\/07\/02\/spirit-of-balaton-2019\/#primaryimage"},"image":{"@id":"https:\/\/balatonneked.com\/2019\/07\/02\/spirit-of-balaton-2019\/#primaryimage"},"thumbnailUrl":"https:\/\/balatonneked.com\/wp-content\/uploads\/2019\/07\/spiritofbalaton-logo-maxi.jpg","datePublished":"2019-07-02T20:36:33+00:00","dateModified":"2019-07-02T20:36:58+00:00","breadcrumb":{"@id":"https:\/\/balatonneked.com\/2019\/07\/02\/spirit-of-balaton-2019\/#breadcrumb"},"inLanguage":"en-GB","potentialAction":[{"@type":"ReadAction","target":["https:\/\/balatonneked.com\/2019\/07\/02\/spirit-of-balaton-2019\/"]}]},{"@type":"ImageObject","inLanguage":"en-GB","@id":"https:\/\/balatonneked.com\/2019\/07\/02\/spirit-of-balaton-2019\/#primaryimage","url":"https:\/\/balatonneked.com\/wp-content\/uploads\/2019\/07\/spiritofbalaton-logo-maxi.jpg","contentUrl":"https:\/\/balatonneked.com\/wp-content\/uploads\/2019\/07\/spiritofbalaton-logo-maxi.jpg","width":1653,"height":2338},{"@type":"BreadcrumbList","@id":"https:\/\/balatonneked.com\/2019\/07\/02\/spirit-of-balaton-2019\/#breadcrumb","itemListElement":[{"@type":"ListItem","position":1,"name":"Kezd\u0151lap","item":"https:\/\/balatonneked.com\/"},{"@type":"ListItem","position":2,"name":"Spirit of Balaton 2019"}]},{"@type":"WebSite","@id":"https:\/\/balatonneked.com\/#website","url":"https:\/\/balatonneked.com\/","name":"BALATON NEKED","description":"A Balaton leginformat\u00edvabb magazinja","publisher":{"@id":"https:\/\/balatonneked.com\/#organization"},"potentialAction":[{"@type":"SearchAction","target":{"@type":"EntryPoint","urlTemplate":"https:\/\/balatonneked.com\/?s={search_term_string}"},"query-input":{"@type":"PropertyValueSpecification","valueRequired":true,"valueName":"search_term_string"}}],"inLanguage":"en-GB"},{"@type":"Organization","@id":"https:\/\/balatonneked.com\/#organization","name":"BalatonNeked","url":"https:\/\/balatonneked.com\/","logo":{"@type":"ImageObject","inLanguage":"en-GB","@id":"https:\/\/balatonneked.com\/#\/schema\/logo\/image\/","url":"https:\/\/balatonneked.com\/wp-content\/uploads\/2019\/05\/bnekedlogo.png","contentUrl":"https:\/\/balatonneked.com\/wp-content\/uploads\/2019\/05\/bnekedlogo.png","width":750,"height":750,"caption":"BalatonNeked"},"image":{"@id":"https:\/\/balatonneked.com\/#\/schema\/logo\/image\/"},"sameAs":["https:\/\/www.facebook.com\/BalatonNeked"]},{"@type":"Person","@id":"https:\/\/balatonneked.com\/#\/schema\/person\/6abf551dbe3d5531af60e216ef9b16aa","name":"-","image":{"@type":"ImageObject","inLanguage":"en-GB","@id":"https:\/\/balatonneked.com\/#\/schema\/person\/image\/","url":"https:\/\/secure.gravatar.com\/avatar\/7bcf602c35eea1fdd5dcb5698f42149adc1fb65510ae8b284cdf111a453a6c37?s=96&d=mm&r=g","contentUrl":"https:\/\/secure.gravatar.com\/avatar\/7bcf602c35eea1fdd5dcb5698f42149adc1fb65510ae8b284cdf111a453a6c37?s=96&d=mm&r=g","caption":"-"},"url":"https:\/\/balatonneked.com\/en\/author\/tamasildiko\/"}]}},"_links":{"self":[{"href":"https:\/\/balatonneked.com\/en\/wp-json\/wp\/v2\/posts\/2403","targetHints":{"allow":["GET"]}}],"collection":[{"href":"https:\/\/balatonneked.com\/en\/wp-json\/wp\/v2\/posts"}],"about":[{"href":"https:\/\/balatonneked.com\/en\/wp-json\/wp\/v2\/types\/post"}],"author":[{"embeddable":true,"href":"https:\/\/balatonneked.com\/en\/wp-json\/wp\/v2\/users\/2"}],"replies":[{"embeddable":true,"href":"https:\/\/balatonneked.com\/en\/wp-json\/wp\/v2\/comments?post=2403"}],"version-history":[{"count":2,"href":"https:\/\/balatonneked.com\/en\/wp-json\/wp\/v2\/posts\/2403\/revisions"}],"predecessor-version":[{"id":2406,"href":"https:\/\/balatonneked.com\/en\/wp-json\/wp\/v2\/posts\/2403\/revisions\/2406"}],"wp:featuredmedia":[{"embeddable":true,"href":"https:\/\/balatonneked.com\/en\/wp-json\/wp\/v2\/media\/2404"}],"wp:attachment":[{"href":"https:\/\/balatonneked.com\/en\/wp-json\/wp\/v2\/media?parent=2403"}],"wp:term":[{"taxonomy":"category","embeddable":true,"href":"https:\/\/balatonneked.com\/en\/wp-json\/wp\/v2\/categories?post=2403"},{"taxonomy":"post_tag","embeddable":true,"href":"https:\/\/balatonneked.com\/en\/wp-json\/wp\/v2\/tags?post=2403"}],"curies":[{"name":"wp","href":"https:\/\/api.w.org\/{rel}","templated":true}]}}