{"id":2386,"date":"2019-06-27T16:15:36","date_gmt":"2019-06-27T16:15:36","guid":{"rendered":"http:\/\/balatonneked.com\/?p=2386"},"modified":"2019-06-27T16:15:36","modified_gmt":"2019-06-27T16:15:36","slug":"iden-is-varja-a-latogatokat-a-balaton-fesztival","status":"publish","type":"post","link":"https:\/\/balatonneked.com\/en\/2019\/06\/27\/iden-is-varja-a-latogatokat-a-balaton-fesztival\/","title":{"rendered":"Id\u00e9n is v\u00e1rja a l\u00e1togat\u00f3kat a Balaton Fesztiv\u00e1l"},"content":{"rendered":"<div class=\"articleLead\">\n<p>Harmadik alkalommal v\u00e1rja l\u00e1togat\u00f3it a Balaton Fesztiv\u00e1l j\u00fanius 27. \u00e9s 30. k\u00f6z\u00f6tt. Az ingyenes csal\u00e1di gasztrofesztiv\u00e1l id\u00e9n m\u00e9g nagyobb ter\u00fcleten k\u00edn\u00e1l eg\u00e9sz h\u00e9tv\u00e9g\u00e9s sz\u00f3rakoz\u00e1st minden koroszt\u00e1ly sz\u00e1m\u00e1ra Balatonkenes\u00e9n.<\/p>\n<\/div>\n<div class=\"hms-banner-wrapper roadblock\">\n<div class=\"goa3empty\" data-zoneid-desktop=\"4986036\" data-zoneid-mobile=\"4986038\" data-zoneid-displayrule=\"768\">A Balaton Fesztiv\u00e1l minden \u00e9vben\u00a0<strong>\u00fajat \u00e9s k\u00fcl\u00f6nlegeset ad a r\u00e9sztvev\u0151knek.<\/strong>\u00a0Id\u00e9n a csal\u00e1dok sz\u00f3rakoztat\u00e1s\u00e1ra \u00e9s a napk\u00f6zbeni aktivit\u00e1sokra fektettek nagyobb hangs\u00falyt a szervez\u0151k. A fesztiv\u00e1lteret balatoni \u00e9lm\u00e9nyparkkal, labirintussal \u00e9s mez\u00edtl\u00e1bas \u00f6sv\u00e9nnyel, valamint \u00edzek \u00e9s mesters\u00e9gek utc\u00e1j\u00e1val b\u0151v\u00edtett\u00e9k ki.<\/div>\n<div data-zoneid-desktop=\"4986036\" data-zoneid-mobile=\"4986038\" data-zoneid-displayrule=\"768\">\n<p>A szervez\u0151k kiemelten fontosnak tartj\u00e1k a k\u00f6rny\u00e9k \u00e9s a\u00a0<strong>Balaton kult\u00far\u00e1j\u00e1nak bemutat\u00e1s\u00e1t<\/strong>, term\u00e9szetk\u00f6zeli anyagok tudatos haszn\u00e1lat\u00e1t. Ez\u00e9rt olyan k\u00e9zm\u0171ves-foglalkoz\u00e1sokat \u00e1ll\u00edtottak \u00f6ssze, amelyek k\u00f6rnyezettudatos \u00e9s \u00fajrahasznos\u00edtott alapanyagokb\u00f3l tev\u0151dnek \u00f6ssze \u2013 mondta el.<\/p>\n<p>Az aktivit\u00e1sok\u00a0<strong>f\u0151 t\u00e9m\u00e1ja id\u00e9n a Balaton lesz.<\/strong>\u00a0A k\u00f6nnyed ismeretterjeszt\u00e9st seg\u00edti majd A mi Balatonunk c\u00edm\u0171 ki\u00e1ll\u00edt\u00e1s. A gyermekeknek is k\u00fcl\u00f6n programokkal k\u00e9sz\u00fclnek: lesz b\u00e1bel\u0151ad\u00e1s, verses-mes\u00e9s m\u0171sorok, valamint gyermek zenekarok is fell\u00e9pnek az erre k\u00fcl\u00f6n fel\u00e1ll\u00edtott junior sz\u00ednpadon. A feln\u0151tteket pedig\u00a0<strong>esti koncertek\u00a0<\/strong>v\u00e1rj\u00e1k a Sz\u00e9chenyi parkban.<\/p>\n<p>(hirado.hu)<\/p>\n<\/div>\n<\/div>","protected":false},"excerpt":{"rendered":"<p>Harmadik alkalommal v\u00e1rja l\u00e1togat\u00f3it a Balaton Fesztiv\u00e1l j\u00fanius 27. \u00e9s 30. k\u00f6z\u00f6tt. Az ingyenes csal\u00e1di gasztrofesztiv\u00e1l id\u00e9n m\u00e9g nagyobb ter\u00fcleten k\u00edn\u00e1l eg\u00e9sz h\u00e9tv\u00e9g\u00e9s sz\u00f3rakoz\u00e1st minden koroszt\u00e1ly sz\u00e1m\u00e1ra Balatonkenes\u00e9n. A Balaton Fesztiv\u00e1l minden \u00e9vben\u00a0\u00fajat \u00e9s k\u00fcl\u00f6nlegeset ad a r\u00e9sztvev\u0151knek.\u00a0Id\u00e9n a csal\u00e1dok sz\u00f3rakoztat\u00e1s\u00e1ra \u00e9s a napk\u00f6zbeni aktivit\u00e1sokra fektettek nagyobb hangs\u00falyt a szervez\u0151k. A fesztiv\u00e1lteret balatoni \u00e9lm\u00e9nyparkkal, labirintussal [&hellip;]<\/p>","protected":false},"author":2,"featured_media":2332,"comment_status":"open","ping_status":"open","sticky":false,"template":"","format":"standard","meta":{"_acf_changed":false,"footnotes":""},"categories":[155],"tags":[138,172],"class_list":["post-2386","post","type-post","status-publish","format-standard","has-post-thumbnail","hentry","category-hirek","tag-balatonkenese","tag-programajanlo"],"acf":[],"yoast_head":"<!-- This site is optimized with the Yoast SEO plugin v25.1 - https:\/\/yoast.com\/wordpress\/plugins\/seo\/ -->\n<title>Id\u00e9n is v\u00e1rja a l\u00e1togat\u00f3kat a Balaton Fesztiv\u00e1l - BALATON NEKED<\/title>\n<meta name=\"robots\" content=\"index, follow, max-snippet:-1, max-image-preview:large, max-video-preview:-1\" \/>\n<link rel=\"canonical\" href=\"https:\/\/balatonneked.com\/en\/2019\/06\/27\/iden-is-varja-a-latogatokat-a-balaton-fesztival\/\" \/>\n<meta property=\"og:locale\" content=\"en_GB\" \/>\n<meta property=\"og:type\" content=\"article\" \/>\n<meta property=\"og:title\" content=\"Id\u00e9n is v\u00e1rja a l\u00e1togat\u00f3kat a Balaton Fesztiv\u00e1l - BALATON NEKED\" \/>\n<meta property=\"og:description\" content=\"Harmadik alkalommal v\u00e1rja l\u00e1togat\u00f3it a Balaton Fesztiv\u00e1l j\u00fanius 27. \u00e9s 30. k\u00f6z\u00f6tt. Az ingyenes csal\u00e1di gasztrofesztiv\u00e1l id\u00e9n m\u00e9g nagyobb ter\u00fcleten k\u00edn\u00e1l eg\u00e9sz h\u00e9tv\u00e9g\u00e9s sz\u00f3rakoz\u00e1st minden koroszt\u00e1ly sz\u00e1m\u00e1ra Balatonkenes\u00e9n. A Balaton Fesztiv\u00e1l minden \u00e9vben\u00a0\u00fajat \u00e9s k\u00fcl\u00f6nlegeset ad a r\u00e9sztvev\u0151knek.\u00a0Id\u00e9n a csal\u00e1dok sz\u00f3rakoztat\u00e1s\u00e1ra \u00e9s a napk\u00f6zbeni aktivit\u00e1sokra fektettek nagyobb hangs\u00falyt a szervez\u0151k. A fesztiv\u00e1lteret balatoni \u00e9lm\u00e9nyparkkal, labirintussal [&hellip;]\" \/>\n<meta property=\"og:url\" content=\"https:\/\/balatonneked.com\/en\/2019\/06\/27\/iden-is-varja-a-latogatokat-a-balaton-fesztival\/\" \/>\n<meta property=\"og:site_name\" content=\"BALATON NEKED\" \/>\n<meta property=\"article:publisher\" content=\"https:\/\/www.facebook.com\/BalatonNeked\" \/>\n<meta property=\"article:published_time\" content=\"2019-06-27T16:15:36+00:00\" \/>\n<meta property=\"og:image\" content=\"https:\/\/balatonneked.com\/wp-content\/uploads\/2019\/06\/balatonfesztkenese.jpg\" \/>\n\t<meta property=\"og:image:width\" content=\"1200\" \/>\n\t<meta property=\"og:image:height\" content=\"724\" \/>\n\t<meta property=\"og:image:type\" content=\"image\/jpeg\" \/>\n<meta name=\"author\" content=\"-\" \/>\n<meta name=\"twitter:card\" content=\"summary_large_image\" \/>\n<meta name=\"twitter:label1\" content=\"Written by\" \/>\n\t<meta name=\"twitter:data1\" content=\"-\" \/>\n\t<meta name=\"twitter:label2\" content=\"Estimated reading time\" \/>\n\t<meta name=\"twitter:data2\" content=\"1 minute\" \/>\n<script type=\"application\/ld+json\" class=\"yoast-schema-graph\">{\"@context\":\"https:\/\/schema.org\",\"@graph\":[{\"@type\":\"Article\",\"@id\":\"https:\/\/balatonneked.com\/2019\/06\/27\/iden-is-varja-a-latogatokat-a-balaton-fesztival\/#article\",\"isPartOf\":{\"@id\":\"https:\/\/balatonneked.com\/2019\/06\/27\/iden-is-varja-a-latogatokat-a-balaton-fesztival\/\"},\"author\":{\"name\":\"-\",\"@id\":\"https:\/\/balatonneked.com\/#\/schema\/person\/6abf551dbe3d5531af60e216ef9b16aa\"},\"headline\":\"Id\u00e9n is v\u00e1rja a l\u00e1togat\u00f3kat a Balaton Fesztiv\u00e1l\",\"datePublished\":\"2019-06-27T16:15:36+00:00\",\"mainEntityOfPage\":{\"@id\":\"https:\/\/balatonneked.com\/2019\/06\/27\/iden-is-varja-a-latogatokat-a-balaton-fesztival\/\"},\"wordCount\":259,\"commentCount\":0,\"publisher\":{\"@id\":\"https:\/\/balatonneked.com\/#organization\"},\"image\":{\"@id\":\"https:\/\/balatonneked.com\/2019\/06\/27\/iden-is-varja-a-latogatokat-a-balaton-fesztival\/#primaryimage\"},\"thumbnailUrl\":\"https:\/\/balatonneked.com\/wp-content\/uploads\/2019\/06\/balatonfesztkenese.jpg\",\"keywords\":[\"Balatonkenese\",\"Programaj\u00e1nl\u00f3\"],\"articleSection\":[\"H\u00edrek\"],\"inLanguage\":\"en-GB\",\"potentialAction\":[{\"@type\":\"CommentAction\",\"name\":\"Comment\",\"target\":[\"https:\/\/balatonneked.com\/2019\/06\/27\/iden-is-varja-a-latogatokat-a-balaton-fesztival\/#respond\"]}]},{\"@type\":\"WebPage\",\"@id\":\"https:\/\/balatonneked.com\/2019\/06\/27\/iden-is-varja-a-latogatokat-a-balaton-fesztival\/\",\"url\":\"https:\/\/balatonneked.com\/2019\/06\/27\/iden-is-varja-a-latogatokat-a-balaton-fesztival\/\",\"name\":\"Id\u00e9n is v\u00e1rja a l\u00e1togat\u00f3kat a Balaton Fesztiv\u00e1l - BALATON NEKED\",\"isPartOf\":{\"@id\":\"https:\/\/balatonneked.com\/#website\"},\"primaryImageOfPage\":{\"@id\":\"https:\/\/balatonneked.com\/2019\/06\/27\/iden-is-varja-a-latogatokat-a-balaton-fesztival\/#primaryimage\"},\"image\":{\"@id\":\"https:\/\/balatonneked.com\/2019\/06\/27\/iden-is-varja-a-latogatokat-a-balaton-fesztival\/#primaryimage\"},\"thumbnailUrl\":\"https:\/\/balatonneked.com\/wp-content\/uploads\/2019\/06\/balatonfesztkenese.jpg\",\"datePublished\":\"2019-06-27T16:15:36+00:00\",\"breadcrumb\":{\"@id\":\"https:\/\/balatonneked.com\/2019\/06\/27\/iden-is-varja-a-latogatokat-a-balaton-fesztival\/#breadcrumb\"},\"inLanguage\":\"en-GB\",\"potentialAction\":[{\"@type\":\"ReadAction\",\"target\":[\"https:\/\/balatonneked.com\/2019\/06\/27\/iden-is-varja-a-latogatokat-a-balaton-fesztival\/\"]}]},{\"@type\":\"ImageObject\",\"inLanguage\":\"en-GB\",\"@id\":\"https:\/\/balatonneked.com\/2019\/06\/27\/iden-is-varja-a-latogatokat-a-balaton-fesztival\/#primaryimage\",\"url\":\"https:\/\/balatonneked.com\/wp-content\/uploads\/2019\/06\/balatonfesztkenese.jpg\",\"contentUrl\":\"https:\/\/balatonneked.com\/wp-content\/uploads\/2019\/06\/balatonfesztkenese.jpg\",\"width\":1200,\"height\":724},{\"@type\":\"BreadcrumbList\",\"@id\":\"https:\/\/balatonneked.com\/2019\/06\/27\/iden-is-varja-a-latogatokat-a-balaton-fesztival\/#breadcrumb\",\"itemListElement\":[{\"@type\":\"ListItem\",\"position\":1,\"name\":\"Kezd\u0151lap\",\"item\":\"https:\/\/balatonneked.com\/\"},{\"@type\":\"ListItem\",\"position\":2,\"name\":\"Id\u00e9n is v\u00e1rja a l\u00e1togat\u00f3kat a Balaton Fesztiv\u00e1l\"}]},{\"@type\":\"WebSite\",\"@id\":\"https:\/\/balatonneked.com\/#website\",\"url\":\"https:\/\/balatonneked.com\/\",\"name\":\"BALATON NEKED\",\"description\":\"A Balaton leginformat\u00edvabb magazinja\",\"publisher\":{\"@id\":\"https:\/\/balatonneked.com\/#organization\"},\"potentialAction\":[{\"@type\":\"SearchAction\",\"target\":{\"@type\":\"EntryPoint\",\"urlTemplate\":\"https:\/\/balatonneked.com\/?s={search_term_string}\"},\"query-input\":{\"@type\":\"PropertyValueSpecification\",\"valueRequired\":true,\"valueName\":\"search_term_string\"}}],\"inLanguage\":\"en-GB\"},{\"@type\":\"Organization\",\"@id\":\"https:\/\/balatonneked.com\/#organization\",\"name\":\"BalatonNeked\",\"url\":\"https:\/\/balatonneked.com\/\",\"logo\":{\"@type\":\"ImageObject\",\"inLanguage\":\"en-GB\",\"@id\":\"https:\/\/balatonneked.com\/#\/schema\/logo\/image\/\",\"url\":\"https:\/\/balatonneked.com\/wp-content\/uploads\/2019\/05\/bnekedlogo.png\",\"contentUrl\":\"https:\/\/balatonneked.com\/wp-content\/uploads\/2019\/05\/bnekedlogo.png\",\"width\":750,\"height\":750,\"caption\":\"BalatonNeked\"},\"image\":{\"@id\":\"https:\/\/balatonneked.com\/#\/schema\/logo\/image\/\"},\"sameAs\":[\"https:\/\/www.facebook.com\/BalatonNeked\"]},{\"@type\":\"Person\",\"@id\":\"https:\/\/balatonneked.com\/#\/schema\/person\/6abf551dbe3d5531af60e216ef9b16aa\",\"name\":\"-\",\"image\":{\"@type\":\"ImageObject\",\"inLanguage\":\"en-GB\",\"@id\":\"https:\/\/balatonneked.com\/#\/schema\/person\/image\/\",\"url\":\"https:\/\/secure.gravatar.com\/avatar\/7bcf602c35eea1fdd5dcb5698f42149adc1fb65510ae8b284cdf111a453a6c37?s=96&d=mm&r=g\",\"contentUrl\":\"https:\/\/secure.gravatar.com\/avatar\/7bcf602c35eea1fdd5dcb5698f42149adc1fb65510ae8b284cdf111a453a6c37?s=96&d=mm&r=g\",\"caption\":\"-\"},\"url\":\"https:\/\/balatonneked.com\/en\/author\/tamasildiko\/\"}]}<\/script>\n<!-- \/ Yoast SEO plugin. -->","yoast_head_json":{"title":"Id\u00e9n is v\u00e1rja a l\u00e1togat\u00f3kat a Balaton Fesztiv\u00e1l - BALATON NEKED","robots":{"index":"index","follow":"follow","max-snippet":"max-snippet:-1","max-image-preview":"max-image-preview:large","max-video-preview":"max-video-preview:-1"},"canonical":"https:\/\/balatonneked.com\/en\/2019\/06\/27\/iden-is-varja-a-latogatokat-a-balaton-fesztival\/","og_locale":"en_GB","og_type":"article","og_title":"Id\u00e9n is v\u00e1rja a l\u00e1togat\u00f3kat a Balaton Fesztiv\u00e1l - BALATON NEKED","og_description":"Harmadik alkalommal v\u00e1rja l\u00e1togat\u00f3it a Balaton Fesztiv\u00e1l j\u00fanius 27. \u00e9s 30. k\u00f6z\u00f6tt. Az ingyenes csal\u00e1di gasztrofesztiv\u00e1l id\u00e9n m\u00e9g nagyobb ter\u00fcleten k\u00edn\u00e1l eg\u00e9sz h\u00e9tv\u00e9g\u00e9s sz\u00f3rakoz\u00e1st minden koroszt\u00e1ly sz\u00e1m\u00e1ra Balatonkenes\u00e9n. A Balaton Fesztiv\u00e1l minden \u00e9vben\u00a0\u00fajat \u00e9s k\u00fcl\u00f6nlegeset ad a r\u00e9sztvev\u0151knek.\u00a0Id\u00e9n a csal\u00e1dok sz\u00f3rakoztat\u00e1s\u00e1ra \u00e9s a napk\u00f6zbeni aktivit\u00e1sokra fektettek nagyobb hangs\u00falyt a szervez\u0151k. A fesztiv\u00e1lteret balatoni \u00e9lm\u00e9nyparkkal, labirintussal [&hellip;]","og_url":"https:\/\/balatonneked.com\/en\/2019\/06\/27\/iden-is-varja-a-latogatokat-a-balaton-fesztival\/","og_site_name":"BALATON NEKED","article_publisher":"https:\/\/www.facebook.com\/BalatonNeked","article_published_time":"2019-06-27T16:15:36+00:00","og_image":[{"width":1200,"height":724,"url":"https:\/\/balatonneked.com\/wp-content\/uploads\/2019\/06\/balatonfesztkenese.jpg","type":"image\/jpeg"}],"author":"-","twitter_card":"summary_large_image","twitter_misc":{"Written by":"-","Estimated reading time":"1 minute"},"schema":{"@context":"https:\/\/schema.org","@graph":[{"@type":"Article","@id":"https:\/\/balatonneked.com\/2019\/06\/27\/iden-is-varja-a-latogatokat-a-balaton-fesztival\/#article","isPartOf":{"@id":"https:\/\/balatonneked.com\/2019\/06\/27\/iden-is-varja-a-latogatokat-a-balaton-fesztival\/"},"author":{"name":"-","@id":"https:\/\/balatonneked.com\/#\/schema\/person\/6abf551dbe3d5531af60e216ef9b16aa"},"headline":"Id\u00e9n is v\u00e1rja a l\u00e1togat\u00f3kat a Balaton Fesztiv\u00e1l","datePublished":"2019-06-27T16:15:36+00:00","mainEntityOfPage":{"@id":"https:\/\/balatonneked.com\/2019\/06\/27\/iden-is-varja-a-latogatokat-a-balaton-fesztival\/"},"wordCount":259,"commentCount":0,"publisher":{"@id":"https:\/\/balatonneked.com\/#organization"},"image":{"@id":"https:\/\/balatonneked.com\/2019\/06\/27\/iden-is-varja-a-latogatokat-a-balaton-fesztival\/#primaryimage"},"thumbnailUrl":"https:\/\/balatonneked.com\/wp-content\/uploads\/2019\/06\/balatonfesztkenese.jpg","keywords":["Balatonkenese","Programaj\u00e1nl\u00f3"],"articleSection":["H\u00edrek"],"inLanguage":"en-GB","potentialAction":[{"@type":"CommentAction","name":"Comment","target":["https:\/\/balatonneked.com\/2019\/06\/27\/iden-is-varja-a-latogatokat-a-balaton-fesztival\/#respond"]}]},{"@type":"WebPage","@id":"https:\/\/balatonneked.com\/2019\/06\/27\/iden-is-varja-a-latogatokat-a-balaton-fesztival\/","url":"https:\/\/balatonneked.com\/2019\/06\/27\/iden-is-varja-a-latogatokat-a-balaton-fesztival\/","name":"Id\u00e9n is v\u00e1rja a l\u00e1togat\u00f3kat a Balaton Fesztiv\u00e1l - BALATON NEKED","isPartOf":{"@id":"https:\/\/balatonneked.com\/#website"},"primaryImageOfPage":{"@id":"https:\/\/balatonneked.com\/2019\/06\/27\/iden-is-varja-a-latogatokat-a-balaton-fesztival\/#primaryimage"},"image":{"@id":"https:\/\/balatonneked.com\/2019\/06\/27\/iden-is-varja-a-latogatokat-a-balaton-fesztival\/#primaryimage"},"thumbnailUrl":"https:\/\/balatonneked.com\/wp-content\/uploads\/2019\/06\/balatonfesztkenese.jpg","datePublished":"2019-06-27T16:15:36+00:00","breadcrumb":{"@id":"https:\/\/balatonneked.com\/2019\/06\/27\/iden-is-varja-a-latogatokat-a-balaton-fesztival\/#breadcrumb"},"inLanguage":"en-GB","potentialAction":[{"@type":"ReadAction","target":["https:\/\/balatonneked.com\/2019\/06\/27\/iden-is-varja-a-latogatokat-a-balaton-fesztival\/"]}]},{"@type":"ImageObject","inLanguage":"en-GB","@id":"https:\/\/balatonneked.com\/2019\/06\/27\/iden-is-varja-a-latogatokat-a-balaton-fesztival\/#primaryimage","url":"https:\/\/balatonneked.com\/wp-content\/uploads\/2019\/06\/balatonfesztkenese.jpg","contentUrl":"https:\/\/balatonneked.com\/wp-content\/uploads\/2019\/06\/balatonfesztkenese.jpg","width":1200,"height":724},{"@type":"BreadcrumbList","@id":"https:\/\/balatonneked.com\/2019\/06\/27\/iden-is-varja-a-latogatokat-a-balaton-fesztival\/#breadcrumb","itemListElement":[{"@type":"ListItem","position":1,"name":"Kezd\u0151lap","item":"https:\/\/balatonneked.com\/"},{"@type":"ListItem","position":2,"name":"Id\u00e9n is v\u00e1rja a l\u00e1togat\u00f3kat a Balaton Fesztiv\u00e1l"}]},{"@type":"WebSite","@id":"https:\/\/balatonneked.com\/#website","url":"https:\/\/balatonneked.com\/","name":"BALATON NEKED","description":"A Balaton leginformat\u00edvabb magazinja","publisher":{"@id":"https:\/\/balatonneked.com\/#organization"},"potentialAction":[{"@type":"SearchAction","target":{"@type":"EntryPoint","urlTemplate":"https:\/\/balatonneked.com\/?s={search_term_string}"},"query-input":{"@type":"PropertyValueSpecification","valueRequired":true,"valueName":"search_term_string"}}],"inLanguage":"en-GB"},{"@type":"Organization","@id":"https:\/\/balatonneked.com\/#organization","name":"BalatonNeked","url":"https:\/\/balatonneked.com\/","logo":{"@type":"ImageObject","inLanguage":"en-GB","@id":"https:\/\/balatonneked.com\/#\/schema\/logo\/image\/","url":"https:\/\/balatonneked.com\/wp-content\/uploads\/2019\/05\/bnekedlogo.png","contentUrl":"https:\/\/balatonneked.com\/wp-content\/uploads\/2019\/05\/bnekedlogo.png","width":750,"height":750,"caption":"BalatonNeked"},"image":{"@id":"https:\/\/balatonneked.com\/#\/schema\/logo\/image\/"},"sameAs":["https:\/\/www.facebook.com\/BalatonNeked"]},{"@type":"Person","@id":"https:\/\/balatonneked.com\/#\/schema\/person\/6abf551dbe3d5531af60e216ef9b16aa","name":"-","image":{"@type":"ImageObject","inLanguage":"en-GB","@id":"https:\/\/balatonneked.com\/#\/schema\/person\/image\/","url":"https:\/\/secure.gravatar.com\/avatar\/7bcf602c35eea1fdd5dcb5698f42149adc1fb65510ae8b284cdf111a453a6c37?s=96&d=mm&r=g","contentUrl":"https:\/\/secure.gravatar.com\/avatar\/7bcf602c35eea1fdd5dcb5698f42149adc1fb65510ae8b284cdf111a453a6c37?s=96&d=mm&r=g","caption":"-"},"url":"https:\/\/balatonneked.com\/en\/author\/tamasildiko\/"}]}},"_links":{"self":[{"href":"https:\/\/balatonneked.com\/en\/wp-json\/wp\/v2\/posts\/2386","targetHints":{"allow":["GET"]}}],"collection":[{"href":"https:\/\/balatonneked.com\/en\/wp-json\/wp\/v2\/posts"}],"about":[{"href":"https:\/\/balatonneked.com\/en\/wp-json\/wp\/v2\/types\/post"}],"author":[{"embeddable":true,"href":"https:\/\/balatonneked.com\/en\/wp-json\/wp\/v2\/users\/2"}],"replies":[{"embeddable":true,"href":"https:\/\/balatonneked.com\/en\/wp-json\/wp\/v2\/comments?post=2386"}],"version-history":[{"count":1,"href":"https:\/\/balatonneked.com\/en\/wp-json\/wp\/v2\/posts\/2386\/revisions"}],"predecessor-version":[{"id":2387,"href":"https:\/\/balatonneked.com\/en\/wp-json\/wp\/v2\/posts\/2386\/revisions\/2387"}],"wp:featuredmedia":[{"embeddable":true,"href":"https:\/\/balatonneked.com\/en\/wp-json\/wp\/v2\/media\/2332"}],"wp:attachment":[{"href":"https:\/\/balatonneked.com\/en\/wp-json\/wp\/v2\/media?parent=2386"}],"wp:term":[{"taxonomy":"category","embeddable":true,"href":"https:\/\/balatonneked.com\/en\/wp-json\/wp\/v2\/categories?post=2386"},{"taxonomy":"post_tag","embeddable":true,"href":"https:\/\/balatonneked.com\/en\/wp-json\/wp\/v2\/tags?post=2386"}],"curies":[{"name":"wp","href":"https:\/\/api.w.org\/{rel}","templated":true}]}}