{"id":2381,"date":"2019-06-26T17:52:30","date_gmt":"2019-06-26T17:52:30","guid":{"rendered":"http:\/\/balatonneked.com\/?p=2381"},"modified":"2019-06-26T17:52:30","modified_gmt":"2019-06-26T17:52:30","slug":"jotekonysagi-golfversenyt-tartott-a-balaton-golf-klub","status":"publish","type":"post","link":"https:\/\/balatonneked.com\/en\/2019\/06\/26\/jotekonysagi-golfversenyt-tartott-a-balaton-golf-klub\/","title":{"rendered":"J\u00f3t\u00e9konys\u00e1gi golfversenyt tartott a Balaton Golf Klub"},"content":{"rendered":"<p>Egyed\u00fcl\u00e1ll\u00f3 \u00e9s rendhagy\u00f3 j\u00f3t\u00e9konys\u00e1gi golfversenyt tartottak a balatonudvari Balaton Golf Klubn\u00e1l a h\u00e9tv\u00e9g\u00e9n.<\/p>\n<p>A klub eln\u00f6ke ifj. Tringer L\u00e1szl\u00f3 elmondta, az idei Levendula Kup\u00e1n r\u00e9szt vett sportol\u00f3k nevez\u00e9si d\u00edj\u00e1t a klub a Fogadj \u00d6r\u00f6kbe Egy Macit Alap\u00edtv\u00e1ny fogyat\u00e9kkal \u00e9l\u0151 dolgoz\u00f3inak aj\u00e1nlotta fel.<\/p>\n<p>A golf klub eln\u00f6ke fontosnak tartja, hogy sikeresen m\u0171k\u00f6djenek azok a kezdem\u00e9nyez\u00e9sek, amelyek fogyat\u00e9kkal \u00e9l\u0151k munkav\u00e1llal\u00e1s\u00e1t seg\u00edtik.\u00a0Az anyagi t\u00e1mogat\u00e1son t\u00fal a megv\u00e1ltozott munkak\u00e9pess\u00e9g\u0171ek kir\u00e1ndul\u00e1suk alkalm\u00e1val \u00e9letre sz\u00f3l\u00f3 \u00e9lm\u00e9nnyel is gazdagodtak: kipr\u00f3b\u00e1lt\u00e1k a golfoz\u00e1st, bej\u00e1rt\u00e1k a t\u00f6bb hekt\u00e1rnyi fest\u0151i sz\u00e9ps\u00e9g\u0171 p\u00e1ly\u00e1t, majd megh\u00f3d\u00edtott\u00e1k a Hegyest\u0171t.<\/p>\n<p>A 2012-ben T\u00f6r\u00f6csik Mari, Kossuth- \u00e9s J\u00e1szai Mari-d\u00edjas m\u0171v\u00e9szn\u0151, a Nemzet Sz\u00edn\u00e9sze \u00e9s K\u00e1r\u00e1sz R\u00f3bert telev\u00edzi\u00f3s m\u0171sorvezet\u0151 \u00e1ltal l\u00e9trehozott alap\u00edtv\u00e1nynak a c\u00e9lkit\u0171z\u00e9se, hogy r\u00e1ir\u00e1ny\u00edtsa a figyelmet a megv\u00e1ltozott munkak\u00e9pess\u00e9g\u0171ek aktu\u00e1lis munkahelyteremt\u00e9s\u00e9nek fontoss\u00e1g\u00e1ra, t\u00e1mogatva a fogyat\u00e9koss\u00e1ggal \u00e9l\u0151 szem\u00e9lyek t\u00e1rsadalmi integr\u00e1ci\u00f3j\u00e1t. A fent eml\u00edtett alap\u00edtv\u00e1ny\u00a03 \u00e9vvel ezel\u0151tt nyitotta meg speci\u00e1lis k\u00e1v\u00e9z\u00f3j\u00e1t \u00e9s mozij\u00e1t Budapesten, az egykori V\u00f6r\u00f6smarty mozi hely\u00e9n.<\/p>\n<p>A Premier Kultcaf\u00e9ban Down szindr\u00f3m\u00e1sok, autist\u00e1k \u00e9s \u00e9rtelmi s\u00e9r\u00fcltek dolgoznak.\u00a0K\u00e1r\u00e1sz R\u00f3bert elmondta, hat megv\u00e1ltozott munkak\u00e9pess\u00e9g\u0171 alkalmazottal kezdt\u00e9k a k\u00e1v\u00e9z\u00f3 m\u0171k\u00f6d\u00e9s\u00e9t, jelenleg tizenketten dolgoznak m\u00e1r.<\/p>\n<p>\u2013 Az elm\u00falt h\u00e1rom esztend\u0151 alatt \u00f6sszesen huszonegy fogyat\u00e9kkal \u00e9l\u0151 v\u00e1llalt n\u00e1lunk munk\u00e1t. Voltak, akik t\u0151l\u00fcnk tov\u00e1bb mentek, tal\u00e1ltak \u00e1ll\u00e1st a munkaer\u0151piacon. Nagyon fontos a munk\u00e1nk azon r\u00e9sze, hogy ne csak \u00e1ll\u00e1st biztos\u00edtsunk a fogyat\u00e9kkal \u00e9l\u0151k sz\u00e1m\u00e1ra, hanem megmutassuk a k\u00fclvil\u00e1gnak,\u00a0van l\u00e9tjogosults\u00e1ga annak, hogy megv\u00e1ltozott munkak\u00e9pess\u00e9g\u0171ket foglalkoztassanak. Sz\u00e1mos pozit\u00edv tulajdons\u00e1guk mellett kijelenthet\u0151: nagyon prec\u00edzen, al\u00e1zatosan v\u00e9gzik a r\u00e1juk b\u00edzott feladatot. Terveink szerint 2020-ra megnyitjuk a m\u00e1sodik Kultcaf\u00e9t a belv\u00e1rosban. A bar\u00e1ti k\u00f6r\u00f6mnek mindig azt szoktam mondani, hogy eddigi \u00e9letem sor\u00e1n a legjobb munka \u00e9s a legjobb csapat, ami k\u00f6r\u00fclvesz. A napjaim jelent\u0151s sz\u00e1zal\u00e9k\u00e1t vel\u00fck t\u00f6lt\u00f6m- jegyezte meg K\u00e1r\u00e1sz R\u00f3bert.<\/p>\n<p>A besz\u00e9lget\u00e9sb\u0151l megtudtuk, a n\u00e9pszer\u0171 t\u00e9v\u00e9s, m\u0171sorvezet\u0151, minden \u00e9vben n\u00e9h\u00e1ny alkalommal elviszi csapat\u00e1t, vagy ahogy \u0151 fogalmazott m\u00e1sodik csal\u00e1dj\u00e1t egy k\u00f6z\u00f6s kir\u00e1ndul\u00e1sra, felt\u00f6lt\u0151d\u00e9sre. Emellett az is fontos, hogy az alap\u00edtv\u00e1nyt megtal\u00e1lj\u00e1k azok a partnerek, t\u00e1mogat\u00f3k, akik elismerik munk\u00e1jukat.<\/p>\n<p>A klub felaj\u00e1nl\u00e1s\u00e1nak k\u00f6sz\u00f6nhet\u0151en a nap folyam\u00e1n k\u00f6z\u00f6s nevet\u00e9sb\u0151l, term\u00e9szeti sz\u00e9ps\u00e9gek megtekint\u00e9s\u00e9b\u0151l nem volt hi\u00e1ny, mindenkiben gy\u0171ltek az \u00e9lm\u00e9nyek. Az alap\u00edtv\u00e1ny v\u00e9g\u00fcl a Levendula Kupa nevez\u00e9si d\u00edj\u00e1b\u00f3l \u00e9s a d\u00e9lut\u00e1ni, egy golf \u00fct\u00e9s ezer forintot \u00e9r\u0151 \u00fcgyess\u00e9gi verseny alatt \u00f6sszegy\u0171lt \u00f6sszegb\u0151l \u00f6sszesen 200 ezer forint t\u00e1mogat\u00e1sban r\u00e9szes\u00fclt. &#8211; adta h\u00edr\u00fcl a Veszpr\u00e9m megyei h\u00edrport\u00e1l.<\/p>\n<p>(bor\u00edt\u00f3k\u00e9p: Borsos Ren\u00e1ta\/Napl\u00f3)<\/p>","protected":false},"excerpt":{"rendered":"<p>Egyed\u00fcl\u00e1ll\u00f3 \u00e9s rendhagy\u00f3 j\u00f3t\u00e9konys\u00e1gi golfversenyt tartottak a balatonudvari Balaton Golf Klubn\u00e1l a h\u00e9tv\u00e9g\u00e9n. A klub eln\u00f6ke ifj. Tringer L\u00e1szl\u00f3 elmondta, az idei Levendula Kup\u00e1n r\u00e9szt vett sportol\u00f3k nevez\u00e9si d\u00edj\u00e1t a klub a Fogadj \u00d6r\u00f6kbe Egy Macit Alap\u00edtv\u00e1ny fogyat\u00e9kkal \u00e9l\u0151 dolgoz\u00f3inak aj\u00e1nlotta fel. A golf klub eln\u00f6ke fontosnak tartja, hogy sikeresen m\u0171k\u00f6djenek azok a kezdem\u00e9nyez\u00e9sek, amelyek [&hellip;]<\/p>","protected":false},"author":2,"featured_media":2382,"comment_status":"open","ping_status":"open","sticky":false,"template":"","format":"standard","meta":{"_acf_changed":false,"footnotes":""},"categories":[155],"tags":[91,228,226,227],"class_list":["post-2381","post","type-post","status-publish","format-standard","has-post-thumbnail","hentry","category-hirek","tag-balatonudvari","tag-eselyegyenloseg","tag-golf","tag-jotekonysag"],"acf":[],"yoast_head":"<!-- This site is optimized with the Yoast SEO plugin v25.1 - https:\/\/yoast.com\/wordpress\/plugins\/seo\/ -->\n<title>J\u00f3t\u00e9konys\u00e1gi golfversenyt tartott a Balaton Golf Klub - BALATON NEKED<\/title>\n<meta name=\"robots\" content=\"index, follow, max-snippet:-1, max-image-preview:large, max-video-preview:-1\" \/>\n<link rel=\"canonical\" href=\"https:\/\/balatonneked.com\/en\/2019\/06\/26\/jotekonysagi-golfversenyt-tartott-a-balaton-golf-klub\/\" \/>\n<meta property=\"og:locale\" content=\"en_GB\" \/>\n<meta property=\"og:type\" content=\"article\" \/>\n<meta property=\"og:title\" content=\"J\u00f3t\u00e9konys\u00e1gi golfversenyt tartott a Balaton Golf Klub - BALATON NEKED\" \/>\n<meta property=\"og:description\" content=\"Egyed\u00fcl\u00e1ll\u00f3 \u00e9s rendhagy\u00f3 j\u00f3t\u00e9konys\u00e1gi golfversenyt tartottak a balatonudvari Balaton Golf Klubn\u00e1l a h\u00e9tv\u00e9g\u00e9n. A klub eln\u00f6ke ifj. Tringer L\u00e1szl\u00f3 elmondta, az idei Levendula Kup\u00e1n r\u00e9szt vett sportol\u00f3k nevez\u00e9si d\u00edj\u00e1t a klub a Fogadj \u00d6r\u00f6kbe Egy Macit Alap\u00edtv\u00e1ny fogyat\u00e9kkal \u00e9l\u0151 dolgoz\u00f3inak aj\u00e1nlotta fel. A golf klub eln\u00f6ke fontosnak tartja, hogy sikeresen m\u0171k\u00f6djenek azok a kezdem\u00e9nyez\u00e9sek, amelyek [&hellip;]\" \/>\n<meta property=\"og:url\" content=\"https:\/\/balatonneked.com\/en\/2019\/06\/26\/jotekonysagi-golfversenyt-tartott-a-balaton-golf-klub\/\" \/>\n<meta property=\"og:site_name\" content=\"BALATON NEKED\" \/>\n<meta property=\"article:publisher\" content=\"https:\/\/www.facebook.com\/BalatonNeked\" \/>\n<meta property=\"article:published_time\" content=\"2019-06-26T17:52:30+00:00\" \/>\n<meta property=\"og:image\" content=\"https:\/\/balatonneked.com\/wp-content\/uploads\/2019\/06\/golf.jpg\" \/>\n\t<meta property=\"og:image:width\" content=\"750\" \/>\n\t<meta property=\"og:image:height\" content=\"1000\" \/>\n\t<meta property=\"og:image:type\" content=\"image\/jpeg\" \/>\n<meta name=\"author\" content=\"-\" \/>\n<meta name=\"twitter:card\" content=\"summary_large_image\" \/>\n<meta name=\"twitter:label1\" content=\"Written by\" \/>\n\t<meta name=\"twitter:data1\" content=\"-\" \/>\n\t<meta name=\"twitter:label2\" content=\"Estimated reading time\" \/>\n\t<meta name=\"twitter:data2\" content=\"3 minutes\" \/>\n<script type=\"application\/ld+json\" class=\"yoast-schema-graph\">{\"@context\":\"https:\/\/schema.org\",\"@graph\":[{\"@type\":\"Article\",\"@id\":\"https:\/\/balatonneked.com\/2019\/06\/26\/jotekonysagi-golfversenyt-tartott-a-balaton-golf-klub\/#article\",\"isPartOf\":{\"@id\":\"https:\/\/balatonneked.com\/2019\/06\/26\/jotekonysagi-golfversenyt-tartott-a-balaton-golf-klub\/\"},\"author\":{\"name\":\"-\",\"@id\":\"https:\/\/balatonneked.com\/#\/schema\/person\/6abf551dbe3d5531af60e216ef9b16aa\"},\"headline\":\"J\u00f3t\u00e9konys\u00e1gi golfversenyt tartott a Balaton Golf Klub\",\"datePublished\":\"2019-06-26T17:52:30+00:00\",\"mainEntityOfPage\":{\"@id\":\"https:\/\/balatonneked.com\/2019\/06\/26\/jotekonysagi-golfversenyt-tartott-a-balaton-golf-klub\/\"},\"wordCount\":637,\"commentCount\":0,\"publisher\":{\"@id\":\"https:\/\/balatonneked.com\/#organization\"},\"image\":{\"@id\":\"https:\/\/balatonneked.com\/2019\/06\/26\/jotekonysagi-golfversenyt-tartott-a-balaton-golf-klub\/#primaryimage\"},\"thumbnailUrl\":\"https:\/\/balatonneked.com\/wp-content\/uploads\/2019\/06\/golf.jpg\",\"keywords\":[\"Balatonudvari\",\"es\u00e9lyegyenl\u0151s\u00e9g\",\"golf\",\"j\u00f3t\u00e9konys\u00e1g\"],\"articleSection\":[\"H\u00edrek\"],\"inLanguage\":\"en-GB\",\"potentialAction\":[{\"@type\":\"CommentAction\",\"name\":\"Comment\",\"target\":[\"https:\/\/balatonneked.com\/2019\/06\/26\/jotekonysagi-golfversenyt-tartott-a-balaton-golf-klub\/#respond\"]}]},{\"@type\":\"WebPage\",\"@id\":\"https:\/\/balatonneked.com\/2019\/06\/26\/jotekonysagi-golfversenyt-tartott-a-balaton-golf-klub\/\",\"url\":\"https:\/\/balatonneked.com\/2019\/06\/26\/jotekonysagi-golfversenyt-tartott-a-balaton-golf-klub\/\",\"name\":\"J\u00f3t\u00e9konys\u00e1gi golfversenyt tartott a Balaton Golf Klub - BALATON NEKED\",\"isPartOf\":{\"@id\":\"https:\/\/balatonneked.com\/#website\"},\"primaryImageOfPage\":{\"@id\":\"https:\/\/balatonneked.com\/2019\/06\/26\/jotekonysagi-golfversenyt-tartott-a-balaton-golf-klub\/#primaryimage\"},\"image\":{\"@id\":\"https:\/\/balatonneked.com\/2019\/06\/26\/jotekonysagi-golfversenyt-tartott-a-balaton-golf-klub\/#primaryimage\"},\"thumbnailUrl\":\"https:\/\/balatonneked.com\/wp-content\/uploads\/2019\/06\/golf.jpg\",\"datePublished\":\"2019-06-26T17:52:30+00:00\",\"breadcrumb\":{\"@id\":\"https:\/\/balatonneked.com\/2019\/06\/26\/jotekonysagi-golfversenyt-tartott-a-balaton-golf-klub\/#breadcrumb\"},\"inLanguage\":\"en-GB\",\"potentialAction\":[{\"@type\":\"ReadAction\",\"target\":[\"https:\/\/balatonneked.com\/2019\/06\/26\/jotekonysagi-golfversenyt-tartott-a-balaton-golf-klub\/\"]}]},{\"@type\":\"ImageObject\",\"inLanguage\":\"en-GB\",\"@id\":\"https:\/\/balatonneked.com\/2019\/06\/26\/jotekonysagi-golfversenyt-tartott-a-balaton-golf-klub\/#primaryimage\",\"url\":\"https:\/\/balatonneked.com\/wp-content\/uploads\/2019\/06\/golf.jpg\",\"contentUrl\":\"https:\/\/balatonneked.com\/wp-content\/uploads\/2019\/06\/golf.jpg\",\"width\":750,\"height\":1000},{\"@type\":\"BreadcrumbList\",\"@id\":\"https:\/\/balatonneked.com\/2019\/06\/26\/jotekonysagi-golfversenyt-tartott-a-balaton-golf-klub\/#breadcrumb\",\"itemListElement\":[{\"@type\":\"ListItem\",\"position\":1,\"name\":\"Kezd\u0151lap\",\"item\":\"https:\/\/balatonneked.com\/\"},{\"@type\":\"ListItem\",\"position\":2,\"name\":\"J\u00f3t\u00e9konys\u00e1gi golfversenyt tartott a Balaton Golf Klub\"}]},{\"@type\":\"WebSite\",\"@id\":\"https:\/\/balatonneked.com\/#website\",\"url\":\"https:\/\/balatonneked.com\/\",\"name\":\"BALATON NEKED\",\"description\":\"A Balaton leginformat\u00edvabb magazinja\",\"publisher\":{\"@id\":\"https:\/\/balatonneked.com\/#organization\"},\"potentialAction\":[{\"@type\":\"SearchAction\",\"target\":{\"@type\":\"EntryPoint\",\"urlTemplate\":\"https:\/\/balatonneked.com\/?s={search_term_string}\"},\"query-input\":{\"@type\":\"PropertyValueSpecification\",\"valueRequired\":true,\"valueName\":\"search_term_string\"}}],\"inLanguage\":\"en-GB\"},{\"@type\":\"Organization\",\"@id\":\"https:\/\/balatonneked.com\/#organization\",\"name\":\"BalatonNeked\",\"url\":\"https:\/\/balatonneked.com\/\",\"logo\":{\"@type\":\"ImageObject\",\"inLanguage\":\"en-GB\",\"@id\":\"https:\/\/balatonneked.com\/#\/schema\/logo\/image\/\",\"url\":\"https:\/\/balatonneked.com\/wp-content\/uploads\/2019\/05\/bnekedlogo.png\",\"contentUrl\":\"https:\/\/balatonneked.com\/wp-content\/uploads\/2019\/05\/bnekedlogo.png\",\"width\":750,\"height\":750,\"caption\":\"BalatonNeked\"},\"image\":{\"@id\":\"https:\/\/balatonneked.com\/#\/schema\/logo\/image\/\"},\"sameAs\":[\"https:\/\/www.facebook.com\/BalatonNeked\"]},{\"@type\":\"Person\",\"@id\":\"https:\/\/balatonneked.com\/#\/schema\/person\/6abf551dbe3d5531af60e216ef9b16aa\",\"name\":\"-\",\"image\":{\"@type\":\"ImageObject\",\"inLanguage\":\"en-GB\",\"@id\":\"https:\/\/balatonneked.com\/#\/schema\/person\/image\/\",\"url\":\"https:\/\/secure.gravatar.com\/avatar\/7bcf602c35eea1fdd5dcb5698f42149adc1fb65510ae8b284cdf111a453a6c37?s=96&d=mm&r=g\",\"contentUrl\":\"https:\/\/secure.gravatar.com\/avatar\/7bcf602c35eea1fdd5dcb5698f42149adc1fb65510ae8b284cdf111a453a6c37?s=96&d=mm&r=g\",\"caption\":\"-\"},\"url\":\"https:\/\/balatonneked.com\/en\/author\/tamasildiko\/\"}]}<\/script>\n<!-- \/ Yoast SEO plugin. -->","yoast_head_json":{"title":"J\u00f3t\u00e9konys\u00e1gi golfversenyt tartott a Balaton Golf Klub - BALATON NEKED","robots":{"index":"index","follow":"follow","max-snippet":"max-snippet:-1","max-image-preview":"max-image-preview:large","max-video-preview":"max-video-preview:-1"},"canonical":"https:\/\/balatonneked.com\/en\/2019\/06\/26\/jotekonysagi-golfversenyt-tartott-a-balaton-golf-klub\/","og_locale":"en_GB","og_type":"article","og_title":"J\u00f3t\u00e9konys\u00e1gi golfversenyt tartott a Balaton Golf Klub - BALATON NEKED","og_description":"Egyed\u00fcl\u00e1ll\u00f3 \u00e9s rendhagy\u00f3 j\u00f3t\u00e9konys\u00e1gi golfversenyt tartottak a balatonudvari Balaton Golf Klubn\u00e1l a h\u00e9tv\u00e9g\u00e9n. A klub eln\u00f6ke ifj. Tringer L\u00e1szl\u00f3 elmondta, az idei Levendula Kup\u00e1n r\u00e9szt vett sportol\u00f3k nevez\u00e9si d\u00edj\u00e1t a klub a Fogadj \u00d6r\u00f6kbe Egy Macit Alap\u00edtv\u00e1ny fogyat\u00e9kkal \u00e9l\u0151 dolgoz\u00f3inak aj\u00e1nlotta fel. A golf klub eln\u00f6ke fontosnak tartja, hogy sikeresen m\u0171k\u00f6djenek azok a kezdem\u00e9nyez\u00e9sek, amelyek [&hellip;]","og_url":"https:\/\/balatonneked.com\/en\/2019\/06\/26\/jotekonysagi-golfversenyt-tartott-a-balaton-golf-klub\/","og_site_name":"BALATON NEKED","article_publisher":"https:\/\/www.facebook.com\/BalatonNeked","article_published_time":"2019-06-26T17:52:30+00:00","og_image":[{"width":750,"height":1000,"url":"https:\/\/balatonneked.com\/wp-content\/uploads\/2019\/06\/golf.jpg","type":"image\/jpeg"}],"author":"-","twitter_card":"summary_large_image","twitter_misc":{"Written by":"-","Estimated reading time":"3 minutes"},"schema":{"@context":"https:\/\/schema.org","@graph":[{"@type":"Article","@id":"https:\/\/balatonneked.com\/2019\/06\/26\/jotekonysagi-golfversenyt-tartott-a-balaton-golf-klub\/#article","isPartOf":{"@id":"https:\/\/balatonneked.com\/2019\/06\/26\/jotekonysagi-golfversenyt-tartott-a-balaton-golf-klub\/"},"author":{"name":"-","@id":"https:\/\/balatonneked.com\/#\/schema\/person\/6abf551dbe3d5531af60e216ef9b16aa"},"headline":"J\u00f3t\u00e9konys\u00e1gi golfversenyt tartott a Balaton Golf Klub","datePublished":"2019-06-26T17:52:30+00:00","mainEntityOfPage":{"@id":"https:\/\/balatonneked.com\/2019\/06\/26\/jotekonysagi-golfversenyt-tartott-a-balaton-golf-klub\/"},"wordCount":637,"commentCount":0,"publisher":{"@id":"https:\/\/balatonneked.com\/#organization"},"image":{"@id":"https:\/\/balatonneked.com\/2019\/06\/26\/jotekonysagi-golfversenyt-tartott-a-balaton-golf-klub\/#primaryimage"},"thumbnailUrl":"https:\/\/balatonneked.com\/wp-content\/uploads\/2019\/06\/golf.jpg","keywords":["Balatonudvari","es\u00e9lyegyenl\u0151s\u00e9g","golf","j\u00f3t\u00e9konys\u00e1g"],"articleSection":["H\u00edrek"],"inLanguage":"en-GB","potentialAction":[{"@type":"CommentAction","name":"Comment","target":["https:\/\/balatonneked.com\/2019\/06\/26\/jotekonysagi-golfversenyt-tartott-a-balaton-golf-klub\/#respond"]}]},{"@type":"WebPage","@id":"https:\/\/balatonneked.com\/2019\/06\/26\/jotekonysagi-golfversenyt-tartott-a-balaton-golf-klub\/","url":"https:\/\/balatonneked.com\/2019\/06\/26\/jotekonysagi-golfversenyt-tartott-a-balaton-golf-klub\/","name":"J\u00f3t\u00e9konys\u00e1gi golfversenyt tartott a Balaton Golf Klub - BALATON NEKED","isPartOf":{"@id":"https:\/\/balatonneked.com\/#website"},"primaryImageOfPage":{"@id":"https:\/\/balatonneked.com\/2019\/06\/26\/jotekonysagi-golfversenyt-tartott-a-balaton-golf-klub\/#primaryimage"},"image":{"@id":"https:\/\/balatonneked.com\/2019\/06\/26\/jotekonysagi-golfversenyt-tartott-a-balaton-golf-klub\/#primaryimage"},"thumbnailUrl":"https:\/\/balatonneked.com\/wp-content\/uploads\/2019\/06\/golf.jpg","datePublished":"2019-06-26T17:52:30+00:00","breadcrumb":{"@id":"https:\/\/balatonneked.com\/2019\/06\/26\/jotekonysagi-golfversenyt-tartott-a-balaton-golf-klub\/#breadcrumb"},"inLanguage":"en-GB","potentialAction":[{"@type":"ReadAction","target":["https:\/\/balatonneked.com\/2019\/06\/26\/jotekonysagi-golfversenyt-tartott-a-balaton-golf-klub\/"]}]},{"@type":"ImageObject","inLanguage":"en-GB","@id":"https:\/\/balatonneked.com\/2019\/06\/26\/jotekonysagi-golfversenyt-tartott-a-balaton-golf-klub\/#primaryimage","url":"https:\/\/balatonneked.com\/wp-content\/uploads\/2019\/06\/golf.jpg","contentUrl":"https:\/\/balatonneked.com\/wp-content\/uploads\/2019\/06\/golf.jpg","width":750,"height":1000},{"@type":"BreadcrumbList","@id":"https:\/\/balatonneked.com\/2019\/06\/26\/jotekonysagi-golfversenyt-tartott-a-balaton-golf-klub\/#breadcrumb","itemListElement":[{"@type":"ListItem","position":1,"name":"Kezd\u0151lap","item":"https:\/\/balatonneked.com\/"},{"@type":"ListItem","position":2,"name":"J\u00f3t\u00e9konys\u00e1gi golfversenyt tartott a Balaton Golf Klub"}]},{"@type":"WebSite","@id":"https:\/\/balatonneked.com\/#website","url":"https:\/\/balatonneked.com\/","name":"BALATON NEKED","description":"A Balaton leginformat\u00edvabb magazinja","publisher":{"@id":"https:\/\/balatonneked.com\/#organization"},"potentialAction":[{"@type":"SearchAction","target":{"@type":"EntryPoint","urlTemplate":"https:\/\/balatonneked.com\/?s={search_term_string}"},"query-input":{"@type":"PropertyValueSpecification","valueRequired":true,"valueName":"search_term_string"}}],"inLanguage":"en-GB"},{"@type":"Organization","@id":"https:\/\/balatonneked.com\/#organization","name":"BalatonNeked","url":"https:\/\/balatonneked.com\/","logo":{"@type":"ImageObject","inLanguage":"en-GB","@id":"https:\/\/balatonneked.com\/#\/schema\/logo\/image\/","url":"https:\/\/balatonneked.com\/wp-content\/uploads\/2019\/05\/bnekedlogo.png","contentUrl":"https:\/\/balatonneked.com\/wp-content\/uploads\/2019\/05\/bnekedlogo.png","width":750,"height":750,"caption":"BalatonNeked"},"image":{"@id":"https:\/\/balatonneked.com\/#\/schema\/logo\/image\/"},"sameAs":["https:\/\/www.facebook.com\/BalatonNeked"]},{"@type":"Person","@id":"https:\/\/balatonneked.com\/#\/schema\/person\/6abf551dbe3d5531af60e216ef9b16aa","name":"-","image":{"@type":"ImageObject","inLanguage":"en-GB","@id":"https:\/\/balatonneked.com\/#\/schema\/person\/image\/","url":"https:\/\/secure.gravatar.com\/avatar\/7bcf602c35eea1fdd5dcb5698f42149adc1fb65510ae8b284cdf111a453a6c37?s=96&d=mm&r=g","contentUrl":"https:\/\/secure.gravatar.com\/avatar\/7bcf602c35eea1fdd5dcb5698f42149adc1fb65510ae8b284cdf111a453a6c37?s=96&d=mm&r=g","caption":"-"},"url":"https:\/\/balatonneked.com\/en\/author\/tamasildiko\/"}]}},"_links":{"self":[{"href":"https:\/\/balatonneked.com\/en\/wp-json\/wp\/v2\/posts\/2381","targetHints":{"allow":["GET"]}}],"collection":[{"href":"https:\/\/balatonneked.com\/en\/wp-json\/wp\/v2\/posts"}],"about":[{"href":"https:\/\/balatonneked.com\/en\/wp-json\/wp\/v2\/types\/post"}],"author":[{"embeddable":true,"href":"https:\/\/balatonneked.com\/en\/wp-json\/wp\/v2\/users\/2"}],"replies":[{"embeddable":true,"href":"https:\/\/balatonneked.com\/en\/wp-json\/wp\/v2\/comments?post=2381"}],"version-history":[{"count":1,"href":"https:\/\/balatonneked.com\/en\/wp-json\/wp\/v2\/posts\/2381\/revisions"}],"predecessor-version":[{"id":2383,"href":"https:\/\/balatonneked.com\/en\/wp-json\/wp\/v2\/posts\/2381\/revisions\/2383"}],"wp:featuredmedia":[{"embeddable":true,"href":"https:\/\/balatonneked.com\/en\/wp-json\/wp\/v2\/media\/2382"}],"wp:attachment":[{"href":"https:\/\/balatonneked.com\/en\/wp-json\/wp\/v2\/media?parent=2381"}],"wp:term":[{"taxonomy":"category","embeddable":true,"href":"https:\/\/balatonneked.com\/en\/wp-json\/wp\/v2\/categories?post=2381"},{"taxonomy":"post_tag","embeddable":true,"href":"https:\/\/balatonneked.com\/en\/wp-json\/wp\/v2\/tags?post=2381"}],"curies":[{"name":"wp","href":"https:\/\/api.w.org\/{rel}","templated":true}]}}