{"id":2278,"date":"2019-06-08T14:55:28","date_gmt":"2019-06-08T14:55:28","guid":{"rendered":"http:\/\/balatonneked.com\/?p=2278"},"modified":"2019-06-08T14:55:28","modified_gmt":"2019-06-08T14:55:28","slug":"punkosdi-fesztivalt-rendeznek-siofokon","status":"publish","type":"post","link":"https:\/\/balatonneked.com\/en\/2019\/06\/08\/punkosdi-fesztivalt-rendeznek-siofokon\/","title":{"rendered":"P\u00fcnk\u00f6sdi Fesztiv\u00e1lt rendeznek Si\u00f3fokon"},"content":{"rendered":"<p>\u00dcnnepi nagyrendezv\u00e9nnyel indul a si\u00f3foki ny\u00e1ri szezon. Az ingyenes P\u00fcnk\u00f6sdi Fesztiv\u00e1l a Haj\u00f3\u00e1llom\u00e1son v\u00e1rja l\u00e1togat\u00f3it kultur\u00e1lis \u00e9s gyerekprogramokkal, illetve koncertekkel. Fell\u00e9p t\u00f6bbek k\u00f6z\u00f6tt a rocklegenda Janics\u00e1k Istv\u00e1n \u00e9s a Compact Disco is.<\/p>\n<p>M\u00edg a kor\u00e1bbi \u00e9vekben P\u00fcnk\u00f6sdkor tartott\u00e1k a ny\u00e1ri szezon- \u00e9s strandnyit\u00f3t, id\u00e9n a si\u00f3foki Nagystrand m\u00e1r az \u00fcnnep el\u0151tt, m\u00e1jus k\u00f6zep\u00e9n megny\u00edlt \u00e9s az\u00f3ta v\u00e1rja a l\u00e1togat\u00f3kat. Term\u00e9szetesen azonban a m\u00e1r megszokott P\u00fcnk\u00f6sdi rendezv\u00e9ny sem maradhat el, ez\u00e9rt P\u00fcnk\u00f6sdi Fesztiv\u00e1l lesz a hossz\u00fah\u00e9tv\u00e9g\u00e9n Si\u00f3fokon.<\/p>\n<p>A fesztiv\u00e1l j\u00fanius 7-\u00e9n, p\u00e9nteken este kezd\u0151d\u00f6tt a Chameleon Zenekar \u00e9s a Cascade Music Jam koncertj\u00e9vel. J\u00fanius 8-\u00e1n, szombaton pedig eg\u00e9sz nap v\u00e1rj\u00e1k a programok a l\u00e1togat\u00f3kat. F\u00e9l 11-kor indul az \u00fcnnepi P\u00fcnk\u00f6sdi menet a F\u0151 t\u00e9rr\u0151l a haj\u00f3\u00e1llom\u00e1sra, ahol Lengyel R\u00f3bert, Si\u00f3fok v\u00e1ros polg\u00e1rmestere tart k\u00f6sz\u00f6nt\u0151t \u00e9s szimbolikusan \u00e1tveszi a ny\u00e1r f\u0151v\u00e1ros\u00e1nak kulcs\u00e1t Garamv\u00f6lgyi L\u00e1szl\u00f3 r. dand\u00e1rt\u00e1bornokt\u00f3l. Ezut\u00e1n a Balaton t\u00e1ncegy\u00fcttes m\u0171sora z\u00e1rja a d\u00e9lel\u0151tt programj\u00e1t. D\u00e9lut\u00e1n helyi gyermek t\u00e1ncegy\u00fcttesek mutatkoznak be a sz\u00ednpadon, este pedig a veszpr\u00e9mi The Flashback, majd a Z\u2019Zi Labor legend\u00e1s \u00e9nekese, Janics\u00e1k Istv\u00e1n \u00e9s a B52 zenekar j\u00e1tszik.<\/p>\n<p>J\u00fanius 8-\u00e1n, P\u00fcnk\u00f6sd vas\u00e1rnap a Belv\u00e1rosi Bety\u00e1rok gyerekzenekar kezdi a m\u0171sort d\u00e9lut\u00e1n, \u0151ket egy latinzenei form\u00e1ci\u00f3, a Latin Lounge k\u00f6veti. A nap f\u0151 fell\u00e9p\u0151je az elektronikus popzen\u00e9t j\u00e1tsz\u00f3, orsz\u00e1gszerte n\u00e9pszer\u0171 Compact Disco lesz. P\u00fcnk\u00f6sd h\u00e9tf\u0151n ugyan\u00fagy a gyereket v\u00e1rj\u00e1k el\u0151sz\u00f6r a sz\u00ednpadhoz a Mintapinty gyerekzenekar koncertj\u00e9re, az esti hangulatr\u00f3l pedig a si\u00f3foki The FreakEnd \u00e9s a rock&amp;rollt j\u00e1tsz\u00f3 Old Boys gondoskodik majd.<\/p>\n<p>A P\u00fcnk\u00f6sdi Fesztiv\u00e1l alatt gasztrokeresked\u0151k \u00e9s k\u00e9zm\u0171vesek is kitelep\u00fclnek a Haj\u00f3\u00e1llom\u00e1sra, illetve tov\u00e1bbi programok is lesznek a v\u00e1rosban. P\u00e9nteken ny\u00edlik meg a K\u00e1lm\u00e1n Imre Kultur\u00e1lis K\u00f6zpontban a III. Balaton Szalon ki\u00e1ll\u00edt\u00e1s a r\u00e9gi\u00f3 k\u00e9pz\u0151m\u0171v\u00e9szeinek alkot\u00e1saib\u00f3l. Szombaton pedig a hagyom\u00e1nyoknak megfelel\u0151en \u00e1tadj\u00e1k a K\u00e1lm\u00e1n Imre Eml\u00e9kplakettet is, amelyet id\u00e9n Teremi Trixi operettsz\u00edn\u00e9szn\u0151nek \u00edt\u00e9ltek oda.<\/p>\n<p>A si\u00f3foki PL\u00c1ZS is nagyszab\u00e1s\u00fa koncertekkel k\u00f6sz\u00f6nti a nyarat a h\u00e9tv\u00e9g\u00e9n. Fell\u00e9p a Belga&amp;Kr\u00fabi, a Bikini, a Republic, emellett a PL\u00c1ZS \u00faj helysz\u00ednek\u00e9nt megny\u00edlik a h\u00edres si\u00f3foki Palace diszk\u00f3nak eml\u00e9ket \u00e1ll\u00edt\u00f3 Ar\u00e9na is.<\/p>\n<p>(forr\u00e1s: orientpress, k\u00e9p: siofok.hu)<\/p>","protected":false},"excerpt":{"rendered":"<p>\u00dcnnepi nagyrendezv\u00e9nnyel indul a si\u00f3foki ny\u00e1ri szezon. Az ingyenes P\u00fcnk\u00f6sdi Fesztiv\u00e1l a Haj\u00f3\u00e1llom\u00e1son v\u00e1rja l\u00e1togat\u00f3it kultur\u00e1lis \u00e9s gyerekprogramokkal, illetve koncertekkel. Fell\u00e9p t\u00f6bbek k\u00f6z\u00f6tt a rocklegenda Janics\u00e1k Istv\u00e1n \u00e9s a Compact Disco is. M\u00edg a kor\u00e1bbi \u00e9vekben P\u00fcnk\u00f6sdkor tartott\u00e1k a ny\u00e1ri szezon- \u00e9s strandnyit\u00f3t, id\u00e9n a si\u00f3foki Nagystrand m\u00e1r az \u00fcnnep el\u0151tt, m\u00e1jus k\u00f6zep\u00e9n megny\u00edlt \u00e9s [&hellip;]<\/p>","protected":false},"author":2,"featured_media":2279,"comment_status":"open","ping_status":"open","sticky":false,"template":"","format":"standard","meta":{"_acf_changed":false,"footnotes":""},"categories":[155],"tags":[172,149],"class_list":["post-2278","post","type-post","status-publish","format-standard","has-post-thumbnail","hentry","category-hirek","tag-programajanlo","tag-siofok"],"acf":[],"yoast_head":"<!-- This site is optimized with the Yoast SEO plugin v25.1 - https:\/\/yoast.com\/wordpress\/plugins\/seo\/ -->\n<title>P\u00fcnk\u00f6sdi Fesztiv\u00e1lt rendeznek Si\u00f3fokon - BALATON NEKED<\/title>\n<meta name=\"robots\" content=\"index, follow, max-snippet:-1, max-image-preview:large, max-video-preview:-1\" \/>\n<link rel=\"canonical\" href=\"https:\/\/balatonneked.com\/en\/2019\/06\/08\/punkosdi-fesztivalt-rendeznek-siofokon\/\" \/>\n<meta property=\"og:locale\" content=\"en_GB\" \/>\n<meta property=\"og:type\" content=\"article\" \/>\n<meta property=\"og:title\" content=\"P\u00fcnk\u00f6sdi Fesztiv\u00e1lt rendeznek Si\u00f3fokon - BALATON NEKED\" \/>\n<meta property=\"og:description\" content=\"\u00dcnnepi nagyrendezv\u00e9nnyel indul a si\u00f3foki ny\u00e1ri szezon. Az ingyenes P\u00fcnk\u00f6sdi Fesztiv\u00e1l a Haj\u00f3\u00e1llom\u00e1son v\u00e1rja l\u00e1togat\u00f3it kultur\u00e1lis \u00e9s gyerekprogramokkal, illetve koncertekkel. Fell\u00e9p t\u00f6bbek k\u00f6z\u00f6tt a rocklegenda Janics\u00e1k Istv\u00e1n \u00e9s a Compact Disco is. M\u00edg a kor\u00e1bbi \u00e9vekben P\u00fcnk\u00f6sdkor tartott\u00e1k a ny\u00e1ri szezon- \u00e9s strandnyit\u00f3t, id\u00e9n a si\u00f3foki Nagystrand m\u00e1r az \u00fcnnep el\u0151tt, m\u00e1jus k\u00f6zep\u00e9n megny\u00edlt \u00e9s [&hellip;]\" \/>\n<meta property=\"og:url\" content=\"https:\/\/balatonneked.com\/en\/2019\/06\/08\/punkosdi-fesztivalt-rendeznek-siofokon\/\" \/>\n<meta property=\"og:site_name\" content=\"BALATON NEKED\" \/>\n<meta property=\"article:publisher\" content=\"https:\/\/www.facebook.com\/BalatonNeked\" \/>\n<meta property=\"article:published_time\" content=\"2019-06-08T14:55:28+00:00\" \/>\n<meta property=\"og:image\" content=\"https:\/\/balatonneked.com\/wp-content\/uploads\/2019\/06\/siofok_viztorony-3-o-c4ca4238-121822.jpg\" \/>\n\t<meta property=\"og:image:width\" content=\"750\" \/>\n\t<meta property=\"og:image:height\" content=\"1000\" \/>\n\t<meta property=\"og:image:type\" content=\"image\/jpeg\" \/>\n<meta name=\"author\" content=\"-\" \/>\n<meta name=\"twitter:card\" content=\"summary_large_image\" \/>\n<meta name=\"twitter:label1\" content=\"Written by\" \/>\n\t<meta name=\"twitter:data1\" content=\"-\" \/>\n\t<meta name=\"twitter:label2\" content=\"Estimated reading time\" \/>\n\t<meta name=\"twitter:data2\" content=\"3 minutes\" \/>\n<script type=\"application\/ld+json\" class=\"yoast-schema-graph\">{\"@context\":\"https:\/\/schema.org\",\"@graph\":[{\"@type\":\"Article\",\"@id\":\"https:\/\/balatonneked.com\/2019\/06\/08\/punkosdi-fesztivalt-rendeznek-siofokon\/#article\",\"isPartOf\":{\"@id\":\"https:\/\/balatonneked.com\/2019\/06\/08\/punkosdi-fesztivalt-rendeznek-siofokon\/\"},\"author\":{\"name\":\"-\",\"@id\":\"https:\/\/balatonneked.com\/#\/schema\/person\/6abf551dbe3d5531af60e216ef9b16aa\"},\"headline\":\"P\u00fcnk\u00f6sdi Fesztiv\u00e1lt rendeznek Si\u00f3fokon\",\"datePublished\":\"2019-06-08T14:55:28+00:00\",\"mainEntityOfPage\":{\"@id\":\"https:\/\/balatonneked.com\/2019\/06\/08\/punkosdi-fesztivalt-rendeznek-siofokon\/\"},\"wordCount\":535,\"commentCount\":0,\"publisher\":{\"@id\":\"https:\/\/balatonneked.com\/#organization\"},\"image\":{\"@id\":\"https:\/\/balatonneked.com\/2019\/06\/08\/punkosdi-fesztivalt-rendeznek-siofokon\/#primaryimage\"},\"thumbnailUrl\":\"https:\/\/balatonneked.com\/wp-content\/uploads\/2019\/06\/siofok_viztorony-3-o-c4ca4238-121822.jpg\",\"keywords\":[\"Programaj\u00e1nl\u00f3\",\"Si\u00f3fok\"],\"articleSection\":[\"H\u00edrek\"],\"inLanguage\":\"en-GB\",\"potentialAction\":[{\"@type\":\"CommentAction\",\"name\":\"Comment\",\"target\":[\"https:\/\/balatonneked.com\/2019\/06\/08\/punkosdi-fesztivalt-rendeznek-siofokon\/#respond\"]}]},{\"@type\":\"WebPage\",\"@id\":\"https:\/\/balatonneked.com\/2019\/06\/08\/punkosdi-fesztivalt-rendeznek-siofokon\/\",\"url\":\"https:\/\/balatonneked.com\/2019\/06\/08\/punkosdi-fesztivalt-rendeznek-siofokon\/\",\"name\":\"P\u00fcnk\u00f6sdi Fesztiv\u00e1lt rendeznek Si\u00f3fokon - BALATON NEKED\",\"isPartOf\":{\"@id\":\"https:\/\/balatonneked.com\/#website\"},\"primaryImageOfPage\":{\"@id\":\"https:\/\/balatonneked.com\/2019\/06\/08\/punkosdi-fesztivalt-rendeznek-siofokon\/#primaryimage\"},\"image\":{\"@id\":\"https:\/\/balatonneked.com\/2019\/06\/08\/punkosdi-fesztivalt-rendeznek-siofokon\/#primaryimage\"},\"thumbnailUrl\":\"https:\/\/balatonneked.com\/wp-content\/uploads\/2019\/06\/siofok_viztorony-3-o-c4ca4238-121822.jpg\",\"datePublished\":\"2019-06-08T14:55:28+00:00\",\"breadcrumb\":{\"@id\":\"https:\/\/balatonneked.com\/2019\/06\/08\/punkosdi-fesztivalt-rendeznek-siofokon\/#breadcrumb\"},\"inLanguage\":\"en-GB\",\"potentialAction\":[{\"@type\":\"ReadAction\",\"target\":[\"https:\/\/balatonneked.com\/2019\/06\/08\/punkosdi-fesztivalt-rendeznek-siofokon\/\"]}]},{\"@type\":\"ImageObject\",\"inLanguage\":\"en-GB\",\"@id\":\"https:\/\/balatonneked.com\/2019\/06\/08\/punkosdi-fesztivalt-rendeznek-siofokon\/#primaryimage\",\"url\":\"https:\/\/balatonneked.com\/wp-content\/uploads\/2019\/06\/siofok_viztorony-3-o-c4ca4238-121822.jpg\",\"contentUrl\":\"https:\/\/balatonneked.com\/wp-content\/uploads\/2019\/06\/siofok_viztorony-3-o-c4ca4238-121822.jpg\",\"width\":750,\"height\":1000},{\"@type\":\"BreadcrumbList\",\"@id\":\"https:\/\/balatonneked.com\/2019\/06\/08\/punkosdi-fesztivalt-rendeznek-siofokon\/#breadcrumb\",\"itemListElement\":[{\"@type\":\"ListItem\",\"position\":1,\"name\":\"Kezd\u0151lap\",\"item\":\"https:\/\/balatonneked.com\/\"},{\"@type\":\"ListItem\",\"position\":2,\"name\":\"P\u00fcnk\u00f6sdi Fesztiv\u00e1lt rendeznek Si\u00f3fokon\"}]},{\"@type\":\"WebSite\",\"@id\":\"https:\/\/balatonneked.com\/#website\",\"url\":\"https:\/\/balatonneked.com\/\",\"name\":\"BALATON NEKED\",\"description\":\"A Balaton leginformat\u00edvabb magazinja\",\"publisher\":{\"@id\":\"https:\/\/balatonneked.com\/#organization\"},\"potentialAction\":[{\"@type\":\"SearchAction\",\"target\":{\"@type\":\"EntryPoint\",\"urlTemplate\":\"https:\/\/balatonneked.com\/?s={search_term_string}\"},\"query-input\":{\"@type\":\"PropertyValueSpecification\",\"valueRequired\":true,\"valueName\":\"search_term_string\"}}],\"inLanguage\":\"en-GB\"},{\"@type\":\"Organization\",\"@id\":\"https:\/\/balatonneked.com\/#organization\",\"name\":\"BalatonNeked\",\"url\":\"https:\/\/balatonneked.com\/\",\"logo\":{\"@type\":\"ImageObject\",\"inLanguage\":\"en-GB\",\"@id\":\"https:\/\/balatonneked.com\/#\/schema\/logo\/image\/\",\"url\":\"https:\/\/balatonneked.com\/wp-content\/uploads\/2019\/05\/bnekedlogo.png\",\"contentUrl\":\"https:\/\/balatonneked.com\/wp-content\/uploads\/2019\/05\/bnekedlogo.png\",\"width\":750,\"height\":750,\"caption\":\"BalatonNeked\"},\"image\":{\"@id\":\"https:\/\/balatonneked.com\/#\/schema\/logo\/image\/\"},\"sameAs\":[\"https:\/\/www.facebook.com\/BalatonNeked\"]},{\"@type\":\"Person\",\"@id\":\"https:\/\/balatonneked.com\/#\/schema\/person\/6abf551dbe3d5531af60e216ef9b16aa\",\"name\":\"-\",\"image\":{\"@type\":\"ImageObject\",\"inLanguage\":\"en-GB\",\"@id\":\"https:\/\/balatonneked.com\/#\/schema\/person\/image\/\",\"url\":\"https:\/\/secure.gravatar.com\/avatar\/7bcf602c35eea1fdd5dcb5698f42149adc1fb65510ae8b284cdf111a453a6c37?s=96&d=mm&r=g\",\"contentUrl\":\"https:\/\/secure.gravatar.com\/avatar\/7bcf602c35eea1fdd5dcb5698f42149adc1fb65510ae8b284cdf111a453a6c37?s=96&d=mm&r=g\",\"caption\":\"-\"},\"url\":\"https:\/\/balatonneked.com\/en\/author\/tamasildiko\/\"}]}<\/script>\n<!-- \/ Yoast SEO plugin. -->","yoast_head_json":{"title":"P\u00fcnk\u00f6sdi Fesztiv\u00e1lt rendeznek Si\u00f3fokon - BALATON NEKED","robots":{"index":"index","follow":"follow","max-snippet":"max-snippet:-1","max-image-preview":"max-image-preview:large","max-video-preview":"max-video-preview:-1"},"canonical":"https:\/\/balatonneked.com\/en\/2019\/06\/08\/punkosdi-fesztivalt-rendeznek-siofokon\/","og_locale":"en_GB","og_type":"article","og_title":"P\u00fcnk\u00f6sdi Fesztiv\u00e1lt rendeznek Si\u00f3fokon - BALATON NEKED","og_description":"\u00dcnnepi nagyrendezv\u00e9nnyel indul a si\u00f3foki ny\u00e1ri szezon. Az ingyenes P\u00fcnk\u00f6sdi Fesztiv\u00e1l a Haj\u00f3\u00e1llom\u00e1son v\u00e1rja l\u00e1togat\u00f3it kultur\u00e1lis \u00e9s gyerekprogramokkal, illetve koncertekkel. Fell\u00e9p t\u00f6bbek k\u00f6z\u00f6tt a rocklegenda Janics\u00e1k Istv\u00e1n \u00e9s a Compact Disco is. M\u00edg a kor\u00e1bbi \u00e9vekben P\u00fcnk\u00f6sdkor tartott\u00e1k a ny\u00e1ri szezon- \u00e9s strandnyit\u00f3t, id\u00e9n a si\u00f3foki Nagystrand m\u00e1r az \u00fcnnep el\u0151tt, m\u00e1jus k\u00f6zep\u00e9n megny\u00edlt \u00e9s [&hellip;]","og_url":"https:\/\/balatonneked.com\/en\/2019\/06\/08\/punkosdi-fesztivalt-rendeznek-siofokon\/","og_site_name":"BALATON NEKED","article_publisher":"https:\/\/www.facebook.com\/BalatonNeked","article_published_time":"2019-06-08T14:55:28+00:00","og_image":[{"width":750,"height":1000,"url":"https:\/\/balatonneked.com\/wp-content\/uploads\/2019\/06\/siofok_viztorony-3-o-c4ca4238-121822.jpg","type":"image\/jpeg"}],"author":"-","twitter_card":"summary_large_image","twitter_misc":{"Written by":"-","Estimated reading time":"3 minutes"},"schema":{"@context":"https:\/\/schema.org","@graph":[{"@type":"Article","@id":"https:\/\/balatonneked.com\/2019\/06\/08\/punkosdi-fesztivalt-rendeznek-siofokon\/#article","isPartOf":{"@id":"https:\/\/balatonneked.com\/2019\/06\/08\/punkosdi-fesztivalt-rendeznek-siofokon\/"},"author":{"name":"-","@id":"https:\/\/balatonneked.com\/#\/schema\/person\/6abf551dbe3d5531af60e216ef9b16aa"},"headline":"P\u00fcnk\u00f6sdi Fesztiv\u00e1lt rendeznek Si\u00f3fokon","datePublished":"2019-06-08T14:55:28+00:00","mainEntityOfPage":{"@id":"https:\/\/balatonneked.com\/2019\/06\/08\/punkosdi-fesztivalt-rendeznek-siofokon\/"},"wordCount":535,"commentCount":0,"publisher":{"@id":"https:\/\/balatonneked.com\/#organization"},"image":{"@id":"https:\/\/balatonneked.com\/2019\/06\/08\/punkosdi-fesztivalt-rendeznek-siofokon\/#primaryimage"},"thumbnailUrl":"https:\/\/balatonneked.com\/wp-content\/uploads\/2019\/06\/siofok_viztorony-3-o-c4ca4238-121822.jpg","keywords":["Programaj\u00e1nl\u00f3","Si\u00f3fok"],"articleSection":["H\u00edrek"],"inLanguage":"en-GB","potentialAction":[{"@type":"CommentAction","name":"Comment","target":["https:\/\/balatonneked.com\/2019\/06\/08\/punkosdi-fesztivalt-rendeznek-siofokon\/#respond"]}]},{"@type":"WebPage","@id":"https:\/\/balatonneked.com\/2019\/06\/08\/punkosdi-fesztivalt-rendeznek-siofokon\/","url":"https:\/\/balatonneked.com\/2019\/06\/08\/punkosdi-fesztivalt-rendeznek-siofokon\/","name":"P\u00fcnk\u00f6sdi Fesztiv\u00e1lt rendeznek Si\u00f3fokon - BALATON NEKED","isPartOf":{"@id":"https:\/\/balatonneked.com\/#website"},"primaryImageOfPage":{"@id":"https:\/\/balatonneked.com\/2019\/06\/08\/punkosdi-fesztivalt-rendeznek-siofokon\/#primaryimage"},"image":{"@id":"https:\/\/balatonneked.com\/2019\/06\/08\/punkosdi-fesztivalt-rendeznek-siofokon\/#primaryimage"},"thumbnailUrl":"https:\/\/balatonneked.com\/wp-content\/uploads\/2019\/06\/siofok_viztorony-3-o-c4ca4238-121822.jpg","datePublished":"2019-06-08T14:55:28+00:00","breadcrumb":{"@id":"https:\/\/balatonneked.com\/2019\/06\/08\/punkosdi-fesztivalt-rendeznek-siofokon\/#breadcrumb"},"inLanguage":"en-GB","potentialAction":[{"@type":"ReadAction","target":["https:\/\/balatonneked.com\/2019\/06\/08\/punkosdi-fesztivalt-rendeznek-siofokon\/"]}]},{"@type":"ImageObject","inLanguage":"en-GB","@id":"https:\/\/balatonneked.com\/2019\/06\/08\/punkosdi-fesztivalt-rendeznek-siofokon\/#primaryimage","url":"https:\/\/balatonneked.com\/wp-content\/uploads\/2019\/06\/siofok_viztorony-3-o-c4ca4238-121822.jpg","contentUrl":"https:\/\/balatonneked.com\/wp-content\/uploads\/2019\/06\/siofok_viztorony-3-o-c4ca4238-121822.jpg","width":750,"height":1000},{"@type":"BreadcrumbList","@id":"https:\/\/balatonneked.com\/2019\/06\/08\/punkosdi-fesztivalt-rendeznek-siofokon\/#breadcrumb","itemListElement":[{"@type":"ListItem","position":1,"name":"Kezd\u0151lap","item":"https:\/\/balatonneked.com\/"},{"@type":"ListItem","position":2,"name":"P\u00fcnk\u00f6sdi Fesztiv\u00e1lt rendeznek Si\u00f3fokon"}]},{"@type":"WebSite","@id":"https:\/\/balatonneked.com\/#website","url":"https:\/\/balatonneked.com\/","name":"BALATON NEKED","description":"A Balaton leginformat\u00edvabb magazinja","publisher":{"@id":"https:\/\/balatonneked.com\/#organization"},"potentialAction":[{"@type":"SearchAction","target":{"@type":"EntryPoint","urlTemplate":"https:\/\/balatonneked.com\/?s={search_term_string}"},"query-input":{"@type":"PropertyValueSpecification","valueRequired":true,"valueName":"search_term_string"}}],"inLanguage":"en-GB"},{"@type":"Organization","@id":"https:\/\/balatonneked.com\/#organization","name":"BalatonNeked","url":"https:\/\/balatonneked.com\/","logo":{"@type":"ImageObject","inLanguage":"en-GB","@id":"https:\/\/balatonneked.com\/#\/schema\/logo\/image\/","url":"https:\/\/balatonneked.com\/wp-content\/uploads\/2019\/05\/bnekedlogo.png","contentUrl":"https:\/\/balatonneked.com\/wp-content\/uploads\/2019\/05\/bnekedlogo.png","width":750,"height":750,"caption":"BalatonNeked"},"image":{"@id":"https:\/\/balatonneked.com\/#\/schema\/logo\/image\/"},"sameAs":["https:\/\/www.facebook.com\/BalatonNeked"]},{"@type":"Person","@id":"https:\/\/balatonneked.com\/#\/schema\/person\/6abf551dbe3d5531af60e216ef9b16aa","name":"-","image":{"@type":"ImageObject","inLanguage":"en-GB","@id":"https:\/\/balatonneked.com\/#\/schema\/person\/image\/","url":"https:\/\/secure.gravatar.com\/avatar\/7bcf602c35eea1fdd5dcb5698f42149adc1fb65510ae8b284cdf111a453a6c37?s=96&d=mm&r=g","contentUrl":"https:\/\/secure.gravatar.com\/avatar\/7bcf602c35eea1fdd5dcb5698f42149adc1fb65510ae8b284cdf111a453a6c37?s=96&d=mm&r=g","caption":"-"},"url":"https:\/\/balatonneked.com\/en\/author\/tamasildiko\/"}]}},"_links":{"self":[{"href":"https:\/\/balatonneked.com\/en\/wp-json\/wp\/v2\/posts\/2278","targetHints":{"allow":["GET"]}}],"collection":[{"href":"https:\/\/balatonneked.com\/en\/wp-json\/wp\/v2\/posts"}],"about":[{"href":"https:\/\/balatonneked.com\/en\/wp-json\/wp\/v2\/types\/post"}],"author":[{"embeddable":true,"href":"https:\/\/balatonneked.com\/en\/wp-json\/wp\/v2\/users\/2"}],"replies":[{"embeddable":true,"href":"https:\/\/balatonneked.com\/en\/wp-json\/wp\/v2\/comments?post=2278"}],"version-history":[{"count":1,"href":"https:\/\/balatonneked.com\/en\/wp-json\/wp\/v2\/posts\/2278\/revisions"}],"predecessor-version":[{"id":2280,"href":"https:\/\/balatonneked.com\/en\/wp-json\/wp\/v2\/posts\/2278\/revisions\/2280"}],"wp:featuredmedia":[{"embeddable":true,"href":"https:\/\/balatonneked.com\/en\/wp-json\/wp\/v2\/media\/2279"}],"wp:attachment":[{"href":"https:\/\/balatonneked.com\/en\/wp-json\/wp\/v2\/media?parent=2278"}],"wp:term":[{"taxonomy":"category","embeddable":true,"href":"https:\/\/balatonneked.com\/en\/wp-json\/wp\/v2\/categories?post=2278"},{"taxonomy":"post_tag","embeddable":true,"href":"https:\/\/balatonneked.com\/en\/wp-json\/wp\/v2\/tags?post=2278"}],"curies":[{"name":"wp","href":"https:\/\/api.w.org\/{rel}","templated":true}]}}