{"id":2234,"date":"2019-05-30T18:40:14","date_gmt":"2019-05-30T18:40:14","guid":{"rendered":"http:\/\/balatonneked.com\/?p=2234"},"modified":"2019-05-30T18:40:14","modified_gmt":"2019-05-30T18:40:14","slug":"szombattol-ujraindul-a-forgalom-a-balatonfenyvesi-kisvasuton","status":"publish","type":"post","link":"https:\/\/balatonneked.com\/en\/2019\/05\/30\/szombattol-ujraindul-a-forgalom-a-balatonfenyvesi-kisvasuton\/","title":{"rendered":"Szombatt\u00f3l \u00fajraindul a forgalom a balatonfenyvesi kisvas\u00faton"},"content":{"rendered":"<p>Szombatt\u00f3l \u00fajraindul a forgalom a balatonfenyvesi kisvas\u00faton a ny\u00e1ri turistaszezon idej\u00e9re.<\/p>\n<p>J\u00fanius 1-j\u00e9t\u0151l naponta ak\u00e1r 14 j\u00e1rattal utazhatnak a kir\u00e1ndul\u00f3k a nagybereki t\u00e1jakat bej\u00e1r\u00f3 vonalon.<\/p>\n<div id=\"banner-5cefc8681db69\" class=\"banner-media\"><\/div>\n<div id=\"banner-5cefc8681dc0f\" class=\"banner-media\">\n<p class=\"subtitle\">J\u00fanius k\u00f6zep\u00e9ig munkanapokon napi \u00f6t vonatp\u00e1r k\u00f6zlekedik, h\u00e9tv\u00e9g\u00e9n \u00e9s j\u00fanius k\u00f6zep\u00e9t\u0151l augusztus v\u00e9g\u00e9ig mindennap h\u00e9t vonatp\u00e1r indul. A 14 kilom\u00e9teres utat 40 perc alatt teszik meg a kisvonatok.<\/p>\n<\/div>\n<p>Az 1950-t\u0151l eredetileg gazdas\u00e1gi vas\u00fatnak \u00e9p\u00fclt vonalon m\u00e1ra nyaranta jelent\u0151s a balatoni kir\u00e1ndul\u00f3forgalom, de a somogyszentp\u00e1liak \u00e9s imremajoriak sz\u00e1m\u00e1ra a k\u00f6z\u00f6ss\u00e9gi k\u00f6zleked\u00e9st is ezek a kisvonatok jelentik.<\/p>\n<p>A ker\u00e9kp\u00e1rok sz\u00e1ll\u00edt\u00e1s\u00e1ra egy poggy\u00e1szteres kocsit alak\u00edtottak \u00e1t, amelyet el\u0151zetes bejelent\u00e9sre \u00e1ll\u00edtanak forgalomba.<\/p>\n<p>A kisvas\u00fat v\u00e9g\u00e1llom\u00e1sa a d\u00e9l-balatoni vas\u00fatvonal Balatonfenyves \u00e1llom\u00e1s\u00e1n tal\u00e1lhat\u00f3. A kisvonatokon region\u00e1lis tarifa van \u00e9rv\u00e9nyben, ez\u00e9rt az orsz\u00e1gos \u00e1rakhoz k\u00e9pest 25 sz\u00e1zal\u00e9kkal olcs\u00f3bban lehet jegyet v\u00e1ltani.<\/p>\n<p>A p\u00e1lyafel\u00faj\u00edt\u00e1s \u0151sszel folytat\u00f3dik: szeptember 9-t\u0151l november 30-ig ism\u00e9t lez\u00e1rj\u00e1k a vonalat.<\/p>\n<p>(MTI)<\/p>","protected":false},"excerpt":{"rendered":"<p>Szombatt\u00f3l \u00fajraindul a forgalom a balatonfenyvesi kisvas\u00faton a ny\u00e1ri turistaszezon idej\u00e9re. J\u00fanius 1-j\u00e9t\u0151l naponta ak\u00e1r 14 j\u00e1rattal utazhatnak a kir\u00e1ndul\u00f3k a nagybereki t\u00e1jakat bej\u00e1r\u00f3 vonalon. J\u00fanius k\u00f6zep\u00e9ig munkanapokon napi \u00f6t vonatp\u00e1r k\u00f6zlekedik, h\u00e9tv\u00e9g\u00e9n \u00e9s j\u00fanius k\u00f6zep\u00e9t\u0151l augusztus v\u00e9g\u00e9ig mindennap h\u00e9t vonatp\u00e1r indul. A 14 kilom\u00e9teres utat 40 perc alatt teszik meg a kisvonatok. Az 1950-t\u0151l [&hellip;]<\/p>","protected":false},"author":2,"featured_media":2235,"comment_status":"open","ping_status":"open","sticky":false,"template":"","format":"standard","meta":{"_acf_changed":false,"footnotes":""},"categories":[155],"tags":[81,172,200],"class_list":["post-2234","post","type-post","status-publish","format-standard","has-post-thumbnail","hentry","category-hirek","tag-balatonfenyves","tag-programajanlo","tag-utazas"],"acf":[],"yoast_head":"<!-- This site is optimized with the Yoast SEO plugin v25.1 - https:\/\/yoast.com\/wordpress\/plugins\/seo\/ -->\n<title>Szombatt\u00f3l \u00fajraindul a forgalom a balatonfenyvesi kisvas\u00faton - BALATON NEKED<\/title>\n<meta name=\"robots\" content=\"index, follow, max-snippet:-1, max-image-preview:large, max-video-preview:-1\" \/>\n<link rel=\"canonical\" href=\"https:\/\/balatonneked.com\/en\/2019\/05\/30\/szombattol-ujraindul-a-forgalom-a-balatonfenyvesi-kisvasuton\/\" \/>\n<meta property=\"og:locale\" content=\"en_GB\" \/>\n<meta property=\"og:type\" content=\"article\" \/>\n<meta property=\"og:title\" content=\"Szombatt\u00f3l \u00fajraindul a forgalom a balatonfenyvesi kisvas\u00faton - BALATON NEKED\" \/>\n<meta property=\"og:description\" content=\"Szombatt\u00f3l \u00fajraindul a forgalom a balatonfenyvesi kisvas\u00faton a ny\u00e1ri turistaszezon idej\u00e9re. J\u00fanius 1-j\u00e9t\u0151l naponta ak\u00e1r 14 j\u00e1rattal utazhatnak a kir\u00e1ndul\u00f3k a nagybereki t\u00e1jakat bej\u00e1r\u00f3 vonalon. J\u00fanius k\u00f6zep\u00e9ig munkanapokon napi \u00f6t vonatp\u00e1r k\u00f6zlekedik, h\u00e9tv\u00e9g\u00e9n \u00e9s j\u00fanius k\u00f6zep\u00e9t\u0151l augusztus v\u00e9g\u00e9ig mindennap h\u00e9t vonatp\u00e1r indul. A 14 kilom\u00e9teres utat 40 perc alatt teszik meg a kisvonatok. Az 1950-t\u0151l [&hellip;]\" \/>\n<meta property=\"og:url\" content=\"https:\/\/balatonneked.com\/en\/2019\/05\/30\/szombattol-ujraindul-a-forgalom-a-balatonfenyvesi-kisvasuton\/\" \/>\n<meta property=\"og:site_name\" content=\"BALATON NEKED\" \/>\n<meta property=\"article:publisher\" content=\"https:\/\/www.facebook.com\/BalatonNeked\" \/>\n<meta property=\"article:published_time\" content=\"2019-05-30T18:40:14+00:00\" \/>\n<meta property=\"og:image\" content=\"https:\/\/balatonneked.com\/wp-content\/uploads\/2019\/05\/balatonfenyvesi-kisvas\u00fat.jpg\" \/>\n\t<meta property=\"og:image:width\" content=\"1024\" \/>\n\t<meta property=\"og:image:height\" content=\"343\" \/>\n\t<meta property=\"og:image:type\" content=\"image\/jpeg\" \/>\n<meta name=\"author\" content=\"-\" \/>\n<meta name=\"twitter:card\" content=\"summary_large_image\" \/>\n<meta name=\"twitter:label1\" content=\"Written by\" \/>\n\t<meta name=\"twitter:data1\" content=\"-\" \/>\n\t<meta name=\"twitter:label2\" content=\"Estimated reading time\" \/>\n\t<meta name=\"twitter:data2\" content=\"1 minute\" \/>\n<script type=\"application\/ld+json\" class=\"yoast-schema-graph\">{\"@context\":\"https:\/\/schema.org\",\"@graph\":[{\"@type\":\"Article\",\"@id\":\"https:\/\/balatonneked.com\/2019\/05\/30\/szombattol-ujraindul-a-forgalom-a-balatonfenyvesi-kisvasuton\/#article\",\"isPartOf\":{\"@id\":\"https:\/\/balatonneked.com\/2019\/05\/30\/szombattol-ujraindul-a-forgalom-a-balatonfenyvesi-kisvasuton\/\"},\"author\":{\"name\":\"-\",\"@id\":\"https:\/\/balatonneked.com\/#\/schema\/person\/6abf551dbe3d5531af60e216ef9b16aa\"},\"headline\":\"Szombatt\u00f3l \u00fajraindul a forgalom a balatonfenyvesi kisvas\u00faton\",\"datePublished\":\"2019-05-30T18:40:14+00:00\",\"mainEntityOfPage\":{\"@id\":\"https:\/\/balatonneked.com\/2019\/05\/30\/szombattol-ujraindul-a-forgalom-a-balatonfenyvesi-kisvasuton\/\"},\"wordCount\":221,\"commentCount\":0,\"publisher\":{\"@id\":\"https:\/\/balatonneked.com\/#organization\"},\"image\":{\"@id\":\"https:\/\/balatonneked.com\/2019\/05\/30\/szombattol-ujraindul-a-forgalom-a-balatonfenyvesi-kisvasuton\/#primaryimage\"},\"thumbnailUrl\":\"https:\/\/balatonneked.com\/wp-content\/uploads\/2019\/05\/balatonfenyvesi-kisvas\u00fat.jpg\",\"keywords\":[\"Balatonfenyves\",\"Programaj\u00e1nl\u00f3\",\"utaz\u00e1s\"],\"articleSection\":[\"H\u00edrek\"],\"inLanguage\":\"en-GB\",\"potentialAction\":[{\"@type\":\"CommentAction\",\"name\":\"Comment\",\"target\":[\"https:\/\/balatonneked.com\/2019\/05\/30\/szombattol-ujraindul-a-forgalom-a-balatonfenyvesi-kisvasuton\/#respond\"]}]},{\"@type\":\"WebPage\",\"@id\":\"https:\/\/balatonneked.com\/2019\/05\/30\/szombattol-ujraindul-a-forgalom-a-balatonfenyvesi-kisvasuton\/\",\"url\":\"https:\/\/balatonneked.com\/2019\/05\/30\/szombattol-ujraindul-a-forgalom-a-balatonfenyvesi-kisvasuton\/\",\"name\":\"Szombatt\u00f3l \u00fajraindul a forgalom a balatonfenyvesi kisvas\u00faton - BALATON NEKED\",\"isPartOf\":{\"@id\":\"https:\/\/balatonneked.com\/#website\"},\"primaryImageOfPage\":{\"@id\":\"https:\/\/balatonneked.com\/2019\/05\/30\/szombattol-ujraindul-a-forgalom-a-balatonfenyvesi-kisvasuton\/#primaryimage\"},\"image\":{\"@id\":\"https:\/\/balatonneked.com\/2019\/05\/30\/szombattol-ujraindul-a-forgalom-a-balatonfenyvesi-kisvasuton\/#primaryimage\"},\"thumbnailUrl\":\"https:\/\/balatonneked.com\/wp-content\/uploads\/2019\/05\/balatonfenyvesi-kisvas\u00fat.jpg\",\"datePublished\":\"2019-05-30T18:40:14+00:00\",\"breadcrumb\":{\"@id\":\"https:\/\/balatonneked.com\/2019\/05\/30\/szombattol-ujraindul-a-forgalom-a-balatonfenyvesi-kisvasuton\/#breadcrumb\"},\"inLanguage\":\"en-GB\",\"potentialAction\":[{\"@type\":\"ReadAction\",\"target\":[\"https:\/\/balatonneked.com\/2019\/05\/30\/szombattol-ujraindul-a-forgalom-a-balatonfenyvesi-kisvasuton\/\"]}]},{\"@type\":\"ImageObject\",\"inLanguage\":\"en-GB\",\"@id\":\"https:\/\/balatonneked.com\/2019\/05\/30\/szombattol-ujraindul-a-forgalom-a-balatonfenyvesi-kisvasuton\/#primaryimage\",\"url\":\"https:\/\/balatonneked.com\/wp-content\/uploads\/2019\/05\/balatonfenyvesi-kisvas\u00fat.jpg\",\"contentUrl\":\"https:\/\/balatonneked.com\/wp-content\/uploads\/2019\/05\/balatonfenyvesi-kisvas\u00fat.jpg\",\"width\":1024,\"height\":343},{\"@type\":\"BreadcrumbList\",\"@id\":\"https:\/\/balatonneked.com\/2019\/05\/30\/szombattol-ujraindul-a-forgalom-a-balatonfenyvesi-kisvasuton\/#breadcrumb\",\"itemListElement\":[{\"@type\":\"ListItem\",\"position\":1,\"name\":\"Kezd\u0151lap\",\"item\":\"https:\/\/balatonneked.com\/\"},{\"@type\":\"ListItem\",\"position\":2,\"name\":\"Szombatt\u00f3l \u00fajraindul a forgalom a balatonfenyvesi kisvas\u00faton\"}]},{\"@type\":\"WebSite\",\"@id\":\"https:\/\/balatonneked.com\/#website\",\"url\":\"https:\/\/balatonneked.com\/\",\"name\":\"BALATON NEKED\",\"description\":\"A Balaton leginformat\u00edvabb magazinja\",\"publisher\":{\"@id\":\"https:\/\/balatonneked.com\/#organization\"},\"potentialAction\":[{\"@type\":\"SearchAction\",\"target\":{\"@type\":\"EntryPoint\",\"urlTemplate\":\"https:\/\/balatonneked.com\/?s={search_term_string}\"},\"query-input\":{\"@type\":\"PropertyValueSpecification\",\"valueRequired\":true,\"valueName\":\"search_term_string\"}}],\"inLanguage\":\"en-GB\"},{\"@type\":\"Organization\",\"@id\":\"https:\/\/balatonneked.com\/#organization\",\"name\":\"BalatonNeked\",\"url\":\"https:\/\/balatonneked.com\/\",\"logo\":{\"@type\":\"ImageObject\",\"inLanguage\":\"en-GB\",\"@id\":\"https:\/\/balatonneked.com\/#\/schema\/logo\/image\/\",\"url\":\"https:\/\/balatonneked.com\/wp-content\/uploads\/2019\/05\/bnekedlogo.png\",\"contentUrl\":\"https:\/\/balatonneked.com\/wp-content\/uploads\/2019\/05\/bnekedlogo.png\",\"width\":750,\"height\":750,\"caption\":\"BalatonNeked\"},\"image\":{\"@id\":\"https:\/\/balatonneked.com\/#\/schema\/logo\/image\/\"},\"sameAs\":[\"https:\/\/www.facebook.com\/BalatonNeked\"]},{\"@type\":\"Person\",\"@id\":\"https:\/\/balatonneked.com\/#\/schema\/person\/6abf551dbe3d5531af60e216ef9b16aa\",\"name\":\"-\",\"image\":{\"@type\":\"ImageObject\",\"inLanguage\":\"en-GB\",\"@id\":\"https:\/\/balatonneked.com\/#\/schema\/person\/image\/\",\"url\":\"https:\/\/secure.gravatar.com\/avatar\/7bcf602c35eea1fdd5dcb5698f42149adc1fb65510ae8b284cdf111a453a6c37?s=96&d=mm&r=g\",\"contentUrl\":\"https:\/\/secure.gravatar.com\/avatar\/7bcf602c35eea1fdd5dcb5698f42149adc1fb65510ae8b284cdf111a453a6c37?s=96&d=mm&r=g\",\"caption\":\"-\"},\"url\":\"https:\/\/balatonneked.com\/en\/author\/tamasildiko\/\"}]}<\/script>\n<!-- \/ Yoast SEO plugin. -->","yoast_head_json":{"title":"Szombatt\u00f3l \u00fajraindul a forgalom a balatonfenyvesi kisvas\u00faton - BALATON NEKED","robots":{"index":"index","follow":"follow","max-snippet":"max-snippet:-1","max-image-preview":"max-image-preview:large","max-video-preview":"max-video-preview:-1"},"canonical":"https:\/\/balatonneked.com\/en\/2019\/05\/30\/szombattol-ujraindul-a-forgalom-a-balatonfenyvesi-kisvasuton\/","og_locale":"en_GB","og_type":"article","og_title":"Szombatt\u00f3l \u00fajraindul a forgalom a balatonfenyvesi kisvas\u00faton - BALATON NEKED","og_description":"Szombatt\u00f3l \u00fajraindul a forgalom a balatonfenyvesi kisvas\u00faton a ny\u00e1ri turistaszezon idej\u00e9re. J\u00fanius 1-j\u00e9t\u0151l naponta ak\u00e1r 14 j\u00e1rattal utazhatnak a kir\u00e1ndul\u00f3k a nagybereki t\u00e1jakat bej\u00e1r\u00f3 vonalon. J\u00fanius k\u00f6zep\u00e9ig munkanapokon napi \u00f6t vonatp\u00e1r k\u00f6zlekedik, h\u00e9tv\u00e9g\u00e9n \u00e9s j\u00fanius k\u00f6zep\u00e9t\u0151l augusztus v\u00e9g\u00e9ig mindennap h\u00e9t vonatp\u00e1r indul. A 14 kilom\u00e9teres utat 40 perc alatt teszik meg a kisvonatok. Az 1950-t\u0151l [&hellip;]","og_url":"https:\/\/balatonneked.com\/en\/2019\/05\/30\/szombattol-ujraindul-a-forgalom-a-balatonfenyvesi-kisvasuton\/","og_site_name":"BALATON NEKED","article_publisher":"https:\/\/www.facebook.com\/BalatonNeked","article_published_time":"2019-05-30T18:40:14+00:00","og_image":[{"width":1024,"height":343,"url":"https:\/\/balatonneked.com\/wp-content\/uploads\/2019\/05\/balatonfenyvesi-kisvas\u00fat.jpg","type":"image\/jpeg"}],"author":"-","twitter_card":"summary_large_image","twitter_misc":{"Written by":"-","Estimated reading time":"1 minute"},"schema":{"@context":"https:\/\/schema.org","@graph":[{"@type":"Article","@id":"https:\/\/balatonneked.com\/2019\/05\/30\/szombattol-ujraindul-a-forgalom-a-balatonfenyvesi-kisvasuton\/#article","isPartOf":{"@id":"https:\/\/balatonneked.com\/2019\/05\/30\/szombattol-ujraindul-a-forgalom-a-balatonfenyvesi-kisvasuton\/"},"author":{"name":"-","@id":"https:\/\/balatonneked.com\/#\/schema\/person\/6abf551dbe3d5531af60e216ef9b16aa"},"headline":"Szombatt\u00f3l \u00fajraindul a forgalom a balatonfenyvesi kisvas\u00faton","datePublished":"2019-05-30T18:40:14+00:00","mainEntityOfPage":{"@id":"https:\/\/balatonneked.com\/2019\/05\/30\/szombattol-ujraindul-a-forgalom-a-balatonfenyvesi-kisvasuton\/"},"wordCount":221,"commentCount":0,"publisher":{"@id":"https:\/\/balatonneked.com\/#organization"},"image":{"@id":"https:\/\/balatonneked.com\/2019\/05\/30\/szombattol-ujraindul-a-forgalom-a-balatonfenyvesi-kisvasuton\/#primaryimage"},"thumbnailUrl":"https:\/\/balatonneked.com\/wp-content\/uploads\/2019\/05\/balatonfenyvesi-kisvas\u00fat.jpg","keywords":["Balatonfenyves","Programaj\u00e1nl\u00f3","utaz\u00e1s"],"articleSection":["H\u00edrek"],"inLanguage":"en-GB","potentialAction":[{"@type":"CommentAction","name":"Comment","target":["https:\/\/balatonneked.com\/2019\/05\/30\/szombattol-ujraindul-a-forgalom-a-balatonfenyvesi-kisvasuton\/#respond"]}]},{"@type":"WebPage","@id":"https:\/\/balatonneked.com\/2019\/05\/30\/szombattol-ujraindul-a-forgalom-a-balatonfenyvesi-kisvasuton\/","url":"https:\/\/balatonneked.com\/2019\/05\/30\/szombattol-ujraindul-a-forgalom-a-balatonfenyvesi-kisvasuton\/","name":"Szombatt\u00f3l \u00fajraindul a forgalom a balatonfenyvesi kisvas\u00faton - BALATON NEKED","isPartOf":{"@id":"https:\/\/balatonneked.com\/#website"},"primaryImageOfPage":{"@id":"https:\/\/balatonneked.com\/2019\/05\/30\/szombattol-ujraindul-a-forgalom-a-balatonfenyvesi-kisvasuton\/#primaryimage"},"image":{"@id":"https:\/\/balatonneked.com\/2019\/05\/30\/szombattol-ujraindul-a-forgalom-a-balatonfenyvesi-kisvasuton\/#primaryimage"},"thumbnailUrl":"https:\/\/balatonneked.com\/wp-content\/uploads\/2019\/05\/balatonfenyvesi-kisvas\u00fat.jpg","datePublished":"2019-05-30T18:40:14+00:00","breadcrumb":{"@id":"https:\/\/balatonneked.com\/2019\/05\/30\/szombattol-ujraindul-a-forgalom-a-balatonfenyvesi-kisvasuton\/#breadcrumb"},"inLanguage":"en-GB","potentialAction":[{"@type":"ReadAction","target":["https:\/\/balatonneked.com\/2019\/05\/30\/szombattol-ujraindul-a-forgalom-a-balatonfenyvesi-kisvasuton\/"]}]},{"@type":"ImageObject","inLanguage":"en-GB","@id":"https:\/\/balatonneked.com\/2019\/05\/30\/szombattol-ujraindul-a-forgalom-a-balatonfenyvesi-kisvasuton\/#primaryimage","url":"https:\/\/balatonneked.com\/wp-content\/uploads\/2019\/05\/balatonfenyvesi-kisvas\u00fat.jpg","contentUrl":"https:\/\/balatonneked.com\/wp-content\/uploads\/2019\/05\/balatonfenyvesi-kisvas\u00fat.jpg","width":1024,"height":343},{"@type":"BreadcrumbList","@id":"https:\/\/balatonneked.com\/2019\/05\/30\/szombattol-ujraindul-a-forgalom-a-balatonfenyvesi-kisvasuton\/#breadcrumb","itemListElement":[{"@type":"ListItem","position":1,"name":"Kezd\u0151lap","item":"https:\/\/balatonneked.com\/"},{"@type":"ListItem","position":2,"name":"Szombatt\u00f3l \u00fajraindul a forgalom a balatonfenyvesi kisvas\u00faton"}]},{"@type":"WebSite","@id":"https:\/\/balatonneked.com\/#website","url":"https:\/\/balatonneked.com\/","name":"BALATON NEKED","description":"A Balaton leginformat\u00edvabb magazinja","publisher":{"@id":"https:\/\/balatonneked.com\/#organization"},"potentialAction":[{"@type":"SearchAction","target":{"@type":"EntryPoint","urlTemplate":"https:\/\/balatonneked.com\/?s={search_term_string}"},"query-input":{"@type":"PropertyValueSpecification","valueRequired":true,"valueName":"search_term_string"}}],"inLanguage":"en-GB"},{"@type":"Organization","@id":"https:\/\/balatonneked.com\/#organization","name":"BalatonNeked","url":"https:\/\/balatonneked.com\/","logo":{"@type":"ImageObject","inLanguage":"en-GB","@id":"https:\/\/balatonneked.com\/#\/schema\/logo\/image\/","url":"https:\/\/balatonneked.com\/wp-content\/uploads\/2019\/05\/bnekedlogo.png","contentUrl":"https:\/\/balatonneked.com\/wp-content\/uploads\/2019\/05\/bnekedlogo.png","width":750,"height":750,"caption":"BalatonNeked"},"image":{"@id":"https:\/\/balatonneked.com\/#\/schema\/logo\/image\/"},"sameAs":["https:\/\/www.facebook.com\/BalatonNeked"]},{"@type":"Person","@id":"https:\/\/balatonneked.com\/#\/schema\/person\/6abf551dbe3d5531af60e216ef9b16aa","name":"-","image":{"@type":"ImageObject","inLanguage":"en-GB","@id":"https:\/\/balatonneked.com\/#\/schema\/person\/image\/","url":"https:\/\/secure.gravatar.com\/avatar\/7bcf602c35eea1fdd5dcb5698f42149adc1fb65510ae8b284cdf111a453a6c37?s=96&d=mm&r=g","contentUrl":"https:\/\/secure.gravatar.com\/avatar\/7bcf602c35eea1fdd5dcb5698f42149adc1fb65510ae8b284cdf111a453a6c37?s=96&d=mm&r=g","caption":"-"},"url":"https:\/\/balatonneked.com\/en\/author\/tamasildiko\/"}]}},"_links":{"self":[{"href":"https:\/\/balatonneked.com\/en\/wp-json\/wp\/v2\/posts\/2234","targetHints":{"allow":["GET"]}}],"collection":[{"href":"https:\/\/balatonneked.com\/en\/wp-json\/wp\/v2\/posts"}],"about":[{"href":"https:\/\/balatonneked.com\/en\/wp-json\/wp\/v2\/types\/post"}],"author":[{"embeddable":true,"href":"https:\/\/balatonneked.com\/en\/wp-json\/wp\/v2\/users\/2"}],"replies":[{"embeddable":true,"href":"https:\/\/balatonneked.com\/en\/wp-json\/wp\/v2\/comments?post=2234"}],"version-history":[{"count":1,"href":"https:\/\/balatonneked.com\/en\/wp-json\/wp\/v2\/posts\/2234\/revisions"}],"predecessor-version":[{"id":2236,"href":"https:\/\/balatonneked.com\/en\/wp-json\/wp\/v2\/posts\/2234\/revisions\/2236"}],"wp:featuredmedia":[{"embeddable":true,"href":"https:\/\/balatonneked.com\/en\/wp-json\/wp\/v2\/media\/2235"}],"wp:attachment":[{"href":"https:\/\/balatonneked.com\/en\/wp-json\/wp\/v2\/media?parent=2234"}],"wp:term":[{"taxonomy":"category","embeddable":true,"href":"https:\/\/balatonneked.com\/en\/wp-json\/wp\/v2\/categories?post=2234"},{"taxonomy":"post_tag","embeddable":true,"href":"https:\/\/balatonneked.com\/en\/wp-json\/wp\/v2\/tags?post=2234"}],"curies":[{"name":"wp","href":"https:\/\/api.w.org\/{rel}","templated":true}]}}