{"id":2216,"date":"2019-05-28T16:46:51","date_gmt":"2019-05-28T16:46:51","guid":{"rendered":"http:\/\/balatonneked.com\/?p=2216"},"modified":"2019-05-28T16:46:51","modified_gmt":"2019-05-28T16:46:51","slug":"hosszu-lepesek-napja-balatonedericsen","status":"publish","type":"post","link":"https:\/\/balatonneked.com\/en\/2019\/05\/28\/hosszu-lepesek-napja-balatonedericsen\/","title":{"rendered":"Hossz\u00fa l\u00e9p\u00e9sek napja Balatonedericsen"},"content":{"rendered":"<p>Hossz\u00fa l\u00e9p\u00e9sek napja nevet kapta az a P\u00fcnk\u00f6sdi bort\u00fara, amelyet\u00a02019. j\u00fanius 8-\u00e1n, szombaton rendeznek meg Balatonedericsen.<br \/>\n9-10 \u00f3ra k\u00f6z\u00f6tt lehet regisztr\u00e1lni a T\u00e1jh\u00e1zn\u00e1l, majd\u00a010 \u00f3rakor indul a t\u00fara.<\/p>\n<p>Helysz\u00ednek, vend\u00e9gl\u00e1t\u00f3k: T\u00e1jh\u00e1z \u2013 Effendy-vin \u2013 Szab\u00f3 Guszt\u00e1v-Bogd\u00e1n Zolt\u00e1n \u2013 P\u00e1lla Borbirtok &#8211; Szab\u00f3 Pince \u2013 T\u00e1jh\u00e1z \u00fatvonalon.<br \/>\nA pinc\u00e9kn\u00e9l borkorcsoly\u00e1t, a T\u00e1jh\u00e1zn\u00e1l z\u00e1r\u00f3 meleg \u00e9telt biztos\u00edtunk a r\u00e9sztvev\u0151knek.<br \/>\n(Vissza\u00e9rkez\u00e9s v\u00e1rhat\u00f3an: 15 &#8211; 15.30 k\u00f6r\u00fcl.)<\/p>\n<p>&nbsp;<\/p>\n<p>R\u00e9szleteket\u00a0<a href=\"https:\/\/www.facebook.com\/events\/279668762935167\/\">itt<\/a>\u00a0tal\u00e1ltok.<\/p>\n<p>(forr\u00e1s: facebook)<\/p>","protected":false},"excerpt":{"rendered":"<p>Hossz\u00fa l\u00e9p\u00e9sek napja nevet kapta az a P\u00fcnk\u00f6sdi bort\u00fara, amelyet\u00a02019. j\u00fanius 8-\u00e1n, szombaton rendeznek meg Balatonedericsen. 9-10 \u00f3ra k\u00f6z\u00f6tt lehet regisztr\u00e1lni a T\u00e1jh\u00e1zn\u00e1l, majd\u00a010 \u00f3rakor indul a t\u00fara. Helysz\u00ednek, vend\u00e9gl\u00e1t\u00f3k: T\u00e1jh\u00e1z \u2013 Effendy-vin \u2013 Szab\u00f3 Guszt\u00e1v-Bogd\u00e1n Zolt\u00e1n \u2013 P\u00e1lla Borbirtok &#8211; Szab\u00f3 Pince \u2013 T\u00e1jh\u00e1z \u00fatvonalon. A pinc\u00e9kn\u00e9l borkorcsoly\u00e1t, a T\u00e1jh\u00e1zn\u00e1l z\u00e1r\u00f3 meleg \u00e9telt biztos\u00edtunk [&hellip;]<\/p>","protected":false},"author":2,"featured_media":2217,"comment_status":"open","ping_status":"open","sticky":false,"template":"","format":"standard","meta":{"_acf_changed":false,"footnotes":""},"categories":[155],"tags":[201,120,172,170],"class_list":["post-2216","post","type-post","status-publish","format-standard","has-post-thumbnail","hentry","category-hirek","tag-balatonederics","tag-bor","tag-programajanlo","tag-turazas"],"acf":[],"yoast_head":"<!-- This site is optimized with the Yoast SEO plugin v25.1 - https:\/\/yoast.com\/wordpress\/plugins\/seo\/ -->\n<title>Hossz\u00fa l\u00e9p\u00e9sek napja Balatonedericsen - BALATON NEKED<\/title>\n<meta name=\"robots\" content=\"index, follow, max-snippet:-1, max-image-preview:large, max-video-preview:-1\" \/>\n<link rel=\"canonical\" href=\"https:\/\/balatonneked.com\/en\/2019\/05\/28\/hosszu-lepesek-napja-balatonedericsen\/\" \/>\n<meta property=\"og:locale\" content=\"en_GB\" \/>\n<meta property=\"og:type\" content=\"article\" \/>\n<meta property=\"og:title\" content=\"Hossz\u00fa l\u00e9p\u00e9sek napja Balatonedericsen - BALATON NEKED\" \/>\n<meta property=\"og:description\" content=\"Hossz\u00fa l\u00e9p\u00e9sek napja nevet kapta az a P\u00fcnk\u00f6sdi bort\u00fara, amelyet\u00a02019. j\u00fanius 8-\u00e1n, szombaton rendeznek meg Balatonedericsen. 9-10 \u00f3ra k\u00f6z\u00f6tt lehet regisztr\u00e1lni a T\u00e1jh\u00e1zn\u00e1l, majd\u00a010 \u00f3rakor indul a t\u00fara. Helysz\u00ednek, vend\u00e9gl\u00e1t\u00f3k: T\u00e1jh\u00e1z \u2013 Effendy-vin \u2013 Szab\u00f3 Guszt\u00e1v-Bogd\u00e1n Zolt\u00e1n \u2013 P\u00e1lla Borbirtok &#8211; Szab\u00f3 Pince \u2013 T\u00e1jh\u00e1z \u00fatvonalon. A pinc\u00e9kn\u00e9l borkorcsoly\u00e1t, a T\u00e1jh\u00e1zn\u00e1l z\u00e1r\u00f3 meleg \u00e9telt biztos\u00edtunk [&hellip;]\" \/>\n<meta property=\"og:url\" content=\"https:\/\/balatonneked.com\/en\/2019\/05\/28\/hosszu-lepesek-napja-balatonedericsen\/\" \/>\n<meta property=\"og:site_name\" content=\"BALATON NEKED\" \/>\n<meta property=\"article:publisher\" content=\"https:\/\/www.facebook.com\/BalatonNeked\" \/>\n<meta property=\"article:published_time\" content=\"2019-05-28T16:46:51+00:00\" \/>\n<meta property=\"og:image\" content=\"https:\/\/balatonneked.com\/wp-content\/uploads\/2019\/05\/hossz\u00fa-l\u00e9p\u00e9sek-napja-bor\u00edt\u00f3.jpg\" \/>\n\t<meta property=\"og:image:width\" content=\"960\" \/>\n\t<meta property=\"og:image:height\" content=\"640\" \/>\n\t<meta property=\"og:image:type\" content=\"image\/jpeg\" \/>\n<meta name=\"author\" content=\"-\" \/>\n<meta name=\"twitter:card\" content=\"summary_large_image\" \/>\n<meta name=\"twitter:label1\" content=\"Written by\" \/>\n\t<meta name=\"twitter:data1\" content=\"-\" \/>\n\t<meta name=\"twitter:label2\" content=\"Estimated reading time\" \/>\n\t<meta name=\"twitter:data2\" content=\"1 minute\" \/>\n<script type=\"application\/ld+json\" class=\"yoast-schema-graph\">{\"@context\":\"https:\/\/schema.org\",\"@graph\":[{\"@type\":\"Article\",\"@id\":\"https:\/\/balatonneked.com\/2019\/05\/28\/hosszu-lepesek-napja-balatonedericsen\/#article\",\"isPartOf\":{\"@id\":\"https:\/\/balatonneked.com\/2019\/05\/28\/hosszu-lepesek-napja-balatonedericsen\/\"},\"author\":{\"name\":\"-\",\"@id\":\"https:\/\/balatonneked.com\/#\/schema\/person\/6abf551dbe3d5531af60e216ef9b16aa\"},\"headline\":\"Hossz\u00fa l\u00e9p\u00e9sek napja Balatonedericsen\",\"datePublished\":\"2019-05-28T16:46:51+00:00\",\"mainEntityOfPage\":{\"@id\":\"https:\/\/balatonneked.com\/2019\/05\/28\/hosszu-lepesek-napja-balatonedericsen\/\"},\"wordCount\":114,\"commentCount\":0,\"publisher\":{\"@id\":\"https:\/\/balatonneked.com\/#organization\"},\"image\":{\"@id\":\"https:\/\/balatonneked.com\/2019\/05\/28\/hosszu-lepesek-napja-balatonedericsen\/#primaryimage\"},\"thumbnailUrl\":\"https:\/\/balatonneked.com\/wp-content\/uploads\/2019\/05\/hossz\u00fa-l\u00e9p\u00e9sek-napja-bor\u00edt\u00f3.jpg\",\"keywords\":[\"Balatonederics\",\"bor\",\"Programaj\u00e1nl\u00f3\",\"T\u00far\u00e1z\u00e1s\"],\"articleSection\":[\"H\u00edrek\"],\"inLanguage\":\"en-GB\",\"potentialAction\":[{\"@type\":\"CommentAction\",\"name\":\"Comment\",\"target\":[\"https:\/\/balatonneked.com\/2019\/05\/28\/hosszu-lepesek-napja-balatonedericsen\/#respond\"]}]},{\"@type\":\"WebPage\",\"@id\":\"https:\/\/balatonneked.com\/2019\/05\/28\/hosszu-lepesek-napja-balatonedericsen\/\",\"url\":\"https:\/\/balatonneked.com\/2019\/05\/28\/hosszu-lepesek-napja-balatonedericsen\/\",\"name\":\"Hossz\u00fa l\u00e9p\u00e9sek napja Balatonedericsen - BALATON NEKED\",\"isPartOf\":{\"@id\":\"https:\/\/balatonneked.com\/#website\"},\"primaryImageOfPage\":{\"@id\":\"https:\/\/balatonneked.com\/2019\/05\/28\/hosszu-lepesek-napja-balatonedericsen\/#primaryimage\"},\"image\":{\"@id\":\"https:\/\/balatonneked.com\/2019\/05\/28\/hosszu-lepesek-napja-balatonedericsen\/#primaryimage\"},\"thumbnailUrl\":\"https:\/\/balatonneked.com\/wp-content\/uploads\/2019\/05\/hossz\u00fa-l\u00e9p\u00e9sek-napja-bor\u00edt\u00f3.jpg\",\"datePublished\":\"2019-05-28T16:46:51+00:00\",\"breadcrumb\":{\"@id\":\"https:\/\/balatonneked.com\/2019\/05\/28\/hosszu-lepesek-napja-balatonedericsen\/#breadcrumb\"},\"inLanguage\":\"en-GB\",\"potentialAction\":[{\"@type\":\"ReadAction\",\"target\":[\"https:\/\/balatonneked.com\/2019\/05\/28\/hosszu-lepesek-napja-balatonedericsen\/\"]}]},{\"@type\":\"ImageObject\",\"inLanguage\":\"en-GB\",\"@id\":\"https:\/\/balatonneked.com\/2019\/05\/28\/hosszu-lepesek-napja-balatonedericsen\/#primaryimage\",\"url\":\"https:\/\/balatonneked.com\/wp-content\/uploads\/2019\/05\/hossz\u00fa-l\u00e9p\u00e9sek-napja-bor\u00edt\u00f3.jpg\",\"contentUrl\":\"https:\/\/balatonneked.com\/wp-content\/uploads\/2019\/05\/hossz\u00fa-l\u00e9p\u00e9sek-napja-bor\u00edt\u00f3.jpg\",\"width\":960,\"height\":640},{\"@type\":\"BreadcrumbList\",\"@id\":\"https:\/\/balatonneked.com\/2019\/05\/28\/hosszu-lepesek-napja-balatonedericsen\/#breadcrumb\",\"itemListElement\":[{\"@type\":\"ListItem\",\"position\":1,\"name\":\"Kezd\u0151lap\",\"item\":\"https:\/\/balatonneked.com\/\"},{\"@type\":\"ListItem\",\"position\":2,\"name\":\"Hossz\u00fa l\u00e9p\u00e9sek napja Balatonedericsen\"}]},{\"@type\":\"WebSite\",\"@id\":\"https:\/\/balatonneked.com\/#website\",\"url\":\"https:\/\/balatonneked.com\/\",\"name\":\"BALATON NEKED\",\"description\":\"A Balaton leginformat\u00edvabb magazinja\",\"publisher\":{\"@id\":\"https:\/\/balatonneked.com\/#organization\"},\"potentialAction\":[{\"@type\":\"SearchAction\",\"target\":{\"@type\":\"EntryPoint\",\"urlTemplate\":\"https:\/\/balatonneked.com\/?s={search_term_string}\"},\"query-input\":{\"@type\":\"PropertyValueSpecification\",\"valueRequired\":true,\"valueName\":\"search_term_string\"}}],\"inLanguage\":\"en-GB\"},{\"@type\":\"Organization\",\"@id\":\"https:\/\/balatonneked.com\/#organization\",\"name\":\"BalatonNeked\",\"url\":\"https:\/\/balatonneked.com\/\",\"logo\":{\"@type\":\"ImageObject\",\"inLanguage\":\"en-GB\",\"@id\":\"https:\/\/balatonneked.com\/#\/schema\/logo\/image\/\",\"url\":\"https:\/\/balatonneked.com\/wp-content\/uploads\/2019\/05\/bnekedlogo.png\",\"contentUrl\":\"https:\/\/balatonneked.com\/wp-content\/uploads\/2019\/05\/bnekedlogo.png\",\"width\":750,\"height\":750,\"caption\":\"BalatonNeked\"},\"image\":{\"@id\":\"https:\/\/balatonneked.com\/#\/schema\/logo\/image\/\"},\"sameAs\":[\"https:\/\/www.facebook.com\/BalatonNeked\"]},{\"@type\":\"Person\",\"@id\":\"https:\/\/balatonneked.com\/#\/schema\/person\/6abf551dbe3d5531af60e216ef9b16aa\",\"name\":\"-\",\"image\":{\"@type\":\"ImageObject\",\"inLanguage\":\"en-GB\",\"@id\":\"https:\/\/balatonneked.com\/#\/schema\/person\/image\/\",\"url\":\"https:\/\/secure.gravatar.com\/avatar\/7bcf602c35eea1fdd5dcb5698f42149adc1fb65510ae8b284cdf111a453a6c37?s=96&d=mm&r=g\",\"contentUrl\":\"https:\/\/secure.gravatar.com\/avatar\/7bcf602c35eea1fdd5dcb5698f42149adc1fb65510ae8b284cdf111a453a6c37?s=96&d=mm&r=g\",\"caption\":\"-\"},\"url\":\"https:\/\/balatonneked.com\/en\/author\/tamasildiko\/\"}]}<\/script>\n<!-- \/ Yoast SEO plugin. -->","yoast_head_json":{"title":"Hossz\u00fa l\u00e9p\u00e9sek napja Balatonedericsen - BALATON NEKED","robots":{"index":"index","follow":"follow","max-snippet":"max-snippet:-1","max-image-preview":"max-image-preview:large","max-video-preview":"max-video-preview:-1"},"canonical":"https:\/\/balatonneked.com\/en\/2019\/05\/28\/hosszu-lepesek-napja-balatonedericsen\/","og_locale":"en_GB","og_type":"article","og_title":"Hossz\u00fa l\u00e9p\u00e9sek napja Balatonedericsen - BALATON NEKED","og_description":"Hossz\u00fa l\u00e9p\u00e9sek napja nevet kapta az a P\u00fcnk\u00f6sdi bort\u00fara, amelyet\u00a02019. j\u00fanius 8-\u00e1n, szombaton rendeznek meg Balatonedericsen. 9-10 \u00f3ra k\u00f6z\u00f6tt lehet regisztr\u00e1lni a T\u00e1jh\u00e1zn\u00e1l, majd\u00a010 \u00f3rakor indul a t\u00fara. Helysz\u00ednek, vend\u00e9gl\u00e1t\u00f3k: T\u00e1jh\u00e1z \u2013 Effendy-vin \u2013 Szab\u00f3 Guszt\u00e1v-Bogd\u00e1n Zolt\u00e1n \u2013 P\u00e1lla Borbirtok &#8211; Szab\u00f3 Pince \u2013 T\u00e1jh\u00e1z \u00fatvonalon. A pinc\u00e9kn\u00e9l borkorcsoly\u00e1t, a T\u00e1jh\u00e1zn\u00e1l z\u00e1r\u00f3 meleg \u00e9telt biztos\u00edtunk [&hellip;]","og_url":"https:\/\/balatonneked.com\/en\/2019\/05\/28\/hosszu-lepesek-napja-balatonedericsen\/","og_site_name":"BALATON NEKED","article_publisher":"https:\/\/www.facebook.com\/BalatonNeked","article_published_time":"2019-05-28T16:46:51+00:00","og_image":[{"width":960,"height":640,"url":"https:\/\/balatonneked.com\/wp-content\/uploads\/2019\/05\/hossz\u00fa-l\u00e9p\u00e9sek-napja-bor\u00edt\u00f3.jpg","type":"image\/jpeg"}],"author":"-","twitter_card":"summary_large_image","twitter_misc":{"Written by":"-","Estimated reading time":"1 minute"},"schema":{"@context":"https:\/\/schema.org","@graph":[{"@type":"Article","@id":"https:\/\/balatonneked.com\/2019\/05\/28\/hosszu-lepesek-napja-balatonedericsen\/#article","isPartOf":{"@id":"https:\/\/balatonneked.com\/2019\/05\/28\/hosszu-lepesek-napja-balatonedericsen\/"},"author":{"name":"-","@id":"https:\/\/balatonneked.com\/#\/schema\/person\/6abf551dbe3d5531af60e216ef9b16aa"},"headline":"Hossz\u00fa l\u00e9p\u00e9sek napja Balatonedericsen","datePublished":"2019-05-28T16:46:51+00:00","mainEntityOfPage":{"@id":"https:\/\/balatonneked.com\/2019\/05\/28\/hosszu-lepesek-napja-balatonedericsen\/"},"wordCount":114,"commentCount":0,"publisher":{"@id":"https:\/\/balatonneked.com\/#organization"},"image":{"@id":"https:\/\/balatonneked.com\/2019\/05\/28\/hosszu-lepesek-napja-balatonedericsen\/#primaryimage"},"thumbnailUrl":"https:\/\/balatonneked.com\/wp-content\/uploads\/2019\/05\/hossz\u00fa-l\u00e9p\u00e9sek-napja-bor\u00edt\u00f3.jpg","keywords":["Balatonederics","bor","Programaj\u00e1nl\u00f3","T\u00far\u00e1z\u00e1s"],"articleSection":["H\u00edrek"],"inLanguage":"en-GB","potentialAction":[{"@type":"CommentAction","name":"Comment","target":["https:\/\/balatonneked.com\/2019\/05\/28\/hosszu-lepesek-napja-balatonedericsen\/#respond"]}]},{"@type":"WebPage","@id":"https:\/\/balatonneked.com\/2019\/05\/28\/hosszu-lepesek-napja-balatonedericsen\/","url":"https:\/\/balatonneked.com\/2019\/05\/28\/hosszu-lepesek-napja-balatonedericsen\/","name":"Hossz\u00fa l\u00e9p\u00e9sek napja Balatonedericsen - BALATON NEKED","isPartOf":{"@id":"https:\/\/balatonneked.com\/#website"},"primaryImageOfPage":{"@id":"https:\/\/balatonneked.com\/2019\/05\/28\/hosszu-lepesek-napja-balatonedericsen\/#primaryimage"},"image":{"@id":"https:\/\/balatonneked.com\/2019\/05\/28\/hosszu-lepesek-napja-balatonedericsen\/#primaryimage"},"thumbnailUrl":"https:\/\/balatonneked.com\/wp-content\/uploads\/2019\/05\/hossz\u00fa-l\u00e9p\u00e9sek-napja-bor\u00edt\u00f3.jpg","datePublished":"2019-05-28T16:46:51+00:00","breadcrumb":{"@id":"https:\/\/balatonneked.com\/2019\/05\/28\/hosszu-lepesek-napja-balatonedericsen\/#breadcrumb"},"inLanguage":"en-GB","potentialAction":[{"@type":"ReadAction","target":["https:\/\/balatonneked.com\/2019\/05\/28\/hosszu-lepesek-napja-balatonedericsen\/"]}]},{"@type":"ImageObject","inLanguage":"en-GB","@id":"https:\/\/balatonneked.com\/2019\/05\/28\/hosszu-lepesek-napja-balatonedericsen\/#primaryimage","url":"https:\/\/balatonneked.com\/wp-content\/uploads\/2019\/05\/hossz\u00fa-l\u00e9p\u00e9sek-napja-bor\u00edt\u00f3.jpg","contentUrl":"https:\/\/balatonneked.com\/wp-content\/uploads\/2019\/05\/hossz\u00fa-l\u00e9p\u00e9sek-napja-bor\u00edt\u00f3.jpg","width":960,"height":640},{"@type":"BreadcrumbList","@id":"https:\/\/balatonneked.com\/2019\/05\/28\/hosszu-lepesek-napja-balatonedericsen\/#breadcrumb","itemListElement":[{"@type":"ListItem","position":1,"name":"Kezd\u0151lap","item":"https:\/\/balatonneked.com\/"},{"@type":"ListItem","position":2,"name":"Hossz\u00fa l\u00e9p\u00e9sek napja Balatonedericsen"}]},{"@type":"WebSite","@id":"https:\/\/balatonneked.com\/#website","url":"https:\/\/balatonneked.com\/","name":"BALATON NEKED","description":"A Balaton leginformat\u00edvabb magazinja","publisher":{"@id":"https:\/\/balatonneked.com\/#organization"},"potentialAction":[{"@type":"SearchAction","target":{"@type":"EntryPoint","urlTemplate":"https:\/\/balatonneked.com\/?s={search_term_string}"},"query-input":{"@type":"PropertyValueSpecification","valueRequired":true,"valueName":"search_term_string"}}],"inLanguage":"en-GB"},{"@type":"Organization","@id":"https:\/\/balatonneked.com\/#organization","name":"BalatonNeked","url":"https:\/\/balatonneked.com\/","logo":{"@type":"ImageObject","inLanguage":"en-GB","@id":"https:\/\/balatonneked.com\/#\/schema\/logo\/image\/","url":"https:\/\/balatonneked.com\/wp-content\/uploads\/2019\/05\/bnekedlogo.png","contentUrl":"https:\/\/balatonneked.com\/wp-content\/uploads\/2019\/05\/bnekedlogo.png","width":750,"height":750,"caption":"BalatonNeked"},"image":{"@id":"https:\/\/balatonneked.com\/#\/schema\/logo\/image\/"},"sameAs":["https:\/\/www.facebook.com\/BalatonNeked"]},{"@type":"Person","@id":"https:\/\/balatonneked.com\/#\/schema\/person\/6abf551dbe3d5531af60e216ef9b16aa","name":"-","image":{"@type":"ImageObject","inLanguage":"en-GB","@id":"https:\/\/balatonneked.com\/#\/schema\/person\/image\/","url":"https:\/\/secure.gravatar.com\/avatar\/7bcf602c35eea1fdd5dcb5698f42149adc1fb65510ae8b284cdf111a453a6c37?s=96&d=mm&r=g","contentUrl":"https:\/\/secure.gravatar.com\/avatar\/7bcf602c35eea1fdd5dcb5698f42149adc1fb65510ae8b284cdf111a453a6c37?s=96&d=mm&r=g","caption":"-"},"url":"https:\/\/balatonneked.com\/en\/author\/tamasildiko\/"}]}},"_links":{"self":[{"href":"https:\/\/balatonneked.com\/en\/wp-json\/wp\/v2\/posts\/2216","targetHints":{"allow":["GET"]}}],"collection":[{"href":"https:\/\/balatonneked.com\/en\/wp-json\/wp\/v2\/posts"}],"about":[{"href":"https:\/\/balatonneked.com\/en\/wp-json\/wp\/v2\/types\/post"}],"author":[{"embeddable":true,"href":"https:\/\/balatonneked.com\/en\/wp-json\/wp\/v2\/users\/2"}],"replies":[{"embeddable":true,"href":"https:\/\/balatonneked.com\/en\/wp-json\/wp\/v2\/comments?post=2216"}],"version-history":[{"count":1,"href":"https:\/\/balatonneked.com\/en\/wp-json\/wp\/v2\/posts\/2216\/revisions"}],"predecessor-version":[{"id":2218,"href":"https:\/\/balatonneked.com\/en\/wp-json\/wp\/v2\/posts\/2216\/revisions\/2218"}],"wp:featuredmedia":[{"embeddable":true,"href":"https:\/\/balatonneked.com\/en\/wp-json\/wp\/v2\/media\/2217"}],"wp:attachment":[{"href":"https:\/\/balatonneked.com\/en\/wp-json\/wp\/v2\/media?parent=2216"}],"wp:term":[{"taxonomy":"category","embeddable":true,"href":"https:\/\/balatonneked.com\/en\/wp-json\/wp\/v2\/categories?post=2216"},{"taxonomy":"post_tag","embeddable":true,"href":"https:\/\/balatonneked.com\/en\/wp-json\/wp\/v2\/tags?post=2216"}],"curies":[{"name":"wp","href":"https:\/\/api.w.org\/{rel}","templated":true}]}}