{"id":2148,"date":"2019-05-24T09:35:01","date_gmt":"2019-05-24T09:35:01","guid":{"rendered":"http:\/\/balatonneked.com\/?p=2148"},"modified":"2019-05-24T09:35:01","modified_gmt":"2019-05-24T09:35:01","slug":"k-o-az-arenaban-a-veszprem-kiutotte-a-szegedet","status":"publish","type":"post","link":"https:\/\/balatonneked.com\/en\/2019\/05\/24\/k-o-az-arenaban-a-veszprem-kiutotte-a-szegedet\/","title":{"rendered":"K. O. az Ar\u00e9n\u00e1ban: a Veszpr\u00e9m ki\u00fct\u00f6tte a Szegedet"},"content":{"rendered":"<div class=\"enews-article-lead\">A m\u00e1sodik f\u00e9lid\u0151ben ny\u00fajtott ellen\u00e1llhatatlan j\u00e1t\u00e9k\u00e1val egyszer\u0171en ki\u00fct\u00f6tte a c\u00edmv\u00e9d\u0151 MOL-Pick Szegedet a Telekom Veszpr\u00e9m, \u00e9s tizenegy g\u00f3los el\u0151nyr\u0151l v\u00e1rhatja a vas\u00e1rnapi visszav\u00e1g\u00f3t. Innen m\u00e1r nem lehet elvesz\u00edteni az arany\u00e9rmet, vas\u00e1rnap \u00fajra fel\u00fclhet a tr\u00f3nj\u00e1ra a bakonyi alakulat.<\/div>\n<div class=\"clearfix\"><\/div>\n<div class=\"enews-article-content\">\n<p><strong>Telekom Veszpr\u00e9m-MOL-Pick Szeged 35-24 (13-14)<\/strong><\/p>\n<p>Veszpr\u00e9m, 5224 n\u00e9z\u0151. V.: Gjeding, Hansen (d\u00e1nok). Telekom Veszpr\u00e9m: Sterbik \u2013 Gajic 9 (6), Nagy 3, L\u00e9kai 3, Blagotinsek 1, Mackovsek 2, Manaszkov 4. Csere: Mikler (kapus), Terzic, Nilsson 3, T\u00f6nnesen 1, llics 1, Mah\u00e9 2, Nenadics 6, Edz\u0151: David Davis.<\/p>\n<div class=\"endless-shared-area\">\n<div id=\"et-boc\">\n<div class=\"et_pb_section et_pb_section_2 et_section_regular\">\n<div class=\"et_pb_row et_pb_row_2\">\n<div class=\"et_pb_column et_pb_column_4_4 et_pb_column_2    et_pb_css_mix_blend_mode_passthrough et-last-child\"><\/div>\n<\/div>\n<\/div>\n<\/div>\n<\/div>\n<p>MOL-Pick Szeged: Alilovic \u2013 Sostaric 2, Maqueda 5, Gaber, B\u00e1nhidi 3, Kallman 1, Bombac. Csere: Sego (kapus), Zsitnyikov 4, Canellas 8 (4), Bod\u00f3, Sigurmannsson 1 (1), Henigman, Edz\u0151: Juan Carlos Pastor.<\/p>\n<p>Ki\u00e1ll\u00edt\u00e1sok: 14, ill. 8 perc.<\/p>\n<p>H\u00e9tm\u00e9teresek: 6\/6, ill. 8\/5.<\/p>\n<p>K\u00fcl\u00f6nleges \u00f6sszecsap\u00e1s el\u0151tt \u00e1llt a Telekom Veszpr\u00e9m f\u00e9rfi k\u00e9zilabda-egy\u00fcttese, de nemcsak az\u00e9rt, mert el\u00e9rkezett a bajnoki d\u00f6nt\u0151 els\u0151 tal\u00e1lkoz\u00f3ja, \u00e9s ott az \u00f6r\u00f6k riv\u00e1lis, a c\u00edmv\u00e9d\u0151 MOL-Pick Szeged volt az ellenf\u00e9l. Ezen a m\u00e9rk\u0151z\u00e9sen szerepelt ugyanis utolj\u00e1ra veszpr\u00e9mi sz\u00ednekben a k\u00e9t visszavonul\u00f3 klasszis, Nagy L\u00e1szl\u00f3 \u00e9s Momir Ilics, \u00e9s a Tisza-partiakhoz tart\u00f3 Mikler Roland v\u00e9d\u00e9seinek is utols\u00f3 alkalommal tapsolhattunk veszpr\u00e9mik\u00e9nt az ar\u00e9n\u00e1ban.<\/p>\n<p>A vend\u00e9gek r\u00e9sz\u00e9r\u0151l a gerincs\u00e9r\u00fcl\u00e9ssel bajl\u00f3d\u00f3 Alen Blazevic, valamint az id\u00e9ny v\u00e9g\u00e9n a szegediekt\u0151l elk\u00f6sz\u00f6n\u0151 v\u00e1logatott jobb\u00e1tl\u00f6v\u0151, Balogh Zsolt hi\u00e1nyzott. A hazaiak teljes kerettel, leger\u0151sebb \u00f6ssze\u00e1ll\u00edt\u00e1sukban v\u00e1rt\u00e1k a k\u00e9zilabda-aranyrangad\u00f3t.<\/p>\n<p>Nemzetk\u00f6zi zs\u0171ri, d\u00e1n j\u00e1t\u00e9kvezet\u0151k fel\u00fcgyelt\u00e9k a j\u00e1t\u00e9kot.<\/p>\n<p>Fantasztikus hangork\u00e1n fogadta a csapatokat, a szegedi edz\u0151t, Juan Carlos Pastort alaposan kif\u00fcty\u00fclt\u00e9k a drukkerek, egy\u00e1ltal\u00e1n nem kedvelik \u0151t a Bakony sz\u00edv\u00e9ben. A piros mezes veszpr\u00e9miek arc\u00e1n elt\u00f6k\u00e9lts\u00e9g, elsz\u00e1nts\u00e1g \u00e9s legy\u0151zhetetlens\u00e9g t\u00fckr\u00f6z\u0151d\u00f6tt.<\/p>\n<p>Elrontott veszpr\u00e9mi t\u00e1mad\u00e1s ut\u00e1n a Szeged jutott h\u00e9tm\u00e9tereshez, Canellas be is v\u00e1gta (2. perc: 0-1). Az 5. percben Gajic szint\u00e9n b\u00fcntet\u0151b\u0151l egyenl\u00edtett. Sterbik fogta meg Kallman pr\u00f3b\u00e1lkoz\u00e1s\u00e1t, Nagy ziccer\u00e9re viszont nem tudott reag\u00e1lni Alilovic (2-1). \u00dajabb szegedi hetes k\u00f6vetkezett, Blagotinseket pedig kik\u00fcldt\u00e9k k\u00e9t percre, Canellas egyenl\u00edtett, majd a vezet\u00e9st is megszerezte csapat\u00e1nak.<\/p>\n<p>Felv\u00e1ltva estek a g\u00f3lok, de a B\u00e1nhidit j\u00f3l hat\u00e1stalan\u00edt\u00f3 veszpr\u00e9mi alakulat a 10. perc v\u00e9g\u00e9hez \u00e9rve \u00fajra vezet\u00e9shez jutott Nagy tal\u00e1lat\u00e1val (5-4).<\/p>\n<p>M\u00e1sodszor \u00fcltett\u00e9k le k\u00e9t percre Blagotinseket, B\u00e1nhidi haszn\u00e1lta ki az elalv\u00f3 veszpr\u00e9mi v\u00e9delem hib\u00e1j\u00e1t (14. perc: 6-6).<\/p>\n<p>Mackovsek \u00e1tl\u00f6v\u00e9s\u00e9t k\u00f6vet\u0151en kett\u0151s h\u00e1tr\u00e1nyba ker\u00fclt a Veszpr\u00e9m, Nagyot sz\u00f3rt\u00e1k ki a d\u00e1n s\u00edpmesterek, Canellas harmadik hetes\u00e9t is bev\u00e1gta (15. perc: 7-7).<\/p>\n<p>Egyre \u00f6sszeszedettebb\u00e9 v\u00e1lt a hazai v\u00e9delem, s ennek k\u00f6sz\u00f6nhet\u0151en megl\u00f3dult a Telekom, s Mah\u00e9 zseni\u00e1lis passz\u00e1b\u00f3l Gajic g\u00f3lj\u00e1val m\u00e1r h\u00e1rom tal\u00e1lat volt a k\u00fcl\u00f6nbs\u00e9g (20. perc: 11-8).<\/p>\n<p>Id\u0151t is k\u00e9rt a Misternek bec\u00e9zett szegedi tr\u00e9ner, \u00e1m nem cs\u00f6kkent a differencia (12-9). Mah\u00e9 kapuf\u00e1ja \u00e9s egy eladott labda ut\u00e1n viszont \u00fajra ny\u00edlt lett a k\u00fczdelem (23. perc: 12-11).<\/p>\n<p>Hengiman nem sokat t\u00f6lt\u00f6tt a p\u00e1ly\u00e1n, r\u00f6gvest ki\u00e1ll\u00edtott\u00e1k, majd Gajic v\u00e1gta kapuf\u00e1ra a ziccer\u00e9t. B\u00e1nhidi viszont \u00fcgyesen fordult le Terzicr\u0151l, \u00edgy kezd\u0151dhetett minden el\u00f6lr\u0151l.<\/p>\n<p>Mikler \u00e9rkezett Sterbik helyett, az Alilovicot v\u00e1lt\u00f3 Sego pedig brav\u00fart is bemutatott, a szegedi lerohan\u00e1s ut\u00e1n m\u00e1r a k\u00e9kek vezettek (26. perc: 12-13). Sego Manaszkov ziccer\u00e9t is h\u00e1r\u00edtotta, majd Blagotinsek megkapta harmadik k\u00e9tperces b\u00fcntet\u00e9s\u00e9t is. Canellas hetes\u00e9t Mikler l\u00e1bbal v\u00e9dte, majd Ilics p\u00f3kh\u00e1l\u00f3zta ki Sego kapuj\u00e1t. A f\u00e9lid\u0151 utols\u00f3 tal\u00e1lat\u00e1t Canellas szerezte, \u00edgy 13-14-es \u00e1ll\u00e1sr\u00f3l fordultak a felek.<\/p>\n<p>B\u00e1nhidi pattintott Mikler kapuj\u00e1ba a m\u00e1sodik j\u00e1t\u00e9kr\u00e9sz els\u0151 mozzanatak\u00e9nt, majd Nenadics sz\u00e9p\u00edtett. Remek labdaszerz\u00e9st k\u00f6vet\u0151en pedig Nagy bomb\u00e1zott Sego kapuj\u00e1ba (33. perc: 15-15).<\/p>\n<p>Mikler megbabon\u00e1zta Sigurmannssont, ki is maradt a b\u00fcntet\u0151. \u00dajabb Mikler-brav\u00far ut\u00e1n pedig megint a Veszpr\u00e9mn\u00e9l volt az el\u0151ny (37. perc: 18-17).<\/p>\n<p>Henigman is le\u00fclt k\u00e9t percre, Mananszkov pedig nagyszer\u0171en \u00e9rt\u00e9kes\u00edtette mindk\u00e9t emberel\u0151ny\u00f6s szitu\u00e1ci\u00f3t (41. perc: 20-17).<\/p>\n<p>A Szeged azonnal id\u0151t k\u00e9rt, h\u00e1tha az els\u0151 f\u00e9lid\u0151h\u00f6z hasonl\u00f3an \u00fajra megakaszthatj\u00e1k a Telekomot. Szerencs\u00e9re ez\u00fattal nem j\u00f6tt be Pastor edz\u0151 h\u00faz\u00e1sa, Gajic \u00f6t\u00f6dik hetes\u00e9t is hib\u00e1tlanul \u00e9rt\u00e9kes\u00edtette.<\/p>\n<p>Vit\u00e1t sz\u00fclt a k\u00f6vetkez\u0151 h\u00e9tm\u00e9teres, a veszpr\u00e9miek szerint Canellas labd\u00e1ja nem volt bent, azonban a d\u00e1n b\u00edr\u00f3k m\u00e9g a vide\u00f3b\u00edr\u00f3t sem voltak hajland\u00f3ak megn\u00e9zni.<\/p>\n<p>Mikler teljesen elbizonytalan\u00edtotta a szegedieket, s Gajic labdaszerz\u00e9se ut\u00e1n Nenadics ziccer\u00e9vel m\u00e1r 23-18 \u00e1llt az eredm\u00e9nyjelz\u0151n (44. perc).<\/p>\n<p>Ilics \u00fctk\u00f6z\u00f6tt Maqued\u00e1val, ami\u00e9rt ki\u00e1ll\u00edt\u00e1st kapott, s egyre fesz\u00fcltebb\u00e9 v\u00e1lt az \u00f6sszecsap\u00e1s. Ezt jelezte, hogy Terzic \u00e9s Sostaric sz\u00f3lalkozott \u00f6ssze, \u00fagy kellett \u0151ket sz\u00e9tv\u00e1lasztani.<\/p>\n<p>A d\u00e1nok pr\u00f3b\u00e1lt\u00e1k k\u00e9zben tartani a derbit, Gabert k\u00fcldt\u00e9k le k\u00e9t percre. Egyre indulatosabb\u00e1 v\u00e1lt mindenki, s amikor \u00fajra heteshez jutott a Tisza-parti g\u00e1rda \u2013 m\u00e1r a kilencedikhez \u2013, az idegek csat\u00e1j\u00e1t Sterbik nyerte Sigurmannssonnal szemben. A visszat\u00e9r\u0151 Mikler teljes\u00edtm\u00e9ny\u00e9vel kapcsolatban m\u00e1r elfogytak a jelz\u0151k, a kapus az elm\u00falt hetekben egyszer\u0171en zseni\u00e1lis.<\/p>\n<p>Nenadics, majd Gajic tal\u00e1lata ut\u00e1n 26-19-re alakult az \u00e1ll\u00e1s, \u00e9s a szegediek kik\u00e9rt\u00e9k az utols\u00f3 idej\u00fcket is. Mah\u00e9 sem maradt g\u00f3l n\u00e9lk\u00fcl, s az utols\u00f3 t\u00edz perchez \u00e9rve Nilsson tal\u00e1lat\u00e1n\u00e1l felrobbant az Ar\u00e9na (51. perc: 28-19).<\/p>\n<p>Mindek\u00f6zben Manaszkov rogyott a f\u00f6ldre a f\u00e9lp\u00e1ly\u00e1n\u00e1l, nem lehetett l\u00e1tni, mi t\u00f6rt\u00e9nt, levitt\u00e9k az \u00f6lt\u00f6z\u0151be, s a veszpr\u00e9mi orvosok \u00f6sszedr\u00f3tozt\u00e1k, n\u00e9h\u00e1ny perc eltelt\u00e9vel vissza is t\u00e9rt.<\/p>\n<p>Teljesen leblokkolt a Szeged, a Veszpr\u00e9m pedig sz\u00e1rnyalt, az 53. percben 30-19-et mutatott az eredm\u00e9nyjelz\u0151.<\/p>\n<p>Maqueda sz\u00e9p\u00edtett, de ma ellen\u00e1llhatatlanul j\u00e1tszott a Veszpr\u00e9m. Az utols\u00f3 \u00f6t percben m\u00e1r csak a k\u00fcl\u00f6nbs\u00e9g m\u00e9rt\u00e9ke volt k\u00e9rd\u00e9ses. Maqueda vette h\u00e1t\u00e1ra a csapat\u00e1t, Mah\u00e9t ki\u00e1ll\u00edtott\u00e1k, de a Szegeden m\u00e1r semmi sem seg\u00edtett.<\/p>\n<p>Az utols\u00f3 percekben Ilics \u00e9s Nagy is \u00fajra p\u00e1ly\u00e1ra ker\u00fclt, de a v\u00e9gs\u0151 d\u00f6f\u00e9st Manaszkov vitte be, aki saj\u00e1t t\u00e9rfel\u00e9r\u0151l l\u0151tt g\u00f3lt az \u00fcres szegedi kapuba. A Veszpr\u00e9m \u00f3ri\u00e1si meccsen, tizenegy g\u00f3llal verte a c\u00edmv\u00e9d\u0151t \u00e9s \u00fagy t\u0171nik, vas\u00e1rnap vissza\u00fclhet a tr\u00f3nj\u00e1ra!!!<\/p>\n<p>A tal\u00e1lkoz\u00f3t k\u00f6vet\u0151en f\u00e9ktelen \u00fcnnepl\u00e9s kezd\u0151d\u00f6tt, de nem mozdultak a hely\u00fckr\u0151l a veszpr\u00e9mi szurkol\u00f3k.<\/p>\n<p>Mindh\u00e1rom Veszpr\u00e9mt\u0151l b\u00facs\u00faz\u00f3 klasszisra v\u00e1rtak, akik v\u00e9g\u00fcl meg is sz\u00f3laltak.<\/p>\n<p>Nagy L\u00e1szl\u00f3 k\u00f6nnyeivel k\u00fczdve azt mondta, rengeteget kapott a szurkol\u00f3kt\u00f3l, j\u00f3t \u00e9s rosszat is, de \u0151t ez mindig jobbra, t\u00f6bbre sarkallta. Azt \u00edg\u00e9rte, m\u00e9g h\u00e1rom gy\u0151zelemmel szeretn\u00e9 v\u00e9gleg sz\u00f6gre akasztani a felszerel\u00e9s\u00e9t.<\/p>\n<p>Momir Ilics is megk\u00f6sz\u00f6nte a szurkol\u00f3k szeretet\u00e9t, \u00e9s Mikler Roland is, aki m\u00e9g nem akart b\u00facs\u00fazni, \u00fagy fogalmazott, majd a k\u00f6vetkez\u0151 h\u00e1rom fontos \u00e9s rem\u00e9lhet\u0151leg gy\u0151ztes m\u00e9rk\u0151z\u00e9s ut\u00e1n.<\/p>\n<p>Kider\u00fclt az is, j\u00f6v\u0151re nem folytatja Veszpr\u00e9mben Ren\u00e9 Toft hansen \u00e9s Iman Jamali sem.<\/p>\n<p><img fetchpriority=\"high\" decoding=\"async\" class=\"aligncenter size-full wp-image-2149\" src=\"http:\/\/balatonneked.com\/wp-content\/uploads\/2019\/05\/k.o2.jpg\" alt=\"\" width=\"1470\" height=\"1034\" srcset=\"https:\/\/balatonneked.com\/wp-content\/uploads\/2019\/05\/k.o2.jpg 1470w, https:\/\/balatonneked.com\/wp-content\/uploads\/2019\/05\/k.o2-600x422.jpg 600w, https:\/\/balatonneked.com\/wp-content\/uploads\/2019\/05\/k.o2-300x211.jpg 300w, https:\/\/balatonneked.com\/wp-content\/uploads\/2019\/05\/k.o2-768x540.jpg 768w, https:\/\/balatonneked.com\/wp-content\/uploads\/2019\/05\/k.o2-1024x720.jpg 1024w\" sizes=\"(max-width: 1470px) 100vw, 1470px\" \/><\/p>\n<p><strong>David Davis:<\/strong>\u00a0\u2013 El\u00e9gedett vagyok a csapat teljes\u00edtm\u00e9ny\u00e9vel \u00e9s a szurkol\u00f3kkal is. J\u00f3l kezdt\u00fcnk, kor\u00e1bban nem mindig siker\u00fclt, mindenki koncentr\u00e1lt volt. A m\u00e1sodik j\u00e1t\u00e9kr\u00e9szbe frissen sz\u00e1llt be Petar, aki fantasztikus produkci\u00f3t ny\u00fajtott, h\u00e1tul pedig Mikler adott nyugalmat a csapatnak. Ez m\u00e9g csak az els\u0151 fele volt a p\u00e1rharcnak, aludnunk kell egyet, \u00e9s \u00fajra felk\u00e9sz\u00fcl\u00fcnk, hogy legnagyobb riv\u00e1lisunkat Szegeden is k\u00e9t v\u00e1llra fektess\u00fck!<\/p>\n<p><strong>Petar Nenadics:<\/strong>\u00a0\u2013 Tudjuk, hogy a Szeged egy rendk\u00edv\u00fcl er\u0151s, kiv\u00e1l\u00f3 csapat, \u00e9s m\u00e9g h\u00e1travan a m\u00e1sodik \u00fctk\u00f6zet, amely 0-0-r\u00f3l indul. Az els\u0151 f\u00e9lid\u0151ben egyenl\u0151 volt a k\u00e9t f\u00e9l teljes\u00edtm\u00e9nye, de azt\u00e1n a m\u00e1sodik felvon\u00e1sban az \u00e9vad legjobb j\u00e1t\u00e9k\u00e1t ny\u00fajtottuk.<\/p>\n<p><strong>Juan Carlos Pastor:<\/strong>\u00a0\u2013 A Veszpr\u00e9m a m\u00e1sodik f\u00e9lid\u0151ben sokkal jobban teljes\u00edtett. Az els\u0151 j\u00e1t\u00e9kr\u00e9szben kontroll\u00e1ltuk a meccset, j\u00f3k voltunk, de sz\u00fcnet ut\u00e1n kics\u00faszott a kez\u00fcnkb\u0151l az ir\u00e1ny\u00edt\u00e1s. A kev\u00e9s j\u00f3 helyzetb\u0151l, amit kidolgoztunk, abb\u00f3l sem siker\u00fclt g\u00f3lt l\u0151n\u00fcnk. A m\u00e1sodik f\u00e9lid\u0151ben 22 g\u00f3lt kaptunk, ami megengedhetetlen. Nagyon sajn\u00e1lom a szegedi szurkol\u00f3kat. Az a val\u00f3s\u00e1g, hogy a BL-negyedd\u00f6nt\u0151b\u0151l val\u00f3 kies\u00e9s kihatott a mai teljes\u00edtm\u00e9ny\u00fcnkre is. Sok id\u0151be ker\u00fclt feln\u0151ni a Veszpr\u00e9m szintj\u00e9hez, de ma visszal\u00e9pt\u00fcnk legal\u00e1bb h\u00e1rom \u00e9vet. Meg kell mutatnunk vas\u00e1rnap, hogy fel tudunk \u00e1llni \u00e9s meg tudjuk nyerni a meccset.<\/p>\n<p><strong>Jonas Kallman:<\/strong>\u00a0\u2013 Sz\u00e9gyent \u00e9rzek a mai teljes\u00edtm\u00e9ny\u00fcnk kapcs\u00e1n. J\u00f3l kezdt\u00fcnk, de a m\u00e1sodik j\u00e1t\u00e9kr\u00e9szben teljesen sz\u00e9test\u00fcnk darabjainkra. Csal\u00f3dott vagyok a saj\u00e1t magam teljes\u00edtm\u00e9nye miatt is, ez nem az a szint, ahol \u00e9n k\u00e9zilabd\u00e1zni szeretn\u00e9k. Dolgoznom kell kem\u00e9nyen, hogy \u00fajra el\u00e9gedett lehessek. Sajn\u00e1lom a szurkol\u00f3kat, \u00e9s eln\u00e9z\u00e9st k\u00e9r\u00fcnk, megpr\u00f3b\u00e1ljuk Szegeden a legjobbunkat ny\u00fajtani.<\/p>\n<p>(forr\u00e1s: veol.hu)<\/p>\n<\/div>","protected":false},"excerpt":{"rendered":"<p>A m\u00e1sodik f\u00e9lid\u0151ben ny\u00fajtott ellen\u00e1llhatatlan j\u00e1t\u00e9k\u00e1val egyszer\u0171en ki\u00fct\u00f6tte a c\u00edmv\u00e9d\u0151 MOL-Pick Szegedet a Telekom Veszpr\u00e9m, \u00e9s tizenegy g\u00f3los el\u0151nyr\u0151l v\u00e1rhatja a vas\u00e1rnapi visszav\u00e1g\u00f3t. Innen m\u00e1r nem lehet elvesz\u00edteni az arany\u00e9rmet, vas\u00e1rnap \u00fajra fel\u00fclhet a tr\u00f3nj\u00e1ra a bakonyi alakulat. Telekom Veszpr\u00e9m-MOL-Pick Szeged 35-24 (13-14) Veszpr\u00e9m, 5224 n\u00e9z\u0151. V.: Gjeding, Hansen (d\u00e1nok). Telekom Veszpr\u00e9m: Sterbik \u2013 Gajic [&hellip;]<\/p>","protected":false},"author":2,"featured_media":2150,"comment_status":"open","ping_status":"open","sticky":false,"template":"","format":"standard","meta":{"_acf_changed":false,"footnotes":""},"categories":[155],"tags":[92,177],"class_list":["post-2148","post","type-post","status-publish","format-standard","has-post-thumbnail","hentry","category-hirek","tag-sport","tag-veszprem"],"acf":[],"yoast_head":"<!-- This site is optimized with the Yoast SEO plugin v25.1 - https:\/\/yoast.com\/wordpress\/plugins\/seo\/ -->\n<title>K. O. az Ar\u00e9n\u00e1ban: a Veszpr\u00e9m ki\u00fct\u00f6tte a Szegedet - BALATON NEKED<\/title>\n<meta name=\"robots\" content=\"index, follow, max-snippet:-1, max-image-preview:large, max-video-preview:-1\" \/>\n<link rel=\"canonical\" href=\"https:\/\/balatonneked.com\/en\/2019\/05\/24\/k-o-az-arenaban-a-veszprem-kiutotte-a-szegedet\/\" \/>\n<meta property=\"og:locale\" content=\"en_GB\" \/>\n<meta property=\"og:type\" content=\"article\" \/>\n<meta property=\"og:title\" content=\"K. O. az Ar\u00e9n\u00e1ban: a Veszpr\u00e9m ki\u00fct\u00f6tte a Szegedet - BALATON NEKED\" \/>\n<meta property=\"og:description\" content=\"A m\u00e1sodik f\u00e9lid\u0151ben ny\u00fajtott ellen\u00e1llhatatlan j\u00e1t\u00e9k\u00e1val egyszer\u0171en ki\u00fct\u00f6tte a c\u00edmv\u00e9d\u0151 MOL-Pick Szegedet a Telekom Veszpr\u00e9m, \u00e9s tizenegy g\u00f3los el\u0151nyr\u0151l v\u00e1rhatja a vas\u00e1rnapi visszav\u00e1g\u00f3t. Innen m\u00e1r nem lehet elvesz\u00edteni az arany\u00e9rmet, vas\u00e1rnap \u00fajra fel\u00fclhet a tr\u00f3nj\u00e1ra a bakonyi alakulat. Telekom Veszpr\u00e9m-MOL-Pick Szeged 35-24 (13-14) Veszpr\u00e9m, 5224 n\u00e9z\u0151. V.: Gjeding, Hansen (d\u00e1nok). Telekom Veszpr\u00e9m: Sterbik \u2013 Gajic [&hellip;]\" \/>\n<meta property=\"og:url\" content=\"https:\/\/balatonneked.com\/en\/2019\/05\/24\/k-o-az-arenaban-a-veszprem-kiutotte-a-szegedet\/\" \/>\n<meta property=\"og:site_name\" content=\"BALATON NEKED\" \/>\n<meta property=\"article:publisher\" content=\"https:\/\/www.facebook.com\/BalatonNeked\" \/>\n<meta property=\"article:published_time\" content=\"2019-05-24T09:35:01+00:00\" \/>\n<meta property=\"og:image\" content=\"https:\/\/balatonneked.com\/wp-content\/uploads\/2019\/05\/k.o-1-1024x961.jpg\" \/>\n\t<meta property=\"og:image:width\" content=\"1024\" \/>\n\t<meta property=\"og:image:height\" content=\"961\" \/>\n\t<meta property=\"og:image:type\" content=\"image\/jpeg\" \/>\n<meta name=\"author\" content=\"-\" \/>\n<meta name=\"twitter:card\" content=\"summary_large_image\" \/>\n<meta name=\"twitter:label1\" content=\"Written by\" \/>\n\t<meta name=\"twitter:data1\" content=\"-\" \/>\n\t<meta name=\"twitter:label2\" content=\"Estimated reading time\" \/>\n\t<meta name=\"twitter:data2\" content=\"9 minutes\" \/>\n<script type=\"application\/ld+json\" class=\"yoast-schema-graph\">{\"@context\":\"https:\/\/schema.org\",\"@graph\":[{\"@type\":\"Article\",\"@id\":\"https:\/\/balatonneked.com\/2019\/05\/24\/k-o-az-arenaban-a-veszprem-kiutotte-a-szegedet\/#article\",\"isPartOf\":{\"@id\":\"https:\/\/balatonneked.com\/2019\/05\/24\/k-o-az-arenaban-a-veszprem-kiutotte-a-szegedet\/\"},\"author\":{\"name\":\"-\",\"@id\":\"https:\/\/balatonneked.com\/#\/schema\/person\/6abf551dbe3d5531af60e216ef9b16aa\"},\"headline\":\"K. O. az Ar\u00e9n\u00e1ban: a Veszpr\u00e9m ki\u00fct\u00f6tte a Szegedet\",\"datePublished\":\"2019-05-24T09:35:01+00:00\",\"mainEntityOfPage\":{\"@id\":\"https:\/\/balatonneked.com\/2019\/05\/24\/k-o-az-arenaban-a-veszprem-kiutotte-a-szegedet\/\"},\"wordCount\":1815,\"commentCount\":0,\"publisher\":{\"@id\":\"https:\/\/balatonneked.com\/#organization\"},\"image\":{\"@id\":\"https:\/\/balatonneked.com\/2019\/05\/24\/k-o-az-arenaban-a-veszprem-kiutotte-a-szegedet\/#primaryimage\"},\"thumbnailUrl\":\"https:\/\/balatonneked.com\/wp-content\/uploads\/2019\/05\/k.o-1.jpg\",\"keywords\":[\"sport\",\"Veszpr\u00e9m\"],\"articleSection\":[\"H\u00edrek\"],\"inLanguage\":\"en-GB\",\"potentialAction\":[{\"@type\":\"CommentAction\",\"name\":\"Comment\",\"target\":[\"https:\/\/balatonneked.com\/2019\/05\/24\/k-o-az-arenaban-a-veszprem-kiutotte-a-szegedet\/#respond\"]}]},{\"@type\":\"WebPage\",\"@id\":\"https:\/\/balatonneked.com\/2019\/05\/24\/k-o-az-arenaban-a-veszprem-kiutotte-a-szegedet\/\",\"url\":\"https:\/\/balatonneked.com\/2019\/05\/24\/k-o-az-arenaban-a-veszprem-kiutotte-a-szegedet\/\",\"name\":\"K. O. az Ar\u00e9n\u00e1ban: a Veszpr\u00e9m ki\u00fct\u00f6tte a Szegedet - BALATON NEKED\",\"isPartOf\":{\"@id\":\"https:\/\/balatonneked.com\/#website\"},\"primaryImageOfPage\":{\"@id\":\"https:\/\/balatonneked.com\/2019\/05\/24\/k-o-az-arenaban-a-veszprem-kiutotte-a-szegedet\/#primaryimage\"},\"image\":{\"@id\":\"https:\/\/balatonneked.com\/2019\/05\/24\/k-o-az-arenaban-a-veszprem-kiutotte-a-szegedet\/#primaryimage\"},\"thumbnailUrl\":\"https:\/\/balatonneked.com\/wp-content\/uploads\/2019\/05\/k.o-1.jpg\",\"datePublished\":\"2019-05-24T09:35:01+00:00\",\"breadcrumb\":{\"@id\":\"https:\/\/balatonneked.com\/2019\/05\/24\/k-o-az-arenaban-a-veszprem-kiutotte-a-szegedet\/#breadcrumb\"},\"inLanguage\":\"en-GB\",\"potentialAction\":[{\"@type\":\"ReadAction\",\"target\":[\"https:\/\/balatonneked.com\/2019\/05\/24\/k-o-az-arenaban-a-veszprem-kiutotte-a-szegedet\/\"]}]},{\"@type\":\"ImageObject\",\"inLanguage\":\"en-GB\",\"@id\":\"https:\/\/balatonneked.com\/2019\/05\/24\/k-o-az-arenaban-a-veszprem-kiutotte-a-szegedet\/#primaryimage\",\"url\":\"https:\/\/balatonneked.com\/wp-content\/uploads\/2019\/05\/k.o-1.jpg\",\"contentUrl\":\"https:\/\/balatonneked.com\/wp-content\/uploads\/2019\/05\/k.o-1.jpg\",\"width\":2000,\"height\":1877},{\"@type\":\"BreadcrumbList\",\"@id\":\"https:\/\/balatonneked.com\/2019\/05\/24\/k-o-az-arenaban-a-veszprem-kiutotte-a-szegedet\/#breadcrumb\",\"itemListElement\":[{\"@type\":\"ListItem\",\"position\":1,\"name\":\"Kezd\u0151lap\",\"item\":\"https:\/\/balatonneked.com\/\"},{\"@type\":\"ListItem\",\"position\":2,\"name\":\"K. O. az Ar\u00e9n\u00e1ban: a Veszpr\u00e9m ki\u00fct\u00f6tte a Szegedet\"}]},{\"@type\":\"WebSite\",\"@id\":\"https:\/\/balatonneked.com\/#website\",\"url\":\"https:\/\/balatonneked.com\/\",\"name\":\"BALATON NEKED\",\"description\":\"A Balaton leginformat\u00edvabb magazinja\",\"publisher\":{\"@id\":\"https:\/\/balatonneked.com\/#organization\"},\"potentialAction\":[{\"@type\":\"SearchAction\",\"target\":{\"@type\":\"EntryPoint\",\"urlTemplate\":\"https:\/\/balatonneked.com\/?s={search_term_string}\"},\"query-input\":{\"@type\":\"PropertyValueSpecification\",\"valueRequired\":true,\"valueName\":\"search_term_string\"}}],\"inLanguage\":\"en-GB\"},{\"@type\":\"Organization\",\"@id\":\"https:\/\/balatonneked.com\/#organization\",\"name\":\"BalatonNeked\",\"url\":\"https:\/\/balatonneked.com\/\",\"logo\":{\"@type\":\"ImageObject\",\"inLanguage\":\"en-GB\",\"@id\":\"https:\/\/balatonneked.com\/#\/schema\/logo\/image\/\",\"url\":\"https:\/\/balatonneked.com\/wp-content\/uploads\/2019\/05\/bnekedlogo.png\",\"contentUrl\":\"https:\/\/balatonneked.com\/wp-content\/uploads\/2019\/05\/bnekedlogo.png\",\"width\":750,\"height\":750,\"caption\":\"BalatonNeked\"},\"image\":{\"@id\":\"https:\/\/balatonneked.com\/#\/schema\/logo\/image\/\"},\"sameAs\":[\"https:\/\/www.facebook.com\/BalatonNeked\"]},{\"@type\":\"Person\",\"@id\":\"https:\/\/balatonneked.com\/#\/schema\/person\/6abf551dbe3d5531af60e216ef9b16aa\",\"name\":\"-\",\"image\":{\"@type\":\"ImageObject\",\"inLanguage\":\"en-GB\",\"@id\":\"https:\/\/balatonneked.com\/#\/schema\/person\/image\/\",\"url\":\"https:\/\/secure.gravatar.com\/avatar\/7bcf602c35eea1fdd5dcb5698f42149adc1fb65510ae8b284cdf111a453a6c37?s=96&d=mm&r=g\",\"contentUrl\":\"https:\/\/secure.gravatar.com\/avatar\/7bcf602c35eea1fdd5dcb5698f42149adc1fb65510ae8b284cdf111a453a6c37?s=96&d=mm&r=g\",\"caption\":\"-\"},\"url\":\"https:\/\/balatonneked.com\/en\/author\/tamasildiko\/\"}]}<\/script>\n<!-- \/ Yoast SEO plugin. -->","yoast_head_json":{"title":"K. O. az Ar\u00e9n\u00e1ban: a Veszpr\u00e9m ki\u00fct\u00f6tte a Szegedet - BALATON NEKED","robots":{"index":"index","follow":"follow","max-snippet":"max-snippet:-1","max-image-preview":"max-image-preview:large","max-video-preview":"max-video-preview:-1"},"canonical":"https:\/\/balatonneked.com\/en\/2019\/05\/24\/k-o-az-arenaban-a-veszprem-kiutotte-a-szegedet\/","og_locale":"en_GB","og_type":"article","og_title":"K. O. az Ar\u00e9n\u00e1ban: a Veszpr\u00e9m ki\u00fct\u00f6tte a Szegedet - BALATON NEKED","og_description":"A m\u00e1sodik f\u00e9lid\u0151ben ny\u00fajtott ellen\u00e1llhatatlan j\u00e1t\u00e9k\u00e1val egyszer\u0171en ki\u00fct\u00f6tte a c\u00edmv\u00e9d\u0151 MOL-Pick Szegedet a Telekom Veszpr\u00e9m, \u00e9s tizenegy g\u00f3los el\u0151nyr\u0151l v\u00e1rhatja a vas\u00e1rnapi visszav\u00e1g\u00f3t. Innen m\u00e1r nem lehet elvesz\u00edteni az arany\u00e9rmet, vas\u00e1rnap \u00fajra fel\u00fclhet a tr\u00f3nj\u00e1ra a bakonyi alakulat. Telekom Veszpr\u00e9m-MOL-Pick Szeged 35-24 (13-14) Veszpr\u00e9m, 5224 n\u00e9z\u0151. V.: Gjeding, Hansen (d\u00e1nok). Telekom Veszpr\u00e9m: Sterbik \u2013 Gajic [&hellip;]","og_url":"https:\/\/balatonneked.com\/en\/2019\/05\/24\/k-o-az-arenaban-a-veszprem-kiutotte-a-szegedet\/","og_site_name":"BALATON NEKED","article_publisher":"https:\/\/www.facebook.com\/BalatonNeked","article_published_time":"2019-05-24T09:35:01+00:00","og_image":[{"width":1024,"height":961,"url":"https:\/\/balatonneked.com\/wp-content\/uploads\/2019\/05\/k.o-1-1024x961.jpg","type":"image\/jpeg"}],"author":"-","twitter_card":"summary_large_image","twitter_misc":{"Written by":"-","Estimated reading time":"9 minutes"},"schema":{"@context":"https:\/\/schema.org","@graph":[{"@type":"Article","@id":"https:\/\/balatonneked.com\/2019\/05\/24\/k-o-az-arenaban-a-veszprem-kiutotte-a-szegedet\/#article","isPartOf":{"@id":"https:\/\/balatonneked.com\/2019\/05\/24\/k-o-az-arenaban-a-veszprem-kiutotte-a-szegedet\/"},"author":{"name":"-","@id":"https:\/\/balatonneked.com\/#\/schema\/person\/6abf551dbe3d5531af60e216ef9b16aa"},"headline":"K. O. az Ar\u00e9n\u00e1ban: a Veszpr\u00e9m ki\u00fct\u00f6tte a Szegedet","datePublished":"2019-05-24T09:35:01+00:00","mainEntityOfPage":{"@id":"https:\/\/balatonneked.com\/2019\/05\/24\/k-o-az-arenaban-a-veszprem-kiutotte-a-szegedet\/"},"wordCount":1815,"commentCount":0,"publisher":{"@id":"https:\/\/balatonneked.com\/#organization"},"image":{"@id":"https:\/\/balatonneked.com\/2019\/05\/24\/k-o-az-arenaban-a-veszprem-kiutotte-a-szegedet\/#primaryimage"},"thumbnailUrl":"https:\/\/balatonneked.com\/wp-content\/uploads\/2019\/05\/k.o-1.jpg","keywords":["sport","Veszpr\u00e9m"],"articleSection":["H\u00edrek"],"inLanguage":"en-GB","potentialAction":[{"@type":"CommentAction","name":"Comment","target":["https:\/\/balatonneked.com\/2019\/05\/24\/k-o-az-arenaban-a-veszprem-kiutotte-a-szegedet\/#respond"]}]},{"@type":"WebPage","@id":"https:\/\/balatonneked.com\/2019\/05\/24\/k-o-az-arenaban-a-veszprem-kiutotte-a-szegedet\/","url":"https:\/\/balatonneked.com\/2019\/05\/24\/k-o-az-arenaban-a-veszprem-kiutotte-a-szegedet\/","name":"K. O. az Ar\u00e9n\u00e1ban: a Veszpr\u00e9m ki\u00fct\u00f6tte a Szegedet - BALATON NEKED","isPartOf":{"@id":"https:\/\/balatonneked.com\/#website"},"primaryImageOfPage":{"@id":"https:\/\/balatonneked.com\/2019\/05\/24\/k-o-az-arenaban-a-veszprem-kiutotte-a-szegedet\/#primaryimage"},"image":{"@id":"https:\/\/balatonneked.com\/2019\/05\/24\/k-o-az-arenaban-a-veszprem-kiutotte-a-szegedet\/#primaryimage"},"thumbnailUrl":"https:\/\/balatonneked.com\/wp-content\/uploads\/2019\/05\/k.o-1.jpg","datePublished":"2019-05-24T09:35:01+00:00","breadcrumb":{"@id":"https:\/\/balatonneked.com\/2019\/05\/24\/k-o-az-arenaban-a-veszprem-kiutotte-a-szegedet\/#breadcrumb"},"inLanguage":"en-GB","potentialAction":[{"@type":"ReadAction","target":["https:\/\/balatonneked.com\/2019\/05\/24\/k-o-az-arenaban-a-veszprem-kiutotte-a-szegedet\/"]}]},{"@type":"ImageObject","inLanguage":"en-GB","@id":"https:\/\/balatonneked.com\/2019\/05\/24\/k-o-az-arenaban-a-veszprem-kiutotte-a-szegedet\/#primaryimage","url":"https:\/\/balatonneked.com\/wp-content\/uploads\/2019\/05\/k.o-1.jpg","contentUrl":"https:\/\/balatonneked.com\/wp-content\/uploads\/2019\/05\/k.o-1.jpg","width":2000,"height":1877},{"@type":"BreadcrumbList","@id":"https:\/\/balatonneked.com\/2019\/05\/24\/k-o-az-arenaban-a-veszprem-kiutotte-a-szegedet\/#breadcrumb","itemListElement":[{"@type":"ListItem","position":1,"name":"Kezd\u0151lap","item":"https:\/\/balatonneked.com\/"},{"@type":"ListItem","position":2,"name":"K. O. az Ar\u00e9n\u00e1ban: a Veszpr\u00e9m ki\u00fct\u00f6tte a Szegedet"}]},{"@type":"WebSite","@id":"https:\/\/balatonneked.com\/#website","url":"https:\/\/balatonneked.com\/","name":"BALATON NEKED","description":"A Balaton leginformat\u00edvabb magazinja","publisher":{"@id":"https:\/\/balatonneked.com\/#organization"},"potentialAction":[{"@type":"SearchAction","target":{"@type":"EntryPoint","urlTemplate":"https:\/\/balatonneked.com\/?s={search_term_string}"},"query-input":{"@type":"PropertyValueSpecification","valueRequired":true,"valueName":"search_term_string"}}],"inLanguage":"en-GB"},{"@type":"Organization","@id":"https:\/\/balatonneked.com\/#organization","name":"BalatonNeked","url":"https:\/\/balatonneked.com\/","logo":{"@type":"ImageObject","inLanguage":"en-GB","@id":"https:\/\/balatonneked.com\/#\/schema\/logo\/image\/","url":"https:\/\/balatonneked.com\/wp-content\/uploads\/2019\/05\/bnekedlogo.png","contentUrl":"https:\/\/balatonneked.com\/wp-content\/uploads\/2019\/05\/bnekedlogo.png","width":750,"height":750,"caption":"BalatonNeked"},"image":{"@id":"https:\/\/balatonneked.com\/#\/schema\/logo\/image\/"},"sameAs":["https:\/\/www.facebook.com\/BalatonNeked"]},{"@type":"Person","@id":"https:\/\/balatonneked.com\/#\/schema\/person\/6abf551dbe3d5531af60e216ef9b16aa","name":"-","image":{"@type":"ImageObject","inLanguage":"en-GB","@id":"https:\/\/balatonneked.com\/#\/schema\/person\/image\/","url":"https:\/\/secure.gravatar.com\/avatar\/7bcf602c35eea1fdd5dcb5698f42149adc1fb65510ae8b284cdf111a453a6c37?s=96&d=mm&r=g","contentUrl":"https:\/\/secure.gravatar.com\/avatar\/7bcf602c35eea1fdd5dcb5698f42149adc1fb65510ae8b284cdf111a453a6c37?s=96&d=mm&r=g","caption":"-"},"url":"https:\/\/balatonneked.com\/en\/author\/tamasildiko\/"}]}},"_links":{"self":[{"href":"https:\/\/balatonneked.com\/en\/wp-json\/wp\/v2\/posts\/2148","targetHints":{"allow":["GET"]}}],"collection":[{"href":"https:\/\/balatonneked.com\/en\/wp-json\/wp\/v2\/posts"}],"about":[{"href":"https:\/\/balatonneked.com\/en\/wp-json\/wp\/v2\/types\/post"}],"author":[{"embeddable":true,"href":"https:\/\/balatonneked.com\/en\/wp-json\/wp\/v2\/users\/2"}],"replies":[{"embeddable":true,"href":"https:\/\/balatonneked.com\/en\/wp-json\/wp\/v2\/comments?post=2148"}],"version-history":[{"count":1,"href":"https:\/\/balatonneked.com\/en\/wp-json\/wp\/v2\/posts\/2148\/revisions"}],"predecessor-version":[{"id":2151,"href":"https:\/\/balatonneked.com\/en\/wp-json\/wp\/v2\/posts\/2148\/revisions\/2151"}],"wp:featuredmedia":[{"embeddable":true,"href":"https:\/\/balatonneked.com\/en\/wp-json\/wp\/v2\/media\/2150"}],"wp:attachment":[{"href":"https:\/\/balatonneked.com\/en\/wp-json\/wp\/v2\/media?parent=2148"}],"wp:term":[{"taxonomy":"category","embeddable":true,"href":"https:\/\/balatonneked.com\/en\/wp-json\/wp\/v2\/categories?post=2148"},{"taxonomy":"post_tag","embeddable":true,"href":"https:\/\/balatonneked.com\/en\/wp-json\/wp\/v2\/tags?post=2148"}],"curies":[{"name":"wp","href":"https:\/\/api.w.org\/{rel}","templated":true}]}}