{"id":1325,"date":"2018-11-07T19:09:43","date_gmt":"2018-11-07T19:09:43","guid":{"rendered":"http:\/\/balatonneked.com\/?p=1325"},"modified":"2018-11-07T19:09:43","modified_gmt":"2018-11-07T19:09:43","slug":"a-magyar-tenger-koronaja","status":"publish","type":"post","link":"https:\/\/balatonneked.com\/en\/2018\/11\/07\/a-magyar-tenger-koronaja\/","title":{"rendered":"A \u201eMAGYAR TENGER KORON\u00c1JA\u201d"},"content":{"rendered":"<h2>A BALATON-FELVID\u00c9K<\/h2>\n<p>Magyarorsz\u00e1g nyugati fel\u00e9ben, 220 km-re B\u00e9cst\u0151l, 90 km-re Budapestt\u0151l, a Dun\u00e1nt\u00fal k\u00f6zep\u00e9n<br \/>\negy 70 kilom\u00e9ter hossz\u00fa tavat tal\u00e1lunk, amely K\u00f6z\u00e9p-Eur\u00f3p\u00e1ban a legnagyobb kiterjed\u00e9s\u0171<br \/>\nterm\u00e9szetes t\u00f3. A majdnem 600 n\u00e9gyzetkilom\u00e9teres fel\u00fclet\u0171 Balatont sek\u00e9ly viz\u0171 f\u00fcrd\u0151i,<br \/>\ncsal\u00e1dias hangulat\u00fa \u00fcd\u00fcl\u0151helyei teszik kellemess\u00e9 \u00e9s h\u00edress\u00e9. A hatalmas t\u00f3 mintegy 160<br \/>\nkilom\u00e9teres partszakasz\u00e1t nemcsak a be\u00e9p\u00edtett \u00fcd\u00fcl\u0151ter\u00fcletek, hanem a sz\u0151l\u0151hegyek,<br \/>\nerd\u0151foltok, valamint eredeti n\u00e1dasok \u00e9s m\u00e1s vizes \u00e9l\u0151helyek teszik m\u00e9g idillikusabb\u00e1.<\/p>\n<p>Ez a v\u00e1ltozatoss\u00e1g els\u0151sorban az \u00e9szaki part felett h\u00faz\u00f3d\u00f3 hatalmas ter\u00fcletet,\u00a0<strong>az un. Balaton-<\/strong><br \/>\n<strong>felvid\u00e9ket jellemzi.<\/strong>\u00a0Kiterjed\u00e9se \u00e9s v\u00e1ltozatoss\u00e1ga egyed\u00fcl\u00e1ll\u00f3 \u00e9s leny\u0171g\u00f6z\u0151. F\u00f6ldrajzilag a<br \/>\nkeleti partvonal felett magasod\u00f3 Kenesei-l\u00f6szpartokkal kezd\u0151dik, majd a F\u0171zf\u0151i-\u00f6b\u00f6l t\u00e1j\u00e1n<br \/>\nnyugatra fordul, \u00e9s eg\u00e9szen Keszthelyig v\u00e9gigk\u00eds\u00e9ri a dombok \u00e9s hegyek ut\u00e1nozhatatlan<br \/>\nv\u00e1ltozatoss\u00e1ga a Balaton elterpeszked\u0151 v\u00edzfel\u00fclet\u00e9t.<\/p>\n<p>A Balaton-felvid\u00e9k \u00e9szaki hat\u00e1r\u00e1t a Veszpr\u00e9m-Nagyv\u00e1zsony- \u00d6cs-Nyir\u00e1d- S\u00fcmeg-H\u00e9v\u00edz \u00e1ltal<br \/>\nkijel\u00f6lt vonal ment\u00e9n h\u00fazhatjuk meg. A hat telep\u00fcl\u00e9s \u00e1ltal kijel\u00f6lt hat\u00e1rt\u00f3l d\u00e9lre, eg\u00e9szen a<br \/>\nBalaton partig ter\u00fcl el a c\u00edmben jel\u00f6lt Balaton-felvid\u00e9k.<strong>\u00a0A Balaton-felvid\u00e9k ter\u00fclet\u00e9nek<\/strong><br \/>\n<strong>jelent\u0151s r\u00e9sze 1997 \u00f3ta nemzeti parki v\u00e9delem alatt \u00e1ll,<\/strong>\u00a0megc\u00e9lozva a ter\u00fclet egyedi term\u00e9szeti<br \/>\n\u00e9s \u00e9p\u00edt\u00e9szeti \u00e9rt\u00e9keinek, gazd\u00e1lkod\u00e1si strukt\u00far\u00e1j\u00e1nak a meg\u0151rz\u00e9s\u00e9t.<\/p>\n<p>A k\u00f6zvetlen v\u00edzparti telep\u00fcl\u00e9sek gy\u00f6ngysor\u00e1t a f\u00f6ldrajztud\u00f3sok m\u00e1r 150 \u00e9ve \u201eBalatoni<br \/>\nRivi\u00e9r\u00e1nak\u201d nevezik. Ott, ahol m\u00e9g 70 \u00e9ve a falu tehenei lej\u00e1rtak inni a Balatonra, ma vitorl\u00e1s<br \/>\nkik\u00f6t\u0151k \u00e9s strandok tal\u00e1lhat\u00f3k. A falvak felett a sz\u0151l\u0151hegyek eg\u00e9szen az erd\u0151kig terjednek,<br \/>\nsok-sok vend\u00e9gv\u00e1r\u00f3 pinc\u00e9szettel. A jellemz\u0151en v\u00e1ltozatos alapk\u0151zeteken saj\u00e1tos terroir-ok<br \/>\ntermik a h\u00edres sz\u00e1raz feh\u00e9r borokat (olaszrizling, sz\u00fcrkebar\u00e1t, k\u00e9knyel\u0171, juhfark, chardonnay,<br \/>\ntramini, csereszegi f\u0171szeres, de \u00fajabban a ros\u00e9 borokat ad\u00f3 zweigelt is.). Ezek a sz\u0151l\u0151hegyek<br \/>\nazt\u00e1n m\u00e9lyen felh\u00faz\u00f3dnak a d\u00e9lies kitetts\u00e9g\u0171 bazaltos, dolomitos-m\u00e9szk\u00f6ves \u00e9s v\u00f6r\u00f6s<br \/>\nhomokk\u00f6ves hegyoldalakra, sok helyen eg\u00e9szen a Balaton-felvid\u00e9k \u00e9szaki hat\u00e1r\u00e1ig.<\/p>\n<p><strong>V\u00c1R TEH\u00c1T T\u00c9GED A BALATON-FELVID\u00c9K:<\/strong>\u00a0a keszthelyi kast\u00e9ly \u00e9s a vil\u00e1gh\u00edr\u0171<br \/>\nH\u00e9v\u00edzi gy\u00f3gyt\u00f3, Keszthelyi-hegys\u00e9g erd\u0151koszor\u00fazta \u00fcd\u00fcl\u0151helyei, a S\u00fcmegi v\u00e1r fens\u00e9ges<br \/>\nvend\u00e9gfogad\u00f3 egy\u00fcttese, a Tapolcai-medence bazaltvulk\u00e1njainak vil\u00e1gh\u00edres borai \u00e9s<br \/>\npinc\u00e9szetei, a p\u00e1ratlan k\u00f6rpanor\u00e1m\u00e1kkal, a K\u00e1li-medence egyed\u00fcl\u00e1ll\u00f3an v\u00e1ltozatos t\u00e1jai, a<br \/>\nNivegy-v\u00f6lgy, a P\u00e9cselyi \u00e9s Sz\u0151ll\u0151si-medenc\u00e9k vend\u00e9gv\u00e1r\u00f3 falvai \u00e9s a sz\u0151l\u0151hegyei \u00e1ltal<br \/>\nk\u00f6r\u00fcl\u00f6lelt k\u00f6z\u00e9pkori v\u00e1r- \u00e9s templomromjai, a Tihanyi f\u00e9lsziget benc\u00e9s ap\u00e1ts\u00e1ga, a megannyi<br \/>\ngeol\u00f3giai \u00e9s botanikai l\u00e1tnival\u00f3val, hogy azt\u00e1n Balatonf\u00fcred \u00e9s Alm\u00e1di \u00fcd\u00fcl\u0151helyi<br \/>\neleganci\u00e1ja z\u00e1rja a sort.<\/p>","protected":false},"excerpt":{"rendered":"<p>A BALATON-FELVID\u00c9K Magyarorsz\u00e1g nyugati fel\u00e9ben, 220 km-re B\u00e9cst\u0151l, 90 km-re Budapestt\u0151l, a Dun\u00e1nt\u00fal k\u00f6zep\u00e9n egy 70 kilom\u00e9ter hossz\u00fa tavat tal\u00e1lunk, amely K\u00f6z\u00e9p-Eur\u00f3p\u00e1ban a legnagyobb kiterjed\u00e9s\u0171 term\u00e9szetes t\u00f3. A majdnem 600 n\u00e9gyzetkilom\u00e9teres fel\u00fclet\u0171 Balatont sek\u00e9ly viz\u0171 f\u00fcrd\u0151i, csal\u00e1dias hangulat\u00fa \u00fcd\u00fcl\u0151helyei teszik kellemess\u00e9 \u00e9s h\u00edress\u00e9. A hatalmas t\u00f3 mintegy 160 kilom\u00e9teres partszakasz\u00e1t nemcsak a be\u00e9p\u00edtett \u00fcd\u00fcl\u0151ter\u00fcletek, hanem [&hellip;]<\/p>","protected":false},"author":2,"featured_media":1327,"comment_status":"open","ping_status":"open","sticky":false,"template":"","format":"standard","meta":{"_acf_changed":false,"footnotes":""},"categories":[12],"tags":[74,73],"class_list":["post-1325","post","type-post","status-publish","format-standard","has-post-thumbnail","hentry","category-olvasnivalo","tag-balaton-felvidek","tag-olvasnivalo"],"acf":[],"yoast_head":"<!-- This site is optimized with the Yoast SEO plugin v25.1 - https:\/\/yoast.com\/wordpress\/plugins\/seo\/ -->\n<title>A \u201eMAGYAR TENGER KORON\u00c1JA\u201d - BALATON NEKED<\/title>\n<meta name=\"robots\" content=\"index, follow, max-snippet:-1, max-image-preview:large, max-video-preview:-1\" \/>\n<link rel=\"canonical\" href=\"https:\/\/balatonneked.com\/en\/2018\/11\/07\/a-magyar-tenger-koronaja\/\" \/>\n<meta property=\"og:locale\" content=\"en_GB\" \/>\n<meta property=\"og:type\" content=\"article\" \/>\n<meta property=\"og:title\" content=\"A \u201eMAGYAR TENGER KORON\u00c1JA\u201d - BALATON NEKED\" \/>\n<meta property=\"og:description\" content=\"A BALATON-FELVID\u00c9K Magyarorsz\u00e1g nyugati fel\u00e9ben, 220 km-re B\u00e9cst\u0151l, 90 km-re Budapestt\u0151l, a Dun\u00e1nt\u00fal k\u00f6zep\u00e9n egy 70 kilom\u00e9ter hossz\u00fa tavat tal\u00e1lunk, amely K\u00f6z\u00e9p-Eur\u00f3p\u00e1ban a legnagyobb kiterjed\u00e9s\u0171 term\u00e9szetes t\u00f3. A majdnem 600 n\u00e9gyzetkilom\u00e9teres fel\u00fclet\u0171 Balatont sek\u00e9ly viz\u0171 f\u00fcrd\u0151i, csal\u00e1dias hangulat\u00fa \u00fcd\u00fcl\u0151helyei teszik kellemess\u00e9 \u00e9s h\u00edress\u00e9. A hatalmas t\u00f3 mintegy 160 kilom\u00e9teres partszakasz\u00e1t nemcsak a be\u00e9p\u00edtett \u00fcd\u00fcl\u0151ter\u00fcletek, hanem [&hellip;]\" \/>\n<meta property=\"og:url\" content=\"https:\/\/balatonneked.com\/en\/2018\/11\/07\/a-magyar-tenger-koronaja\/\" \/>\n<meta property=\"og:site_name\" content=\"BALATON NEKED\" \/>\n<meta property=\"article:publisher\" content=\"https:\/\/www.facebook.com\/BalatonNeked\" \/>\n<meta property=\"article:published_time\" content=\"2018-11-07T19:09:43+00:00\" \/>\n<meta property=\"og:image\" content=\"https:\/\/balatonneked.com\/wp-content\/uploads\/2018\/11\/IMG_8605.jpg\" \/>\n\t<meta property=\"og:image:width\" content=\"1280\" \/>\n\t<meta property=\"og:image:height\" content=\"853\" \/>\n\t<meta property=\"og:image:type\" content=\"image\/jpeg\" \/>\n<meta name=\"author\" content=\"-\" \/>\n<meta name=\"twitter:card\" content=\"summary_large_image\" \/>\n<meta name=\"twitter:label1\" content=\"Written by\" \/>\n\t<meta name=\"twitter:data1\" content=\"-\" \/>\n\t<meta name=\"twitter:label2\" content=\"Estimated reading time\" \/>\n\t<meta name=\"twitter:data2\" content=\"3 minutes\" \/>\n<script type=\"application\/ld+json\" class=\"yoast-schema-graph\">{\"@context\":\"https:\/\/schema.org\",\"@graph\":[{\"@type\":\"Article\",\"@id\":\"https:\/\/balatonneked.com\/2018\/11\/07\/a-magyar-tenger-koronaja\/#article\",\"isPartOf\":{\"@id\":\"https:\/\/balatonneked.com\/2018\/11\/07\/a-magyar-tenger-koronaja\/\"},\"author\":{\"name\":\"-\",\"@id\":\"https:\/\/balatonneked.com\/#\/schema\/person\/6abf551dbe3d5531af60e216ef9b16aa\"},\"headline\":\"A \u201eMAGYAR TENGER KORON\u00c1JA\u201d\",\"datePublished\":\"2018-11-07T19:09:43+00:00\",\"mainEntityOfPage\":{\"@id\":\"https:\/\/balatonneked.com\/2018\/11\/07\/a-magyar-tenger-koronaja\/\"},\"wordCount\":572,\"commentCount\":0,\"publisher\":{\"@id\":\"https:\/\/balatonneked.com\/#organization\"},\"image\":{\"@id\":\"https:\/\/balatonneked.com\/2018\/11\/07\/a-magyar-tenger-koronaja\/#primaryimage\"},\"thumbnailUrl\":\"https:\/\/balatonneked.com\/wp-content\/uploads\/2018\/11\/IMG_8605.jpg\",\"keywords\":[\"Balaton-felvid\u00e9k\",\"Olvasnival\u00f3\"],\"articleSection\":[\"\u00c9rdekess\u00e9gek\"],\"inLanguage\":\"en-GB\",\"potentialAction\":[{\"@type\":\"CommentAction\",\"name\":\"Comment\",\"target\":[\"https:\/\/balatonneked.com\/2018\/11\/07\/a-magyar-tenger-koronaja\/#respond\"]}]},{\"@type\":\"WebPage\",\"@id\":\"https:\/\/balatonneked.com\/2018\/11\/07\/a-magyar-tenger-koronaja\/\",\"url\":\"https:\/\/balatonneked.com\/2018\/11\/07\/a-magyar-tenger-koronaja\/\",\"name\":\"A \u201eMAGYAR TENGER KORON\u00c1JA\u201d - BALATON NEKED\",\"isPartOf\":{\"@id\":\"https:\/\/balatonneked.com\/#website\"},\"primaryImageOfPage\":{\"@id\":\"https:\/\/balatonneked.com\/2018\/11\/07\/a-magyar-tenger-koronaja\/#primaryimage\"},\"image\":{\"@id\":\"https:\/\/balatonneked.com\/2018\/11\/07\/a-magyar-tenger-koronaja\/#primaryimage\"},\"thumbnailUrl\":\"https:\/\/balatonneked.com\/wp-content\/uploads\/2018\/11\/IMG_8605.jpg\",\"datePublished\":\"2018-11-07T19:09:43+00:00\",\"breadcrumb\":{\"@id\":\"https:\/\/balatonneked.com\/2018\/11\/07\/a-magyar-tenger-koronaja\/#breadcrumb\"},\"inLanguage\":\"en-GB\",\"potentialAction\":[{\"@type\":\"ReadAction\",\"target\":[\"https:\/\/balatonneked.com\/2018\/11\/07\/a-magyar-tenger-koronaja\/\"]}]},{\"@type\":\"ImageObject\",\"inLanguage\":\"en-GB\",\"@id\":\"https:\/\/balatonneked.com\/2018\/11\/07\/a-magyar-tenger-koronaja\/#primaryimage\",\"url\":\"https:\/\/balatonneked.com\/wp-content\/uploads\/2018\/11\/IMG_8605.jpg\",\"contentUrl\":\"https:\/\/balatonneked.com\/wp-content\/uploads\/2018\/11\/IMG_8605.jpg\",\"width\":1280,\"height\":853},{\"@type\":\"BreadcrumbList\",\"@id\":\"https:\/\/balatonneked.com\/2018\/11\/07\/a-magyar-tenger-koronaja\/#breadcrumb\",\"itemListElement\":[{\"@type\":\"ListItem\",\"position\":1,\"name\":\"Kezd\u0151lap\",\"item\":\"https:\/\/balatonneked.com\/\"},{\"@type\":\"ListItem\",\"position\":2,\"name\":\"A \u201eMAGYAR TENGER KORON\u00c1JA\u201d\"}]},{\"@type\":\"WebSite\",\"@id\":\"https:\/\/balatonneked.com\/#website\",\"url\":\"https:\/\/balatonneked.com\/\",\"name\":\"BALATON NEKED\",\"description\":\"A Balaton leginformat\u00edvabb magazinja\",\"publisher\":{\"@id\":\"https:\/\/balatonneked.com\/#organization\"},\"potentialAction\":[{\"@type\":\"SearchAction\",\"target\":{\"@type\":\"EntryPoint\",\"urlTemplate\":\"https:\/\/balatonneked.com\/?s={search_term_string}\"},\"query-input\":{\"@type\":\"PropertyValueSpecification\",\"valueRequired\":true,\"valueName\":\"search_term_string\"}}],\"inLanguage\":\"en-GB\"},{\"@type\":\"Organization\",\"@id\":\"https:\/\/balatonneked.com\/#organization\",\"name\":\"BalatonNeked\",\"url\":\"https:\/\/balatonneked.com\/\",\"logo\":{\"@type\":\"ImageObject\",\"inLanguage\":\"en-GB\",\"@id\":\"https:\/\/balatonneked.com\/#\/schema\/logo\/image\/\",\"url\":\"https:\/\/balatonneked.com\/wp-content\/uploads\/2019\/05\/bnekedlogo.png\",\"contentUrl\":\"https:\/\/balatonneked.com\/wp-content\/uploads\/2019\/05\/bnekedlogo.png\",\"width\":750,\"height\":750,\"caption\":\"BalatonNeked\"},\"image\":{\"@id\":\"https:\/\/balatonneked.com\/#\/schema\/logo\/image\/\"},\"sameAs\":[\"https:\/\/www.facebook.com\/BalatonNeked\"]},{\"@type\":\"Person\",\"@id\":\"https:\/\/balatonneked.com\/#\/schema\/person\/6abf551dbe3d5531af60e216ef9b16aa\",\"name\":\"-\",\"image\":{\"@type\":\"ImageObject\",\"inLanguage\":\"en-GB\",\"@id\":\"https:\/\/balatonneked.com\/#\/schema\/person\/image\/\",\"url\":\"https:\/\/secure.gravatar.com\/avatar\/7bcf602c35eea1fdd5dcb5698f42149adc1fb65510ae8b284cdf111a453a6c37?s=96&d=mm&r=g\",\"contentUrl\":\"https:\/\/secure.gravatar.com\/avatar\/7bcf602c35eea1fdd5dcb5698f42149adc1fb65510ae8b284cdf111a453a6c37?s=96&d=mm&r=g\",\"caption\":\"-\"},\"url\":\"https:\/\/balatonneked.com\/en\/author\/tamasildiko\/\"}]}<\/script>\n<!-- \/ Yoast SEO plugin. -->","yoast_head_json":{"title":"A \u201eMAGYAR TENGER KORON\u00c1JA\u201d - BALATON NEKED","robots":{"index":"index","follow":"follow","max-snippet":"max-snippet:-1","max-image-preview":"max-image-preview:large","max-video-preview":"max-video-preview:-1"},"canonical":"https:\/\/balatonneked.com\/en\/2018\/11\/07\/a-magyar-tenger-koronaja\/","og_locale":"en_GB","og_type":"article","og_title":"A \u201eMAGYAR TENGER KORON\u00c1JA\u201d - BALATON NEKED","og_description":"A BALATON-FELVID\u00c9K Magyarorsz\u00e1g nyugati fel\u00e9ben, 220 km-re B\u00e9cst\u0151l, 90 km-re Budapestt\u0151l, a Dun\u00e1nt\u00fal k\u00f6zep\u00e9n egy 70 kilom\u00e9ter hossz\u00fa tavat tal\u00e1lunk, amely K\u00f6z\u00e9p-Eur\u00f3p\u00e1ban a legnagyobb kiterjed\u00e9s\u0171 term\u00e9szetes t\u00f3. A majdnem 600 n\u00e9gyzetkilom\u00e9teres fel\u00fclet\u0171 Balatont sek\u00e9ly viz\u0171 f\u00fcrd\u0151i, csal\u00e1dias hangulat\u00fa \u00fcd\u00fcl\u0151helyei teszik kellemess\u00e9 \u00e9s h\u00edress\u00e9. A hatalmas t\u00f3 mintegy 160 kilom\u00e9teres partszakasz\u00e1t nemcsak a be\u00e9p\u00edtett \u00fcd\u00fcl\u0151ter\u00fcletek, hanem [&hellip;]","og_url":"https:\/\/balatonneked.com\/en\/2018\/11\/07\/a-magyar-tenger-koronaja\/","og_site_name":"BALATON NEKED","article_publisher":"https:\/\/www.facebook.com\/BalatonNeked","article_published_time":"2018-11-07T19:09:43+00:00","og_image":[{"width":1280,"height":853,"url":"https:\/\/balatonneked.com\/wp-content\/uploads\/2018\/11\/IMG_8605.jpg","type":"image\/jpeg"}],"author":"-","twitter_card":"summary_large_image","twitter_misc":{"Written by":"-","Estimated reading time":"3 minutes"},"schema":{"@context":"https:\/\/schema.org","@graph":[{"@type":"Article","@id":"https:\/\/balatonneked.com\/2018\/11\/07\/a-magyar-tenger-koronaja\/#article","isPartOf":{"@id":"https:\/\/balatonneked.com\/2018\/11\/07\/a-magyar-tenger-koronaja\/"},"author":{"name":"-","@id":"https:\/\/balatonneked.com\/#\/schema\/person\/6abf551dbe3d5531af60e216ef9b16aa"},"headline":"A \u201eMAGYAR TENGER KORON\u00c1JA\u201d","datePublished":"2018-11-07T19:09:43+00:00","mainEntityOfPage":{"@id":"https:\/\/balatonneked.com\/2018\/11\/07\/a-magyar-tenger-koronaja\/"},"wordCount":572,"commentCount":0,"publisher":{"@id":"https:\/\/balatonneked.com\/#organization"},"image":{"@id":"https:\/\/balatonneked.com\/2018\/11\/07\/a-magyar-tenger-koronaja\/#primaryimage"},"thumbnailUrl":"https:\/\/balatonneked.com\/wp-content\/uploads\/2018\/11\/IMG_8605.jpg","keywords":["Balaton-felvid\u00e9k","Olvasnival\u00f3"],"articleSection":["\u00c9rdekess\u00e9gek"],"inLanguage":"en-GB","potentialAction":[{"@type":"CommentAction","name":"Comment","target":["https:\/\/balatonneked.com\/2018\/11\/07\/a-magyar-tenger-koronaja\/#respond"]}]},{"@type":"WebPage","@id":"https:\/\/balatonneked.com\/2018\/11\/07\/a-magyar-tenger-koronaja\/","url":"https:\/\/balatonneked.com\/2018\/11\/07\/a-magyar-tenger-koronaja\/","name":"A \u201eMAGYAR TENGER KORON\u00c1JA\u201d - BALATON NEKED","isPartOf":{"@id":"https:\/\/balatonneked.com\/#website"},"primaryImageOfPage":{"@id":"https:\/\/balatonneked.com\/2018\/11\/07\/a-magyar-tenger-koronaja\/#primaryimage"},"image":{"@id":"https:\/\/balatonneked.com\/2018\/11\/07\/a-magyar-tenger-koronaja\/#primaryimage"},"thumbnailUrl":"https:\/\/balatonneked.com\/wp-content\/uploads\/2018\/11\/IMG_8605.jpg","datePublished":"2018-11-07T19:09:43+00:00","breadcrumb":{"@id":"https:\/\/balatonneked.com\/2018\/11\/07\/a-magyar-tenger-koronaja\/#breadcrumb"},"inLanguage":"en-GB","potentialAction":[{"@type":"ReadAction","target":["https:\/\/balatonneked.com\/2018\/11\/07\/a-magyar-tenger-koronaja\/"]}]},{"@type":"ImageObject","inLanguage":"en-GB","@id":"https:\/\/balatonneked.com\/2018\/11\/07\/a-magyar-tenger-koronaja\/#primaryimage","url":"https:\/\/balatonneked.com\/wp-content\/uploads\/2018\/11\/IMG_8605.jpg","contentUrl":"https:\/\/balatonneked.com\/wp-content\/uploads\/2018\/11\/IMG_8605.jpg","width":1280,"height":853},{"@type":"BreadcrumbList","@id":"https:\/\/balatonneked.com\/2018\/11\/07\/a-magyar-tenger-koronaja\/#breadcrumb","itemListElement":[{"@type":"ListItem","position":1,"name":"Kezd\u0151lap","item":"https:\/\/balatonneked.com\/"},{"@type":"ListItem","position":2,"name":"A \u201eMAGYAR TENGER KORON\u00c1JA\u201d"}]},{"@type":"WebSite","@id":"https:\/\/balatonneked.com\/#website","url":"https:\/\/balatonneked.com\/","name":"BALATON NEKED","description":"A Balaton leginformat\u00edvabb magazinja","publisher":{"@id":"https:\/\/balatonneked.com\/#organization"},"potentialAction":[{"@type":"SearchAction","target":{"@type":"EntryPoint","urlTemplate":"https:\/\/balatonneked.com\/?s={search_term_string}"},"query-input":{"@type":"PropertyValueSpecification","valueRequired":true,"valueName":"search_term_string"}}],"inLanguage":"en-GB"},{"@type":"Organization","@id":"https:\/\/balatonneked.com\/#organization","name":"BalatonNeked","url":"https:\/\/balatonneked.com\/","logo":{"@type":"ImageObject","inLanguage":"en-GB","@id":"https:\/\/balatonneked.com\/#\/schema\/logo\/image\/","url":"https:\/\/balatonneked.com\/wp-content\/uploads\/2019\/05\/bnekedlogo.png","contentUrl":"https:\/\/balatonneked.com\/wp-content\/uploads\/2019\/05\/bnekedlogo.png","width":750,"height":750,"caption":"BalatonNeked"},"image":{"@id":"https:\/\/balatonneked.com\/#\/schema\/logo\/image\/"},"sameAs":["https:\/\/www.facebook.com\/BalatonNeked"]},{"@type":"Person","@id":"https:\/\/balatonneked.com\/#\/schema\/person\/6abf551dbe3d5531af60e216ef9b16aa","name":"-","image":{"@type":"ImageObject","inLanguage":"en-GB","@id":"https:\/\/balatonneked.com\/#\/schema\/person\/image\/","url":"https:\/\/secure.gravatar.com\/avatar\/7bcf602c35eea1fdd5dcb5698f42149adc1fb65510ae8b284cdf111a453a6c37?s=96&d=mm&r=g","contentUrl":"https:\/\/secure.gravatar.com\/avatar\/7bcf602c35eea1fdd5dcb5698f42149adc1fb65510ae8b284cdf111a453a6c37?s=96&d=mm&r=g","caption":"-"},"url":"https:\/\/balatonneked.com\/en\/author\/tamasildiko\/"}]}},"_links":{"self":[{"href":"https:\/\/balatonneked.com\/en\/wp-json\/wp\/v2\/posts\/1325","targetHints":{"allow":["GET"]}}],"collection":[{"href":"https:\/\/balatonneked.com\/en\/wp-json\/wp\/v2\/posts"}],"about":[{"href":"https:\/\/balatonneked.com\/en\/wp-json\/wp\/v2\/types\/post"}],"author":[{"embeddable":true,"href":"https:\/\/balatonneked.com\/en\/wp-json\/wp\/v2\/users\/2"}],"replies":[{"embeddable":true,"href":"https:\/\/balatonneked.com\/en\/wp-json\/wp\/v2\/comments?post=1325"}],"version-history":[{"count":1,"href":"https:\/\/balatonneked.com\/en\/wp-json\/wp\/v2\/posts\/1325\/revisions"}],"predecessor-version":[{"id":1328,"href":"https:\/\/balatonneked.com\/en\/wp-json\/wp\/v2\/posts\/1325\/revisions\/1328"}],"wp:featuredmedia":[{"embeddable":true,"href":"https:\/\/balatonneked.com\/en\/wp-json\/wp\/v2\/media\/1327"}],"wp:attachment":[{"href":"https:\/\/balatonneked.com\/en\/wp-json\/wp\/v2\/media?parent=1325"}],"wp:term":[{"taxonomy":"category","embeddable":true,"href":"https:\/\/balatonneked.com\/en\/wp-json\/wp\/v2\/categories?post=1325"},{"taxonomy":"post_tag","embeddable":true,"href":"https:\/\/balatonneked.com\/en\/wp-json\/wp\/v2\/tags?post=1325"}],"curies":[{"name":"wp","href":"https:\/\/api.w.org\/{rel}","templated":true}]}}