{"id":119,"date":"2018-08-05T07:06:23","date_gmt":"2018-08-05T07:06:23","guid":{"rendered":"https:\/\/demo.themesaga.com\/eximious-magazine\/?p=119"},"modified":"2018-10-28T14:51:51","modified_gmt":"2018-10-28T14:51:51","slug":"little-things-that-matters","status":"publish","type":"post","link":"https:\/\/balatonneked.com\/en\/2018\/08\/05\/little-things-that-matters\/","title":{"rendered":"Szent L\u00e1szl\u00f3 templom"},"content":{"rendered":"<p>A\u00a0<em>Szent L\u00e1szl\u00f3 templom<\/em>\u00a0k\u00f6zponti helyen fekszik \u00c1brah\u00e1mhegyen a Patak utca als\u00f3 harmad\u00e1ban. Tervez\u0151je\u00a0<em>T\u00f6r\u00f6k Ferenc<\/em>\u00a0\u00e9p\u00edt\u00e9szm\u00e9rn\u00f6k, m\u0171egyetemi tan\u00e1r, kivitelez\u0151\u00a0<em>Kapcsos Istv\u00e1n<\/em>\u00a0k\u0151m\u00edvesmester vezet\u00e9s\u00e9vel az \u00e1brah\u00e1mhegyi egyh\u00e1zk\u00f6zs\u00e9g. Haszn\u00e1latbav\u00e9telkor (1986. j\u00fanius 29.) meg\u00e1ldotta\u00a0<em>Dr. Szendi J\u00f3zsef<\/em>\u00a0veszpr\u00e9mi megy\u00e9sp\u00fcsp\u00f6k, felszentelte\u00a0<em>T\u00f3th L\u00e1szl\u00f3<\/em>\u00a0p\u00fcsp\u00f6k 1988. \u00e1prilis 10-\u00e9n.<\/p>\n<p>Az olt\u00e1rk\u00e9pet\u00a0<em>Udvardi Erzs\u00e9bet<\/em>\u00a0festette. A t\u00e9li k\u00e1polna Szt.L\u00e1szl\u00f3-pann\u00f3it\u00a0<em>Somogyi Gy\u0151z\u0151<\/em>\u00a0k\u00e9sz\u00edtette. A templom melletti k\u00e1lv\u00e1ria\u00a0<em>De\u00e1k D\u00e9nes<\/em>\u00a0adom\u00e1ny\u00e1b\u00f3l\u00a0<em>Csikszentmih\u00e1lyi R\u00f3bert<\/em>\u00a0alkot\u00e1sa. A triptichon\u00a0<em>Gyarmati Tiham\u00e9r<\/em>, a sz\u00ednes ablakok\u00a0<em>Deim P\u00e1l<\/em>\u00a0tervei alapj\u00e1n\u00a0<em>Mohay Attila<\/em>, az intarzi\u00e1k\u00a0<em>Horv\u00e1th B\u00e9la\u00a0<\/em>munk\u00e1i. A templom\u00a0<em>L\u00e9kai L\u00e1szl\u00f3<\/em>\u00a0b\u00edboros-\u00e9rsek eml\u00e9k\u00e9t is hirdeti.<\/p>\n<p>(forr\u00e1s: abrahamhegy.hu)<\/p>","protected":false},"excerpt":{"rendered":"<p>A\u00a0Szent L\u00e1szl\u00f3 templom\u00a0k\u00f6zponti helyen fekszik \u00c1brah\u00e1mhegyen a Patak utca als\u00f3 harmad\u00e1ban. Tervez\u0151je\u00a0T\u00f6r\u00f6k Ferenc\u00a0\u00e9p\u00edt\u00e9szm\u00e9rn\u00f6k, m\u0171egyetemi tan\u00e1r, kivitelez\u0151\u00a0Kapcsos Istv\u00e1n\u00a0k\u0151m\u00edvesmester vezet\u00e9s\u00e9vel az \u00e1brah\u00e1mhegyi egyh\u00e1zk\u00f6zs\u00e9g. Haszn\u00e1latbav\u00e9telkor (1986. j\u00fanius 29.) meg\u00e1ldotta\u00a0Dr. Szendi J\u00f3zsef\u00a0veszpr\u00e9mi megy\u00e9sp\u00fcsp\u00f6k, felszentelte\u00a0T\u00f3th L\u00e1szl\u00f3\u00a0p\u00fcsp\u00f6k 1988. \u00e1prilis 10-\u00e9n. Az olt\u00e1rk\u00e9pet\u00a0Udvardi Erzs\u00e9bet\u00a0festette. A t\u00e9li k\u00e1polna Szt.L\u00e1szl\u00f3-pann\u00f3it\u00a0Somogyi Gy\u0151z\u0151\u00a0k\u00e9sz\u00edtette. A templom melletti k\u00e1lv\u00e1ria\u00a0De\u00e1k D\u00e9nes\u00a0adom\u00e1ny\u00e1b\u00f3l\u00a0Csikszentmih\u00e1lyi R\u00f3bert\u00a0alkot\u00e1sa. A triptichon\u00a0Gyarmati Tiham\u00e9r, a sz\u00ednes ablakok\u00a0Deim P\u00e1l\u00a0tervei [&hellip;]<\/p>","protected":false},"author":1,"featured_media":1195,"comment_status":"open","ping_status":"open","sticky":false,"template":"","format":"standard","meta":{"_acf_changed":false,"footnotes":""},"categories":[26,15],"tags":[28,29],"class_list":["post-119","post","type-post","status-publish","format-standard","has-post-thumbnail","hentry","category-abrahamhegy","category-latnivalok","tag-abrahamhegy","tag-latnivalok"],"acf":[],"yoast_head":"<!-- This site is optimized with the Yoast SEO plugin v25.1 - https:\/\/yoast.com\/wordpress\/plugins\/seo\/ -->\n<title>Szent L\u00e1szl\u00f3 templom - BALATON NEKED<\/title>\n<meta name=\"robots\" content=\"index, follow, max-snippet:-1, max-image-preview:large, max-video-preview:-1\" \/>\n<link rel=\"canonical\" href=\"https:\/\/balatonneked.com\/en\/2018\/08\/05\/little-things-that-matters\/\" \/>\n<meta property=\"og:locale\" content=\"en_GB\" \/>\n<meta property=\"og:type\" content=\"article\" \/>\n<meta property=\"og:title\" content=\"Szent L\u00e1szl\u00f3 templom - BALATON NEKED\" \/>\n<meta property=\"og:description\" content=\"A\u00a0Szent L\u00e1szl\u00f3 templom\u00a0k\u00f6zponti helyen fekszik \u00c1brah\u00e1mhegyen a Patak utca als\u00f3 harmad\u00e1ban. Tervez\u0151je\u00a0T\u00f6r\u00f6k Ferenc\u00a0\u00e9p\u00edt\u00e9szm\u00e9rn\u00f6k, m\u0171egyetemi tan\u00e1r, kivitelez\u0151\u00a0Kapcsos Istv\u00e1n\u00a0k\u0151m\u00edvesmester vezet\u00e9s\u00e9vel az \u00e1brah\u00e1mhegyi egyh\u00e1zk\u00f6zs\u00e9g. Haszn\u00e1latbav\u00e9telkor (1986. j\u00fanius 29.) meg\u00e1ldotta\u00a0Dr. Szendi J\u00f3zsef\u00a0veszpr\u00e9mi megy\u00e9sp\u00fcsp\u00f6k, felszentelte\u00a0T\u00f3th L\u00e1szl\u00f3\u00a0p\u00fcsp\u00f6k 1988. \u00e1prilis 10-\u00e9n. Az olt\u00e1rk\u00e9pet\u00a0Udvardi Erzs\u00e9bet\u00a0festette. A t\u00e9li k\u00e1polna Szt.L\u00e1szl\u00f3-pann\u00f3it\u00a0Somogyi Gy\u0151z\u0151\u00a0k\u00e9sz\u00edtette. A templom melletti k\u00e1lv\u00e1ria\u00a0De\u00e1k D\u00e9nes\u00a0adom\u00e1ny\u00e1b\u00f3l\u00a0Csikszentmih\u00e1lyi R\u00f3bert\u00a0alkot\u00e1sa. A triptichon\u00a0Gyarmati Tiham\u00e9r, a sz\u00ednes ablakok\u00a0Deim P\u00e1l\u00a0tervei [&hellip;]\" \/>\n<meta property=\"og:url\" content=\"https:\/\/balatonneked.com\/en\/2018\/08\/05\/little-things-that-matters\/\" \/>\n<meta property=\"og:site_name\" content=\"BALATON NEKED\" \/>\n<meta property=\"article:publisher\" content=\"https:\/\/www.facebook.com\/BalatonNeked\" \/>\n<meta property=\"article:published_time\" content=\"2018-08-05T07:06:23+00:00\" \/>\n<meta property=\"article:modified_time\" content=\"2018-10-28T14:51:51+00:00\" \/>\n<meta property=\"og:image\" content=\"https:\/\/balatonneked.com\/wp-content\/uploads\/2018\/08\/szent_laszlo_templom_01.jpg\" \/>\n\t<meta property=\"og:image:width\" content=\"600\" \/>\n\t<meta property=\"og:image:height\" content=\"450\" \/>\n\t<meta property=\"og:image:type\" content=\"image\/jpeg\" \/>\n<meta name=\"author\" content=\"Csilla\" \/>\n<meta name=\"twitter:card\" content=\"summary_large_image\" \/>\n<meta name=\"twitter:label1\" content=\"Written by\" \/>\n\t<meta name=\"twitter:data1\" content=\"Csilla\" \/>\n\t<meta name=\"twitter:label2\" content=\"Estimated reading time\" \/>\n\t<meta name=\"twitter:data2\" content=\"1 minute\" \/>\n<script type=\"application\/ld+json\" class=\"yoast-schema-graph\">{\"@context\":\"https:\/\/schema.org\",\"@graph\":[{\"@type\":\"Article\",\"@id\":\"https:\/\/balatonneked.com\/2018\/08\/05\/little-things-that-matters\/#article\",\"isPartOf\":{\"@id\":\"https:\/\/balatonneked.com\/2018\/08\/05\/little-things-that-matters\/\"},\"author\":{\"name\":\"Csilla\",\"@id\":\"https:\/\/balatonneked.com\/#\/schema\/person\/e872a2bb920e6daab47d667be3035245\"},\"headline\":\"Szent L\u00e1szl\u00f3 templom\",\"datePublished\":\"2018-08-05T07:06:23+00:00\",\"dateModified\":\"2018-10-28T14:51:51+00:00\",\"mainEntityOfPage\":{\"@id\":\"https:\/\/balatonneked.com\/2018\/08\/05\/little-things-that-matters\/\"},\"wordCount\":169,\"commentCount\":0,\"publisher\":{\"@id\":\"https:\/\/balatonneked.com\/#organization\"},\"image\":{\"@id\":\"https:\/\/balatonneked.com\/2018\/08\/05\/little-things-that-matters\/#primaryimage\"},\"thumbnailUrl\":\"https:\/\/balatonneked.com\/wp-content\/uploads\/2018\/08\/szent_laszlo_templom_01.jpg\",\"keywords\":[\"\u00c1brah\u00e1mhegy\",\"L\u00e1tnival\u00f3k\"],\"articleSection\":[\"\u00c1brah\u00e1mhegy\",\"L\u00e1tnival\u00f3k\"],\"inLanguage\":\"en-GB\",\"potentialAction\":[{\"@type\":\"CommentAction\",\"name\":\"Comment\",\"target\":[\"https:\/\/balatonneked.com\/2018\/08\/05\/little-things-that-matters\/#respond\"]}]},{\"@type\":\"WebPage\",\"@id\":\"https:\/\/balatonneked.com\/2018\/08\/05\/little-things-that-matters\/\",\"url\":\"https:\/\/balatonneked.com\/2018\/08\/05\/little-things-that-matters\/\",\"name\":\"Szent L\u00e1szl\u00f3 templom - BALATON NEKED\",\"isPartOf\":{\"@id\":\"https:\/\/balatonneked.com\/#website\"},\"primaryImageOfPage\":{\"@id\":\"https:\/\/balatonneked.com\/2018\/08\/05\/little-things-that-matters\/#primaryimage\"},\"image\":{\"@id\":\"https:\/\/balatonneked.com\/2018\/08\/05\/little-things-that-matters\/#primaryimage\"},\"thumbnailUrl\":\"https:\/\/balatonneked.com\/wp-content\/uploads\/2018\/08\/szent_laszlo_templom_01.jpg\",\"datePublished\":\"2018-08-05T07:06:23+00:00\",\"dateModified\":\"2018-10-28T14:51:51+00:00\",\"breadcrumb\":{\"@id\":\"https:\/\/balatonneked.com\/2018\/08\/05\/little-things-that-matters\/#breadcrumb\"},\"inLanguage\":\"en-GB\",\"potentialAction\":[{\"@type\":\"ReadAction\",\"target\":[\"https:\/\/balatonneked.com\/2018\/08\/05\/little-things-that-matters\/\"]}]},{\"@type\":\"ImageObject\",\"inLanguage\":\"en-GB\",\"@id\":\"https:\/\/balatonneked.com\/2018\/08\/05\/little-things-that-matters\/#primaryimage\",\"url\":\"https:\/\/balatonneked.com\/wp-content\/uploads\/2018\/08\/szent_laszlo_templom_01.jpg\",\"contentUrl\":\"https:\/\/balatonneked.com\/wp-content\/uploads\/2018\/08\/szent_laszlo_templom_01.jpg\",\"width\":600,\"height\":450},{\"@type\":\"BreadcrumbList\",\"@id\":\"https:\/\/balatonneked.com\/2018\/08\/05\/little-things-that-matters\/#breadcrumb\",\"itemListElement\":[{\"@type\":\"ListItem\",\"position\":1,\"name\":\"Kezd\u0151lap\",\"item\":\"https:\/\/balatonneked.com\/\"},{\"@type\":\"ListItem\",\"position\":2,\"name\":\"Szent L\u00e1szl\u00f3 templom\"}]},{\"@type\":\"WebSite\",\"@id\":\"https:\/\/balatonneked.com\/#website\",\"url\":\"https:\/\/balatonneked.com\/\",\"name\":\"BALATON NEKED\",\"description\":\"A Balaton leginformat\u00edvabb magazinja\",\"publisher\":{\"@id\":\"https:\/\/balatonneked.com\/#organization\"},\"potentialAction\":[{\"@type\":\"SearchAction\",\"target\":{\"@type\":\"EntryPoint\",\"urlTemplate\":\"https:\/\/balatonneked.com\/?s={search_term_string}\"},\"query-input\":{\"@type\":\"PropertyValueSpecification\",\"valueRequired\":true,\"valueName\":\"search_term_string\"}}],\"inLanguage\":\"en-GB\"},{\"@type\":\"Organization\",\"@id\":\"https:\/\/balatonneked.com\/#organization\",\"name\":\"BalatonNeked\",\"url\":\"https:\/\/balatonneked.com\/\",\"logo\":{\"@type\":\"ImageObject\",\"inLanguage\":\"en-GB\",\"@id\":\"https:\/\/balatonneked.com\/#\/schema\/logo\/image\/\",\"url\":\"https:\/\/balatonneked.com\/wp-content\/uploads\/2019\/05\/bnekedlogo.png\",\"contentUrl\":\"https:\/\/balatonneked.com\/wp-content\/uploads\/2019\/05\/bnekedlogo.png\",\"width\":750,\"height\":750,\"caption\":\"BalatonNeked\"},\"image\":{\"@id\":\"https:\/\/balatonneked.com\/#\/schema\/logo\/image\/\"},\"sameAs\":[\"https:\/\/www.facebook.com\/BalatonNeked\"]},{\"@type\":\"Person\",\"@id\":\"https:\/\/balatonneked.com\/#\/schema\/person\/e872a2bb920e6daab47d667be3035245\",\"name\":\"Csilla\",\"image\":{\"@type\":\"ImageObject\",\"inLanguage\":\"en-GB\",\"@id\":\"https:\/\/balatonneked.com\/#\/schema\/person\/image\/\",\"url\":\"https:\/\/balatonneked.com\/wp-content\/uploads\/2022\/05\/Feher-Csilla-Balaton-Neked-100x100.png\",\"contentUrl\":\"https:\/\/balatonneked.com\/wp-content\/uploads\/2022\/05\/Feher-Csilla-Balaton-Neked-100x100.png\",\"caption\":\"Csilla\"},\"description\":\"A BalatonNeked Magazin meg\u00e1lmod\u00f3ja \u00e9s tulajdonosa.\",\"url\":\"https:\/\/balatonneked.com\/en\/author\/admin\/\"}]}<\/script>\n<!-- \/ Yoast SEO plugin. -->","yoast_head_json":{"title":"Szent L\u00e1szl\u00f3 templom - BALATON NEKED","robots":{"index":"index","follow":"follow","max-snippet":"max-snippet:-1","max-image-preview":"max-image-preview:large","max-video-preview":"max-video-preview:-1"},"canonical":"https:\/\/balatonneked.com\/en\/2018\/08\/05\/little-things-that-matters\/","og_locale":"en_GB","og_type":"article","og_title":"Szent L\u00e1szl\u00f3 templom - BALATON NEKED","og_description":"A\u00a0Szent L\u00e1szl\u00f3 templom\u00a0k\u00f6zponti helyen fekszik \u00c1brah\u00e1mhegyen a Patak utca als\u00f3 harmad\u00e1ban. Tervez\u0151je\u00a0T\u00f6r\u00f6k Ferenc\u00a0\u00e9p\u00edt\u00e9szm\u00e9rn\u00f6k, m\u0171egyetemi tan\u00e1r, kivitelez\u0151\u00a0Kapcsos Istv\u00e1n\u00a0k\u0151m\u00edvesmester vezet\u00e9s\u00e9vel az \u00e1brah\u00e1mhegyi egyh\u00e1zk\u00f6zs\u00e9g. Haszn\u00e1latbav\u00e9telkor (1986. j\u00fanius 29.) meg\u00e1ldotta\u00a0Dr. Szendi J\u00f3zsef\u00a0veszpr\u00e9mi megy\u00e9sp\u00fcsp\u00f6k, felszentelte\u00a0T\u00f3th L\u00e1szl\u00f3\u00a0p\u00fcsp\u00f6k 1988. \u00e1prilis 10-\u00e9n. Az olt\u00e1rk\u00e9pet\u00a0Udvardi Erzs\u00e9bet\u00a0festette. A t\u00e9li k\u00e1polna Szt.L\u00e1szl\u00f3-pann\u00f3it\u00a0Somogyi Gy\u0151z\u0151\u00a0k\u00e9sz\u00edtette. A templom melletti k\u00e1lv\u00e1ria\u00a0De\u00e1k D\u00e9nes\u00a0adom\u00e1ny\u00e1b\u00f3l\u00a0Csikszentmih\u00e1lyi R\u00f3bert\u00a0alkot\u00e1sa. A triptichon\u00a0Gyarmati Tiham\u00e9r, a sz\u00ednes ablakok\u00a0Deim P\u00e1l\u00a0tervei [&hellip;]","og_url":"https:\/\/balatonneked.com\/en\/2018\/08\/05\/little-things-that-matters\/","og_site_name":"BALATON NEKED","article_publisher":"https:\/\/www.facebook.com\/BalatonNeked","article_published_time":"2018-08-05T07:06:23+00:00","article_modified_time":"2018-10-28T14:51:51+00:00","og_image":[{"width":600,"height":450,"url":"https:\/\/balatonneked.com\/wp-content\/uploads\/2018\/08\/szent_laszlo_templom_01.jpg","type":"image\/jpeg"}],"author":"Csilla","twitter_card":"summary_large_image","twitter_misc":{"Written by":"Csilla","Estimated reading time":"1 minute"},"schema":{"@context":"https:\/\/schema.org","@graph":[{"@type":"Article","@id":"https:\/\/balatonneked.com\/2018\/08\/05\/little-things-that-matters\/#article","isPartOf":{"@id":"https:\/\/balatonneked.com\/2018\/08\/05\/little-things-that-matters\/"},"author":{"name":"Csilla","@id":"https:\/\/balatonneked.com\/#\/schema\/person\/e872a2bb920e6daab47d667be3035245"},"headline":"Szent L\u00e1szl\u00f3 templom","datePublished":"2018-08-05T07:06:23+00:00","dateModified":"2018-10-28T14:51:51+00:00","mainEntityOfPage":{"@id":"https:\/\/balatonneked.com\/2018\/08\/05\/little-things-that-matters\/"},"wordCount":169,"commentCount":0,"publisher":{"@id":"https:\/\/balatonneked.com\/#organization"},"image":{"@id":"https:\/\/balatonneked.com\/2018\/08\/05\/little-things-that-matters\/#primaryimage"},"thumbnailUrl":"https:\/\/balatonneked.com\/wp-content\/uploads\/2018\/08\/szent_laszlo_templom_01.jpg","keywords":["\u00c1brah\u00e1mhegy","L\u00e1tnival\u00f3k"],"articleSection":["\u00c1brah\u00e1mhegy","L\u00e1tnival\u00f3k"],"inLanguage":"en-GB","potentialAction":[{"@type":"CommentAction","name":"Comment","target":["https:\/\/balatonneked.com\/2018\/08\/05\/little-things-that-matters\/#respond"]}]},{"@type":"WebPage","@id":"https:\/\/balatonneked.com\/2018\/08\/05\/little-things-that-matters\/","url":"https:\/\/balatonneked.com\/2018\/08\/05\/little-things-that-matters\/","name":"Szent L\u00e1szl\u00f3 templom - BALATON NEKED","isPartOf":{"@id":"https:\/\/balatonneked.com\/#website"},"primaryImageOfPage":{"@id":"https:\/\/balatonneked.com\/2018\/08\/05\/little-things-that-matters\/#primaryimage"},"image":{"@id":"https:\/\/balatonneked.com\/2018\/08\/05\/little-things-that-matters\/#primaryimage"},"thumbnailUrl":"https:\/\/balatonneked.com\/wp-content\/uploads\/2018\/08\/szent_laszlo_templom_01.jpg","datePublished":"2018-08-05T07:06:23+00:00","dateModified":"2018-10-28T14:51:51+00:00","breadcrumb":{"@id":"https:\/\/balatonneked.com\/2018\/08\/05\/little-things-that-matters\/#breadcrumb"},"inLanguage":"en-GB","potentialAction":[{"@type":"ReadAction","target":["https:\/\/balatonneked.com\/2018\/08\/05\/little-things-that-matters\/"]}]},{"@type":"ImageObject","inLanguage":"en-GB","@id":"https:\/\/balatonneked.com\/2018\/08\/05\/little-things-that-matters\/#primaryimage","url":"https:\/\/balatonneked.com\/wp-content\/uploads\/2018\/08\/szent_laszlo_templom_01.jpg","contentUrl":"https:\/\/balatonneked.com\/wp-content\/uploads\/2018\/08\/szent_laszlo_templom_01.jpg","width":600,"height":450},{"@type":"BreadcrumbList","@id":"https:\/\/balatonneked.com\/2018\/08\/05\/little-things-that-matters\/#breadcrumb","itemListElement":[{"@type":"ListItem","position":1,"name":"Kezd\u0151lap","item":"https:\/\/balatonneked.com\/"},{"@type":"ListItem","position":2,"name":"Szent L\u00e1szl\u00f3 templom"}]},{"@type":"WebSite","@id":"https:\/\/balatonneked.com\/#website","url":"https:\/\/balatonneked.com\/","name":"BALATON NEKED","description":"A Balaton leginformat\u00edvabb magazinja","publisher":{"@id":"https:\/\/balatonneked.com\/#organization"},"potentialAction":[{"@type":"SearchAction","target":{"@type":"EntryPoint","urlTemplate":"https:\/\/balatonneked.com\/?s={search_term_string}"},"query-input":{"@type":"PropertyValueSpecification","valueRequired":true,"valueName":"search_term_string"}}],"inLanguage":"en-GB"},{"@type":"Organization","@id":"https:\/\/balatonneked.com\/#organization","name":"BalatonNeked","url":"https:\/\/balatonneked.com\/","logo":{"@type":"ImageObject","inLanguage":"en-GB","@id":"https:\/\/balatonneked.com\/#\/schema\/logo\/image\/","url":"https:\/\/balatonneked.com\/wp-content\/uploads\/2019\/05\/bnekedlogo.png","contentUrl":"https:\/\/balatonneked.com\/wp-content\/uploads\/2019\/05\/bnekedlogo.png","width":750,"height":750,"caption":"BalatonNeked"},"image":{"@id":"https:\/\/balatonneked.com\/#\/schema\/logo\/image\/"},"sameAs":["https:\/\/www.facebook.com\/BalatonNeked"]},{"@type":"Person","@id":"https:\/\/balatonneked.com\/#\/schema\/person\/e872a2bb920e6daab47d667be3035245","name":"Csilla","image":{"@type":"ImageObject","inLanguage":"en-GB","@id":"https:\/\/balatonneked.com\/#\/schema\/person\/image\/","url":"https:\/\/balatonneked.com\/wp-content\/uploads\/2022\/05\/Feher-Csilla-Balaton-Neked-100x100.png","contentUrl":"https:\/\/balatonneked.com\/wp-content\/uploads\/2022\/05\/Feher-Csilla-Balaton-Neked-100x100.png","caption":"Csilla"},"description":"A BalatonNeked Magazin meg\u00e1lmod\u00f3ja \u00e9s tulajdonosa.","url":"https:\/\/balatonneked.com\/en\/author\/admin\/"}]}},"_links":{"self":[{"href":"https:\/\/balatonneked.com\/en\/wp-json\/wp\/v2\/posts\/119","targetHints":{"allow":["GET"]}}],"collection":[{"href":"https:\/\/balatonneked.com\/en\/wp-json\/wp\/v2\/posts"}],"about":[{"href":"https:\/\/balatonneked.com\/en\/wp-json\/wp\/v2\/types\/post"}],"author":[{"embeddable":true,"href":"https:\/\/balatonneked.com\/en\/wp-json\/wp\/v2\/users\/1"}],"replies":[{"embeddable":true,"href":"https:\/\/balatonneked.com\/en\/wp-json\/wp\/v2\/comments?post=119"}],"version-history":[{"count":2,"href":"https:\/\/balatonneked.com\/en\/wp-json\/wp\/v2\/posts\/119\/revisions"}],"predecessor-version":[{"id":1196,"href":"https:\/\/balatonneked.com\/en\/wp-json\/wp\/v2\/posts\/119\/revisions\/1196"}],"wp:featuredmedia":[{"embeddable":true,"href":"https:\/\/balatonneked.com\/en\/wp-json\/wp\/v2\/media\/1195"}],"wp:attachment":[{"href":"https:\/\/balatonneked.com\/en\/wp-json\/wp\/v2\/media?parent=119"}],"wp:term":[{"taxonomy":"category","embeddable":true,"href":"https:\/\/balatonneked.com\/en\/wp-json\/wp\/v2\/categories?post=119"},{"taxonomy":"post_tag","embeddable":true,"href":"https:\/\/balatonneked.com\/en\/wp-json\/wp\/v2\/tags?post=119"}],"curies":[{"name":"wp","href":"https:\/\/api.w.org\/{rel}","templated":true}]}}